{"id":202014,"date":"2026-05-01T14:55:00","date_gmt":"2026-05-01T17:55:00","guid":{"rendered":"https:\/\/www.em.com.br\/emfoco\/?p=202014"},"modified":"2026-04-30T23:20:42","modified_gmt":"2026-05-01T02:20:42","slug":"dermatologista-explica-a-grande-diferenca-de-preco-entre-protetores-solares-as-vezes-vale-a-pena-o-investimento","status":"publish","type":"post","link":"https:\/\/www.em.com.br\/emfoco\/2026\/05\/01\/dermatologista-explica-a-grande-diferenca-de-preco-entre-protetores-solares-as-vezes-vale-a-pena-o-investimento\/","title":{"rendered":"Dermatologista explica a grande diferen\u00e7a de pre\u00e7o entre protetores solares: \u201c\u00c0s vezes, vale a pena o investimento\u201d"},"content":{"rendered":"\n<p>Muitas pessoas questionam se o <strong>protetor solar caro<\/strong> realmente entrega resultados superiores aos produtos mais acess\u00edveis das farm\u00e1cias populares. Essa enorme varia\u00e7\u00e3o de valores esconde segredos tecnol\u00f3gicos que impactam diretamente a sa\u00fade e a apar\u00eancia do rosto ao longo de muitos anos.<\/p>\n\n\n\n<h2 class=\"wp-block-heading\">Raz\u00f5es para investir em um protetor solar caro<\/h2>\n\n\n\n<p>A ind\u00fastria dermatol\u00f3gica internacional investe pesado em pesquisa cient\u00edfica para criar f\u00f3rmulas que ofere\u00e7am <strong>prote\u00e7\u00e3o robusta<\/strong> contra diversos tipos de radia\u00e7\u00e3o. O <strong>protetor solar caro<\/strong> costuma passar por <strong>testes laboratoriais<\/strong> extremamente rigorosos que garantem a estabilidade total dos filtros sob calor intenso e umidade. Esse processo longo de desenvolvimento eleva o custo final mas assegura que o produto cumpra exatamente o que promete na embalagem comercial.<\/p>\n\n\n\n<p>Al\u00e9m da efic\u00e1cia fotoprotetora b\u00e1sica, os insumos utilizados em produtos de categoria premium apresentam <strong>maior pureza<\/strong> e baix\u00edssimo risco de irrita\u00e7\u00f5es al\u00e9rgicas. Marcas renomadas buscam ativos modernos que <strong>protegem o DNA celular<\/strong> e evitam o envelhecimento precoce de forma muito mais eficiente e duradoura. Optar por esses itens diferenciados significa pagar pela <strong>seguran\u00e7a total<\/strong> de uma formula\u00e7\u00e3o testada exaustivamente por cientistas e especialistas renomados da \u00e1rea m\u00e9dica.<\/p>\n\n\n<div class=\"wp-block-image\">\n<figure class=\"aligncenter size-large\"><img loading=\"lazy\" decoding=\"async\" width=\"1024\" height=\"576\" src=\"https:\/\/www.em.com.br\/emfoco\/wp-content\/uploads\/2026\/04\/protetor-solar-caro-1024x576.jpg\" alt=\"protetor solar caro\" class=\"wp-image-202025\" srcset=\"https:\/\/www.em.com.br\/emfoco\/wp-content\/uploads\/2026\/04\/protetor-solar-caro-1024x576.jpg 1024w, https:\/\/www.em.com.br\/emfoco\/wp-content\/uploads\/2026\/04\/protetor-solar-caro-300x169.jpg 300w, https:\/\/www.em.com.br\/emfoco\/wp-content\/uploads\/2026\/04\/protetor-solar-caro-768x432.jpg 768w, https:\/\/www.em.com.br\/emfoco\/wp-content\/uploads\/2026\/04\/protetor-solar-caro-750x422.jpg 750w, https:\/\/www.em.com.br\/emfoco\/wp-content\/uploads\/2026\/04\/protetor-solar-caro-1140x641.jpg 1140w, https:\/\/www.em.com.br\/emfoco\/wp-content\/uploads\/2026\/04\/protetor-solar-caro.jpg 1280w\" sizes=\"auto, (max-width: 1024px) 100vw, 1024px\" \/><figcaption class=\"wp-element-caption\">Al\u00e9m da efic\u00e1cia fotoprotetora b\u00e1sica, os insumos utilizados em produtos de categoria premium apresentam maior pureza e baix\u00edssimo risco de irrita\u00e7\u00f5es al\u00e9rgicas<\/figcaption><\/figure><\/div>\n\n\n<p>Leia tamb\u00e9m: <a href=\"https:\/\/www.em.com.br\/emfoco\/2026\/04\/26\/estes-5-minutos-de-autocuidado-no-banho-podem-transformar-a-autoestima-da-mulher-40-no-dia-a-dia\/\" target=\"_blank\" rel=\"noreferrer noopener\">Estes 5 minutos de autocuidado no banho podem transformar a autoestima da mulher 40+ no dia a dia<\/a><\/p>\n\n\n\n<h2 class=\"wp-block-heading\">Tecnologia avan\u00e7ada presente no protetor solar caro<\/h2>\n\n\n\n<p>A textura final do produto \u00e9 um dos maiores diferenciais pr\u00e1ticos que justificam o <strong>pre\u00e7o elevado<\/strong> observado em marcas de grande prest\u00edgio. Um filtro de alta qualidade deve ser f\u00e1cil de espalhar e nunca deixar res\u00edduos esbranqui\u00e7ados ou aquela <strong>sensa\u00e7\u00e3o pegajosa<\/strong> desagrad\u00e1vel durante o uso cotidiano. Fabricantes investem milh\u00f5es em <strong>nanotecnologia<\/strong> para que as part\u00edculas fiquem completamente invis\u00edveis e tragam conforto absoluto em qualquer tonalidade de pele brasileira.<\/p>\n\n\n\n<p>Diversos benef\u00edcios adicionais importantes costumam acompanhar as vers\u00f5es mais sofisticadas e tecnol\u00f3gicas dispon\u00edveis atualmente no concorrido mercado de beleza. O consumidor atento encontra op\u00e7\u00f5es que <strong>controlam a oleosidade<\/strong> excessiva por muitas horas ou oferecem uma <strong>hidrata\u00e7\u00e3o profunda<\/strong> sem obstruir os poros faciais. Avalie cuidadosamente os principais componentes que costumam agregar valor real ao seu investimento di\u00e1rio na lista detalhada apresentada logo abaixo.<\/p>\n\n\n\n<ul class=\"wp-block-list\">\n<li><strong>Antioxidantes potentes<\/strong> como a famosa Vitamina C pura<\/li>\n\n\n\n<li>Ativos modernos que combatem a <strong>luz azul<\/strong> dos aparelhos<\/li>\n\n\n\n<li>Filtros f\u00edsicos e qu\u00edmicos est\u00e1veis de <strong>\u00faltima gera\u00e7\u00e3o<\/strong><\/li>\n\n\n\n<li>Fragr\u00e2ncias hipoalerg\u00eanicas desenvolvidas para <strong>peles sens\u00edveis<\/strong><\/li>\n<\/ul>\n\n\n\n<p>Para voc\u00ea que gosta de uma opini\u00e3o profissional, separamos um v\u00eddeo do canal da <a href=\"https:\/\/www.youtube.com\/@DraMarinaHayashida\" target=\"_blank\" rel=\"noreferrer noopener\">Dra. Marina Hayashida<\/a> onde ela aprofunda sobre como escolher um protetor solar:<\/p>\n\n\n\n<figure class=\"wp-block-embed is-type-video is-provider-youtube wp-block-embed-youtube wp-embed-aspect-16-9 wp-has-aspect-ratio\"><div class=\"wp-block-embed__wrapper\">\n<div class=\"jeg_video_container jeg_video_content\"><iframe loading=\"lazy\" title=\"Como escolher PROTETOR SOLAR PARA O ROSTO | Dermatologista Dra. Marina Hayashida\" width=\"500\" height=\"281\" src=\"https:\/\/www.youtube.com\/embed\/nChjoPEhSV4?feature=oembed\" frameborder=\"0\" allow=\"accelerometer; autoplay; clipboard-write; encrypted-media; gyroscope; picture-in-picture; web-share\" referrerpolicy=\"strict-origin-when-cross-origin\" allowfullscreen><\/iframe><\/div>\n<\/div><\/figure>\n\n\n\n<h2 class=\"wp-block-heading\">Benef\u00edcios de tratamento do protetor solar caro<\/h2>\n\n\n\n<p>Muitos produtos modernos e caros deixaram de ser apenas uma barreira f\u00edsica simples contra os raios ultravioletas prejudiciais do sol. O <strong>protetor solar caro<\/strong> frequentemente funciona como um item <strong>multifuncional poderoso<\/strong> que trata manchas escuras e rugas finas de maneira simult\u00e2nea. Essa combina\u00e7\u00e3o inteligente de fotoprote\u00e7\u00e3o com <strong>ativos dermatol\u00f3gicos<\/strong> de ponta reduz drasticamente a necessidade de aplicar v\u00e1rias camadas de cosm\u00e9ticos diferentes.<\/p>\n\n\n\n<p>A estabilidade qu\u00edmica desses ingredientes ativos exige <strong>embalagens tecnol\u00f3gicas<\/strong> especiais e processos de envase que encarecem a produ\u00e7\u00e3o em larga escala. Manter a <strong>efic\u00e1cia total<\/strong> de \u00e1cidos renovadores ou agentes clareadores em conjunto com os filtros solares requer uma engenharia qu\u00edmica bastante complexa. O usu\u00e1rio moderno ganha muita <strong>praticidade e resultados<\/strong> est\u00e9ticos mais vis\u00edveis ao escolher uma solu\u00e7\u00e3o completa para sua rotina de cuidados.<\/p>\n\n\n\n<figure class=\"wp-block-embed is-type-rich is-provider-pinterest wp-block-embed-pinterest\"><div class=\"wp-block-embed__wrapper\">\n<iframe loading=\"lazy\" title=\"Descubra agora como aplicar protetor solar da maneira correta, para uma pele saud\u00e1vel \u00e9 essencial o uso de protetor solar #belezafeminina #pelelinda #pelemaravilhosa #pelebonitaesaudavel #protetorsolar Credits : mi.gguel_\" src=\"https:\/\/assets.pinterest.com\/ext\/embed.html?id=882846333193964964&#038;src=oembed\" height=\"898\" width=\"450\" frameborder=\"0\" scrolling=\"no\" ><\/iframe>\n<\/div><\/figure>\n\n\n\n<h2 class=\"wp-block-heading\">Resist\u00eancia e durabilidade da prote\u00e7\u00e3o na derme<\/h2>\n\n\n\n<p>A capacidade de <strong>resist\u00eancia ao suor<\/strong> e \u00e0 \u00e1gua define se o filtro continuar\u00e1 agindo ap\u00f3s algumas horas de exposi\u00e7\u00e3o externa. Formula\u00e7\u00f5es muito baratas podem perder o efeito protetor rapidamente se o rosto apresentar qualquer sinal de <strong>umidade ou transpira\u00e7\u00e3o<\/strong> natural excessiva. Investir em tecnologia de fixa\u00e7\u00e3o superior garante que a <strong>barreira protetora<\/strong> permane\u00e7a totalmente intacta por per\u00edodos muito mais longos e seguros para o usu\u00e1rio.<\/p>\n\n\n\n<p>O rendimento real do produto tamb\u00e9m deve entrar obrigatoriamente no c\u00e1lculo do <strong>custo-benef\u00edcio<\/strong> na hora da compra em lojas especializadas. Camadas mais finas de produtos tecnol\u00f3gicos conseguem entregar o <strong>fator de prote\u00e7\u00e3o<\/strong> anunciado sem gerar desperd\u00edcios desnecess\u00e1rios de material. Escolher qualidade superior em vez de grande quantidade ajuda a manter a <strong>sa\u00fade cut\u00e2nea<\/strong> preservada sem gastar frascos inteiros em pouco tempo de uso.<\/p>\n\n\n<div class=\"wp-block-image\">\n<figure class=\"aligncenter size-large\"><img loading=\"lazy\" decoding=\"async\" width=\"1024\" height=\"576\" src=\"https:\/\/www.em.com.br\/emfoco\/wp-content\/uploads\/2025\/12\/Gemini_Generated_Image_hf7uvehf7uvehf7u-1-1024x576.png\" alt=\"protetor solar caro\" class=\"wp-image-140792\" srcset=\"https:\/\/www.em.com.br\/emfoco\/wp-content\/uploads\/2025\/12\/Gemini_Generated_Image_hf7uvehf7uvehf7u-1-1024x576.png 1024w, https:\/\/www.em.com.br\/emfoco\/wp-content\/uploads\/2025\/12\/Gemini_Generated_Image_hf7uvehf7uvehf7u-1-300x169.png 300w, https:\/\/www.em.com.br\/emfoco\/wp-content\/uploads\/2025\/12\/Gemini_Generated_Image_hf7uvehf7uvehf7u-1-768x432.png 768w, https:\/\/www.em.com.br\/emfoco\/wp-content\/uploads\/2025\/12\/Gemini_Generated_Image_hf7uvehf7uvehf7u-1-750x422.png 750w, https:\/\/www.em.com.br\/emfoco\/wp-content\/uploads\/2025\/12\/Gemini_Generated_Image_hf7uvehf7uvehf7u-1-1140x641.png 1140w, https:\/\/www.em.com.br\/emfoco\/wp-content\/uploads\/2025\/12\/Gemini_Generated_Image_hf7uvehf7uvehf7u-1.png 1280w\" sizes=\"auto, (max-width: 1024px) 100vw, 1024px\" \/><figcaption class=\"wp-element-caption\">O rendimento real do produto tamb\u00e9m deve entrar obrigatoriamente no c\u00e1lculo do custo-benef\u00edcio na hora da compra em lojas especializadas.<\/figcaption><\/figure><\/div>\n\n\n<h2 class=\"wp-block-heading\">Escolha inteligente para a sa\u00fade do rosto<\/h2>\n\n\n\n<p>Analisar as <strong>necessidades espec\u00edficas<\/strong> da sua derme ajuda a decidir qual faixa de pre\u00e7o faz mais sentido para sua realidade financeira. Nem sempre o item mais caro do mercado \u00e9 obrigat\u00f3rio, mas a <strong>qualidade superior<\/strong> dos ativos faz diferen\u00e7a na preven\u00e7\u00e3o de doen\u00e7as graves. Busque sempre <strong>orienta\u00e7\u00e3o profissional<\/strong> qualificada para compreender quais subst\u00e2ncias qu\u00edmicas s\u00e3o prioridades absolutas para o seu tipo de pele individual.<\/p>\n\n\n\n<p>Manter a <strong>const\u00e2ncia disciplinada<\/strong> no uso di\u00e1rio continua sendo o fator mais relevante para evitar danos solares profundos e permanentes. Priorize sempre f\u00f3rmulas leves que tragam <strong>conforto imediato<\/strong> e prazer durante a aplica\u00e7\u00e3o para nunca abandonar esse h\u00e1bito preventivo fundamental. Invista na <strong>prote\u00e7\u00e3o adequada<\/strong> hoje mesmo para colher todos os benef\u00edcios de uma apar\u00eancia saud\u00e1vel e rejuvenescida futuramente.<\/p>\n","protected":false},"excerpt":{"rendered":"<p>Muitas pessoas questionam se o protetor solar caro realmente entrega resultados superiores aos produtos mais acess\u00edveis das farm\u00e1cias populares. Essa enorme varia\u00e7\u00e3o de valores esconde segredos tecnol\u00f3gicos que impactam diretamente a sa\u00fade e a apar\u00eancia do rosto ao longo de muitos anos. Raz\u00f5es para investir em um protetor solar caro A ind\u00fastria dermatol\u00f3gica internacional investe [&hellip;]<\/p>\n","protected":false},"author":9,"featured_media":202103,"comment_status":"open","ping_status":"open","sticky":false,"template":"","format":"standard","meta":{"jnews-multi-image_gallery":[],"jnews_single_post":{"format":"standard"},"jnews_primary_category":[],"jnews_social_meta":[],"jnews_override_counter":[],"footnotes":""},"categories":[8691,8819],"tags":[4939,6862,26510],"class_list":["post-202014","post","type-post","status-publish","format-standard","has-post-thumbnail","hentry","category-bem-estar","category-curiosidades","tag-cuidados-com-a-pele","tag-dermatologia","tag-fotoprotecao"],"yoast_head":"<!-- This site is optimized with the Yoast SEO plugin v23.8 - https:\/\/yoast.com\/wordpress\/plugins\/seo\/ -->\n<title>Dermatologista explica a grande diferen\u00e7a de pre\u00e7o entre protetores solares: \u201c\u00c0s vezes, vale a pena o investimento\u201d - Estado de Minas - Em foco<\/title>\n<meta name=\"description\" content=\"O pre\u00e7o de um protetor solar caro gera d\u00favidas em muitos consumidores. Saiba quais tecnologias justificam esse investimento para a sua sa\u00fade.\" \/>\n<meta name=\"robots\" content=\"index, follow, max-snippet:-1, max-image-preview:large, max-video-preview:-1\" \/>\n<link rel=\"canonical\" href=\"https:\/\/www.em.com.br\/emfoco\/2026\/05\/01\/dermatologista-explica-a-grande-diferenca-de-preco-entre-protetores-solares-as-vezes-vale-a-pena-o-investimento\/\" \/>\n<meta property=\"og:locale\" content=\"pt_BR\" \/>\n<meta property=\"og:type\" content=\"article\" \/>\n<meta property=\"og:title\" content=\"Dermatologista explica a grande diferen\u00e7a de pre\u00e7o entre protetores solares: \u201c\u00c0s vezes, vale a pena o investimento\u201d - Estado de Minas - Em foco\" \/>\n<meta property=\"og:description\" content=\"O pre\u00e7o de um protetor solar caro gera d\u00favidas em muitos consumidores. Saiba quais tecnologias justificam esse investimento para a sua sa\u00fade.\" \/>\n<meta property=\"og:url\" content=\"https:\/\/www.em.com.br\/emfoco\/2026\/05\/01\/dermatologista-explica-a-grande-diferenca-de-preco-entre-protetores-solares-as-vezes-vale-a-pena-o-investimento\/\" \/>\n<meta property=\"og:site_name\" content=\"Estado de Minas - Em foco\" \/>\n<meta property=\"article:published_time\" content=\"2026-05-01T17:55:00+00:00\" \/>\n<meta property=\"article:modified_time\" content=\"2026-05-01T02:20:42+00:00\" \/>\n<meta property=\"og:image\" content=\"https:\/\/www.em.com.br\/emfoco\/wp-content\/uploads\/2026\/05\/EmFoco_35.jpg\" \/>\n\t<meta property=\"og:image:width\" content=\"1280\" \/>\n\t<meta property=\"og:image:height\" content=\"720\" \/>\n\t<meta property=\"og:image:type\" content=\"image\/jpeg\" \/>\n<meta name=\"author\" content=\"Daniely Cardoso\" \/>\n<meta name=\"twitter:card\" content=\"summary_large_image\" \/>\n<meta name=\"twitter:label1\" content=\"Escrito por\" \/>\n\t<meta name=\"twitter:data1\" content=\"Daniely Cardoso\" \/>\n\t<meta name=\"twitter:label2\" content=\"Est. tempo de leitura\" \/>\n\t<meta name=\"twitter:data2\" content=\"6 minutos\" \/>\n<!-- \/ Yoast SEO plugin. -->","yoast_head_json":{"title":"Dermatologista explica a grande diferen\u00e7a de pre\u00e7o entre protetores solares: \u201c\u00c0s vezes, vale a pena o investimento\u201d - Estado de Minas - Em foco","description":"O pre\u00e7o de um protetor solar caro gera d\u00favidas em muitos consumidores. Saiba quais tecnologias justificam esse investimento para a sua sa\u00fade.","robots":{"index":"index","follow":"follow","max-snippet":"max-snippet:-1","max-image-preview":"max-image-preview:large","max-video-preview":"max-video-preview:-1"},"canonical":"https:\/\/www.em.com.br\/emfoco\/2026\/05\/01\/dermatologista-explica-a-grande-diferenca-de-preco-entre-protetores-solares-as-vezes-vale-a-pena-o-investimento\/","og_locale":"pt_BR","og_type":"article","og_title":"Dermatologista explica a grande diferen\u00e7a de pre\u00e7o entre protetores solares: \u201c\u00c0s vezes, vale a pena o investimento\u201d - Estado de Minas - Em foco","og_description":"O pre\u00e7o de um protetor solar caro gera d\u00favidas em muitos consumidores. Saiba quais tecnologias justificam esse investimento para a sua sa\u00fade.","og_url":"https:\/\/www.em.com.br\/emfoco\/2026\/05\/01\/dermatologista-explica-a-grande-diferenca-de-preco-entre-protetores-solares-as-vezes-vale-a-pena-o-investimento\/","og_site_name":"Estado de Minas - Em foco","article_published_time":"2026-05-01T17:55:00+00:00","article_modified_time":"2026-05-01T02:20:42+00:00","og_image":[{"width":1280,"height":720,"url":"https:\/\/www.em.com.br\/emfoco\/wp-content\/uploads\/2026\/05\/EmFoco_35.jpg","type":"image\/jpeg"}],"author":"Daniely Cardoso","twitter_card":"summary_large_image","twitter_misc":{"Escrito por":"Daniely Cardoso","Est. tempo de leitura":"6 minutos"},"schema":{"@context":"https:\/\/schema.org","@graph":[{"@type":"WebPage","@id":"https:\/\/www.em.com.br\/emfoco\/2026\/05\/01\/dermatologista-explica-a-grande-diferenca-de-preco-entre-protetores-solares-as-vezes-vale-a-pena-o-investimento\/","url":"https:\/\/www.em.com.br\/emfoco\/2026\/05\/01\/dermatologista-explica-a-grande-diferenca-de-preco-entre-protetores-solares-as-vezes-vale-a-pena-o-investimento\/","name":"Dermatologista explica a grande diferen\u00e7a de pre\u00e7o entre protetores solares: \u201c\u00c0s vezes, vale a pena o investimento\u201d - Estado de Minas - Em foco","isPartOf":{"@id":"https:\/\/www.em.com.br\/emfoco\/#website"},"primaryImageOfPage":{"@id":"https:\/\/www.em.com.br\/emfoco\/2026\/05\/01\/dermatologista-explica-a-grande-diferenca-de-preco-entre-protetores-solares-as-vezes-vale-a-pena-o-investimento\/#primaryimage"},"image":{"@id":"https:\/\/www.em.com.br\/emfoco\/2026\/05\/01\/dermatologista-explica-a-grande-diferenca-de-preco-entre-protetores-solares-as-vezes-vale-a-pena-o-investimento\/#primaryimage"},"thumbnailUrl":"https:\/\/www.em.com.br\/emfoco\/wp-content\/uploads\/2026\/05\/EmFoco_35.jpg","datePublished":"2026-05-01T17:55:00+00:00","dateModified":"2026-05-01T02:20:42+00:00","author":{"@id":"https:\/\/www.em.com.br\/emfoco\/#\/schema\/person\/0a8186d72f2c3a5c6276d90b41f271a0"},"description":"O pre\u00e7o de um protetor solar caro gera d\u00favidas em muitos consumidores. Saiba quais tecnologias justificam esse investimento para a sua sa\u00fade.","breadcrumb":{"@id":"https:\/\/www.em.com.br\/emfoco\/2026\/05\/01\/dermatologista-explica-a-grande-diferenca-de-preco-entre-protetores-solares-as-vezes-vale-a-pena-o-investimento\/#breadcrumb"},"inLanguage":"pt-BR","potentialAction":[{"@type":"ReadAction","target":["https:\/\/www.em.com.br\/emfoco\/2026\/05\/01\/dermatologista-explica-a-grande-diferenca-de-preco-entre-protetores-solares-as-vezes-vale-a-pena-o-investimento\/"]}]},{"@type":"ImageObject","inLanguage":"pt-BR","@id":"https:\/\/www.em.com.br\/emfoco\/2026\/05\/01\/dermatologista-explica-a-grande-diferenca-de-preco-entre-protetores-solares-as-vezes-vale-a-pena-o-investimento\/#primaryimage","url":"https:\/\/www.em.com.br\/emfoco\/wp-content\/uploads\/2026\/05\/EmFoco_35.jpg","contentUrl":"https:\/\/www.em.com.br\/emfoco\/wp-content\/uploads\/2026\/05\/EmFoco_35.jpg","width":1280,"height":720,"caption":"F\u00f3rmulas tecnol\u00f3gicas justificam investimento garantindo estabilidade e prote\u00e7\u00e3o celular profunda na derme"},{"@type":"BreadcrumbList","@id":"https:\/\/www.em.com.br\/emfoco\/2026\/05\/01\/dermatologista-explica-a-grande-diferenca-de-preco-entre-protetores-solares-as-vezes-vale-a-pena-o-investimento\/#breadcrumb","itemListElement":[{"@type":"ListItem","position":1,"name":"In\u00edcio","item":"https:\/\/www.em.com.br\/emfoco\/"},{"@type":"ListItem","position":2,"name":"Dermatologista explica a grande diferen\u00e7a de pre\u00e7o entre protetores solares: \u201c\u00c0s vezes, vale a pena o investimento\u201d"}]},{"@type":"WebSite","@id":"https:\/\/www.em.com.br\/emfoco\/#website","url":"https:\/\/www.em.com.br\/emfoco\/","name":"Estado de Minas - Em foco","description":"Acompanhe as \u00faltimas not\u00edcias e fique bem informado sobre tudo o que acontece em Minas Gerais, Brasil e no mundo.","potentialAction":[{"@type":"SearchAction","target":{"@type":"EntryPoint","urlTemplate":"https:\/\/www.em.com.br\/emfoco\/?s={search_term_string}"},"query-input":{"@type":"PropertyValueSpecification","valueRequired":true,"valueName":"search_term_string"}}],"inLanguage":"pt-BR"},{"@type":"Person","@id":"https:\/\/www.em.com.br\/emfoco\/#\/schema\/person\/0a8186d72f2c3a5c6276d90b41f271a0","name":"Daniely Cardoso","image":{"@type":"ImageObject","inLanguage":"pt-BR","@id":"https:\/\/www.em.com.br\/emfoco\/#\/schema\/person\/image\/","url":"https:\/\/secure.gravatar.com\/avatar\/4b80ddbd124d1f071b626d52d62e5dff?s=96&d=mm&r=g","contentUrl":"https:\/\/secure.gravatar.com\/avatar\/4b80ddbd124d1f071b626d52d62e5dff?s=96&d=mm&r=g","caption":"Daniely Cardoso"},"url":"https:\/\/www.em.com.br\/emfoco\/author\/danielymyth\/"}]}},"_links":{"self":[{"href":"https:\/\/www.em.com.br\/emfoco\/wp-json\/wp\/v2\/posts\/202014","targetHints":{"allow":["GET"]}}],"collection":[{"href":"https:\/\/www.em.com.br\/emfoco\/wp-json\/wp\/v2\/posts"}],"about":[{"href":"https:\/\/www.em.com.br\/emfoco\/wp-json\/wp\/v2\/types\/post"}],"author":[{"embeddable":true,"href":"https:\/\/www.em.com.br\/emfoco\/wp-json\/wp\/v2\/users\/9"}],"replies":[{"embeddable":true,"href":"https:\/\/www.em.com.br\/emfoco\/wp-json\/wp\/v2\/comments?post=202014"}],"version-history":[{"count":1,"href":"https:\/\/www.em.com.br\/emfoco\/wp-json\/wp\/v2\/posts\/202014\/revisions"}],"predecessor-version":[{"id":202027,"href":"https:\/\/www.em.com.br\/emfoco\/wp-json\/wp\/v2\/posts\/202014\/revisions\/202027"}],"wp:featuredmedia":[{"embeddable":true,"href":"https:\/\/www.em.com.br\/emfoco\/wp-json\/wp\/v2\/media\/202103"}],"wp:attachment":[{"href":"https:\/\/www.em.com.br\/emfoco\/wp-json\/wp\/v2\/media?parent=202014"}],"wp:term":[{"taxonomy":"category","embeddable":true,"href":"https:\/\/www.em.com.br\/emfoco\/wp-json\/wp\/v2\/categories?post=202014"},{"taxonomy":"post_tag","embeddable":true,"href":"https:\/\/www.em.com.br\/emfoco\/wp-json\/wp\/v2\/tags?post=202014"}],"curies":[{"name":"wp","href":"https:\/\/api.w.org\/{rel}","templated":true}]}}