{"id":202012,"date":"2026-05-01T18:25:00","date_gmt":"2026-05-01T21:25:00","guid":{"rendered":"https:\/\/www.em.com.br\/emfoco\/?p=202012"},"modified":"2026-04-30T16:00:40","modified_gmt":"2026-04-30T19:00:40","slug":"se-voce-tem-cadeiras-de-madeira-antigas-nao-as-jogue-fora-veja-como-reutiliza-las-para-decorar-sua-casa","status":"publish","type":"post","link":"https:\/\/www.em.com.br\/emfoco\/2026\/05\/01\/se-voce-tem-cadeiras-de-madeira-antigas-nao-as-jogue-fora-veja-como-reutiliza-las-para-decorar-sua-casa\/","title":{"rendered":"Se voc\u00ea tem cadeiras de madeira antigas, n\u00e3o as jogue fora: veja como reutiliz\u00e1-las para decorar sua casa"},"content":{"rendered":"\n<p>Dar uma nova fun\u00e7\u00e3o para uma cadeira de madeira antiga \u00e9 uma forma pr\u00e1tica, econ\u00f4mica e estilosa de renovar o ambiente. Em vez de descart\u00e1-la, voc\u00ea pode reaproveitar o m\u00f3vel com criatividade, transformando-o em um item \u00fatil, decorativo e cheio de personalidade, como uma estante de parede que une organiza\u00e7\u00e3o, funcionalidade e design autoral.<\/p>\n\n\n\n<h2 class=\"wp-block-heading\">Por que vale a pena transformar cadeira de madeira em estante de parede<\/h2>\n\n\n\n<p>A\u00a0<strong><a href=\"https:\/\/br.pinterest.com\/eldermartins412\/cadeiras-de-madeira\/\" target=\"_blank\" rel=\"noreferrer noopener\">cadeira de madeira<\/a><\/strong>\u00a0se destaca pela durabilidade e pela estrutura firme, mesmo depois de muitos anos de uso. Em vez de comprar novas prateleiras, \u00e9 poss\u00edvel economizar e reduzir o descarte ao reaproveitar um m\u00f3vel que j\u00e1 est\u00e1 em casa, criando uma pe\u00e7a \u00fanica na decora\u00e7\u00e3o.<\/p>\n\n\n\n<p>Essa transforma\u00e7\u00e3o tamb\u00e9m valoriza o consumo mais consciente e permite personaliza\u00e7\u00e3o total. Voc\u00ea pode usar cores vibrantes para criar um ponto de destaque ou apenas aplicar verniz para manter o aspecto r\u00fastico, combinando facilmente com estilos cl\u00e1ssico, moderno, industrial ou boho.<\/p>\n\n\n\n<figure class=\"wp-block-image size-large\"><img loading=\"lazy\" decoding=\"async\" width=\"1024\" height=\"576\" src=\"https:\/\/www.em.com.br\/emfoco\/wp-content\/uploads\/2026\/04\/Gemini_Generated_Image_9htsu39htsu39hts-1-1024x576.png\" alt=\"Ningu\u00e9m acredita no que fizeram com essa cadeira antiga\" class=\"wp-image-202031\" srcset=\"https:\/\/www.em.com.br\/emfoco\/wp-content\/uploads\/2026\/04\/Gemini_Generated_Image_9htsu39htsu39hts-1-1024x576.png 1024w, https:\/\/www.em.com.br\/emfoco\/wp-content\/uploads\/2026\/04\/Gemini_Generated_Image_9htsu39htsu39hts-1-300x169.png 300w, https:\/\/www.em.com.br\/emfoco\/wp-content\/uploads\/2026\/04\/Gemini_Generated_Image_9htsu39htsu39hts-1-768x432.png 768w, https:\/\/www.em.com.br\/emfoco\/wp-content\/uploads\/2026\/04\/Gemini_Generated_Image_9htsu39htsu39hts-1-750x422.png 750w, https:\/\/www.em.com.br\/emfoco\/wp-content\/uploads\/2026\/04\/Gemini_Generated_Image_9htsu39htsu39hts-1-1140x641.png 1140w, https:\/\/www.em.com.br\/emfoco\/wp-content\/uploads\/2026\/04\/Gemini_Generated_Image_9htsu39htsu39hts-1.png 1280w\" sizes=\"auto, (max-width: 1024px) 100vw, 1024px\" \/><figcaption class=\"wp-element-caption\">Ningu\u00e9m acredita no que fizeram com essa cadeira antiga<\/figcaption><\/figure>\n\n\n\n<h2 class=\"wp-block-heading\">Como reutilizar cadeira de madeira velha como estante de parede<\/h2>\n\n\n\n<p>O reaproveitamento da\u00a0<strong>cadeira de madeira velha<\/strong>\u00a0em estante \u00e9 simples e pode ser feito em etapas, mesmo por quem n\u00e3o tem muita experi\u00eancia em <a href=\"https:\/\/www.em.com.br\/emfoco\/2026\/04\/30\/nao-jogue-fora-os-manuais-dos-seus-eletrodomesticos-as-maneiras-praticas-de-reutiliza-los\/\" target=\"_blank\" rel=\"noreferrer noopener\">DIY<\/a>. A ideia central \u00e9 transformar o assento em prateleira e o encosto em elemento visual ou suporte para itens leves, sempre com aten\u00e7\u00e3o \u00e0 seguran\u00e7a.<\/p>\n\n\n\n<ol class=\"wp-block-list\">\n<li><strong>Avalia\u00e7\u00e3o da cadeira<\/strong>: verificar se a madeira est\u00e1 firme, sem partes apodrecidas ou quebradas que comprometam a seguran\u00e7a.<\/li>\n\n\n\n<li><strong>Limpeza inicial<\/strong>: remover poeira, res\u00edduos de tinta descascando e qualquer sujeira acumulada com pano \u00famido e, se necess\u00e1rio, detergente neutro.<\/li>\n\n\n\n<li><strong>Lixamento<\/strong>: passar lixa em toda a superf\u00edcie para eliminar farpas, nivelar a madeira e preparar o m\u00f3vel para receber pintura ou verniz.<\/li>\n\n\n\n<li><strong>Pintura ou acabamento<\/strong>: aplicar tinta, esmalte ou verniz apropriado para madeira, dando o acabamento desejado, com tempo de secagem entre as dem\u00e3os.<\/li>\n\n\n\n<li><strong>Ajuste das pernas<\/strong>: decidir se a cadeira ser\u00e1 usada inteira ou se as pernas ser\u00e3o cortadas parcialmente para que a pe\u00e7a fique rente \u00e0 parede.<\/li>\n\n\n\n<li><strong>Fixa\u00e7\u00e3o na parede<\/strong>: usar buchas e parafusos adequados ao tipo de parede, prendendo a cadeira pelo assento e por pontos estruturais para evitar oscila\u00e7\u00f5es.<\/li>\n<\/ol>\n\n\n\n<h2 class=\"wp-block-heading\">Quais s\u00e3o os usos pr\u00e1ticos de uma estante feita com cadeira<\/h2>\n\n\n\n<p>A&nbsp;<strong>estante de cadeira de madeira<\/strong>&nbsp;pode ter fun\u00e7\u00f5es diferentes conforme o c\u00f4modo em que \u00e9 instalada, otimizando espa\u00e7os pequenos sem ocupar \u00e1rea no ch\u00e3o. Em \u00e1reas de circula\u00e7\u00e3o, ela serve como apoio r\u00e1pido; em ambientes de conviv\u00eancia, ganha um papel mais decorativo e de destaque visual.<\/p>\n\n\n\n<ul class=\"wp-block-list\">\n<li><strong>Na cozinha<\/strong>: armazenar potes, temperos, canecas e pendurar panos ou utens\u00edlios leves no encosto.<\/li>\n\n\n\n<li><strong>No hall de entrada<\/strong>: servir como suporte para chaves, correspond\u00eancias, carteiras e pequenos organizadores.<\/li>\n\n\n\n<li><strong>Na sala<\/strong>: expor plantas em vasos pequenos, velas, quadros e objetos decorativos, aproveitando o encosto para pendurar lumin\u00e1rias leves ou enfeites.<\/li>\n\n\n\n<li><strong>No quarto<\/strong>: funcionar como miniestante de livros, perfumes, rel\u00f3gios e acess\u00f3rios usados no dia a dia.<\/li>\n\n\n\n<li><strong>No banheiro<\/strong>: guardar toalhas dobradas, sabonetes, frascos de higiene e cestos pequenos.<\/li>\n<\/ul>\n\n\n\n<figure class=\"wp-block-image size-large\"><img loading=\"lazy\" decoding=\"async\" width=\"1024\" height=\"576\" src=\"https:\/\/www.em.com.br\/emfoco\/wp-content\/uploads\/2026\/04\/Gemini_Generated_Image_w3y81nw3y81nw3y8-1-1024x576.png\" alt=\"Ningu\u00e9m acredita no que fizeram com essa cadeira antiga\" class=\"wp-image-202032\" srcset=\"https:\/\/www.em.com.br\/emfoco\/wp-content\/uploads\/2026\/04\/Gemini_Generated_Image_w3y81nw3y81nw3y8-1-1024x576.png 1024w, https:\/\/www.em.com.br\/emfoco\/wp-content\/uploads\/2026\/04\/Gemini_Generated_Image_w3y81nw3y81nw3y8-1-300x169.png 300w, https:\/\/www.em.com.br\/emfoco\/wp-content\/uploads\/2026\/04\/Gemini_Generated_Image_w3y81nw3y81nw3y8-1-768x432.png 768w, https:\/\/www.em.com.br\/emfoco\/wp-content\/uploads\/2026\/04\/Gemini_Generated_Image_w3y81nw3y81nw3y8-1-750x422.png 750w, https:\/\/www.em.com.br\/emfoco\/wp-content\/uploads\/2026\/04\/Gemini_Generated_Image_w3y81nw3y81nw3y8-1-1140x641.png 1140w, https:\/\/www.em.com.br\/emfoco\/wp-content\/uploads\/2026\/04\/Gemini_Generated_Image_w3y81nw3y81nw3y8-1.png 1280w\" sizes=\"auto, (max-width: 1024px) 100vw, 1024px\" \/><figcaption class=\"wp-element-caption\">Ningu\u00e9m acredita no que fizeram com essa cadeira antiga<\/figcaption><\/figure>\n\n\n\n<h2 class=\"wp-block-heading\">Como integrar a cadeira-estante \u00e0 decora\u00e7\u00e3o da casa<\/h2>\n\n\n\n<p>Para que a cadeira transformada em estante se integre bem \u00e0 decora\u00e7\u00e3o, vale pensar nas cores, texturas e no estilo do ambiente. Tons neutros se adaptam a quase tudo, enquanto cores fortes criam pontos de destaque; j\u00e1 o tom natural da madeira refor\u00e7a uma est\u00e9tica mais aconchegante e cont\u00ednua.<\/p>\n\n\n\n<p>Tamb\u00e9m \u00e9 importante escolher bem o que ficar\u00e1 exposto na&nbsp;<em>estante de parede<\/em>, priorizando objetos leves e bem distribu\u00eddos para n\u00e3o comprometer a estrutura. Trabalhar com grupos de itens, variando alturas e formatos, ajuda a manter o visual organizado e faz a antiga cadeira ganhar protagonismo nos espa\u00e7os.<\/p>\n\n\n\n<h2 class=\"wp-block-heading\">Por que voc\u00ea deve come\u00e7ar agora a transformar sua cadeira em estante<\/h2>\n\n\n\n<p>Dar uma segunda vida \u00e0 sua cadeira de madeira \u00e9 uma chance real de renovar a casa gastando pouco, gerar menos lixo e ainda criar uma pe\u00e7a exclusiva. Cada marca do tempo na madeira se transforma em charme, e o resultado final \u00e9 uma mistura de hist\u00f3ria, funcionalidade e estilo que nenhuma estante pronta entrega.<\/p>\n\n\n\n<p>N\u00e3o deixe essa cadeira esquecida acumular poeira por mais um dia. Separe algumas horas, re\u00fana os materiais b\u00e1sicos e comece agora mesmo sua cadeira-estante: quanto antes voc\u00ea agir, mais r\u00e1pido vai sentir a diferen\u00e7a no visual e na energia do ambiente.<\/p>\n\n\n\n<p><\/p>\n","protected":false},"excerpt":{"rendered":"<p>Dar uma nova fun\u00e7\u00e3o para uma cadeira de madeira antiga \u00e9 uma forma pr\u00e1tica, econ\u00f4mica e estilosa de renovar o ambiente. Em vez de descart\u00e1-la, voc\u00ea pode reaproveitar o m\u00f3vel com criatividade, transformando-o em um item \u00fatil, decorativo e cheio de personalidade, como uma estante de parede que une organiza\u00e7\u00e3o, funcionalidade e design autoral. Por [&hellip;]<\/p>\n","protected":false},"author":11,"featured_media":202089,"comment_status":"open","ping_status":"open","sticky":false,"template":"","format":"standard","meta":{"jnews-multi-image_gallery":[],"jnews_single_post":{"format":"standard"},"jnews_primary_category":[],"jnews_social_meta":[],"jnews_override_counter":[],"footnotes":""},"categories":[8819,1],"tags":[29055,4687,5115,29054],"class_list":["post-202012","post","type-post","status-publish","format-standard","has-post-thumbnail","hentry","category-curiosidades","category-noticias","tag-cadeira-de-madeira","tag-decoracao","tag-diy","tag-estante-de-parede"],"yoast_head":"<!-- This site is optimized with the Yoast SEO plugin v23.8 - https:\/\/yoast.com\/wordpress\/plugins\/seo\/ -->\n<title>Se voc\u00ea tem cadeiras de madeira antigas, n\u00e3o as jogue fora: veja como reutiliz\u00e1-las para decorar sua casa - Estado de Minas - Em foco<\/title>\n<meta name=\"description\" content=\"Cadeira de madeira pode virar estante de parede pr\u00e1tica e bonita. Veja como reaproveitar e transformar seu espa\u00e7o com criatividade.\" \/>\n<meta name=\"robots\" content=\"index, follow, max-snippet:-1, max-image-preview:large, max-video-preview:-1\" \/>\n<link rel=\"canonical\" href=\"https:\/\/www.em.com.br\/emfoco\/2026\/05\/01\/se-voce-tem-cadeiras-de-madeira-antigas-nao-as-jogue-fora-veja-como-reutiliza-las-para-decorar-sua-casa\/\" \/>\n<meta property=\"og:locale\" content=\"pt_BR\" \/>\n<meta property=\"og:type\" content=\"article\" \/>\n<meta property=\"og:title\" content=\"Se voc\u00ea tem cadeiras de madeira antigas, n\u00e3o as jogue fora: veja como reutiliz\u00e1-las para decorar sua casa - Estado de Minas - Em foco\" \/>\n<meta property=\"og:description\" content=\"Cadeira de madeira pode virar estante de parede pr\u00e1tica e bonita. Veja como reaproveitar e transformar seu espa\u00e7o com criatividade.\" \/>\n<meta property=\"og:url\" content=\"https:\/\/www.em.com.br\/emfoco\/2026\/05\/01\/se-voce-tem-cadeiras-de-madeira-antigas-nao-as-jogue-fora-veja-como-reutiliza-las-para-decorar-sua-casa\/\" \/>\n<meta property=\"og:site_name\" content=\"Estado de Minas - Em foco\" \/>\n<meta property=\"article:published_time\" content=\"2026-05-01T21:25:00+00:00\" \/>\n<meta property=\"article:modified_time\" content=\"2026-04-30T19:00:40+00:00\" \/>\n<meta property=\"og:image\" content=\"https:\/\/www.em.com.br\/emfoco\/wp-content\/uploads\/2026\/05\/EmFoco_22.jpg\" \/>\n\t<meta property=\"og:image:width\" content=\"1280\" \/>\n\t<meta property=\"og:image:height\" content=\"720\" \/>\n\t<meta property=\"og:image:type\" content=\"image\/jpeg\" \/>\n<meta name=\"author\" content=\"Andre\u0301 Rangel\u00a0\" \/>\n<meta name=\"twitter:card\" content=\"summary_large_image\" \/>\n<meta name=\"twitter:label1\" content=\"Escrito por\" \/>\n\t<meta name=\"twitter:data1\" content=\"Andre\u0301 Rangel\u00a0\" \/>\n\t<meta name=\"twitter:label2\" content=\"Est. tempo de leitura\" \/>\n\t<meta name=\"twitter:data2\" content=\"5 minutos\" \/>\n<!-- \/ Yoast SEO plugin. -->","yoast_head_json":{"title":"Se voc\u00ea tem cadeiras de madeira antigas, n\u00e3o as jogue fora: veja como reutiliz\u00e1-las para decorar sua casa - Estado de Minas - Em foco","description":"Cadeira de madeira pode virar estante de parede pr\u00e1tica e bonita. Veja como reaproveitar e transformar seu espa\u00e7o com criatividade.","robots":{"index":"index","follow":"follow","max-snippet":"max-snippet:-1","max-image-preview":"max-image-preview:large","max-video-preview":"max-video-preview:-1"},"canonical":"https:\/\/www.em.com.br\/emfoco\/2026\/05\/01\/se-voce-tem-cadeiras-de-madeira-antigas-nao-as-jogue-fora-veja-como-reutiliza-las-para-decorar-sua-casa\/","og_locale":"pt_BR","og_type":"article","og_title":"Se voc\u00ea tem cadeiras de madeira antigas, n\u00e3o as jogue fora: veja como reutiliz\u00e1-las para decorar sua casa - Estado de Minas - Em foco","og_description":"Cadeira de madeira pode virar estante de parede pr\u00e1tica e bonita. Veja como reaproveitar e transformar seu espa\u00e7o com criatividade.","og_url":"https:\/\/www.em.com.br\/emfoco\/2026\/05\/01\/se-voce-tem-cadeiras-de-madeira-antigas-nao-as-jogue-fora-veja-como-reutiliza-las-para-decorar-sua-casa\/","og_site_name":"Estado de Minas - Em foco","article_published_time":"2026-05-01T21:25:00+00:00","article_modified_time":"2026-04-30T19:00:40+00:00","og_image":[{"width":1280,"height":720,"url":"https:\/\/www.em.com.br\/emfoco\/wp-content\/uploads\/2026\/05\/EmFoco_22.jpg","type":"image\/jpeg"}],"author":"Andre\u0301 Rangel\u00a0","twitter_card":"summary_large_image","twitter_misc":{"Escrito por":"Andre\u0301 Rangel\u00a0","Est. tempo de leitura":"5 minutos"},"schema":{"@context":"https:\/\/schema.org","@graph":[{"@type":"WebPage","@id":"https:\/\/www.em.com.br\/emfoco\/2026\/05\/01\/se-voce-tem-cadeiras-de-madeira-antigas-nao-as-jogue-fora-veja-como-reutiliza-las-para-decorar-sua-casa\/","url":"https:\/\/www.em.com.br\/emfoco\/2026\/05\/01\/se-voce-tem-cadeiras-de-madeira-antigas-nao-as-jogue-fora-veja-como-reutiliza-las-para-decorar-sua-casa\/","name":"Se voc\u00ea tem cadeiras de madeira antigas, n\u00e3o as jogue fora: veja como reutiliz\u00e1-las para decorar sua casa - Estado de Minas - Em foco","isPartOf":{"@id":"https:\/\/www.em.com.br\/emfoco\/#website"},"primaryImageOfPage":{"@id":"https:\/\/www.em.com.br\/emfoco\/2026\/05\/01\/se-voce-tem-cadeiras-de-madeira-antigas-nao-as-jogue-fora-veja-como-reutiliza-las-para-decorar-sua-casa\/#primaryimage"},"image":{"@id":"https:\/\/www.em.com.br\/emfoco\/2026\/05\/01\/se-voce-tem-cadeiras-de-madeira-antigas-nao-as-jogue-fora-veja-como-reutiliza-las-para-decorar-sua-casa\/#primaryimage"},"thumbnailUrl":"https:\/\/www.em.com.br\/emfoco\/wp-content\/uploads\/2026\/05\/EmFoco_22.jpg","datePublished":"2026-05-01T21:25:00+00:00","dateModified":"2026-04-30T19:00:40+00:00","author":{"@id":"https:\/\/www.em.com.br\/emfoco\/#\/schema\/person\/60eda09c1fedf0d6891f4cef4b60b8b8"},"description":"Cadeira de madeira pode virar estante de parede pr\u00e1tica e bonita. Veja como reaproveitar e transformar seu espa\u00e7o com criatividade.","breadcrumb":{"@id":"https:\/\/www.em.com.br\/emfoco\/2026\/05\/01\/se-voce-tem-cadeiras-de-madeira-antigas-nao-as-jogue-fora-veja-como-reutiliza-las-para-decorar-sua-casa\/#breadcrumb"},"inLanguage":"pt-BR","potentialAction":[{"@type":"ReadAction","target":["https:\/\/www.em.com.br\/emfoco\/2026\/05\/01\/se-voce-tem-cadeiras-de-madeira-antigas-nao-as-jogue-fora-veja-como-reutiliza-las-para-decorar-sua-casa\/"]}]},{"@type":"ImageObject","inLanguage":"pt-BR","@id":"https:\/\/www.em.com.br\/emfoco\/2026\/05\/01\/se-voce-tem-cadeiras-de-madeira-antigas-nao-as-jogue-fora-veja-como-reutiliza-las-para-decorar-sua-casa\/#primaryimage","url":"https:\/\/www.em.com.br\/emfoco\/wp-content\/uploads\/2026\/05\/EmFoco_22.jpg","contentUrl":"https:\/\/www.em.com.br\/emfoco\/wp-content\/uploads\/2026\/05\/EmFoco_22.jpg","width":1280,"height":720,"caption":"Reaproveitamento de m\u00f3veis antigos transforma cadeiras de madeira em estantes criativas"},{"@type":"BreadcrumbList","@id":"https:\/\/www.em.com.br\/emfoco\/2026\/05\/01\/se-voce-tem-cadeiras-de-madeira-antigas-nao-as-jogue-fora-veja-como-reutiliza-las-para-decorar-sua-casa\/#breadcrumb","itemListElement":[{"@type":"ListItem","position":1,"name":"In\u00edcio","item":"https:\/\/www.em.com.br\/emfoco\/"},{"@type":"ListItem","position":2,"name":"Se voc\u00ea tem cadeiras de madeira antigas, n\u00e3o as jogue fora: veja como reutiliz\u00e1-las para decorar sua casa"}]},{"@type":"WebSite","@id":"https:\/\/www.em.com.br\/emfoco\/#website","url":"https:\/\/www.em.com.br\/emfoco\/","name":"Estado de Minas - Em foco","description":"Acompanhe as \u00faltimas not\u00edcias e fique bem informado sobre tudo o que acontece em Minas Gerais, Brasil e no mundo.","potentialAction":[{"@type":"SearchAction","target":{"@type":"EntryPoint","urlTemplate":"https:\/\/www.em.com.br\/emfoco\/?s={search_term_string}"},"query-input":{"@type":"PropertyValueSpecification","valueRequired":true,"valueName":"search_term_string"}}],"inLanguage":"pt-BR"},{"@type":"Person","@id":"https:\/\/www.em.com.br\/emfoco\/#\/schema\/person\/60eda09c1fedf0d6891f4cef4b60b8b8","name":"Andre\u0301 Rangel\u00a0","image":{"@type":"ImageObject","inLanguage":"pt-BR","@id":"https:\/\/www.em.com.br\/emfoco\/#\/schema\/person\/image\/","url":"https:\/\/secure.gravatar.com\/avatar\/6234dc814c77c8ef6d8bba622c787efc?s=96&d=mm&r=g","contentUrl":"https:\/\/secure.gravatar.com\/avatar\/6234dc814c77c8ef6d8bba622c787efc?s=96&d=mm&r=g","caption":"Andre\u0301 Rangel\u00a0"},"url":"https:\/\/www.em.com.br\/emfoco\/author\/luizmyth\/"}]}},"_links":{"self":[{"href":"https:\/\/www.em.com.br\/emfoco\/wp-json\/wp\/v2\/posts\/202012","targetHints":{"allow":["GET"]}}],"collection":[{"href":"https:\/\/www.em.com.br\/emfoco\/wp-json\/wp\/v2\/posts"}],"about":[{"href":"https:\/\/www.em.com.br\/emfoco\/wp-json\/wp\/v2\/types\/post"}],"author":[{"embeddable":true,"href":"https:\/\/www.em.com.br\/emfoco\/wp-json\/wp\/v2\/users\/11"}],"replies":[{"embeddable":true,"href":"https:\/\/www.em.com.br\/emfoco\/wp-json\/wp\/v2\/comments?post=202012"}],"version-history":[{"count":4,"href":"https:\/\/www.em.com.br\/emfoco\/wp-json\/wp\/v2\/posts\/202012\/revisions"}],"predecessor-version":[{"id":202033,"href":"https:\/\/www.em.com.br\/emfoco\/wp-json\/wp\/v2\/posts\/202012\/revisions\/202033"}],"wp:featuredmedia":[{"embeddable":true,"href":"https:\/\/www.em.com.br\/emfoco\/wp-json\/wp\/v2\/media\/202089"}],"wp:attachment":[{"href":"https:\/\/www.em.com.br\/emfoco\/wp-json\/wp\/v2\/media?parent=202012"}],"wp:term":[{"taxonomy":"category","embeddable":true,"href":"https:\/\/www.em.com.br\/emfoco\/wp-json\/wp\/v2\/categories?post=202012"},{"taxonomy":"post_tag","embeddable":true,"href":"https:\/\/www.em.com.br\/emfoco\/wp-json\/wp\/v2\/tags?post=202012"}],"curies":[{"name":"wp","href":"https:\/\/api.w.org\/{rel}","templated":true}]}}