{"id":201926,"date":"2026-05-01T21:25:00","date_gmt":"2026-05-02T00:25:00","guid":{"rendered":"https:\/\/www.em.com.br\/emfoco\/?p=201926"},"modified":"2026-04-30T16:17:49","modified_gmt":"2026-04-30T19:17:49","slug":"sem-rachaduras-e-nem-sujeira-estas-4-arvores-garantem-sombra-fresca-sem-danificar-os-muros","status":"publish","type":"post","link":"https:\/\/www.em.com.br\/emfoco\/2026\/05\/01\/sem-rachaduras-e-nem-sujeira-estas-4-arvores-garantem-sombra-fresca-sem-danificar-os-muros\/","title":{"rendered":"Sem rachaduras e nem sujeira, estas 4 \u00e1rvores garantem sombra fresca sem danificar os muros"},"content":{"rendered":"\n<p>Muitas pessoas sonham com uma \u00e1rea verde em casa mas temem preju\u00edzos estruturais causados por vegeta\u00e7\u00e3o inadequada. Escolher as <strong>\u00e1rvores para quintal<\/strong> corretas exige aten\u00e7\u00e3o aos <strong>detalhes biol\u00f3gicos<\/strong> das esp\u00e9cies selecionadas.<\/p>\n\n\n\n<h2 class=\"wp-block-heading\">Quais s\u00e3o as melhores \u00e1rvores para quintal com ra\u00edzes calmas<\/h2>\n\n\n\n<p>Esp\u00e9cies com sistema radicular profundo e vertical evitam que as cal\u00e7adas fiquem levantadas com o passar dos anos. O <strong>plantio estrat\u00e9gico<\/strong> garante que a sombra seja aproveitada sem gerar gastos extras com reformas de alvenaria. Manter o <strong>solo equilibrado<\/strong> permite que a planta cres\u00e7a de forma saud\u00e1vel e segura.<\/p>\n\n\n\n<p>A escolha por mudas certificadas reduz as chances de surpresas negativas durante o desenvolvimento do tronco principal. Muitas variedades frut\u00edferas de pequeno porte oferecem <strong>estabilidade estrutural<\/strong> excelente para espa\u00e7os reduzidos e modernos. Adotar o <strong>planejamento pr\u00e9vio<\/strong> evita problemas futuros com tubula\u00e7\u00f5es de \u00e1gua e esgoto.<\/p>\n\n\n<div class=\"wp-block-image\">\n<figure class=\"aligncenter size-large\"><img loading=\"lazy\" decoding=\"async\" width=\"1024\" height=\"576\" src=\"https:\/\/www.em.com.br\/emfoco\/wp-content\/uploads\/2026\/04\/Pitangueira--1024x576.jpg\" alt=\"Pitangueira\" class=\"wp-image-201929\" srcset=\"https:\/\/www.em.com.br\/emfoco\/wp-content\/uploads\/2026\/04\/Pitangueira--1024x576.jpg 1024w, https:\/\/www.em.com.br\/emfoco\/wp-content\/uploads\/2026\/04\/Pitangueira--300x169.jpg 300w, https:\/\/www.em.com.br\/emfoco\/wp-content\/uploads\/2026\/04\/Pitangueira--768x432.jpg 768w, https:\/\/www.em.com.br\/emfoco\/wp-content\/uploads\/2026\/04\/Pitangueira--750x422.jpg 750w, https:\/\/www.em.com.br\/emfoco\/wp-content\/uploads\/2026\/04\/Pitangueira--1140x641.jpg 1140w, https:\/\/www.em.com.br\/emfoco\/wp-content\/uploads\/2026\/04\/Pitangueira-.jpg 1280w\" sizes=\"auto, (max-width: 1024px) 100vw, 1024px\" \/><figcaption class=\"wp-element-caption\">A escolha por mudas certificadas reduz as chances de surpresas negativas durante o desenvolvimento do tronco principal<\/figcaption><\/figure><\/div>\n\n\n<p>Leia tamb\u00e9m: <a href=\"https:\/\/www.em.com.br\/emfoco\/2026\/04\/02\/arvores-liquidas-sao-a-nova-aposta-das-cidades-modernas-para-limpar-o-ar-e-combater-a-poluicao\/\" target=\"_blank\" rel=\"noreferrer noopener\">\u00c1rvores l\u00edquidas s\u00e3o a nova aposta das cidades modernas para limpar o ar e combater a polui\u00e7\u00e3o<\/a><\/p>\n\n\n\n<h2 class=\"wp-block-heading\">Por que optar por \u00e1rvores para quintal que n\u00e3o fazem sujeira<\/h2>\n\n\n\n<p>Folhagens perenes mant\u00eam a copa sempre cheia e reduzem a necessidade de varrer o ch\u00e3o constantemente durante a semana. Esse tipo de vegeta\u00e7\u00e3o evita o <strong>ac\u00famulo de res\u00edduos<\/strong> org\u00e2nicos que costumam entupir calhas e ralos externos. O uso de <strong>folhas persistentes<\/strong> garante uma est\u00e9tica impec\u00e1vel para o seu jardim residencial.<\/p>\n\n\n\n<p>Al\u00e9m da limpeza visual, essas plantas atraem p\u00e1ssaros e polinizadores que equilibram o ecossistema local de forma natural. \u00c1rvores que produzem frutos resistentes facilitam a <strong>manuten\u00e7\u00e3o externa<\/strong> e evitam manchas indesejadas no piso de cer\u00e2mica. Priorizar a <strong>praticidade cotidiana<\/strong> torna a experi\u00eancia de cultivar o verde muito mais prazerosa.<\/p>\n\n\n\n<p>Para voc\u00ea que gosta de plantas, separamos um v\u00eddeo do canal <a href=\"https:\/\/www.youtube.com\/@vidanojardim\" target=\"_blank\" rel=\"noreferrer noopener\">Vida no Jardim<\/a> com dicas de plantas de pequeno porte para seu quintal:<\/p>\n\n\n\n<figure class=\"wp-block-embed is-type-video is-provider-youtube wp-block-embed-youtube wp-embed-aspect-16-9 wp-has-aspect-ratio\"><div class=\"wp-block-embed__wrapper\">\n<div class=\"jeg_video_container jeg_video_content\"><iframe loading=\"lazy\" title=\"10 \u00c1RVORES e ARBUSTOS para PEQUENOS JARDINS\" width=\"500\" height=\"281\" src=\"https:\/\/www.youtube.com\/embed\/PzSOB9koi2A?feature=oembed\" frameborder=\"0\" allow=\"accelerometer; autoplay; clipboard-write; encrypted-media; gyroscope; picture-in-picture; web-share\" referrerpolicy=\"strict-origin-when-cross-origin\" allowfullscreen><\/iframe><\/div>\n<\/div><\/figure>\n\n\n\n<h2 class=\"wp-block-heading\">Como a Jabuticabeira se adapta em pequenos espa\u00e7os<\/h2>\n\n\n\n<p>Esta esp\u00e9cie \u00e9 amplamente recomendada por apresentar um crescimento lento e um sistema de ra\u00edzes bastante comportado. Os frutos surgem diretamente no caule e n\u00e3o costumam cair em grandes quantidades no gramado. Cultivar esta planta promove <strong>momentos de lazer<\/strong> para toda a fam\u00edlia durante a \u00e9poca de colheita.<\/p>\n\n\n\n<p>O lista abaixo detalha as caracter\u00edsticas principais que tornam esta \u00e1rvore uma escolha frequente entre paisagistas brasileiros renomados.<\/p>\n\n\n\n<ul class=\"wp-block-list\">\n<li>Tronco ornamental com <strong>textura suave<\/strong> e colora\u00e7\u00e3o clara que embeleza o ambiente.<\/li>\n\n\n\n<li>Resist\u00eancia alta ao sol pleno e facilidade em aceitar <strong>podas de forma\u00e7\u00e3o<\/strong> regulares.<\/li>\n\n\n\n<li>Ra\u00edzes que crescem para baixo sem afetar a <strong>integridade do piso<\/strong> ao redor.<\/li>\n\n\n\n<li>Frutifica\u00e7\u00e3o abundante que garante <strong>alimento fresco<\/strong> e org\u00e2nico no pr\u00f3prio jardim.<\/li>\n<\/ul>\n\n\n\n<figure class=\"wp-block-embed is-type-rich is-provider-pinterest wp-block-embed-pinterest\"><div class=\"wp-block-embed__wrapper\">\n<iframe loading=\"lazy\" title=\"Colheita da acerolaVoc\u00ea quer aprender a cultivar plantas e alimentos 100% saud\u00e1veis no conforto da sua casa? Mesmo com pouco espa\u00e7o e sem gasta dinheiro voc\u00ea consegue.Clique no link da Bio e aproveite o desconto por tempo limitado.#acerola #colheitaacerola #comocuidardeacerola #acerolas #aceroleira #horta #hortacaseirasemsegredos #plantas #plantar #curso #cursodeplantas #comoplantar #pomar #pomarehortasustentaveis #renatooliveira\" src=\"https:\/\/assets.pinterest.com\/ext\/embed.html?id=174444185560883328&#038;src=oembed\" height=\"899\" width=\"450\" frameborder=\"0\" scrolling=\"no\" ><\/iframe>\n<\/div><\/figure>\n\n\n\n<h2 class=\"wp-block-heading\">Vantagens do Resed\u00e1 entre as \u00e1rvores para quintal<\/h2>\n\n\n\n<p>O Resed\u00e1 \u00e9 conhecido por sua flora\u00e7\u00e3o exuberante e pelo porte que raramente ultrapassa a altura do telhado. Sua estrutura radicular \u00e9 considerada inofensiva para <strong>funda\u00e7\u00f5es de muros<\/strong> e cal\u00e7adas de concreto. Aplicar uma <strong>aduba\u00e7\u00e3o org\u00e2nica<\/strong> garante que as flores apare\u00e7am com cores vibrantes e duradouras.<\/p>\n\n\n\n<p>A manuten\u00e7\u00e3o desta \u00e1rvore resume-se a cortes ocasionais para direcionar a sombra para as \u00e1reas de descanso. Ter essa vegeta\u00e7\u00e3o por perto reduz o <strong>calor irradiado<\/strong> pelas paredes externas da sua resid\u00eancia. O foco na <strong>harmonia visual<\/strong> transforma qualquer quintal simples em um ref\u00fagio particular.<\/p>\n\n\n\n<h2 class=\"wp-block-heading\">Benef\u00edcios da Aceroleira e da Pitangueira na cal\u00e7ada interna<\/h2>\n\n\n\n<p>Tanto a Aceroleira quanto a Pitangueira possuem copas densas que barram o sol forte sem espalhar folhas grandes pelo ch\u00e3o. Elas aceitam muito bem o cultivo em vasos grandes caso o propriet\u00e1rio deseje <strong>mobilidade decorativa<\/strong> no ambiente. Manter a <strong>poda de conten\u00e7\u00e3o<\/strong> ajuda a controlar o volume da copa conforme o espa\u00e7o dispon\u00edvel.<\/p>\n\n\n\n<p>Abaixo est\u00e3o os pontos fundamentais para manter essas frut\u00edferas saud\u00e1veis e produtivas durante as quatro esta\u00e7\u00f5es do ano.<\/p>\n\n\n\n<ol class=\"wp-block-list\">\n<li>Rega frequente para garantir que a <strong>umidade do solo<\/strong> chegue at\u00e9 as ra\u00edzes mais profundas.<\/li>\n\n\n\n<li>Exposi\u00e7\u00e3o solar direta por pelo menos seis horas para favorecer a <strong>produ\u00e7\u00e3o de frutos<\/strong> doces.<\/li>\n\n\n\n<li>Limpeza peri\u00f3dica do tronco para evitar a prolifera\u00e7\u00e3o de <strong>fungos oportunistas<\/strong> ou pragas.<\/li>\n<\/ol>\n\n\n<div class=\"wp-block-image\">\n<figure class=\"aligncenter size-large\"><img loading=\"lazy\" decoding=\"async\" width=\"1024\" height=\"576\" src=\"https:\/\/www.em.com.br\/emfoco\/wp-content\/uploads\/2026\/04\/Reseda--1024x576.jpg\" alt=\"\u00e1rvores para quintal\" class=\"wp-image-201932\" srcset=\"https:\/\/www.em.com.br\/emfoco\/wp-content\/uploads\/2026\/04\/Reseda--1024x576.jpg 1024w, https:\/\/www.em.com.br\/emfoco\/wp-content\/uploads\/2026\/04\/Reseda--300x169.jpg 300w, https:\/\/www.em.com.br\/emfoco\/wp-content\/uploads\/2026\/04\/Reseda--768x432.jpg 768w, https:\/\/www.em.com.br\/emfoco\/wp-content\/uploads\/2026\/04\/Reseda--750x422.jpg 750w, https:\/\/www.em.com.br\/emfoco\/wp-content\/uploads\/2026\/04\/Reseda--1140x641.jpg 1140w, https:\/\/www.em.com.br\/emfoco\/wp-content\/uploads\/2026\/04\/Reseda-.jpg 1280w\" sizes=\"auto, (max-width: 1024px) 100vw, 1024px\" \/><figcaption class=\"wp-element-caption\">Tanto a Aceroleira quanto a Pitangueira possuem copas densas que barram o sol forte sem espalhar folhas grandes pelo ch\u00e3o<\/figcaption><\/figure><\/div>\n\n\n<h2 class=\"wp-block-heading\">Cultive seu ref\u00fagio verde com seguran\u00e7a e tranquilidade<\/h2>\n\n\n\n<p>Avalie o espa\u00e7o dispon\u00edvel antes de iniciar a perfura\u00e7\u00e3o do ber\u00e7o para a nova muda. Busque <strong>orienta\u00e7\u00e3o t\u00e9cnica<\/strong> para garantir que a rega atinja as camadas profundas da terra. Sua paci\u00eancia ser\u00e1 recompensada com um <strong>jardim impec\u00e1vel<\/strong> e livre de transtornos.<\/p>\n\n\n\n<p>Valorize a natureza que cresce ao seu redor com cuidado e aten\u00e7\u00e3o di\u00e1ria. Pequenas interven\u00e7\u00f5es preventivas asseguram a <strong>longevidade vegetal<\/strong> e a beleza do seu lar. Mantenha o foco na <strong>sustentabilidade dom\u00e9stica<\/strong> para colher frutos de alegria todos os anos.<\/p>\n","protected":false},"excerpt":{"rendered":"<p>Muitas pessoas sonham com uma \u00e1rea verde em casa mas temem preju\u00edzos estruturais causados por vegeta\u00e7\u00e3o inadequada. Escolher as \u00e1rvores para quintal corretas exige aten\u00e7\u00e3o aos detalhes biol\u00f3gicos das esp\u00e9cies selecionadas. Quais s\u00e3o as melhores \u00e1rvores para quintal com ra\u00edzes calmas Esp\u00e9cies com sistema radicular profundo e vertical evitam que as cal\u00e7adas fiquem levantadas com [&hellip;]<\/p>\n","protected":false},"author":9,"featured_media":202109,"comment_status":"open","ping_status":"open","sticky":false,"template":"","format":"standard","meta":{"jnews-multi-image_gallery":[],"jnews_single_post":{"format":"standard"},"jnews_primary_category":[],"jnews_social_meta":[],"jnews_override_counter":[],"footnotes":""},"categories":[8691,8819],"tags":[29049,8177,9491],"class_list":["post-201926","post","type-post","status-publish","format-standard","has-post-thumbnail","hentry","category-bem-estar","category-curiosidades","tag-especies-frutiferas","tag-jardinagem-domestica","tag-raizes-nao-invasivas"],"yoast_head":"<!-- This site is optimized with the Yoast SEO plugin v23.8 - https:\/\/yoast.com\/wordpress\/plugins\/seo\/ -->\n<title>Sem rachaduras e nem sujeira, estas 4 \u00e1rvores garantem sombra fresca sem danificar os muros - Estado de Minas - Em foco<\/title>\n<meta name=\"description\" content=\"Ter um jardim limpo e seguro em casa exige a escolha correta das \u00e1rvores para quintal. Saiba quais esp\u00e9cies garantem sombra sem riscos reais.\" \/>\n<meta name=\"robots\" content=\"index, follow, max-snippet:-1, max-image-preview:large, max-video-preview:-1\" \/>\n<link rel=\"canonical\" href=\"https:\/\/www.em.com.br\/emfoco\/2026\/05\/01\/sem-rachaduras-e-nem-sujeira-estas-4-arvores-garantem-sombra-fresca-sem-danificar-os-muros\/\" \/>\n<meta property=\"og:locale\" content=\"pt_BR\" \/>\n<meta property=\"og:type\" content=\"article\" \/>\n<meta property=\"og:title\" content=\"Sem rachaduras e nem sujeira, estas 4 \u00e1rvores garantem sombra fresca sem danificar os muros - Estado de Minas - Em foco\" \/>\n<meta property=\"og:description\" content=\"Ter um jardim limpo e seguro em casa exige a escolha correta das \u00e1rvores para quintal. Saiba quais esp\u00e9cies garantem sombra sem riscos reais.\" \/>\n<meta property=\"og:url\" content=\"https:\/\/www.em.com.br\/emfoco\/2026\/05\/01\/sem-rachaduras-e-nem-sujeira-estas-4-arvores-garantem-sombra-fresca-sem-danificar-os-muros\/\" \/>\n<meta property=\"og:site_name\" content=\"Estado de Minas - Em foco\" \/>\n<meta property=\"article:published_time\" content=\"2026-05-02T00:25:00+00:00\" \/>\n<meta property=\"article:modified_time\" content=\"2026-04-30T19:17:49+00:00\" \/>\n<meta property=\"og:image\" content=\"https:\/\/www.em.com.br\/emfoco\/wp-content\/uploads\/2026\/05\/EmFoco_40.jpg\" \/>\n\t<meta property=\"og:image:width\" content=\"1280\" \/>\n\t<meta property=\"og:image:height\" content=\"720\" \/>\n\t<meta property=\"og:image:type\" content=\"image\/jpeg\" \/>\n<meta name=\"author\" content=\"Daniely Cardoso\" \/>\n<meta name=\"twitter:card\" content=\"summary_large_image\" \/>\n<meta name=\"twitter:label1\" content=\"Escrito por\" \/>\n\t<meta name=\"twitter:data1\" content=\"Daniely Cardoso\" \/>\n\t<meta name=\"twitter:label2\" content=\"Est. tempo de leitura\" \/>\n\t<meta name=\"twitter:data2\" content=\"5 minutos\" \/>\n<!-- \/ Yoast SEO plugin. -->","yoast_head_json":{"title":"Sem rachaduras e nem sujeira, estas 4 \u00e1rvores garantem sombra fresca sem danificar os muros - Estado de Minas - Em foco","description":"Ter um jardim limpo e seguro em casa exige a escolha correta das \u00e1rvores para quintal. Saiba quais esp\u00e9cies garantem sombra sem riscos reais.","robots":{"index":"index","follow":"follow","max-snippet":"max-snippet:-1","max-image-preview":"max-image-preview:large","max-video-preview":"max-video-preview:-1"},"canonical":"https:\/\/www.em.com.br\/emfoco\/2026\/05\/01\/sem-rachaduras-e-nem-sujeira-estas-4-arvores-garantem-sombra-fresca-sem-danificar-os-muros\/","og_locale":"pt_BR","og_type":"article","og_title":"Sem rachaduras e nem sujeira, estas 4 \u00e1rvores garantem sombra fresca sem danificar os muros - Estado de Minas - Em foco","og_description":"Ter um jardim limpo e seguro em casa exige a escolha correta das \u00e1rvores para quintal. Saiba quais esp\u00e9cies garantem sombra sem riscos reais.","og_url":"https:\/\/www.em.com.br\/emfoco\/2026\/05\/01\/sem-rachaduras-e-nem-sujeira-estas-4-arvores-garantem-sombra-fresca-sem-danificar-os-muros\/","og_site_name":"Estado de Minas - Em foco","article_published_time":"2026-05-02T00:25:00+00:00","article_modified_time":"2026-04-30T19:17:49+00:00","og_image":[{"width":1280,"height":720,"url":"https:\/\/www.em.com.br\/emfoco\/wp-content\/uploads\/2026\/05\/EmFoco_40.jpg","type":"image\/jpeg"}],"author":"Daniely Cardoso","twitter_card":"summary_large_image","twitter_misc":{"Escrito por":"Daniely Cardoso","Est. tempo de leitura":"5 minutos"},"schema":{"@context":"https:\/\/schema.org","@graph":[{"@type":"WebPage","@id":"https:\/\/www.em.com.br\/emfoco\/2026\/05\/01\/sem-rachaduras-e-nem-sujeira-estas-4-arvores-garantem-sombra-fresca-sem-danificar-os-muros\/","url":"https:\/\/www.em.com.br\/emfoco\/2026\/05\/01\/sem-rachaduras-e-nem-sujeira-estas-4-arvores-garantem-sombra-fresca-sem-danificar-os-muros\/","name":"Sem rachaduras e nem sujeira, estas 4 \u00e1rvores garantem sombra fresca sem danificar os muros - Estado de Minas - Em foco","isPartOf":{"@id":"https:\/\/www.em.com.br\/emfoco\/#website"},"primaryImageOfPage":{"@id":"https:\/\/www.em.com.br\/emfoco\/2026\/05\/01\/sem-rachaduras-e-nem-sujeira-estas-4-arvores-garantem-sombra-fresca-sem-danificar-os-muros\/#primaryimage"},"image":{"@id":"https:\/\/www.em.com.br\/emfoco\/2026\/05\/01\/sem-rachaduras-e-nem-sujeira-estas-4-arvores-garantem-sombra-fresca-sem-danificar-os-muros\/#primaryimage"},"thumbnailUrl":"https:\/\/www.em.com.br\/emfoco\/wp-content\/uploads\/2026\/05\/EmFoco_40.jpg","datePublished":"2026-05-02T00:25:00+00:00","dateModified":"2026-04-30T19:17:49+00:00","author":{"@id":"https:\/\/www.em.com.br\/emfoco\/#\/schema\/person\/0a8186d72f2c3a5c6276d90b41f271a0"},"description":"Ter um jardim limpo e seguro em casa exige a escolha correta das \u00e1rvores para quintal. Saiba quais esp\u00e9cies garantem sombra sem riscos reais.","breadcrumb":{"@id":"https:\/\/www.em.com.br\/emfoco\/2026\/05\/01\/sem-rachaduras-e-nem-sujeira-estas-4-arvores-garantem-sombra-fresca-sem-danificar-os-muros\/#breadcrumb"},"inLanguage":"pt-BR","potentialAction":[{"@type":"ReadAction","target":["https:\/\/www.em.com.br\/emfoco\/2026\/05\/01\/sem-rachaduras-e-nem-sujeira-estas-4-arvores-garantem-sombra-fresca-sem-danificar-os-muros\/"]}]},{"@type":"ImageObject","inLanguage":"pt-BR","@id":"https:\/\/www.em.com.br\/emfoco\/2026\/05\/01\/sem-rachaduras-e-nem-sujeira-estas-4-arvores-garantem-sombra-fresca-sem-danificar-os-muros\/#primaryimage","url":"https:\/\/www.em.com.br\/emfoco\/wp-content\/uploads\/2026\/05\/EmFoco_40.jpg","contentUrl":"https:\/\/www.em.com.br\/emfoco\/wp-content\/uploads\/2026\/05\/EmFoco_40.jpg","width":1280,"height":720,"caption":"Esp\u00e9cies de ra\u00edzes profundas que garantem estabilidade estrutural e conforto t\u00e9rmico residencial"},{"@type":"BreadcrumbList","@id":"https:\/\/www.em.com.br\/emfoco\/2026\/05\/01\/sem-rachaduras-e-nem-sujeira-estas-4-arvores-garantem-sombra-fresca-sem-danificar-os-muros\/#breadcrumb","itemListElement":[{"@type":"ListItem","position":1,"name":"In\u00edcio","item":"https:\/\/www.em.com.br\/emfoco\/"},{"@type":"ListItem","position":2,"name":"Sem rachaduras e nem sujeira, estas 4 \u00e1rvores garantem sombra fresca sem danificar os muros"}]},{"@type":"WebSite","@id":"https:\/\/www.em.com.br\/emfoco\/#website","url":"https:\/\/www.em.com.br\/emfoco\/","name":"Estado de Minas - Em foco","description":"Acompanhe as \u00faltimas not\u00edcias e fique bem informado sobre tudo o que acontece em Minas Gerais, Brasil e no mundo.","potentialAction":[{"@type":"SearchAction","target":{"@type":"EntryPoint","urlTemplate":"https:\/\/www.em.com.br\/emfoco\/?s={search_term_string}"},"query-input":{"@type":"PropertyValueSpecification","valueRequired":true,"valueName":"search_term_string"}}],"inLanguage":"pt-BR"},{"@type":"Person","@id":"https:\/\/www.em.com.br\/emfoco\/#\/schema\/person\/0a8186d72f2c3a5c6276d90b41f271a0","name":"Daniely Cardoso","image":{"@type":"ImageObject","inLanguage":"pt-BR","@id":"https:\/\/www.em.com.br\/emfoco\/#\/schema\/person\/image\/","url":"https:\/\/secure.gravatar.com\/avatar\/4b80ddbd124d1f071b626d52d62e5dff?s=96&d=mm&r=g","contentUrl":"https:\/\/secure.gravatar.com\/avatar\/4b80ddbd124d1f071b626d52d62e5dff?s=96&d=mm&r=g","caption":"Daniely Cardoso"},"url":"https:\/\/www.em.com.br\/emfoco\/author\/danielymyth\/"}]}},"_links":{"self":[{"href":"https:\/\/www.em.com.br\/emfoco\/wp-json\/wp\/v2\/posts\/201926","targetHints":{"allow":["GET"]}}],"collection":[{"href":"https:\/\/www.em.com.br\/emfoco\/wp-json\/wp\/v2\/posts"}],"about":[{"href":"https:\/\/www.em.com.br\/emfoco\/wp-json\/wp\/v2\/types\/post"}],"author":[{"embeddable":true,"href":"https:\/\/www.em.com.br\/emfoco\/wp-json\/wp\/v2\/users\/9"}],"replies":[{"embeddable":true,"href":"https:\/\/www.em.com.br\/emfoco\/wp-json\/wp\/v2\/comments?post=201926"}],"version-history":[{"count":1,"href":"https:\/\/www.em.com.br\/emfoco\/wp-json\/wp\/v2\/posts\/201926\/revisions"}],"predecessor-version":[{"id":201933,"href":"https:\/\/www.em.com.br\/emfoco\/wp-json\/wp\/v2\/posts\/201926\/revisions\/201933"}],"wp:featuredmedia":[{"embeddable":true,"href":"https:\/\/www.em.com.br\/emfoco\/wp-json\/wp\/v2\/media\/202109"}],"wp:attachment":[{"href":"https:\/\/www.em.com.br\/emfoco\/wp-json\/wp\/v2\/media?parent=201926"}],"wp:term":[{"taxonomy":"category","embeddable":true,"href":"https:\/\/www.em.com.br\/emfoco\/wp-json\/wp\/v2\/categories?post=201926"},{"taxonomy":"post_tag","embeddable":true,"href":"https:\/\/www.em.com.br\/emfoco\/wp-json\/wp\/v2\/tags?post=201926"}],"curies":[{"name":"wp","href":"https:\/\/api.w.org\/{rel}","templated":true}]}}