{"id":201919,"date":"2026-05-01T17:35:00","date_gmt":"2026-05-01T20:35:00","guid":{"rendered":"https:\/\/www.em.com.br\/emfoco\/?p=201919"},"modified":"2026-04-30T16:16:43","modified_gmt":"2026-04-30T19:16:43","slug":"esta-solucao-verde-e-economica-garante-o-alivio-imediato-contra-ondas-de-calor-intenso-sem-gastar-energia","status":"publish","type":"post","link":"https:\/\/www.em.com.br\/emfoco\/2026\/05\/01\/esta-solucao-verde-e-economica-garante-o-alivio-imediato-contra-ondas-de-calor-intenso-sem-gastar-energia\/","title":{"rendered":"Esta solu\u00e7\u00e3o verde e econ\u00f4mica garante o al\u00edvio imediato contra ondas de calor intenso sem gastar energia"},"content":{"rendered":"\n<p>Existem certas esp\u00e9cies vegetais que conseguem alterar a temperatura dos c\u00f4modos atrav\u00e9s de processos biol\u00f3gicos naturais e pouco conhecidos. Cultivar as <strong>plantas para refrescar<\/strong> ambientes internos exige apenas o conhecimento t\u00e9cnico b\u00e1sico sobre a transpira\u00e7\u00e3o dessas folhagens.<\/p>\n\n\n\n<h2 class=\"wp-block-heading\">Como as plantas para refrescar controlam a temperatura<\/h2>\n\n\n\n<p>O processo de transpira\u00e7\u00e3o vegetal libera got\u00edculas de \u00e1gua microsc\u00f3picas que ajudam a baixar o calor em locais fechados e pouco ventilados. Essas folhagens atuam como umidificadores biol\u00f3gicos potentes que removem a sensa\u00e7\u00e3o de <strong>ar seco<\/strong> de maneira constante. Investir nessa <strong>solu\u00e7\u00e3o verde<\/strong> garante um conforto t\u00e9rmico superior sem elevar os gastos com energia el\u00e9trica.<\/p>\n\n\n\n<p>A evapotranspira\u00e7\u00e3o ocorre com mais intensidade quando as folhas possuem uma \u00e1rea de superf\u00edcie maior e est\u00e3o bem hidratadas. Manter o solo \u00famido potencializa a <strong>libera\u00e7\u00e3o de umidade<\/strong> necess\u00e1ria para combater as ondas de calor intenso durante o ver\u00e3o. O organismo humano sente o <strong>al\u00edvio imediato<\/strong> ao entrar em um espa\u00e7o preenchido por vegeta\u00e7\u00e3o exuberante e saud\u00e1vel.<\/p>\n\n\n<div class=\"wp-block-image\">\n<figure class=\"aligncenter size-large\"><img loading=\"lazy\" decoding=\"async\" width=\"1024\" height=\"576\" src=\"https:\/\/www.em.com.br\/emfoco\/wp-content\/uploads\/2026\/04\/plantas-para-refrescar-1024x576.jpg\" alt=\"plantas para refrescar\" class=\"wp-image-201923\" srcset=\"https:\/\/www.em.com.br\/emfoco\/wp-content\/uploads\/2026\/04\/plantas-para-refrescar-1024x576.jpg 1024w, https:\/\/www.em.com.br\/emfoco\/wp-content\/uploads\/2026\/04\/plantas-para-refrescar-300x169.jpg 300w, https:\/\/www.em.com.br\/emfoco\/wp-content\/uploads\/2026\/04\/plantas-para-refrescar-768x432.jpg 768w, https:\/\/www.em.com.br\/emfoco\/wp-content\/uploads\/2026\/04\/plantas-para-refrescar-750x422.jpg 750w, https:\/\/www.em.com.br\/emfoco\/wp-content\/uploads\/2026\/04\/plantas-para-refrescar-1140x641.jpg 1140w, https:\/\/www.em.com.br\/emfoco\/wp-content\/uploads\/2026\/04\/plantas-para-refrescar.jpg 1280w\" sizes=\"auto, (max-width: 1024px) 100vw, 1024px\" \/><figcaption class=\"wp-element-caption\">A evapotranspira\u00e7\u00e3o ocorre com mais intensidade quando as folhas possuem uma \u00e1rea de superf\u00edcie maior e est\u00e3o bem hidratadas<\/figcaption><\/figure><\/div>\n\n\n<p>Leia tamb\u00e9m: <a href=\"https:\/\/www.em.com.br\/emfoco\/2026\/04\/11\/aprenda-a-como-plantar-cravo-da-india-e-cultivar-flores-aromaticas-em-casa\/\" target=\"_blank\" rel=\"noreferrer noopener\">Aprenda a como plantar cravo-da-\u00edndia e cultivar flores arom\u00e1ticas em casa<\/a><\/p>\n\n\n\n<h2 class=\"wp-block-heading\">Quais esp\u00e9cies de plantas para refrescar s\u00e3o mais eficientes<\/h2>\n\n\n\n<p>Algumas vegeta\u00e7\u00f5es tropicais possuem uma capacidade de troca gasosa muito superior aos arbustos comuns encontrados em jardins externos. A escolha correta garante que o <strong>clima interno<\/strong> permane\u00e7a agrad\u00e1vel mesmo nos dias de radia\u00e7\u00e3o solar mais forte e persistentemente. Selecionar variedades que apreciam a <strong>luz indireta<\/strong> facilita a manuten\u00e7\u00e3o da vitalidade em salas e quartos amplos.<\/p>\n\n\n\n<p>Existem op\u00e7\u00f5es variadas que se adaptam bem a diferentes n\u00edveis de luminosidade e ventila\u00e7\u00e3o dentro das resid\u00eancias modernas brasileiras. Os itens listados abaixo representam as escolhas mais recomendadas por especialistas em paisagismo funcional para quem busca baixar o calor dom\u00e9stico. O cultivo correto dessas esp\u00e9cies transforma completamente a sensa\u00e7\u00e3o t\u00e9rmica de apartamentos compactos ou casas espa\u00e7osas.<\/p>\n\n\n\n<ul class=\"wp-block-list\">\n<li>Espada-de-s\u00e3o-jorge pela sua resist\u00eancia extrema e alta produ\u00e7\u00e3o de <strong>oxig\u00eanio puro<\/strong> durante o per\u00edodo da noite.<\/li>\n\n\n\n<li>Jiboia pela facilidade em crescer em locais altos e criar uma <strong>barreira t\u00e9rmica<\/strong> natural contra as paredes quentes.<\/li>\n\n\n\n<li>Ficus-benjamina por possuir muitas folhas pequenas que aumentam a <strong>taxa de umidade<\/strong> relativa no ar circundante.<\/li>\n<\/ul>\n\n\n\n<p>Para voc\u00ea que gosta de plantar, separamos um v\u00eddeo do canal <a href=\"https:\/\/www.youtube.com\/@nossaecologia9252\" target=\"_blank\" rel=\"noreferrer noopener\">Nossa Ecologia <\/a>com dicas de plantas que absorvem o calor do ambiente:<\/p>\n\n\n\n<figure class=\"wp-block-embed is-type-video is-provider-youtube wp-block-embed-youtube wp-embed-aspect-16-9 wp-has-aspect-ratio\"><div class=\"wp-block-embed__wrapper\">\n<div class=\"jeg_video_container jeg_video_content\"><iframe loading=\"lazy\" title=\"10 PLANTAS QUE ABSORVEM CALOR \ud83c\udf35\ud83c\udf38\u2600\ufe0f Refresque sua casa!\" width=\"500\" height=\"281\" src=\"https:\/\/www.youtube.com\/embed\/_TbZpnE0ffM?start=1&#038;feature=oembed\" frameborder=\"0\" allow=\"accelerometer; autoplay; clipboard-write; encrypted-media; gyroscope; picture-in-picture; web-share\" referrerpolicy=\"strict-origin-when-cross-origin\" allowfullscreen><\/iframe><\/div>\n<\/div><\/figure>\n\n\n\n<h2 class=\"wp-block-heading\">Benef\u00edcios das plantas para refrescar na qualidade do ar<\/h2>\n\n\n\n<p>Al\u00e9m de controlar o term\u00f4metro, esses vegetais removem impurezas e toxinas que circulam livremente nos corredores e \u00e1reas comuns. A filtragem natural promove um <strong>ambiente purificado<\/strong> que favorece a respira\u00e7\u00e3o profunda e saud\u00e1vel de todos os moradores da casa. Ter folhagens por perto reduz a <strong>carga de poluentes<\/strong> qu\u00edmicos emitidos por m\u00f3veis sint\u00e9ticos e produtos de limpeza.<\/p>\n\n\n\n<p>O bem-estar psicol\u00f3gico tamb\u00e9m aumenta significativamente quando estamos cercados por tons de verde vibrante e texturas org\u00e2nicas variadas. Estudos indicam que o contato visual com a natureza reduz o <strong>estresse acumulado<\/strong> e melhora a produtividade em escrit\u00f3rios dom\u00e9sticos apertados. Manter a casa viva \u00e9 um <strong>investimento valioso<\/strong> para a sa\u00fade mental e f\u00edsica de toda a fam\u00edlia.<\/p>\n\n\n\n<figure class=\"wp-block-embed is-type-rich is-provider-pinterest wp-block-embed-pinterest\"><div class=\"wp-block-embed__wrapper\">\n<iframe loading=\"lazy\" title=\"Cama Mesa Banho Decora\u00e7\u00e3o e Tapetes\" src=\"https:\/\/assets.pinterest.com\/ext\/embed.html?id=409827634847853225&#038;src=oembed\" height=\"899\" width=\"450\" frameborder=\"0\" scrolling=\"no\" ><\/iframe>\n<\/div><\/figure>\n\n\n\n<h2 class=\"wp-block-heading\">Maneiras de posicionar a vegeta\u00e7\u00e3o para barrar o calor<\/h2>\n\n\n\n<p>Colocar os vasos perto de janelas que recebem sol direto cria um escudo protetor que impede o aquecimento excessivo dos m\u00f3veis. As folhas absorvem a <strong>energia solar<\/strong> antes que ela atinja o piso, mantendo a temperatura da superf\u00edcie muito mais baixa. Esse posicionamento estrat\u00e9gico garante uma <strong>ventila\u00e7\u00e3o fresca<\/strong> quando o vento passa pela folhagem \u00famida antes de entrar.<\/p>\n\n\n\n<p>Agrupar diferentes esp\u00e9cies em um mesmo canto cria um microclima \u00famido que se auto-sustenta de forma muito eficiente e duradoura. Essa t\u00e9cnica evita que a \u00e1gua evapore r\u00e1pido demais e mant\u00e9m as <strong>folhas hidratadas<\/strong> por longos per\u00edodos sem necessidade de regas constantes. Criar <strong>\u00e1reas verdes<\/strong> concentradas potencializa o efeito de resfriamento em at\u00e9 cinco graus dependendo do tamanho do ambiente.<\/p>\n\n\n<div class=\"wp-block-image\">\n<figure class=\"aligncenter size-large\"><img loading=\"lazy\" decoding=\"async\" width=\"1024\" height=\"576\" src=\"https:\/\/www.em.com.br\/emfoco\/wp-content\/uploads\/2026\/02\/Gemini_Generated_Image_nt9l88nt9l88nt9l-1-1024x576.png\" alt=\"plantas para refrescar\" class=\"wp-image-174842\" srcset=\"https:\/\/www.em.com.br\/emfoco\/wp-content\/uploads\/2026\/02\/Gemini_Generated_Image_nt9l88nt9l88nt9l-1-1024x576.png 1024w, https:\/\/www.em.com.br\/emfoco\/wp-content\/uploads\/2026\/02\/Gemini_Generated_Image_nt9l88nt9l88nt9l-1-300x169.png 300w, https:\/\/www.em.com.br\/emfoco\/wp-content\/uploads\/2026\/02\/Gemini_Generated_Image_nt9l88nt9l88nt9l-1-768x432.png 768w, https:\/\/www.em.com.br\/emfoco\/wp-content\/uploads\/2026\/02\/Gemini_Generated_Image_nt9l88nt9l88nt9l-1-750x422.png 750w, https:\/\/www.em.com.br\/emfoco\/wp-content\/uploads\/2026\/02\/Gemini_Generated_Image_nt9l88nt9l88nt9l-1-1140x641.png 1140w, https:\/\/www.em.com.br\/emfoco\/wp-content\/uploads\/2026\/02\/Gemini_Generated_Image_nt9l88nt9l88nt9l-1.png 1280w\" sizes=\"auto, (max-width: 1024px) 100vw, 1024px\" \/><figcaption class=\"wp-element-caption\">Agrupar diferentes esp\u00e9cies em um mesmo canto cria um microclima \u00famido que se auto-sustenta de forma muito eficiente e duradoura<\/figcaption><\/figure><\/div>\n\n\n<h2 class=\"wp-block-heading\">Cuidados constantes com o seu jardim interno<\/h2>\n\n\n\n<p>Monitore a umidade da terra tocando o substrato com os dedos todas as manh\u00e3s antes do sol forte. Limpar o p\u00f3 acumulado garante que a <strong>troca gasosa<\/strong> ocorra sem interrup\u00e7\u00f5es prejudiciais ao crescimento da planta escolhida. Busque sempre o <strong>equil\u00edbrio h\u00eddrico<\/strong> para evitar o apodrecimento das ra\u00edzes sens\u00edveis em vasos sem drenagem.<\/p>\n\n\n\n<p>Troque a \u00e1gua dos pratinhos regularmente para manter o sistema limpo e livre de qualquer tipo de praga. A ilumina\u00e7\u00e3o correta preserva as <strong>cores vibrantes<\/strong> e garante que a produ\u00e7\u00e3o de umidade continue sempre em alta. Cultive a paci\u00eancia para observar os <strong>resultados positivos<\/strong> que a natureza oferece generosamente ao seu lar.<\/p>\n","protected":false},"excerpt":{"rendered":"<p>Existem certas esp\u00e9cies vegetais que conseguem alterar a temperatura dos c\u00f4modos atrav\u00e9s de processos biol\u00f3gicos naturais e pouco conhecidos. Cultivar as plantas para refrescar ambientes internos exige apenas o conhecimento t\u00e9cnico b\u00e1sico sobre a transpira\u00e7\u00e3o dessas folhagens. Como as plantas para refrescar controlam a temperatura O processo de transpira\u00e7\u00e3o vegetal libera got\u00edculas de \u00e1gua microsc\u00f3picas [&hellip;]<\/p>\n","protected":false},"author":9,"featured_media":202105,"comment_status":"open","ping_status":"open","sticky":false,"template":"","format":"standard","meta":{"jnews-multi-image_gallery":[],"jnews_single_post":{"format":"standard"},"jnews_primary_category":[],"jnews_social_meta":[],"jnews_override_counter":[],"footnotes":""},"categories":[8691,8819],"tags":[711,4687,3358],"class_list":["post-201919","post","type-post","status-publish","format-standard","has-post-thumbnail","hentry","category-bem-estar","category-curiosidades","tag-bem-estar","tag-decoracao","tag-jardinagem"],"yoast_head":"<!-- This site is optimized with the Yoast SEO plugin v23.8 - https:\/\/yoast.com\/wordpress\/plugins\/seo\/ -->\n<title>Esta solu\u00e7\u00e3o verde e econ\u00f4mica garante o al\u00edvio imediato contra ondas de calor intenso sem gastar energia - Estado de Minas - Em foco<\/title>\n<meta name=\"description\" content=\"Ter folhagens em casa ajuda a reduzir o calor de maneira natural e muito eficiente. Aprenda como as plantas para refrescar mudam o clima.\" \/>\n<meta name=\"robots\" content=\"index, follow, max-snippet:-1, max-image-preview:large, max-video-preview:-1\" \/>\n<link rel=\"canonical\" href=\"https:\/\/www.em.com.br\/emfoco\/2026\/05\/01\/esta-solucao-verde-e-economica-garante-o-alivio-imediato-contra-ondas-de-calor-intenso-sem-gastar-energia\/\" \/>\n<meta property=\"og:locale\" content=\"pt_BR\" \/>\n<meta property=\"og:type\" content=\"article\" \/>\n<meta property=\"og:title\" content=\"Esta solu\u00e7\u00e3o verde e econ\u00f4mica garante o al\u00edvio imediato contra ondas de calor intenso sem gastar energia - Estado de Minas - Em foco\" \/>\n<meta property=\"og:description\" content=\"Ter folhagens em casa ajuda a reduzir o calor de maneira natural e muito eficiente. Aprenda como as plantas para refrescar mudam o clima.\" \/>\n<meta property=\"og:url\" content=\"https:\/\/www.em.com.br\/emfoco\/2026\/05\/01\/esta-solucao-verde-e-economica-garante-o-alivio-imediato-contra-ondas-de-calor-intenso-sem-gastar-energia\/\" \/>\n<meta property=\"og:site_name\" content=\"Estado de Minas - Em foco\" \/>\n<meta property=\"article:published_time\" content=\"2026-05-01T20:35:00+00:00\" \/>\n<meta property=\"article:modified_time\" content=\"2026-04-30T19:16:43+00:00\" \/>\n<meta property=\"og:image\" content=\"https:\/\/www.em.com.br\/emfoco\/wp-content\/uploads\/2026\/05\/EmFoco_37.jpg\" \/>\n\t<meta property=\"og:image:width\" content=\"1280\" \/>\n\t<meta property=\"og:image:height\" content=\"720\" \/>\n\t<meta property=\"og:image:type\" content=\"image\/jpeg\" \/>\n<meta name=\"author\" content=\"Daniely Cardoso\" \/>\n<meta name=\"twitter:card\" content=\"summary_large_image\" \/>\n<meta name=\"twitter:label1\" content=\"Escrito por\" \/>\n\t<meta name=\"twitter:data1\" content=\"Daniely Cardoso\" \/>\n\t<meta name=\"twitter:label2\" content=\"Est. tempo de leitura\" \/>\n\t<meta name=\"twitter:data2\" content=\"5 minutos\" \/>\n<!-- \/ Yoast SEO plugin. -->","yoast_head_json":{"title":"Esta solu\u00e7\u00e3o verde e econ\u00f4mica garante o al\u00edvio imediato contra ondas de calor intenso sem gastar energia - Estado de Minas - Em foco","description":"Ter folhagens em casa ajuda a reduzir o calor de maneira natural e muito eficiente. Aprenda como as plantas para refrescar mudam o clima.","robots":{"index":"index","follow":"follow","max-snippet":"max-snippet:-1","max-image-preview":"max-image-preview:large","max-video-preview":"max-video-preview:-1"},"canonical":"https:\/\/www.em.com.br\/emfoco\/2026\/05\/01\/esta-solucao-verde-e-economica-garante-o-alivio-imediato-contra-ondas-de-calor-intenso-sem-gastar-energia\/","og_locale":"pt_BR","og_type":"article","og_title":"Esta solu\u00e7\u00e3o verde e econ\u00f4mica garante o al\u00edvio imediato contra ondas de calor intenso sem gastar energia - Estado de Minas - Em foco","og_description":"Ter folhagens em casa ajuda a reduzir o calor de maneira natural e muito eficiente. Aprenda como as plantas para refrescar mudam o clima.","og_url":"https:\/\/www.em.com.br\/emfoco\/2026\/05\/01\/esta-solucao-verde-e-economica-garante-o-alivio-imediato-contra-ondas-de-calor-intenso-sem-gastar-energia\/","og_site_name":"Estado de Minas - Em foco","article_published_time":"2026-05-01T20:35:00+00:00","article_modified_time":"2026-04-30T19:16:43+00:00","og_image":[{"width":1280,"height":720,"url":"https:\/\/www.em.com.br\/emfoco\/wp-content\/uploads\/2026\/05\/EmFoco_37.jpg","type":"image\/jpeg"}],"author":"Daniely Cardoso","twitter_card":"summary_large_image","twitter_misc":{"Escrito por":"Daniely Cardoso","Est. tempo de leitura":"5 minutos"},"schema":{"@context":"https:\/\/schema.org","@graph":[{"@type":"WebPage","@id":"https:\/\/www.em.com.br\/emfoco\/2026\/05\/01\/esta-solucao-verde-e-economica-garante-o-alivio-imediato-contra-ondas-de-calor-intenso-sem-gastar-energia\/","url":"https:\/\/www.em.com.br\/emfoco\/2026\/05\/01\/esta-solucao-verde-e-economica-garante-o-alivio-imediato-contra-ondas-de-calor-intenso-sem-gastar-energia\/","name":"Esta solu\u00e7\u00e3o verde e econ\u00f4mica garante o al\u00edvio imediato contra ondas de calor intenso sem gastar energia - Estado de Minas - Em foco","isPartOf":{"@id":"https:\/\/www.em.com.br\/emfoco\/#website"},"primaryImageOfPage":{"@id":"https:\/\/www.em.com.br\/emfoco\/2026\/05\/01\/esta-solucao-verde-e-economica-garante-o-alivio-imediato-contra-ondas-de-calor-intenso-sem-gastar-energia\/#primaryimage"},"image":{"@id":"https:\/\/www.em.com.br\/emfoco\/2026\/05\/01\/esta-solucao-verde-e-economica-garante-o-alivio-imediato-contra-ondas-de-calor-intenso-sem-gastar-energia\/#primaryimage"},"thumbnailUrl":"https:\/\/www.em.com.br\/emfoco\/wp-content\/uploads\/2026\/05\/EmFoco_37.jpg","datePublished":"2026-05-01T20:35:00+00:00","dateModified":"2026-04-30T19:16:43+00:00","author":{"@id":"https:\/\/www.em.com.br\/emfoco\/#\/schema\/person\/0a8186d72f2c3a5c6276d90b41f271a0"},"description":"Ter folhagens em casa ajuda a reduzir o calor de maneira natural e muito eficiente. Aprenda como as plantas para refrescar mudam o clima.","breadcrumb":{"@id":"https:\/\/www.em.com.br\/emfoco\/2026\/05\/01\/esta-solucao-verde-e-economica-garante-o-alivio-imediato-contra-ondas-de-calor-intenso-sem-gastar-energia\/#breadcrumb"},"inLanguage":"pt-BR","potentialAction":[{"@type":"ReadAction","target":["https:\/\/www.em.com.br\/emfoco\/2026\/05\/01\/esta-solucao-verde-e-economica-garante-o-alivio-imediato-contra-ondas-de-calor-intenso-sem-gastar-energia\/"]}]},{"@type":"ImageObject","inLanguage":"pt-BR","@id":"https:\/\/www.em.com.br\/emfoco\/2026\/05\/01\/esta-solucao-verde-e-economica-garante-o-alivio-imediato-contra-ondas-de-calor-intenso-sem-gastar-energia\/#primaryimage","url":"https:\/\/www.em.com.br\/emfoco\/wp-content\/uploads\/2026\/05\/EmFoco_37.jpg","contentUrl":"https:\/\/www.em.com.br\/emfoco\/wp-content\/uploads\/2026\/05\/EmFoco_37.jpg","width":1280,"height":720,"caption":"Processo de evapotranspira\u00e7\u00e3o vegetal que reduz a temperatura e purifica o ar interno"},{"@type":"BreadcrumbList","@id":"https:\/\/www.em.com.br\/emfoco\/2026\/05\/01\/esta-solucao-verde-e-economica-garante-o-alivio-imediato-contra-ondas-de-calor-intenso-sem-gastar-energia\/#breadcrumb","itemListElement":[{"@type":"ListItem","position":1,"name":"In\u00edcio","item":"https:\/\/www.em.com.br\/emfoco\/"},{"@type":"ListItem","position":2,"name":"Esta solu\u00e7\u00e3o verde e econ\u00f4mica garante o al\u00edvio imediato contra ondas de calor intenso sem gastar energia"}]},{"@type":"WebSite","@id":"https:\/\/www.em.com.br\/emfoco\/#website","url":"https:\/\/www.em.com.br\/emfoco\/","name":"Estado de Minas - Em foco","description":"Acompanhe as \u00faltimas not\u00edcias e fique bem informado sobre tudo o que acontece em Minas Gerais, Brasil e no mundo.","potentialAction":[{"@type":"SearchAction","target":{"@type":"EntryPoint","urlTemplate":"https:\/\/www.em.com.br\/emfoco\/?s={search_term_string}"},"query-input":{"@type":"PropertyValueSpecification","valueRequired":true,"valueName":"search_term_string"}}],"inLanguage":"pt-BR"},{"@type":"Person","@id":"https:\/\/www.em.com.br\/emfoco\/#\/schema\/person\/0a8186d72f2c3a5c6276d90b41f271a0","name":"Daniely Cardoso","image":{"@type":"ImageObject","inLanguage":"pt-BR","@id":"https:\/\/www.em.com.br\/emfoco\/#\/schema\/person\/image\/","url":"https:\/\/secure.gravatar.com\/avatar\/4b80ddbd124d1f071b626d52d62e5dff?s=96&d=mm&r=g","contentUrl":"https:\/\/secure.gravatar.com\/avatar\/4b80ddbd124d1f071b626d52d62e5dff?s=96&d=mm&r=g","caption":"Daniely Cardoso"},"url":"https:\/\/www.em.com.br\/emfoco\/author\/danielymyth\/"}]}},"_links":{"self":[{"href":"https:\/\/www.em.com.br\/emfoco\/wp-json\/wp\/v2\/posts\/201919","targetHints":{"allow":["GET"]}}],"collection":[{"href":"https:\/\/www.em.com.br\/emfoco\/wp-json\/wp\/v2\/posts"}],"about":[{"href":"https:\/\/www.em.com.br\/emfoco\/wp-json\/wp\/v2\/types\/post"}],"author":[{"embeddable":true,"href":"https:\/\/www.em.com.br\/emfoco\/wp-json\/wp\/v2\/users\/9"}],"replies":[{"embeddable":true,"href":"https:\/\/www.em.com.br\/emfoco\/wp-json\/wp\/v2\/comments?post=201919"}],"version-history":[{"count":1,"href":"https:\/\/www.em.com.br\/emfoco\/wp-json\/wp\/v2\/posts\/201919\/revisions"}],"predecessor-version":[{"id":201924,"href":"https:\/\/www.em.com.br\/emfoco\/wp-json\/wp\/v2\/posts\/201919\/revisions\/201924"}],"wp:featuredmedia":[{"embeddable":true,"href":"https:\/\/www.em.com.br\/emfoco\/wp-json\/wp\/v2\/media\/202105"}],"wp:attachment":[{"href":"https:\/\/www.em.com.br\/emfoco\/wp-json\/wp\/v2\/media?parent=201919"}],"wp:term":[{"taxonomy":"category","embeddable":true,"href":"https:\/\/www.em.com.br\/emfoco\/wp-json\/wp\/v2\/categories?post=201919"},{"taxonomy":"post_tag","embeddable":true,"href":"https:\/\/www.em.com.br\/emfoco\/wp-json\/wp\/v2\/tags?post=201919"}],"curies":[{"name":"wp","href":"https:\/\/api.w.org\/{rel}","templated":true}]}}