{"id":201898,"date":"2026-05-01T20:05:00","date_gmt":"2026-05-01T23:05:00","guid":{"rendered":"https:\/\/www.em.com.br\/emfoco\/?p=201898"},"modified":"2026-04-30T16:16:50","modified_gmt":"2026-04-30T19:16:50","slug":"vista-cansada-o-vegetal-que-protege-a-retina-e-recupera-a-nitidez-da-visao-noturna","status":"publish","type":"post","link":"https:\/\/www.em.com.br\/emfoco\/2026\/05\/01\/vista-cansada-o-vegetal-que-protege-a-retina-e-recupera-a-nitidez-da-visao-noturna\/","title":{"rendered":"Vista cansada? O vegetal que protege a retina e recupera a nitidez da vis\u00e3o noturna"},"content":{"rendered":"\n<p>Muitos brasileiros consomem este vegetal diariamente sem imaginar o impacto real que ele causa nos \u00f3rg\u00e3os internos de forma silenciosa. Os <strong>benef\u00edcios da cenoura<\/strong> guardam segredos biol\u00f3gicos que v\u00e3o muito al\u00e9m do que as receitas tradicionais costumam apresentar para o p\u00fablico.<\/p>\n\n\n\n<h2 class=\"wp-block-heading\">Como o vegetal atua na renova\u00e7\u00e3o das c\u00e9lulas<\/h2>\n\n\n\n<p>O corpo humano precisa de subst\u00e2ncias espec\u00edficas para manter a integridade dos tecidos durante o processo de envelhecimento natural. A ingest\u00e3o frequente deste alimento fornece <strong>agentes protetores<\/strong> que combatem os radicais livres de forma muito eficiente e segura. Manter as estruturas celulares saud\u00e1veis \u00e9 o primeiro passo para uma vida repleta de <strong>vigor f\u00edsico<\/strong> e resist\u00eancia muscular.<\/p>\n\n\n\n<p>A presen\u00e7a de betacaroteno funciona como um combust\u00edvel natural para os processos de <strong>repara\u00e7\u00e3o biol\u00f3gica<\/strong> que ocorrem todas as noites. Quando o organismo processa esse nutriente, ele ativa mecanismos que preservam a <strong>integridade das membranas<\/strong> celulares em todo o sistema. O resultado desse processo qu\u00edmico reflete diretamente na sua <strong>capacidade regenerativa<\/strong> ap\u00f3s longos per\u00edodos de esfor\u00e7o ou cansa\u00e7o.<\/p>\n\n\n<div class=\"wp-block-image\">\n<figure class=\"aligncenter size-large\"><img loading=\"lazy\" decoding=\"async\" width=\"1024\" height=\"576\" src=\"https:\/\/www.em.com.br\/emfoco\/wp-content\/uploads\/2026\/02\/Gemini_Generated_Image_4akgc4akgc4akgc4-1-1024x576.png\" alt=\"benef\u00edcios da cenoura\" class=\"wp-image-167316\" srcset=\"https:\/\/www.em.com.br\/emfoco\/wp-content\/uploads\/2026\/02\/Gemini_Generated_Image_4akgc4akgc4akgc4-1-1024x576.png 1024w, https:\/\/www.em.com.br\/emfoco\/wp-content\/uploads\/2026\/02\/Gemini_Generated_Image_4akgc4akgc4akgc4-1-300x169.png 300w, https:\/\/www.em.com.br\/emfoco\/wp-content\/uploads\/2026\/02\/Gemini_Generated_Image_4akgc4akgc4akgc4-1-768x432.png 768w, https:\/\/www.em.com.br\/emfoco\/wp-content\/uploads\/2026\/02\/Gemini_Generated_Image_4akgc4akgc4akgc4-1-750x422.png 750w, https:\/\/www.em.com.br\/emfoco\/wp-content\/uploads\/2026\/02\/Gemini_Generated_Image_4akgc4akgc4akgc4-1-1140x641.png 1140w, https:\/\/www.em.com.br\/emfoco\/wp-content\/uploads\/2026\/02\/Gemini_Generated_Image_4akgc4akgc4akgc4-1.png 1280w\" sizes=\"auto, (max-width: 1024px) 100vw, 1024px\" \/><figcaption class=\"wp-element-caption\">A presen\u00e7a de betacaroteno funciona como um combust\u00edvel natural para os processos de repara\u00e7\u00e3o biol\u00f3gica que ocorrem todas as noites<\/figcaption><\/figure><\/div>\n\n\n<p>Leia tamb\u00e9m: <a href=\"https:\/\/www.em.com.br\/emfoco\/2026\/03\/17\/as-frutas-poderosas-que-funcionam-como-aliadas-naturais-para-proteger-seus-rins\/\" target=\"_blank\" rel=\"noreferrer noopener\">As frutas poderosas que funcionam como aliadas naturais para proteger seus rins<\/a><\/p>\n\n\n\n<h2 class=\"wp-block-heading\">Por que os benef\u00edcios da cenoura ajudam na vis\u00e3o<\/h2>\n\n\n\n<p>Manter a nitidez ocular ao longo dos anos exige um estoque constante de vitaminas sol\u00faveis em gordura de alta qualidade. Os <strong>benef\u00edcios da cenoura<\/strong> s\u00e3o amplamente conhecidos por fornecer a vitamina A necess\u00e1ria para a <strong>sa\u00fade da retina<\/strong> humana. Esse nutriente espec\u00edfico ajuda os olhos a processarem a luz de maneira muito mais <strong>clara e precisa<\/strong> no cotidiano.<\/p>\n\n\n\n<p>A prote\u00e7\u00e3o contra a degenera\u00e7\u00e3o macular ocorre por meio da absor\u00e7\u00e3o correta desses pigmentos naturais encontrados na polpa alaranjada. Diversos estudos cient\u00edficos apontam que o consumo regular evita o <strong>cansa\u00e7o visual<\/strong> excessivo provocado pelo uso constante de telas. Garantir esse aporte nutricional \u00e9 uma estrat\u00e9gia inteligente para preservar a <strong>qualidade da vis\u00e3o<\/strong> noturna em ambientes de pouca luminosidade.<\/p>\n\n\n\n<p>Para voc\u00ea que gosta de se cuidar, separamos um v\u00eddeo do canal da <a href=\"https:\/\/www.youtube.com\/@NutricionistaPatriciaLeite\" target=\"_blank\" rel=\"noreferrer noopener\">Nutricionista Patricia Leite<\/a> com dicas de consumo e benef\u00edcios da cenoura para o corpo:<\/p>\n\n\n\n<figure class=\"wp-block-embed is-type-video is-provider-youtube wp-block-embed-youtube wp-embed-aspect-16-9 wp-has-aspect-ratio\"><div class=\"wp-block-embed__wrapper\">\n<div class=\"jeg_video_container jeg_video_content\"><iframe loading=\"lazy\" title=\"Benef\u00edcios da Cenoura - Para Que Serve? Como Usar? [RECEITAS LIGHT e DICAS]\" width=\"500\" height=\"281\" src=\"https:\/\/www.youtube.com\/embed\/80geLSjPWIY?start=1&#038;feature=oembed\" frameborder=\"0\" allow=\"accelerometer; autoplay; clipboard-write; encrypted-media; gyroscope; picture-in-picture; web-share\" referrerpolicy=\"strict-origin-when-cross-origin\" allowfullscreen><\/iframe><\/div>\n<\/div><\/figure>\n\n\n\n<h2 class=\"wp-block-heading\">O papel da raiz no fortalecimento do sistema imunol\u00f3gico<\/h2>\n\n\n\n<p>O sistema de defesa precisa estar sempre alerta para neutralizar amea\u00e7as que surgem no ambiente externo de forma inesperada. Ingerir vegetais alaranjados fornece <strong>suporte imunol\u00f3gico<\/strong> robusto atrav\u00e9s de uma combina\u00e7\u00e3o \u00fanica de minerais e vitaminas potentes. Essa barreira natural impede que <strong>agentes patog\u00eanicos<\/strong> causem danos severos ao equil\u00edbrio sist\u00eamico do indiv\u00edduo que mant\u00e9m uma dieta rica.<\/p>\n\n\n\n<p>O organismo utiliza os componentes deste alimento para produzir gl\u00f3bulos brancos muito mais <strong>fortes e eficientes<\/strong> contra invasores. Abaixo, apresentamos as formas principais como esses elementos qu\u00edmicos atuam na prote\u00e7\u00e3o do seu corpo contra amea\u00e7as biol\u00f3gicas indesejadas.<\/p>\n\n\n\n<ul class=\"wp-block-list\">\n<li>Est\u00edmulo \u00e0 produ\u00e7\u00e3o de <strong>c\u00e9lulas de defesa<\/strong> que circulam ativamente na corrente sangu\u00ednea.<\/li>\n\n\n\n<li>A\u00e7\u00e3o anti-inflamat\u00f3ria que reduz o tempo de <strong>recupera\u00e7\u00e3o de infec\u00e7\u00f5es<\/strong> leves e persistentes.<\/li>\n\n\n\n<li>Prote\u00e7\u00e3o das <strong>mucosas respirat\u00f3rias<\/strong> contra o ressecamento excessivo em climas secos e polu\u00eddos.<\/li>\n<\/ul>\n\n\n\n<figure class=\"wp-block-embed is-type-rich is-provider-pinterest wp-block-embed-pinterest\"><div class=\"wp-block-embed__wrapper\">\n<iframe loading=\"lazy\" title=\"6 beneficio da Cenoura.\" src=\"https:\/\/assets.pinterest.com\/ext\/embed.html?id=5207355814514304&#038;src=oembed\" height=\"550\" width=\"450\" frameborder=\"0\" scrolling=\"no\" ><\/iframe>\n<\/div><\/figure>\n\n\n\n<h2 class=\"wp-block-heading\">Quais s\u00e3o os benef\u00edcios da cenoura para a digest\u00e3o<\/h2>\n\n\n\n<p>O trato gastrointestinal depende de um fluxo constante de fibras para funcionar em seu ritmo ideal de processamento. Os <strong>benef\u00edcios da cenoura<\/strong> incluem a oferta de fibras insol\u00faveis que promovem uma <strong>limpeza intestinal<\/strong> profunda e totalmente natural. Essa movimenta\u00e7\u00e3o regular evita a sensa\u00e7\u00e3o de <strong>pesadez abdominal<\/strong> ap\u00f3s o consumo das refei\u00e7\u00f5es principais do dia.<\/p>\n\n\n\n<p>A \u00e1gua contida no vegetal auxilia na hidrata\u00e7\u00e3o das paredes g\u00e1stricas durante o processo de quebra dos alimentos ingeridos. Manter o <strong>fluxo digestivo<\/strong> em dia reflete em uma absor\u00e7\u00e3o muito melhor de todos os <strong>nutrientes valiosos<\/strong> para o organismo. O corpo aproveita cada miligrama de energia quando o est\u00f4mago est\u00e1 em <strong>perfeito equil\u00edbrio<\/strong> funcional e qu\u00edmico.<\/p>\n\n\n<div class=\"wp-block-image\">\n<figure class=\"aligncenter size-large\"><img loading=\"lazy\" decoding=\"async\" width=\"1024\" height=\"576\" src=\"https:\/\/www.em.com.br\/emfoco\/wp-content\/uploads\/2026\/02\/cenoura-comendo_1770750021208-1024x576.jpg\" alt=\"\" class=\"wp-image-167228\" srcset=\"https:\/\/www.em.com.br\/emfoco\/wp-content\/uploads\/2026\/02\/cenoura-comendo_1770750021208-1024x576.jpg 1024w, https:\/\/www.em.com.br\/emfoco\/wp-content\/uploads\/2026\/02\/cenoura-comendo_1770750021208-300x169.jpg 300w, https:\/\/www.em.com.br\/emfoco\/wp-content\/uploads\/2026\/02\/cenoura-comendo_1770750021208-768x432.jpg 768w, https:\/\/www.em.com.br\/emfoco\/wp-content\/uploads\/2026\/02\/cenoura-comendo_1770750021208-750x422.jpg 750w, https:\/\/www.em.com.br\/emfoco\/wp-content\/uploads\/2026\/02\/cenoura-comendo_1770750021208-1140x641.jpg 1140w, https:\/\/www.em.com.br\/emfoco\/wp-content\/uploads\/2026\/02\/cenoura-comendo_1770750021208.jpg 1280w\" sizes=\"auto, (max-width: 1024px) 100vw, 1024px\" \/><figcaption class=\"wp-element-caption\">A \u00e1gua contida no vegetal auxilia na hidrata\u00e7\u00e3o das paredes g\u00e1stricas durante o processo de quebra dos alimentos ingeridos- Cr\u00e9ditos: depositphotos.com \/ HayDmitriy<\/figcaption><\/figure><\/div>\n\n\n<h2 class=\"wp-block-heading\">Melhora da apar\u00eancia est\u00e9tica com os benef\u00edcios da cenoura<\/h2>\n\n\n\n<p>A pele reflete externamente o que acontece dentro do sistema biol\u00f3gico atrav\u00e9s de uma alimenta\u00e7\u00e3o rica e variada. Aproveitar os <strong>benef\u00edcios da cenoura<\/strong> garante um brilho dourado e uma <strong>textura suave<\/strong> ao toque em pouco tempo de uso. Os antioxidantes agem como um <strong>filtro protetor<\/strong> contra os danos solares acumulados durante as atividades realizadas ao ar livre.<\/p>\n\n\n\n<p>O fortalecimento das unhas e dos cabelos tamb\u00e9m ocorre de dentro para fora com a ajuda constante do pot\u00e1ssio. Nutrir os fios desde a raiz proporciona <strong>resist\u00eancia e brilho<\/strong> intenso que duram por muito mais tempo na rotina. O aspecto visual saud\u00e1vel indica que o organismo est\u00e1 recebendo <strong>vitaminas importantes<\/strong> em quantidades ideais para a manuten\u00e7\u00e3o da beleza.<\/p>\n\n\n\n<h2 class=\"wp-block-heading\">Escolhas inteligentes para uma vida equilibrada<\/h2>\n\n\n\n<p>Adotar novos h\u00e1bitos exige foco total na qualidade dos itens que comp\u00f5em sua mesa de jantar. Prefira sempre consumir o vegetal em sua forma natural para preservar os <strong>nutrientes originais<\/strong> de maneira intacta. Seu organismo responder\u00e1 com <strong>mais disposi\u00e7\u00e3o<\/strong> logo nas primeiras semanas de mudan\u00e7a em seu estilo alimentar.<\/p>\n\n\n\n<p>O bem-estar f\u00edsico \u00e9 constru\u00eddo atrav\u00e9s de pequenas decis\u00f5es tomadas todos os dias dentro da sua cozinha. Busque variedade nas prepara\u00e7\u00f5es culin\u00e1rias para manter o <strong>prazer de comer<\/strong> de forma altamente nutritiva. Valorize as riquezas da natureza para alcan\u00e7ar um <strong>corpo forte<\/strong> e resiliente contra o desgaste do tempo.<\/p>\n","protected":false},"excerpt":{"rendered":"<p>Muitos brasileiros consomem este vegetal diariamente sem imaginar o impacto real que ele causa nos \u00f3rg\u00e3os internos de forma silenciosa. Os benef\u00edcios da cenoura guardam segredos biol\u00f3gicos que v\u00e3o muito al\u00e9m do que as receitas tradicionais costumam apresentar para o p\u00fablico. Como o vegetal atua na renova\u00e7\u00e3o das c\u00e9lulas O corpo humano precisa de subst\u00e2ncias [&hellip;]<\/p>\n","protected":false},"author":9,"featured_media":202104,"comment_status":"open","ping_status":"open","sticky":false,"template":"","format":"standard","meta":{"jnews-multi-image_gallery":[],"jnews_single_post":{"format":"standard"},"jnews_primary_category":[],"jnews_social_meta":[],"jnews_override_counter":[],"footnotes":""},"categories":[8691,29],"tags":[911,9821,29045],"class_list":["post-201898","post","type-post","status-publish","format-standard","has-post-thumbnail","hentry","category-bem-estar","category-entretenimento","tag-alimentacao-saudavel","tag-saude-ocular","tag-vitaminas-naturais"],"yoast_head":"<!-- This site is optimized with the Yoast SEO plugin v23.8 - https:\/\/yoast.com\/wordpress\/plugins\/seo\/ -->\n<title>Vista cansada? O vegetal que protege a retina e recupera a nitidez da vis\u00e3o noturna - Estado de Minas - Em foco<\/title>\n<meta name=\"description\" content=\"Muitos brasileiros consomem este vegetal sem saber o impacto real que ele causa nos \u00f3rg\u00e3os. Os benef\u00edcios da cenoura escondem segredos.\" \/>\n<meta name=\"robots\" content=\"index, follow, max-snippet:-1, max-image-preview:large, max-video-preview:-1\" \/>\n<link rel=\"canonical\" href=\"https:\/\/www.em.com.br\/emfoco\/2026\/05\/01\/vista-cansada-o-vegetal-que-protege-a-retina-e-recupera-a-nitidez-da-visao-noturna\/\" \/>\n<meta property=\"og:locale\" content=\"pt_BR\" \/>\n<meta property=\"og:type\" content=\"article\" \/>\n<meta property=\"og:title\" content=\"Vista cansada? O vegetal que protege a retina e recupera a nitidez da vis\u00e3o noturna - Estado de Minas - Em foco\" \/>\n<meta property=\"og:description\" content=\"Muitos brasileiros consomem este vegetal sem saber o impacto real que ele causa nos \u00f3rg\u00e3os. Os benef\u00edcios da cenoura escondem segredos.\" \/>\n<meta property=\"og:url\" content=\"https:\/\/www.em.com.br\/emfoco\/2026\/05\/01\/vista-cansada-o-vegetal-que-protege-a-retina-e-recupera-a-nitidez-da-visao-noturna\/\" \/>\n<meta property=\"og:site_name\" content=\"Estado de Minas - Em foco\" \/>\n<meta property=\"article:published_time\" content=\"2026-05-01T23:05:00+00:00\" \/>\n<meta property=\"article:modified_time\" content=\"2026-04-30T19:16:50+00:00\" \/>\n<meta property=\"og:image\" content=\"https:\/\/www.em.com.br\/emfoco\/wp-content\/uploads\/2026\/05\/EmFoco_38.jpg\" \/>\n\t<meta property=\"og:image:width\" content=\"1280\" \/>\n\t<meta property=\"og:image:height\" content=\"720\" \/>\n\t<meta property=\"og:image:type\" content=\"image\/jpeg\" \/>\n<meta name=\"author\" content=\"Daniely Cardoso\" \/>\n<meta name=\"twitter:card\" content=\"summary_large_image\" \/>\n<meta name=\"twitter:label1\" content=\"Escrito por\" \/>\n\t<meta name=\"twitter:data1\" content=\"Daniely Cardoso\" \/>\n\t<meta name=\"twitter:label2\" content=\"Est. tempo de leitura\" \/>\n\t<meta name=\"twitter:data2\" content=\"6 minutos\" \/>\n<!-- \/ Yoast SEO plugin. -->","yoast_head_json":{"title":"Vista cansada? O vegetal que protege a retina e recupera a nitidez da vis\u00e3o noturna - Estado de Minas - Em foco","description":"Muitos brasileiros consomem este vegetal sem saber o impacto real que ele causa nos \u00f3rg\u00e3os. Os benef\u00edcios da cenoura escondem segredos.","robots":{"index":"index","follow":"follow","max-snippet":"max-snippet:-1","max-image-preview":"max-image-preview:large","max-video-preview":"max-video-preview:-1"},"canonical":"https:\/\/www.em.com.br\/emfoco\/2026\/05\/01\/vista-cansada-o-vegetal-que-protege-a-retina-e-recupera-a-nitidez-da-visao-noturna\/","og_locale":"pt_BR","og_type":"article","og_title":"Vista cansada? O vegetal que protege a retina e recupera a nitidez da vis\u00e3o noturna - Estado de Minas - Em foco","og_description":"Muitos brasileiros consomem este vegetal sem saber o impacto real que ele causa nos \u00f3rg\u00e3os. Os benef\u00edcios da cenoura escondem segredos.","og_url":"https:\/\/www.em.com.br\/emfoco\/2026\/05\/01\/vista-cansada-o-vegetal-que-protege-a-retina-e-recupera-a-nitidez-da-visao-noturna\/","og_site_name":"Estado de Minas - Em foco","article_published_time":"2026-05-01T23:05:00+00:00","article_modified_time":"2026-04-30T19:16:50+00:00","og_image":[{"width":1280,"height":720,"url":"https:\/\/www.em.com.br\/emfoco\/wp-content\/uploads\/2026\/05\/EmFoco_38.jpg","type":"image\/jpeg"}],"author":"Daniely Cardoso","twitter_card":"summary_large_image","twitter_misc":{"Escrito por":"Daniely Cardoso","Est. tempo de leitura":"6 minutos"},"schema":{"@context":"https:\/\/schema.org","@graph":[{"@type":"WebPage","@id":"https:\/\/www.em.com.br\/emfoco\/2026\/05\/01\/vista-cansada-o-vegetal-que-protege-a-retina-e-recupera-a-nitidez-da-visao-noturna\/","url":"https:\/\/www.em.com.br\/emfoco\/2026\/05\/01\/vista-cansada-o-vegetal-que-protege-a-retina-e-recupera-a-nitidez-da-visao-noturna\/","name":"Vista cansada? O vegetal que protege a retina e recupera a nitidez da vis\u00e3o noturna - Estado de Minas - Em foco","isPartOf":{"@id":"https:\/\/www.em.com.br\/emfoco\/#website"},"primaryImageOfPage":{"@id":"https:\/\/www.em.com.br\/emfoco\/2026\/05\/01\/vista-cansada-o-vegetal-que-protege-a-retina-e-recupera-a-nitidez-da-visao-noturna\/#primaryimage"},"image":{"@id":"https:\/\/www.em.com.br\/emfoco\/2026\/05\/01\/vista-cansada-o-vegetal-que-protege-a-retina-e-recupera-a-nitidez-da-visao-noturna\/#primaryimage"},"thumbnailUrl":"https:\/\/www.em.com.br\/emfoco\/wp-content\/uploads\/2026\/05\/EmFoco_38.jpg","datePublished":"2026-05-01T23:05:00+00:00","dateModified":"2026-04-30T19:16:50+00:00","author":{"@id":"https:\/\/www.em.com.br\/emfoco\/#\/schema\/person\/0a8186d72f2c3a5c6276d90b41f271a0"},"description":"Muitos brasileiros consomem este vegetal sem saber o impacto real que ele causa nos \u00f3rg\u00e3os. Os benef\u00edcios da cenoura escondem segredos.","breadcrumb":{"@id":"https:\/\/www.em.com.br\/emfoco\/2026\/05\/01\/vista-cansada-o-vegetal-que-protege-a-retina-e-recupera-a-nitidez-da-visao-noturna\/#breadcrumb"},"inLanguage":"pt-BR","potentialAction":[{"@type":"ReadAction","target":["https:\/\/www.em.com.br\/emfoco\/2026\/05\/01\/vista-cansada-o-vegetal-que-protege-a-retina-e-recupera-a-nitidez-da-visao-noturna\/"]}]},{"@type":"ImageObject","inLanguage":"pt-BR","@id":"https:\/\/www.em.com.br\/emfoco\/2026\/05\/01\/vista-cansada-o-vegetal-que-protege-a-retina-e-recupera-a-nitidez-da-visao-noturna\/#primaryimage","url":"https:\/\/www.em.com.br\/emfoco\/wp-content\/uploads\/2026\/05\/EmFoco_38.jpg","contentUrl":"https:\/\/www.em.com.br\/emfoco\/wp-content\/uploads\/2026\/05\/EmFoco_38.jpg","width":1280,"height":720,"caption":"Nutrientes essenciais que preservam a integridade celular e fortalecem a sa\u00fade ocular"},{"@type":"BreadcrumbList","@id":"https:\/\/www.em.com.br\/emfoco\/2026\/05\/01\/vista-cansada-o-vegetal-que-protege-a-retina-e-recupera-a-nitidez-da-visao-noturna\/#breadcrumb","itemListElement":[{"@type":"ListItem","position":1,"name":"In\u00edcio","item":"https:\/\/www.em.com.br\/emfoco\/"},{"@type":"ListItem","position":2,"name":"Vista cansada? O vegetal que protege a retina e recupera a nitidez da vis\u00e3o noturna"}]},{"@type":"WebSite","@id":"https:\/\/www.em.com.br\/emfoco\/#website","url":"https:\/\/www.em.com.br\/emfoco\/","name":"Estado de Minas - Em foco","description":"Acompanhe as \u00faltimas not\u00edcias e fique bem informado sobre tudo o que acontece em Minas Gerais, Brasil e no mundo.","potentialAction":[{"@type":"SearchAction","target":{"@type":"EntryPoint","urlTemplate":"https:\/\/www.em.com.br\/emfoco\/?s={search_term_string}"},"query-input":{"@type":"PropertyValueSpecification","valueRequired":true,"valueName":"search_term_string"}}],"inLanguage":"pt-BR"},{"@type":"Person","@id":"https:\/\/www.em.com.br\/emfoco\/#\/schema\/person\/0a8186d72f2c3a5c6276d90b41f271a0","name":"Daniely Cardoso","image":{"@type":"ImageObject","inLanguage":"pt-BR","@id":"https:\/\/www.em.com.br\/emfoco\/#\/schema\/person\/image\/","url":"https:\/\/secure.gravatar.com\/avatar\/4b80ddbd124d1f071b626d52d62e5dff?s=96&d=mm&r=g","contentUrl":"https:\/\/secure.gravatar.com\/avatar\/4b80ddbd124d1f071b626d52d62e5dff?s=96&d=mm&r=g","caption":"Daniely Cardoso"},"url":"https:\/\/www.em.com.br\/emfoco\/author\/danielymyth\/"}]}},"_links":{"self":[{"href":"https:\/\/www.em.com.br\/emfoco\/wp-json\/wp\/v2\/posts\/201898","targetHints":{"allow":["GET"]}}],"collection":[{"href":"https:\/\/www.em.com.br\/emfoco\/wp-json\/wp\/v2\/posts"}],"about":[{"href":"https:\/\/www.em.com.br\/emfoco\/wp-json\/wp\/v2\/types\/post"}],"author":[{"embeddable":true,"href":"https:\/\/www.em.com.br\/emfoco\/wp-json\/wp\/v2\/users\/9"}],"replies":[{"embeddable":true,"href":"https:\/\/www.em.com.br\/emfoco\/wp-json\/wp\/v2\/comments?post=201898"}],"version-history":[{"count":1,"href":"https:\/\/www.em.com.br\/emfoco\/wp-json\/wp\/v2\/posts\/201898\/revisions"}],"predecessor-version":[{"id":201902,"href":"https:\/\/www.em.com.br\/emfoco\/wp-json\/wp\/v2\/posts\/201898\/revisions\/201902"}],"wp:featuredmedia":[{"embeddable":true,"href":"https:\/\/www.em.com.br\/emfoco\/wp-json\/wp\/v2\/media\/202104"}],"wp:attachment":[{"href":"https:\/\/www.em.com.br\/emfoco\/wp-json\/wp\/v2\/media?parent=201898"}],"wp:term":[{"taxonomy":"category","embeddable":true,"href":"https:\/\/www.em.com.br\/emfoco\/wp-json\/wp\/v2\/categories?post=201898"},{"taxonomy":"post_tag","embeddable":true,"href":"https:\/\/www.em.com.br\/emfoco\/wp-json\/wp\/v2\/tags?post=201898"}],"curies":[{"name":"wp","href":"https:\/\/api.w.org\/{rel}","templated":true}]}}