{"id":201893,"date":"2026-05-01T15:45:00","date_gmt":"2026-05-01T18:45:00","guid":{"rendered":"https:\/\/www.em.com.br\/emfoco\/?p=201893"},"modified":"2026-04-30T17:10:44","modified_gmt":"2026-04-30T20:10:44","slug":"e-isso-que-acontece-com-seu-corpo-ao-comer-kiwi-todos-os-dias","status":"publish","type":"post","link":"https:\/\/www.em.com.br\/emfoco\/2026\/05\/01\/e-isso-que-acontece-com-seu-corpo-ao-comer-kiwi-todos-os-dias\/","title":{"rendered":"\u00c9 isso que acontece com seu corpo ao comer kiwi todos os dias"},"content":{"rendered":"\n<p>Muitas pessoas ignoram a pequena fruta de casca peluda que esconde um interior vibrante e repleto de vitalidade. Os <strong>benef\u00edcios do kiwi<\/strong> podem transformar a maneira como voc\u00ea cuida da sua <strong>sa\u00fade f\u00edsica<\/strong> todos os dias.<\/p>\n\n\n\n<h2 class=\"wp-block-heading\">O que acontece com o corpo ao ingerir a fruta<\/h2>\n\n\n\n<p>A ingest\u00e3o regular dessa fruta verde promove uma verdadeira faxina interna nas c\u00e9lulas do seu organismo. Al\u00e9m disso, os <strong>benef\u00edcios do kiwi<\/strong> atuam diretamente na melhora da <strong>absor\u00e7\u00e3o de ferro<\/strong> proveniente de outros alimentos vegetais. Manter esse h\u00e1bito alimentar ajuda a elevar os n\u00edveis de <strong>energia vital<\/strong> de forma constante.<\/p>\n\n\n\n<p>O sistema circulat\u00f3rio tamb\u00e9m recebe um suporte valioso atrav\u00e9s dos componentes naturais encontrados na polpa suculenta. Subst\u00e2ncias espec\u00edficas auxiliam na <strong>preven\u00e7\u00e3o de co\u00e1gulos<\/strong> e garantem uma circula\u00e7\u00e3o muito mais fluida e eficiente. Adotar esse lanche saud\u00e1vel representa uma <strong>escolha inteligente<\/strong> para quem busca longevidade sem complica\u00e7\u00e3o.<\/p>\n\n\n<div class=\"wp-block-image\">\n<figure class=\"aligncenter size-large\"><img loading=\"lazy\" decoding=\"async\" width=\"1024\" height=\"576\" src=\"https:\/\/www.em.com.br\/emfoco\/wp-content\/uploads\/2026\/02\/kiwi_1771013842119-1024x576.jpg\" alt=\"benef\u00edcios do kiwi\" class=\"wp-image-169001\" srcset=\"https:\/\/www.em.com.br\/emfoco\/wp-content\/uploads\/2026\/02\/kiwi_1771013842119-1024x576.jpg 1024w, https:\/\/www.em.com.br\/emfoco\/wp-content\/uploads\/2026\/02\/kiwi_1771013842119-300x169.jpg 300w, https:\/\/www.em.com.br\/emfoco\/wp-content\/uploads\/2026\/02\/kiwi_1771013842119-768x432.jpg 768w, https:\/\/www.em.com.br\/emfoco\/wp-content\/uploads\/2026\/02\/kiwi_1771013842119-750x422.jpg 750w, https:\/\/www.em.com.br\/emfoco\/wp-content\/uploads\/2026\/02\/kiwi_1771013842119-1140x641.jpg 1140w, https:\/\/www.em.com.br\/emfoco\/wp-content\/uploads\/2026\/02\/kiwi_1771013842119.jpg 1280w\" sizes=\"auto, (max-width: 1024px) 100vw, 1024px\" \/><figcaption class=\"wp-element-caption\">O sistema circulat\u00f3rio tamb\u00e9m recebe um suporte valioso atrav\u00e9s dos componentes naturais encontrados na polpa suculenta &#8211; Cr\u00e9ditos: depositphotos.com \/ HayDmitriy<\/figcaption><\/figure><\/div>\n\n\n<p>Leia tamb\u00e9m: <a href=\"https:\/\/www.em.com.br\/emfoco\/2026\/04\/26\/estes-5-minutos-de-autocuidado-no-banho-podem-transformar-a-autoestima-da-mulher-40-no-dia-a-dia\/\" target=\"_blank\" rel=\"noreferrer noopener\">Estes 5 minutos de autocuidado no banho podem transformar a autoestima da mulher 40+ no dia a dia<\/a><\/p>\n\n\n\n<h2 class=\"wp-block-heading\">Os benef\u00edcios do kiwi para fortalecer a imunidade<\/h2>\n\n\n\n<p>Fortalecer as defesas naturais contra agentes externos torna-se uma tarefa simples com o aux\u00edlio dessa pot\u00eancia nutritiva tropical. A alta concentra\u00e7\u00e3o de compostos vitam\u00ednicos estimula a <strong>produ\u00e7\u00e3o de anticorpos<\/strong> necess\u00e1rios para combater invasores prejudiciais \u00e0 sa\u00fade. Notar o fortalecimento das <strong>barreiras biol\u00f3gicas<\/strong> \u00e9 uma das principais vantagens para o cotidiano.<\/p>\n\n\n\n<p>A recupera\u00e7\u00e3o de resfriados comuns acontece de maneira muito mais \u00e1gil quando o corpo possui os estoques cheios desses nutrientes. Elementos antioxidantes combatem o <strong>estresse oxidativo<\/strong> que danifica os tecidos saud\u00e1veis do seu peito e garganta. O organismo se torna um <strong>escudo protetor<\/strong> contra as varia\u00e7\u00f5es clim\u00e1ticas bruscas que costumam causar doen\u00e7as sazonais.<\/p>\n\n\n\n<p>Para voc\u00ea que gosta de se cuidar, separamos um v\u00eddeo do canal da <a href=\"https:\/\/www.youtube.com\/@NutricionistaPatriciaLeite\" target=\"_blank\" rel=\"noreferrer noopener\">Nutricionista Patricia Leite<\/a> com dicas de consumo e benef\u00edcios do kiwi:<\/p>\n\n\n\n<figure class=\"wp-block-embed is-type-video is-provider-youtube wp-block-embed-youtube wp-embed-aspect-16-9 wp-has-aspect-ratio\"><div class=\"wp-block-embed__wrapper\">\n<div class=\"jeg_video_container jeg_video_content\"><iframe loading=\"lazy\" title=\"Benef\u00edcios do Kiwi - Engorda ou Emagrece? Para Que Serve? [RECEITAS e DICAS]\" width=\"500\" height=\"281\" src=\"https:\/\/www.youtube.com\/embed\/yccVY76KTNc?start=5&#038;feature=oembed\" frameborder=\"0\" allow=\"accelerometer; autoplay; clipboard-write; encrypted-media; gyroscope; picture-in-picture; web-share\" referrerpolicy=\"strict-origin-when-cross-origin\" allowfullscreen><\/iframe><\/div>\n<\/div><\/figure>\n\n\n\n<h2 class=\"wp-block-heading\">Como os benef\u00edcios do kiwi ajudam na digest\u00e3o<\/h2>\n\n\n\n<p>O trato intestinal funciona com muito mais regularidade quando recebe a carga adequada de fibras e enzimas naturais. Uma enzima espec\u00edfica chamada actinidina facilita a <strong>quebra de prote\u00ednas<\/strong> pesadas ingeridas durante o almo\u00e7o ou jantar. O equil\u00edbrio da <strong>flora bacteriana<\/strong> garante que o abd\u00f4men permane\u00e7a desinchado e confort\u00e1vel ao longo das horas.<\/p>\n\n\n\n<p>Existem diversos motivos pr\u00e1ticos pelos quais essa fruta verde se destaca como uma escolha inteligente para o bem-estar gastrointestinal. Al\u00e9m disso, a ingest\u00e3o constante auxilia na regula\u00e7\u00e3o de processos qu\u00edmicos internos que evitam o ac\u00famulo de toxinas. A lista abaixo apresenta os pontos principais que justificam a inclus\u00e3o desse alimento na sua dieta de forma imediata.<\/p>\n\n\n\n<ul class=\"wp-block-list\">\n<li>Riqueza em fibras sol\u00faveis que combatem a <strong>pris\u00e3o de ventre<\/strong> de maneira suave e eficaz.<\/li>\n\n\n\n<li>Presen\u00e7a de \u00e1gua que mant\u00e9m o <strong>intestino hidratado<\/strong> e pronto para funcionar corretamente.<\/li>\n\n\n\n<li>A\u00e7\u00e3o prebi\u00f3tica que alimenta os <strong>micro-organismos ben\u00e9ficos<\/strong> respons\u00e1veis pela absor\u00e7\u00e3o de minerais.<\/li>\n<\/ul>\n\n\n\n<h2 class=\"wp-block-heading\">Por que os benef\u00edcios do kiwi garantem uma pele linda<\/h2>\n\n\n\n<p>A beleza externa depende diretamente da qualidade dos nutrientes que voc\u00ea coloca para dentro do seu sistema biol\u00f3gico. Componentes espec\u00edficos estimulam a <strong>s\u00edntese de col\u00e1geno<\/strong> que mant\u00e9m a firmeza do rosto e evita marcas de express\u00e3o. Ter uma <strong>apar\u00eancia rejuvenescida<\/strong> torna-se um objetivo alcan\u00e7\u00e1vel atrav\u00e9s de mudan\u00e7as simples na mesa de caf\u00e9.<\/p>\n\n\n\n<p>Os cabelos tamb\u00e9m ganham um brilho intenso e uma resist\u00eancia muito maior contra a quebra causada pelo sol. \u00c1cidos graxos saud\u00e1veis nutrem o <strong>couro cabeludo<\/strong> e evitam a queda excessiva dos fios durante a rotina. Investir em alimentos frescos garante um <strong>resultado est\u00e9tico<\/strong> superior a muitos tratamentos qu\u00edmicos caros e artificiais.<\/p>\n\n\n\n<figure class=\"wp-block-embed is-type-rich is-provider-pinterest wp-block-embed-pinterest\"><div class=\"wp-block-embed__wrapper\">\n<iframe loading=\"lazy\" title=\" \" src=\"https:\/\/assets.pinterest.com\/ext\/embed.html?id=923237992381014706&#038;src=oembed\" height=\"775\" width=\"450\" frameborder=\"0\" scrolling=\"no\" ><\/iframe>\n<\/div><\/figure>\n\n\n\n<h2 class=\"wp-block-heading\">O papel desse alimento no descanso noturno<\/h2>\n\n\n\n<p>Dormir bem exige que o organismo produza subst\u00e2ncias qu\u00edmicas que induzam ao relaxamento profundo do sistema nervoso. O fruto possui serotonina, um componente que regula o <strong>ciclo circadiano<\/strong> e melhora a qualidade do repouso noturno. Alcan\u00e7ar um <strong>sono reparador<\/strong> \u00e9 um pilar para regenerar as energias gastas durante as atividades produtivas.<\/p>\n\n\n\n<p>O consumo noturno pode ser a solu\u00e7\u00e3o para quem sofre com ins\u00f4nia ou despertares frequentes durante a madrugada. Nutrientes relaxantes acalmam a <strong>mente acelerada<\/strong> e preparam o corpo para uma noite de descanso pleno. Priorizar o repouso \u00e9 um <strong>investimento valioso<\/strong> para manter a produtividade alta e o humor equilibrado.<\/p>\n\n\n<div class=\"wp-block-image\">\n<figure class=\"aligncenter size-large\"><img loading=\"lazy\" decoding=\"async\" width=\"1024\" height=\"576\" src=\"https:\/\/www.em.com.br\/emfoco\/wp-content\/uploads\/2026\/03\/Gemini_Generated_Image_dufjd5dufjd5dufj-1-1024x576.png\" alt=\"benef\u00edcios do kiwi\" class=\"wp-image-178981\" srcset=\"https:\/\/www.em.com.br\/emfoco\/wp-content\/uploads\/2026\/03\/Gemini_Generated_Image_dufjd5dufjd5dufj-1-1024x576.png 1024w, https:\/\/www.em.com.br\/emfoco\/wp-content\/uploads\/2026\/03\/Gemini_Generated_Image_dufjd5dufjd5dufj-1-300x169.png 300w, https:\/\/www.em.com.br\/emfoco\/wp-content\/uploads\/2026\/03\/Gemini_Generated_Image_dufjd5dufjd5dufj-1-768x432.png 768w, https:\/\/www.em.com.br\/emfoco\/wp-content\/uploads\/2026\/03\/Gemini_Generated_Image_dufjd5dufjd5dufj-1-750x422.png 750w, https:\/\/www.em.com.br\/emfoco\/wp-content\/uploads\/2026\/03\/Gemini_Generated_Image_dufjd5dufjd5dufj-1-1140x641.png 1140w, https:\/\/www.em.com.br\/emfoco\/wp-content\/uploads\/2026\/03\/Gemini_Generated_Image_dufjd5dufjd5dufj-1.png 1280w\" sizes=\"auto, (max-width: 1024px) 100vw, 1024px\" \/><figcaption class=\"wp-element-caption\">Al\u00e9m disso, o kiwi oferece fibras que colaboram para a sensa\u00e7\u00e3o de saciedade e para o bom funcionamento do intestino<\/figcaption><\/figure><\/div>\n\n\n<h2 class=\"wp-block-heading\">Melhores formas de inserir a fruta no dia<\/h2>\n\n\n\n<p>Experimente fatiar o alimento e misturar com cereais integrais para garantir um caf\u00e9 da manh\u00e3 completo. Essa combina\u00e7\u00e3o fornece o <strong>combust\u00edvel necess\u00e1rio<\/strong> para o c\u00e9rebro processar informa\u00e7\u00f5es com mais agilidade e precis\u00e3o. Mantenha a const\u00e2ncia para colher <strong>resultados duradouros<\/strong> e vis\u00edveis em seu desempenho f\u00edsico geral.<\/p>\n\n\n\n<p>Busque sempre op\u00e7\u00f5es maduras para garantir que o sabor e as propriedades nutritivas estejam no \u00e1pice. Pequenas altera\u00e7\u00f5es nos lanches intermedi\u00e1rios promovem um <strong>ganho significativo<\/strong> na sua qualidade de vida futura. Valorize os recursos da natureza para construir uma <strong>sa\u00fade inabal\u00e1vel<\/strong> e repleta de alegria.<\/p>\n","protected":false},"excerpt":{"rendered":"<p>Muitas pessoas ignoram a pequena fruta de casca peluda que esconde um interior vibrante e repleto de vitalidade. Os benef\u00edcios do kiwi podem transformar a maneira como voc\u00ea cuida da sua sa\u00fade f\u00edsica todos os dias. O que acontece com o corpo ao ingerir a fruta A ingest\u00e3o regular dessa fruta verde promove uma verdadeira [&hellip;]<\/p>\n","protected":false},"author":9,"featured_media":202106,"comment_status":"open","ping_status":"open","sticky":false,"template":"","format":"standard","meta":{"jnews-multi-image_gallery":[],"jnews_single_post":{"format":"standard"},"jnews_primary_category":[],"jnews_social_meta":[],"jnews_override_counter":[],"footnotes":""},"categories":[8691,29],"tags":[911,7747,29044],"class_list":["post-201893","post","type-post","status-publish","format-standard","has-post-thumbnail","hentry","category-bem-estar","category-entretenimento","tag-alimentacao-saudavel","tag-frutas-citricas","tag-imunidade-alta"],"yoast_head":"<!-- This site is optimized with the Yoast SEO plugin v23.8 - https:\/\/yoast.com\/wordpress\/plugins\/seo\/ -->\n<title>\u00c9 isso que acontece com seu corpo ao comer kiwi todos os dias - Estado de Minas - Em foco<\/title>\n<meta name=\"description\" content=\"Muitas pessoas desconhecem o segredo sob a casca de uma pequena fruta verde. Saiba agora como os benef\u00edcios do kiwi renovam toda sua sa\u00fade.\" \/>\n<meta name=\"robots\" content=\"index, follow, max-snippet:-1, max-image-preview:large, max-video-preview:-1\" \/>\n<link rel=\"canonical\" href=\"https:\/\/www.em.com.br\/emfoco\/2026\/05\/01\/e-isso-que-acontece-com-seu-corpo-ao-comer-kiwi-todos-os-dias\/\" \/>\n<meta property=\"og:locale\" content=\"pt_BR\" \/>\n<meta property=\"og:type\" content=\"article\" \/>\n<meta property=\"og:title\" content=\"\u00c9 isso que acontece com seu corpo ao comer kiwi todos os dias - Estado de Minas - Em foco\" \/>\n<meta property=\"og:description\" content=\"Muitas pessoas desconhecem o segredo sob a casca de uma pequena fruta verde. Saiba agora como os benef\u00edcios do kiwi renovam toda sua sa\u00fade.\" \/>\n<meta property=\"og:url\" content=\"https:\/\/www.em.com.br\/emfoco\/2026\/05\/01\/e-isso-que-acontece-com-seu-corpo-ao-comer-kiwi-todos-os-dias\/\" \/>\n<meta property=\"og:site_name\" content=\"Estado de Minas - Em foco\" \/>\n<meta property=\"article:published_time\" content=\"2026-05-01T18:45:00+00:00\" \/>\n<meta property=\"article:modified_time\" content=\"2026-04-30T20:10:44+00:00\" \/>\n<meta property=\"og:image\" content=\"https:\/\/www.em.com.br\/emfoco\/wp-content\/uploads\/2026\/05\/EmFoco_36.jpg\" \/>\n\t<meta property=\"og:image:width\" content=\"1280\" \/>\n\t<meta property=\"og:image:height\" content=\"720\" \/>\n\t<meta property=\"og:image:type\" content=\"image\/jpeg\" \/>\n<meta name=\"author\" content=\"Daniely Cardoso\" \/>\n<meta name=\"twitter:card\" content=\"summary_large_image\" \/>\n<meta name=\"twitter:label1\" content=\"Escrito por\" \/>\n\t<meta name=\"twitter:data1\" content=\"Daniely Cardoso\" \/>\n\t<meta name=\"twitter:label2\" content=\"Est. tempo de leitura\" \/>\n\t<meta name=\"twitter:data2\" content=\"6 minutos\" \/>\n<!-- \/ Yoast SEO plugin. -->","yoast_head_json":{"title":"\u00c9 isso que acontece com seu corpo ao comer kiwi todos os dias - Estado de Minas - Em foco","description":"Muitas pessoas desconhecem o segredo sob a casca de uma pequena fruta verde. Saiba agora como os benef\u00edcios do kiwi renovam toda sua sa\u00fade.","robots":{"index":"index","follow":"follow","max-snippet":"max-snippet:-1","max-image-preview":"max-image-preview:large","max-video-preview":"max-video-preview:-1"},"canonical":"https:\/\/www.em.com.br\/emfoco\/2026\/05\/01\/e-isso-que-acontece-com-seu-corpo-ao-comer-kiwi-todos-os-dias\/","og_locale":"pt_BR","og_type":"article","og_title":"\u00c9 isso que acontece com seu corpo ao comer kiwi todos os dias - Estado de Minas - Em foco","og_description":"Muitas pessoas desconhecem o segredo sob a casca de uma pequena fruta verde. Saiba agora como os benef\u00edcios do kiwi renovam toda sua sa\u00fade.","og_url":"https:\/\/www.em.com.br\/emfoco\/2026\/05\/01\/e-isso-que-acontece-com-seu-corpo-ao-comer-kiwi-todos-os-dias\/","og_site_name":"Estado de Minas - Em foco","article_published_time":"2026-05-01T18:45:00+00:00","article_modified_time":"2026-04-30T20:10:44+00:00","og_image":[{"width":1280,"height":720,"url":"https:\/\/www.em.com.br\/emfoco\/wp-content\/uploads\/2026\/05\/EmFoco_36.jpg","type":"image\/jpeg"}],"author":"Daniely Cardoso","twitter_card":"summary_large_image","twitter_misc":{"Escrito por":"Daniely Cardoso","Est. tempo de leitura":"6 minutos"},"schema":{"@context":"https:\/\/schema.org","@graph":[{"@type":"WebPage","@id":"https:\/\/www.em.com.br\/emfoco\/2026\/05\/01\/e-isso-que-acontece-com-seu-corpo-ao-comer-kiwi-todos-os-dias\/","url":"https:\/\/www.em.com.br\/emfoco\/2026\/05\/01\/e-isso-que-acontece-com-seu-corpo-ao-comer-kiwi-todos-os-dias\/","name":"\u00c9 isso que acontece com seu corpo ao comer kiwi todos os dias - Estado de Minas - Em foco","isPartOf":{"@id":"https:\/\/www.em.com.br\/emfoco\/#website"},"primaryImageOfPage":{"@id":"https:\/\/www.em.com.br\/emfoco\/2026\/05\/01\/e-isso-que-acontece-com-seu-corpo-ao-comer-kiwi-todos-os-dias\/#primaryimage"},"image":{"@id":"https:\/\/www.em.com.br\/emfoco\/2026\/05\/01\/e-isso-que-acontece-com-seu-corpo-ao-comer-kiwi-todos-os-dias\/#primaryimage"},"thumbnailUrl":"https:\/\/www.em.com.br\/emfoco\/wp-content\/uploads\/2026\/05\/EmFoco_36.jpg","datePublished":"2026-05-01T18:45:00+00:00","dateModified":"2026-04-30T20:10:44+00:00","author":{"@id":"https:\/\/www.em.com.br\/emfoco\/#\/schema\/person\/0a8186d72f2c3a5c6276d90b41f271a0"},"description":"Muitas pessoas desconhecem o segredo sob a casca de uma pequena fruta verde. Saiba agora como os benef\u00edcios do kiwi renovam toda sua sa\u00fade.","breadcrumb":{"@id":"https:\/\/www.em.com.br\/emfoco\/2026\/05\/01\/e-isso-que-acontece-com-seu-corpo-ao-comer-kiwi-todos-os-dias\/#breadcrumb"},"inLanguage":"pt-BR","potentialAction":[{"@type":"ReadAction","target":["https:\/\/www.em.com.br\/emfoco\/2026\/05\/01\/e-isso-que-acontece-com-seu-corpo-ao-comer-kiwi-todos-os-dias\/"]}]},{"@type":"ImageObject","inLanguage":"pt-BR","@id":"https:\/\/www.em.com.br\/emfoco\/2026\/05\/01\/e-isso-que-acontece-com-seu-corpo-ao-comer-kiwi-todos-os-dias\/#primaryimage","url":"https:\/\/www.em.com.br\/emfoco\/wp-content\/uploads\/2026\/05\/EmFoco_36.jpg","contentUrl":"https:\/\/www.em.com.br\/emfoco\/wp-content\/uploads\/2026\/05\/EmFoco_36.jpg","width":1280,"height":720,"caption":"A\u00e7\u00e3o antioxidante e enzim\u00e1tica que promove a sa\u00fade digestiva e imunol\u00f3gica corporal"},{"@type":"BreadcrumbList","@id":"https:\/\/www.em.com.br\/emfoco\/2026\/05\/01\/e-isso-que-acontece-com-seu-corpo-ao-comer-kiwi-todos-os-dias\/#breadcrumb","itemListElement":[{"@type":"ListItem","position":1,"name":"In\u00edcio","item":"https:\/\/www.em.com.br\/emfoco\/"},{"@type":"ListItem","position":2,"name":"\u00c9 isso que acontece com seu corpo ao comer kiwi todos os dias"}]},{"@type":"WebSite","@id":"https:\/\/www.em.com.br\/emfoco\/#website","url":"https:\/\/www.em.com.br\/emfoco\/","name":"Estado de Minas - Em foco","description":"Acompanhe as \u00faltimas not\u00edcias e fique bem informado sobre tudo o que acontece em Minas Gerais, Brasil e no mundo.","potentialAction":[{"@type":"SearchAction","target":{"@type":"EntryPoint","urlTemplate":"https:\/\/www.em.com.br\/emfoco\/?s={search_term_string}"},"query-input":{"@type":"PropertyValueSpecification","valueRequired":true,"valueName":"search_term_string"}}],"inLanguage":"pt-BR"},{"@type":"Person","@id":"https:\/\/www.em.com.br\/emfoco\/#\/schema\/person\/0a8186d72f2c3a5c6276d90b41f271a0","name":"Daniely Cardoso","image":{"@type":"ImageObject","inLanguage":"pt-BR","@id":"https:\/\/www.em.com.br\/emfoco\/#\/schema\/person\/image\/","url":"https:\/\/secure.gravatar.com\/avatar\/4b80ddbd124d1f071b626d52d62e5dff?s=96&d=mm&r=g","contentUrl":"https:\/\/secure.gravatar.com\/avatar\/4b80ddbd124d1f071b626d52d62e5dff?s=96&d=mm&r=g","caption":"Daniely Cardoso"},"url":"https:\/\/www.em.com.br\/emfoco\/author\/danielymyth\/"}]}},"_links":{"self":[{"href":"https:\/\/www.em.com.br\/emfoco\/wp-json\/wp\/v2\/posts\/201893","targetHints":{"allow":["GET"]}}],"collection":[{"href":"https:\/\/www.em.com.br\/emfoco\/wp-json\/wp\/v2\/posts"}],"about":[{"href":"https:\/\/www.em.com.br\/emfoco\/wp-json\/wp\/v2\/types\/post"}],"author":[{"embeddable":true,"href":"https:\/\/www.em.com.br\/emfoco\/wp-json\/wp\/v2\/users\/9"}],"replies":[{"embeddable":true,"href":"https:\/\/www.em.com.br\/emfoco\/wp-json\/wp\/v2\/comments?post=201893"}],"version-history":[{"count":2,"href":"https:\/\/www.em.com.br\/emfoco\/wp-json\/wp\/v2\/posts\/201893\/revisions"}],"predecessor-version":[{"id":202159,"href":"https:\/\/www.em.com.br\/emfoco\/wp-json\/wp\/v2\/posts\/201893\/revisions\/202159"}],"wp:featuredmedia":[{"embeddable":true,"href":"https:\/\/www.em.com.br\/emfoco\/wp-json\/wp\/v2\/media\/202106"}],"wp:attachment":[{"href":"https:\/\/www.em.com.br\/emfoco\/wp-json\/wp\/v2\/media?parent=201893"}],"wp:term":[{"taxonomy":"category","embeddable":true,"href":"https:\/\/www.em.com.br\/emfoco\/wp-json\/wp\/v2\/categories?post=201893"},{"taxonomy":"post_tag","embeddable":true,"href":"https:\/\/www.em.com.br\/emfoco\/wp-json\/wp\/v2\/tags?post=201893"}],"curies":[{"name":"wp","href":"https:\/\/api.w.org\/{rel}","templated":true}]}}