{"id":201886,"date":"2026-05-01T12:05:00","date_gmt":"2026-05-01T15:05:00","guid":{"rendered":"https:\/\/www.em.com.br\/emfoco\/?p=201886"},"modified":"2026-04-30T16:10:39","modified_gmt":"2026-04-30T19:10:39","slug":"estas-3-substancias-presentes-na-casca-do-amendoim-ajudam-no-ganho-de-massa-magra-de-forma-natural","status":"publish","type":"post","link":"https:\/\/www.em.com.br\/emfoco\/2026\/05\/01\/estas-3-substancias-presentes-na-casca-do-amendoim-ajudam-no-ganho-de-massa-magra-de-forma-natural\/","title":{"rendered":"Estas 3 subst\u00e2ncias presentes na casca do amendoim ajudam no ganho de massa magra de forma natural"},"content":{"rendered":"\n<p>Muitos indiv\u00edduos ignoram o potencial nutritivo guardado em pequenas cascas quebradi\u00e7as durante o lanche da tarde. Conhecer os <strong>benef\u00edcios do amendoim<\/strong> pode mudar completamente a forma como voc\u00ea planeja sua dieta semanal para obter mais vigor.<\/p>\n\n\n\n<h2 class=\"wp-block-heading\">Como os benef\u00edcios do amendoim transformam a rotina<\/h2>\n\n\n\n<p>O consumo dessa leguminosa fornece uma carga densa de nutrientes que o corpo processa de forma gradual ao longo do dia. Esses compostos naturais ajudam a manter a <strong>estabilidade energ\u00e9tica<\/strong> necess\u00e1ria para enfrentar longas jornadas de trabalho intenso ou estudos profundos. A ingest\u00e3o moderada favorece o <strong>equil\u00edbrio metab\u00f3lico<\/strong> sem sobrecarregar o sistema digestivo do indiv\u00edduo que busca uma rotina mais leve.<\/p>\n\n\n\n<p>A presen\u00e7a de gorduras monoinsaturadas atua de forma silenciosa na manuten\u00e7\u00e3o das fun\u00e7\u00f5es vitais mais importantes para o funcionamento do organismo. Escolher a vers\u00e3o natural garante que as <strong>propriedades originais<\/strong> cheguem intactas \u00e0s c\u00e9lulas que mais precisam de reparo constante durante o sono. O h\u00e1bito de mastigar bem as sementes potencializa a <strong>absor\u00e7\u00e3o nutricional<\/strong> de cada por\u00e7\u00e3o consumida e evita o desconforto g\u00e1strico imediato.<\/p>\n\n\n<div class=\"wp-block-image\">\n<figure class=\"aligncenter size-large\"><img loading=\"lazy\" decoding=\"async\" width=\"1024\" height=\"576\" src=\"https:\/\/www.em.com.br\/emfoco\/wp-content\/uploads\/2025\/12\/amendoim-_1767121438500-1024x576.jpg\" alt=\"benef\u00edcios do amendoim\" class=\"wp-image-148202\" srcset=\"https:\/\/www.em.com.br\/emfoco\/wp-content\/uploads\/2025\/12\/amendoim-_1767121438500-1024x576.jpg 1024w, https:\/\/www.em.com.br\/emfoco\/wp-content\/uploads\/2025\/12\/amendoim-_1767121438500-300x169.jpg 300w, https:\/\/www.em.com.br\/emfoco\/wp-content\/uploads\/2025\/12\/amendoim-_1767121438500-768x432.jpg 768w, https:\/\/www.em.com.br\/emfoco\/wp-content\/uploads\/2025\/12\/amendoim-_1767121438500-750x422.jpg 750w, https:\/\/www.em.com.br\/emfoco\/wp-content\/uploads\/2025\/12\/amendoim-_1767121438500-1140x641.jpg 1140w, https:\/\/www.em.com.br\/emfoco\/wp-content\/uploads\/2025\/12\/amendoim-_1767121438500.jpg 1280w\" sizes=\"auto, (max-width: 1024px) 100vw, 1024px\" \/><figcaption class=\"wp-element-caption\">A presen\u00e7a de gorduras monoinsaturadas atua de forma silenciosa na manuten\u00e7\u00e3o das fun\u00e7\u00f5es vitais mais importantes &#8211; Cr\u00e9ditos: depositphotos.com \/ Dream79<\/figcaption><\/figure><\/div>\n\n\n<p>Leia tamb\u00e9m: <a href=\"https:\/\/www.em.com.br\/emfoco\/2026\/04\/26\/estes-5-minutos-de-autocuidado-no-banho-podem-transformar-a-autoestima-da-mulher-40-no-dia-a-dia\/\" target=\"_blank\" rel=\"noreferrer noopener\">Estes 5 minutos de autocuidado no banho podem transformar a autoestima da mulher 40+ no dia a dia<\/a><\/p>\n\n\n\n<h2 class=\"wp-block-heading\">O impacto dos benef\u00edcios do amendoim na sa\u00fade card\u00edaca<\/h2>\n\n\n\n<p>Manter as art\u00e9rias livres de obstru\u00e7\u00f5es perigosas \u00e9 um dos maiores desafios da medicina moderna e preventiva em todo o mundo. Os fitoster\u00f3is presentes nesta semente auxiliam na <strong>redu\u00e7\u00e3o do colesterol<\/strong> ruim que circula livremente nos vasos sangu\u00edneos de pessoas sedent\u00e1rias. Essa a\u00e7\u00e3o direta protege o <strong>m\u00fasculo card\u00edaco<\/strong> contra o desgaste provocado pelo passar natural dos anos e pela m\u00e1 alimenta\u00e7\u00e3o recorrente.<\/p>\n\n\n\n<p>Vitaminas do complexo B e o magn\u00e9sio trabalham em conjunto para garantir que o ritmo das batidas permane\u00e7a constante e vigoroso. O consumo di\u00e1rio ajuda a controlar a <strong>press\u00e3o arterial<\/strong> de maneira eficiente e totalmente org\u00e2nica em pacientes de diferentes idades. Estudos acad\u00eamicos apontam que os <strong>benef\u00edcios do amendoim<\/strong> s\u00e3o fundamentais para quem busca longevidade com qualidade de vida superior.<\/p>\n\n\n\n<p>Para voc\u00ea que gosta de se cuidar, separamos um v\u00eddeo do canal do <a href=\"https:\/\/www.youtube.com\/@DrJulianoTeles\" target=\"_blank\" rel=\"noreferrer noopener\">Dr Juliano Teles<\/a> com dicas de consumo e benef\u00edcios do amendoim:<\/p>\n\n\n\n<figure class=\"wp-block-embed is-type-video is-provider-youtube wp-block-embed-youtube wp-embed-aspect-16-9 wp-has-aspect-ratio\"><div class=\"wp-block-embed__wrapper\">\n<div class=\"jeg_video_container jeg_video_content\"><iframe loading=\"lazy\" title=\"AMENDOIM quais os benef\u00edcios, devemos ou n\u00e3o comer | Dr Juliano Teles\" width=\"500\" height=\"281\" src=\"https:\/\/www.youtube.com\/embed\/t7bLNFQxqn8?start=2&#038;feature=oembed\" frameborder=\"0\" allow=\"accelerometer; autoplay; clipboard-write; encrypted-media; gyroscope; picture-in-picture; web-share\" referrerpolicy=\"strict-origin-when-cross-origin\" allowfullscreen><\/iframe><\/div>\n<\/div><\/figure>\n\n\n\n<h2 class=\"wp-block-heading\">Por que os benef\u00edcios do amendoim ajudam no ganho muscular<\/h2>\n\n\n\n<p>Atletas de diversas modalidades utilizam essa fonte de prote\u00edna vegetal para acelerar a recupera\u00e7\u00e3o p\u00f3s-treino pesada de forma muito eficiente. O amino\u00e1cido arginina presente na polpa favorece a <strong>vasodilata\u00e7\u00e3o sangu\u00ednea<\/strong> durante os exerc\u00edcios f\u00edsicos mais intensos realizados na academia. Esse processo biol\u00f3gico entrega mais oxig\u00eanio para os <strong>tecidos musculares<\/strong> que sofreram microles\u00f5es durante a atividade esportiva intensa e prolongada.<\/p>\n\n\n\n<p>Para quem busca hipertrofia, a semente oferece componentes que agem diretamente na constru\u00e7\u00e3o de tecidos mais resistentes. Os itens detalhados abaixo representam elementos que aceleram o ganho de massa magra de forma totalmente natural:<\/p>\n\n\n\n<ul class=\"wp-block-list\">\n<li>Resveratrol que atua como um <strong>antioxidante potente<\/strong> contra o estresse oxidativo das c\u00e9lulas causado pelo esfor\u00e7o.<\/li>\n\n\n\n<li>Zinco que fortalece a <strong>produ\u00e7\u00e3o hormonal<\/strong> necess\u00e1ria para o crescimento dos membros superiores e inferiores.<\/li>\n\n\n\n<li>F\u00f3sforo que ajuda na <strong>regenera\u00e7\u00e3o \u00f3ssea<\/strong> e na manuten\u00e7\u00e3o da for\u00e7a f\u00edsica total durante levantamentos de cargas.<\/li>\n<\/ul>\n\n\n\n<p>O consumo estrat\u00e9gico desses nutrientes favorece a manuten\u00e7\u00e3o da for\u00e7a f\u00edsica prolongada ao longo de toda a semana de treinos. Utilizar esses recursos naturais permite que o corpo responda melhor aos est\u00edmulos de <strong>hipertrofia e defini\u00e7\u00e3o<\/strong> desejados pelos praticantes. A semente se torna um <strong>aliado anab\u00f3lico<\/strong> poderoso quando inserida em um plano alimentar bem estruturado.<\/p>\n\n\n\n<figure class=\"wp-block-embed is-type-rich is-provider-pinterest wp-block-embed-pinterest\"><div class=\"wp-block-embed__wrapper\">\n<iframe loading=\"lazy\" title=\"Benef\u00edcios do AMENDOIM para sa\u00fade da mulher\" src=\"https:\/\/assets.pinterest.com\/ext\/embed.html?id=1106970783429974720&#038;src=oembed\" height=\"899\" width=\"450\" frameborder=\"0\" scrolling=\"no\" ><\/iframe>\n<\/div><\/figure>\n\n\n\n<h2 class=\"wp-block-heading\">Melhora no foco e na disposi\u00e7\u00e3o mental<\/h2>\n\n\n\n<p>A sa\u00fade do c\u00e9rebro depende diretamente de gorduras de boa qualidade para transmitir impulsos el\u00e9tricos com velocidade e a precis\u00e3o necess\u00e1ria. O amendoim cont\u00e9m vitamina E, um componente poderoso que preserva as <strong>membranas neuronais<\/strong> contra ataques de radicais livres externos e polui\u00e7\u00e3o urbana. Manter a mente afiada exige o consumo de alimentos naturais que promovam a <strong>neuroprote\u00e7\u00e3o ativa<\/strong> diariamente em todas as fases da vida.<\/p>\n\n\n\n<p>A niacina presente na semente \u00e9 amplamente reconhecida por auxiliar na preven\u00e7\u00e3o do decl\u00ednio cognitivo em adultos e idosos ativos. Inserir pequenas por\u00e7\u00f5es no lanche da manh\u00e3 eleva a <strong>capacidade de concentra\u00e7\u00e3o<\/strong> em tarefas complexas que exigem muito esfor\u00e7o intelectual. O corpo sente o reflexo direto na <strong>disposi\u00e7\u00e3o mental<\/strong> e no humor logo ap\u00f3s as primeiras semanas de uso regular e planejado.<\/p>\n\n\n<div class=\"wp-block-image\">\n<figure class=\"aligncenter size-large\"><img loading=\"lazy\" decoding=\"async\" width=\"1024\" height=\"576\" src=\"https:\/\/www.em.com.br\/emfoco\/wp-content\/uploads\/2026\/02\/amendoim-planta_1770655533566-1024x576.jpg\" alt=\"benef\u00edcios do amendoim\" class=\"wp-image-166715\" srcset=\"https:\/\/www.em.com.br\/emfoco\/wp-content\/uploads\/2026\/02\/amendoim-planta_1770655533566-1024x576.jpg 1024w, https:\/\/www.em.com.br\/emfoco\/wp-content\/uploads\/2026\/02\/amendoim-planta_1770655533566-300x169.jpg 300w, https:\/\/www.em.com.br\/emfoco\/wp-content\/uploads\/2026\/02\/amendoim-planta_1770655533566-768x432.jpg 768w, https:\/\/www.em.com.br\/emfoco\/wp-content\/uploads\/2026\/02\/amendoim-planta_1770655533566-750x422.jpg 750w, https:\/\/www.em.com.br\/emfoco\/wp-content\/uploads\/2026\/02\/amendoim-planta_1770655533566-1140x641.jpg 1140w, https:\/\/www.em.com.br\/emfoco\/wp-content\/uploads\/2026\/02\/amendoim-planta_1770655533566.jpg 1280w\" sizes=\"auto, (max-width: 1024px) 100vw, 1024px\" \/><figcaption class=\"wp-element-caption\">O equil\u00edbrio diet\u00e9tico \u00e9 o verdadeiro segredo para extrair o melhor que a natureza oferece sem causar excessos cal\u00f3ricos desnecess\u00e1rios- Cr\u00e9ditos: depositphotos.com \/ kolesnikov555<\/figcaption><\/figure><\/div>\n\n\n<h2 class=\"wp-block-heading\">Escolha por\u00e7\u00f5es adequadas para sua dieta<\/h2>\n\n\n\n<p>O equil\u00edbrio diet\u00e9tico \u00e9 o verdadeiro segredo para extrair o melhor que a natureza oferece sem causar excessos cal\u00f3ricos desnecess\u00e1rios. Prefira sempre as op\u00e7\u00f5es torradas sem adi\u00e7\u00e3o de sal refinado ou a\u00e7\u00facares industriais que prejudicam a sua sa\u00fade a longo prazo. Seu organismo sentir\u00e1 os <strong>efeitos positivos<\/strong> de uma escolha consciente, equilibrada e focada em resultados reais de bem-estar.<\/p>\n\n\n\n<p>Varie as formas de preparo culin\u00e1rio para manter o interesse constante por esse alimento t\u00e3o vers\u00e1til, crocante e saboroso. Use a pasta integral em frutas frescas ou adicione os gr\u00e3os inteiros em saladas coloridas, nutritivas e muito ricas. O foco total na <strong>qualidade alimentar<\/strong> garantir\u00e1 um organismo muito mais forte, resiliente e pronto para os desafios di\u00e1rios.<\/p>\n","protected":false},"excerpt":{"rendered":"<p>Muitos indiv\u00edduos ignoram o potencial nutritivo guardado em pequenas cascas quebradi\u00e7as durante o lanche da tarde. Conhecer os benef\u00edcios do amendoim pode mudar completamente a forma como voc\u00ea planeja sua dieta semanal para obter mais vigor. Como os benef\u00edcios do amendoim transformam a rotina O consumo dessa leguminosa fornece uma carga densa de nutrientes que [&hellip;]<\/p>\n","protected":false},"author":9,"featured_media":202099,"comment_status":"open","ping_status":"open","sticky":false,"template":"","format":"standard","meta":{"jnews-multi-image_gallery":[],"jnews_single_post":{"format":"standard"},"jnews_primary_category":[],"jnews_social_meta":[],"jnews_override_counter":[],"footnotes":""},"categories":[8691,29],"tags":[911,29043,8630],"class_list":["post-201886","post","type-post","status-publish","format-standard","has-post-thumbnail","hentry","category-bem-estar","category-entretenimento","tag-alimentacao-saudavel","tag-ganho-muscular","tag-saude-do-coracao"],"yoast_head":"<!-- This site is optimized with the Yoast SEO plugin v23.8 - https:\/\/yoast.com\/wordpress\/plugins\/seo\/ -->\n<title>Estas 3 subst\u00e2ncias presentes na casca do amendoim ajudam no ganho de massa magra de forma natural - Estado de Minas - Em foco<\/title>\n<meta name=\"description\" content=\"Pequenos gr\u00e3os podem esconder segredos valiosos para quem deseja melhorar a vitalidade f\u00edsica. Os benef\u00edcios do amendoim s\u00e3o surpreendentes.\" \/>\n<meta name=\"robots\" content=\"index, follow, max-snippet:-1, max-image-preview:large, max-video-preview:-1\" \/>\n<link rel=\"canonical\" href=\"https:\/\/www.em.com.br\/emfoco\/2026\/05\/01\/estas-3-substancias-presentes-na-casca-do-amendoim-ajudam-no-ganho-de-massa-magra-de-forma-natural\/\" \/>\n<meta property=\"og:locale\" content=\"pt_BR\" \/>\n<meta property=\"og:type\" content=\"article\" \/>\n<meta property=\"og:title\" content=\"Estas 3 subst\u00e2ncias presentes na casca do amendoim ajudam no ganho de massa magra de forma natural - Estado de Minas - Em foco\" \/>\n<meta property=\"og:description\" content=\"Pequenos gr\u00e3os podem esconder segredos valiosos para quem deseja melhorar a vitalidade f\u00edsica. Os benef\u00edcios do amendoim s\u00e3o surpreendentes.\" \/>\n<meta property=\"og:url\" content=\"https:\/\/www.em.com.br\/emfoco\/2026\/05\/01\/estas-3-substancias-presentes-na-casca-do-amendoim-ajudam-no-ganho-de-massa-magra-de-forma-natural\/\" \/>\n<meta property=\"og:site_name\" content=\"Estado de Minas - Em foco\" \/>\n<meta property=\"article:published_time\" content=\"2026-05-01T15:05:00+00:00\" \/>\n<meta property=\"article:modified_time\" content=\"2026-04-30T19:10:39+00:00\" \/>\n<meta property=\"og:image\" content=\"https:\/\/www.em.com.br\/emfoco\/wp-content\/uploads\/2026\/05\/EmFoco_30.jpg\" \/>\n\t<meta property=\"og:image:width\" content=\"1280\" \/>\n\t<meta property=\"og:image:height\" content=\"720\" \/>\n\t<meta property=\"og:image:type\" content=\"image\/jpeg\" \/>\n<meta name=\"author\" content=\"Daniely Cardoso\" \/>\n<meta name=\"twitter:card\" content=\"summary_large_image\" \/>\n<meta name=\"twitter:label1\" content=\"Escrito por\" \/>\n\t<meta name=\"twitter:data1\" content=\"Daniely Cardoso\" \/>\n\t<meta name=\"twitter:label2\" content=\"Est. tempo de leitura\" \/>\n\t<meta name=\"twitter:data2\" content=\"6 minutos\" \/>\n<!-- \/ Yoast SEO plugin. -->","yoast_head_json":{"title":"Estas 3 subst\u00e2ncias presentes na casca do amendoim ajudam no ganho de massa magra de forma natural - Estado de Minas - Em foco","description":"Pequenos gr\u00e3os podem esconder segredos valiosos para quem deseja melhorar a vitalidade f\u00edsica. Os benef\u00edcios do amendoim s\u00e3o surpreendentes.","robots":{"index":"index","follow":"follow","max-snippet":"max-snippet:-1","max-image-preview":"max-image-preview:large","max-video-preview":"max-video-preview:-1"},"canonical":"https:\/\/www.em.com.br\/emfoco\/2026\/05\/01\/estas-3-substancias-presentes-na-casca-do-amendoim-ajudam-no-ganho-de-massa-magra-de-forma-natural\/","og_locale":"pt_BR","og_type":"article","og_title":"Estas 3 subst\u00e2ncias presentes na casca do amendoim ajudam no ganho de massa magra de forma natural - Estado de Minas - Em foco","og_description":"Pequenos gr\u00e3os podem esconder segredos valiosos para quem deseja melhorar a vitalidade f\u00edsica. Os benef\u00edcios do amendoim s\u00e3o surpreendentes.","og_url":"https:\/\/www.em.com.br\/emfoco\/2026\/05\/01\/estas-3-substancias-presentes-na-casca-do-amendoim-ajudam-no-ganho-de-massa-magra-de-forma-natural\/","og_site_name":"Estado de Minas - Em foco","article_published_time":"2026-05-01T15:05:00+00:00","article_modified_time":"2026-04-30T19:10:39+00:00","og_image":[{"width":1280,"height":720,"url":"https:\/\/www.em.com.br\/emfoco\/wp-content\/uploads\/2026\/05\/EmFoco_30.jpg","type":"image\/jpeg"}],"author":"Daniely Cardoso","twitter_card":"summary_large_image","twitter_misc":{"Escrito por":"Daniely Cardoso","Est. tempo de leitura":"6 minutos"},"schema":{"@context":"https:\/\/schema.org","@graph":[{"@type":"WebPage","@id":"https:\/\/www.em.com.br\/emfoco\/2026\/05\/01\/estas-3-substancias-presentes-na-casca-do-amendoim-ajudam-no-ganho-de-massa-magra-de-forma-natural\/","url":"https:\/\/www.em.com.br\/emfoco\/2026\/05\/01\/estas-3-substancias-presentes-na-casca-do-amendoim-ajudam-no-ganho-de-massa-magra-de-forma-natural\/","name":"Estas 3 subst\u00e2ncias presentes na casca do amendoim ajudam no ganho de massa magra de forma natural - Estado de Minas - Em foco","isPartOf":{"@id":"https:\/\/www.em.com.br\/emfoco\/#website"},"primaryImageOfPage":{"@id":"https:\/\/www.em.com.br\/emfoco\/2026\/05\/01\/estas-3-substancias-presentes-na-casca-do-amendoim-ajudam-no-ganho-de-massa-magra-de-forma-natural\/#primaryimage"},"image":{"@id":"https:\/\/www.em.com.br\/emfoco\/2026\/05\/01\/estas-3-substancias-presentes-na-casca-do-amendoim-ajudam-no-ganho-de-massa-magra-de-forma-natural\/#primaryimage"},"thumbnailUrl":"https:\/\/www.em.com.br\/emfoco\/wp-content\/uploads\/2026\/05\/EmFoco_30.jpg","datePublished":"2026-05-01T15:05:00+00:00","dateModified":"2026-04-30T19:10:39+00:00","author":{"@id":"https:\/\/www.em.com.br\/emfoco\/#\/schema\/person\/0a8186d72f2c3a5c6276d90b41f271a0"},"description":"Pequenos gr\u00e3os podem esconder segredos valiosos para quem deseja melhorar a vitalidade f\u00edsica. Os benef\u00edcios do amendoim s\u00e3o surpreendentes.","breadcrumb":{"@id":"https:\/\/www.em.com.br\/emfoco\/2026\/05\/01\/estas-3-substancias-presentes-na-casca-do-amendoim-ajudam-no-ganho-de-massa-magra-de-forma-natural\/#breadcrumb"},"inLanguage":"pt-BR","potentialAction":[{"@type":"ReadAction","target":["https:\/\/www.em.com.br\/emfoco\/2026\/05\/01\/estas-3-substancias-presentes-na-casca-do-amendoim-ajudam-no-ganho-de-massa-magra-de-forma-natural\/"]}]},{"@type":"ImageObject","inLanguage":"pt-BR","@id":"https:\/\/www.em.com.br\/emfoco\/2026\/05\/01\/estas-3-substancias-presentes-na-casca-do-amendoim-ajudam-no-ganho-de-massa-magra-de-forma-natural\/#primaryimage","url":"https:\/\/www.em.com.br\/emfoco\/wp-content\/uploads\/2026\/05\/EmFoco_30.jpg","contentUrl":"https:\/\/www.em.com.br\/emfoco\/wp-content\/uploads\/2026\/05\/EmFoco_30.jpg","width":1280,"height":720,"caption":"Leguminosa densa fornece nutrientes essenciais para vigor f\u00edsico e sa\u00fade metab\u00f3lica di\u00e1ria"},{"@type":"BreadcrumbList","@id":"https:\/\/www.em.com.br\/emfoco\/2026\/05\/01\/estas-3-substancias-presentes-na-casca-do-amendoim-ajudam-no-ganho-de-massa-magra-de-forma-natural\/#breadcrumb","itemListElement":[{"@type":"ListItem","position":1,"name":"In\u00edcio","item":"https:\/\/www.em.com.br\/emfoco\/"},{"@type":"ListItem","position":2,"name":"Estas 3 subst\u00e2ncias presentes na casca do amendoim ajudam no ganho de massa magra de forma natural"}]},{"@type":"WebSite","@id":"https:\/\/www.em.com.br\/emfoco\/#website","url":"https:\/\/www.em.com.br\/emfoco\/","name":"Estado de Minas - Em foco","description":"Acompanhe as \u00faltimas not\u00edcias e fique bem informado sobre tudo o que acontece em Minas Gerais, Brasil e no mundo.","potentialAction":[{"@type":"SearchAction","target":{"@type":"EntryPoint","urlTemplate":"https:\/\/www.em.com.br\/emfoco\/?s={search_term_string}"},"query-input":{"@type":"PropertyValueSpecification","valueRequired":true,"valueName":"search_term_string"}}],"inLanguage":"pt-BR"},{"@type":"Person","@id":"https:\/\/www.em.com.br\/emfoco\/#\/schema\/person\/0a8186d72f2c3a5c6276d90b41f271a0","name":"Daniely Cardoso","image":{"@type":"ImageObject","inLanguage":"pt-BR","@id":"https:\/\/www.em.com.br\/emfoco\/#\/schema\/person\/image\/","url":"https:\/\/secure.gravatar.com\/avatar\/4b80ddbd124d1f071b626d52d62e5dff?s=96&d=mm&r=g","contentUrl":"https:\/\/secure.gravatar.com\/avatar\/4b80ddbd124d1f071b626d52d62e5dff?s=96&d=mm&r=g","caption":"Daniely Cardoso"},"url":"https:\/\/www.em.com.br\/emfoco\/author\/danielymyth\/"}]}},"_links":{"self":[{"href":"https:\/\/www.em.com.br\/emfoco\/wp-json\/wp\/v2\/posts\/201886","targetHints":{"allow":["GET"]}}],"collection":[{"href":"https:\/\/www.em.com.br\/emfoco\/wp-json\/wp\/v2\/posts"}],"about":[{"href":"https:\/\/www.em.com.br\/emfoco\/wp-json\/wp\/v2\/types\/post"}],"author":[{"embeddable":true,"href":"https:\/\/www.em.com.br\/emfoco\/wp-json\/wp\/v2\/users\/9"}],"replies":[{"embeddable":true,"href":"https:\/\/www.em.com.br\/emfoco\/wp-json\/wp\/v2\/comments?post=201886"}],"version-history":[{"count":1,"href":"https:\/\/www.em.com.br\/emfoco\/wp-json\/wp\/v2\/posts\/201886\/revisions"}],"predecessor-version":[{"id":201891,"href":"https:\/\/www.em.com.br\/emfoco\/wp-json\/wp\/v2\/posts\/201886\/revisions\/201891"}],"wp:featuredmedia":[{"embeddable":true,"href":"https:\/\/www.em.com.br\/emfoco\/wp-json\/wp\/v2\/media\/202099"}],"wp:attachment":[{"href":"https:\/\/www.em.com.br\/emfoco\/wp-json\/wp\/v2\/media?parent=201886"}],"wp:term":[{"taxonomy":"category","embeddable":true,"href":"https:\/\/www.em.com.br\/emfoco\/wp-json\/wp\/v2\/categories?post=201886"},{"taxonomy":"post_tag","embeddable":true,"href":"https:\/\/www.em.com.br\/emfoco\/wp-json\/wp\/v2\/tags?post=201886"}],"curies":[{"name":"wp","href":"https:\/\/api.w.org\/{rel}","templated":true}]}}