{"id":201879,"date":"2026-05-01T06:25:00","date_gmt":"2026-05-01T09:25:00","guid":{"rendered":"https:\/\/www.em.com.br\/emfoco\/?p=201879"},"modified":"2026-04-30T16:10:02","modified_gmt":"2026-04-30T19:10:02","slug":"a-fruta-que-ajuda-a-relaxar-o-sistema-nervoso-e-melhorar-seu-sono","status":"publish","type":"post","link":"https:\/\/www.em.com.br\/emfoco\/2026\/05\/01\/a-fruta-que-ajuda-a-relaxar-o-sistema-nervoso-e-melhorar-seu-sono\/","title":{"rendered":"A fruta que ajuda a relaxar o sistema nervoso e melhorar seu sono"},"content":{"rendered":"\n<p>Muitas pessoas buscam alternativas naturais para fortalecer o organismo e encontram nos <strong>benef\u00edcios da graviola<\/strong> uma fonte poderosa de nutrientes. Essa fruta de casca espinhosa esconde segredos valiosos que podem transformar sua rotina de bem-estar de maneiras surpreendentes.<\/p>\n\n\n\n<h2 class=\"wp-block-heading\">Potencial nutritivo para a sa\u00fade di\u00e1ria<\/h2>\n\n\n\n<p>Muitas pessoas desconhecem a riqueza vitam\u00ednica presente nesta fruta verde e espinhosa de origem tropical para o cotidiano. O consumo regular oferece suporte para diversas fun\u00e7\u00f5es biol\u00f3gicas fundamentais que garantem o <strong>equil\u00edbrio sist\u00eamico<\/strong> do organismo humano. Adotar esse h\u00e1bito alimentar pode ser a chave principal para manter uma <strong>vida vibrante<\/strong> e ativa.<\/p>\n\n\n\n<p>A presen\u00e7a de fibras ajuda a manter o corpo funcionando em um ritmo constante e bastante saud\u00e1vel. Al\u00e9m disso, os minerais encontrados na polpa favorecem a sa\u00fade dos ossos e dentes de forma totalmente natural. Escolher alimentos frescos e sazonais \u00e9 sempre uma <strong>decis\u00e3o inteligente<\/strong> para garantir longevidade e vigor f\u00edsico.<\/p>\n\n\n<div class=\"wp-block-image\">\n<figure class=\"aligncenter size-large\"><img loading=\"lazy\" decoding=\"async\" width=\"1024\" height=\"576\" src=\"https:\/\/www.em.com.br\/emfoco\/wp-content\/uploads\/2026\/04\/beneficios-da-graviola-1024x576.jpg\" alt=\"benef\u00edcios da graviola\" class=\"wp-image-201884\" srcset=\"https:\/\/www.em.com.br\/emfoco\/wp-content\/uploads\/2026\/04\/beneficios-da-graviola-1024x576.jpg 1024w, https:\/\/www.em.com.br\/emfoco\/wp-content\/uploads\/2026\/04\/beneficios-da-graviola-300x169.jpg 300w, https:\/\/www.em.com.br\/emfoco\/wp-content\/uploads\/2026\/04\/beneficios-da-graviola-768x432.jpg 768w, https:\/\/www.em.com.br\/emfoco\/wp-content\/uploads\/2026\/04\/beneficios-da-graviola-750x422.jpg 750w, https:\/\/www.em.com.br\/emfoco\/wp-content\/uploads\/2026\/04\/beneficios-da-graviola-1140x641.jpg 1140w, https:\/\/www.em.com.br\/emfoco\/wp-content\/uploads\/2026\/04\/beneficios-da-graviola.jpg 1280w\" sizes=\"auto, (max-width: 1024px) 100vw, 1024px\" \/><figcaption class=\"wp-element-caption\">A presen\u00e7a de fibras ajuda a manter o corpo funcionando em um ritmo constante e bastante saud\u00e1vel<\/figcaption><\/figure><\/div>\n\n\n<p>Leia tamb\u00e9m: <a href=\"https:\/\/www.em.com.br\/emfoco\/2026\/03\/17\/as-frutas-poderosas-que-funcionam-como-aliadas-naturais-para-proteger-seus-rins\/\" target=\"_blank\" rel=\"noreferrer noopener\">As frutas poderosas que funcionam como aliadas naturais para proteger seus rins<\/a><\/p>\n\n\n\n<h2 class=\"wp-block-heading\">Como a fruta ajuda no sistema imunol\u00f3gico<\/h2>\n\n\n\n<p>A ingest\u00e3o regular contribui para uma barreira defensiva mais robusta contra agentes externos prejudiciais que circulam nos ambientes. Os componentes vitam\u00ednicos agem rapidamente para fortalecer as <strong>c\u00e9lulas de defesa<\/strong> naturais presentes na corrente sangu\u00ednea. Manter n\u00edveis adequados desses nutrientes ajuda a evitar <strong>gripes recorrentes<\/strong> e epis\u00f3dios de fadiga excessiva.<\/p>\n\n\n\n<p>As subst\u00e2ncias antioxidantes combatem os radicais livres que tentam danificar as estruturas celulares saud\u00e1veis do seu corpo. Incorporar esse alimento no caf\u00e9 da manh\u00e3 promove uma dose extra de <strong>energia vital<\/strong> para enfrentar as tarefas. Os minerais presentes tamb\u00e9m favorecem a <strong>regenera\u00e7\u00e3o celular<\/strong> constante que o corpo necessita para funcionar bem.<\/p>\n\n\n\n<h2 class=\"wp-block-heading\">O papel da semente no controle da inflama\u00e7\u00e3o<\/h2>\n\n\n\n<p>Estudos indicam que partes menos \u00f3bvias do fruto possuem propriedades analg\u00e9sicas naturais bastante interessantes para o consumo moderado. O uso de extratos vegetais espec\u00edficos auxilia na redu\u00e7\u00e3o significativa de <strong>dores articulares<\/strong> e incha\u00e7os inc\u00f4modos nas extremidades. Essas mol\u00e9culas atuam diretamente nos focos inflamat\u00f3rios para promover um <strong>al\u00edvio duradouro<\/strong> e natural.<\/p>\n\n\n\n<p>Profissionais de sa\u00fade observam como a natureza oferece solu\u00e7\u00f5es eficazes para problemas cr\u00f4nicos de mobilidade e vitalidade. Diversos pacientes relatam melhora na <strong>flexibilidade corporal<\/strong> ap\u00f3s adotarem h\u00e1bitos alimentares repletos de frutas verdes. O equil\u00edbrio interno depende da escolha de <strong>alimentos funcionais<\/strong> que protegem os tecidos sens\u00edveis do organismo.<\/p>\n\n\n\n<p>Para voc\u00ea que gosta de se cuidar, separamos um v\u00eddeo do canal da <a href=\"https:\/\/www.youtube.com\/@NutricionistaPatriciaLeite\" target=\"_blank\" rel=\"noreferrer noopener\">Nutricionista Patricia Leite<\/a> com dicas de consumo e benef\u00edcios da graviola:<\/p>\n\n\n\n<figure class=\"wp-block-embed is-type-video is-provider-youtube wp-block-embed-youtube wp-embed-aspect-16-9 wp-has-aspect-ratio\"><div class=\"wp-block-embed__wrapper\">\n<div class=\"jeg_video_container jeg_video_content\"><iframe loading=\"lazy\" title=\"Benef\u00edcios da GRAVIOLA para SA\u00daDE e BOA FORMA - Para Que Serve e Dicas\" width=\"500\" height=\"281\" src=\"https:\/\/www.youtube.com\/embed\/HAIX4ScBhRU?feature=oembed\" frameborder=\"0\" allow=\"accelerometer; autoplay; clipboard-write; encrypted-media; gyroscope; picture-in-picture; web-share\" referrerpolicy=\"strict-origin-when-cross-origin\" allowfullscreen><\/iframe><\/div>\n<\/div><\/figure>\n\n\n\n<h2 class=\"wp-block-heading\">Por que os benef\u00edcios da graviola auxiliam na digest\u00e3o<\/h2>\n\n\n\n<p>O trato intestinal funciona muito melhor quando recebe a carga correta de fibras sol\u00faveis presentes neste fruto. Notar os <strong>benef\u00edcios da graviola<\/strong> na regula\u00e7\u00e3o do fluxo digestivo \u00e9 um dos primeiros sinais de mudan\u00e7a positiva. Esse processo evita a sensa\u00e7\u00e3o de <strong>estufamento abdominal<\/strong> e garante um tr\u00e2nsito intestinal muito mais regular.<\/p>\n\n\n\n<p>A hidrata\u00e7\u00e3o fornecida pela polpa tamb\u00e9m \u00e9 um fator determinante para o bom funcionamento g\u00e1strico e renal. Beber sucos naturais sem adi\u00e7\u00e3o de a\u00e7\u00facares potencializa a absor\u00e7\u00e3o de <strong>vitaminas essenciais<\/strong> pelo est\u00f4mago. Seguir essa pr\u00e1tica alimentar ajuda na <strong>desintoxica\u00e7\u00e3o natural<\/strong> necess\u00e1ria para manter a leveza durante o dia.<\/p>\n\n\n\n<h2 class=\"wp-block-heading\">Efeito calmante e melhora na qualidade do sono<\/h2>\n\n\n\n<p>Existem compostos espec\u00edficos na planta que ajudam a relaxar o sistema nervoso central durante o per\u00edodo da noite. Muitas pessoas sofrem com noites mal dormidas e buscam no ch\u00e1 das folhas um aliado para descansar. Essa bebida milenar proporciona uma sensa\u00e7\u00e3o de <strong>tranquilidade profunda<\/strong> antes do repouso necess\u00e1rio para a mente.<\/p>\n\n\n\n<p>Os itens listados abaixo representam as raz\u00f5es principais pelas quais esse efeito relaxante ocorre de forma eficaz no seu organismo:<\/p>\n\n\n\n<ul class=\"wp-block-list\">\n<li>Presen\u00e7a de triptofano que auxilia na s\u00edntese da <strong>serotonina relaxante<\/strong> natural.<\/li>\n\n\n\n<li>A\u00e7\u00e3o sedativa leve que ajuda a reduzir o <strong>estresse di\u00e1rio<\/strong> acumulado.<\/li>\n\n\n\n<li>Controle da press\u00e3o arterial que favorece o <strong>descanso muscular<\/strong> completo.<\/li>\n<\/ul>\n\n\n\n<figure class=\"wp-block-embed is-type-rich is-provider-pinterest wp-block-embed-pinterest\"><div class=\"wp-block-embed__wrapper\">\n<iframe loading=\"lazy\" title=\"Esse s\u00e3o os motivos deste ch\u00e1 ser t\u00e3o poderoso: graviola\" src=\"https:\/\/assets.pinterest.com\/ext\/embed.html?id=3799980930130017&#038;src=oembed\" height=\"899\" width=\"450\" frameborder=\"0\" scrolling=\"no\" ><\/iframe>\n<\/div><\/figure>\n\n\n\n<h2 class=\"wp-block-heading\">Conhe\u00e7a os principais benef\u00edcios da graviola para a pele<\/h2>\n\n\n\n<p>A beleza externa reflete diretamente o estado de sa\u00fade dos \u00f3rg\u00e3os internos e da circula\u00e7\u00e3o sangu\u00ednea. Ao aproveitar os <strong>benef\u00edcios da graviola<\/strong>, voc\u00ea fornece ao rosto componentes que combatem o envelhecimento celular precoce. As propriedades antimicrobianas auxiliam na manuten\u00e7\u00e3o de uma <strong>pele limpa<\/strong> e livre de marcas indesejadas.<\/p>\n\n\n\n<p>A vitamina C atua na forma\u00e7\u00e3o de prote\u00ednas que mant\u00eam a sustenta\u00e7\u00e3o do tecido epitelial por muitos anos. Aplicar m\u00e1scaras naturais ou manter a ingest\u00e3o adequada garante um <strong>brilho saud\u00e1vel<\/strong> em todas as esta\u00e7\u00f5es. O uso cont\u00ednuo ajuda a proteger as c\u00e9lulas contra a <strong>oxida\u00e7\u00e3o externa<\/strong> causada pela polui\u00e7\u00e3o urbana.<\/p>\n\n\n<div class=\"wp-block-image\">\n<figure class=\"aligncenter size-large\"><img loading=\"lazy\" decoding=\"async\" width=\"1024\" height=\"576\" src=\"https:\/\/www.em.com.br\/emfoco\/wp-content\/uploads\/2026\/03\/Gemini_Generated_Image_bw3tx5bw3tx5bw3t-1-1024x576.png\" alt=\"benef\u00edcios da graviola\" class=\"wp-image-179466\" srcset=\"https:\/\/www.em.com.br\/emfoco\/wp-content\/uploads\/2026\/03\/Gemini_Generated_Image_bw3tx5bw3tx5bw3t-1-1024x576.png 1024w, https:\/\/www.em.com.br\/emfoco\/wp-content\/uploads\/2026\/03\/Gemini_Generated_Image_bw3tx5bw3tx5bw3t-1-300x169.png 300w, https:\/\/www.em.com.br\/emfoco\/wp-content\/uploads\/2026\/03\/Gemini_Generated_Image_bw3tx5bw3tx5bw3t-1-768x432.png 768w, https:\/\/www.em.com.br\/emfoco\/wp-content\/uploads\/2026\/03\/Gemini_Generated_Image_bw3tx5bw3tx5bw3t-1-750x422.png 750w, https:\/\/www.em.com.br\/emfoco\/wp-content\/uploads\/2026\/03\/Gemini_Generated_Image_bw3tx5bw3tx5bw3t-1-1140x641.png 1140w, https:\/\/www.em.com.br\/emfoco\/wp-content\/uploads\/2026\/03\/Gemini_Generated_Image_bw3tx5bw3tx5bw3t-1.png 1280w\" sizes=\"auto, (max-width: 1024px) 100vw, 1024px\" \/><figcaption class=\"wp-element-caption\">A vitamina C atua na forma\u00e7\u00e3o de prote\u00ednas que mant\u00eam a sustenta\u00e7\u00e3o do tecido epitelial por muitos anos<\/figcaption><\/figure><\/div>\n\n\n<h2 class=\"wp-block-heading\">Formas de aproveitar os benef\u00edcios da graviola na cozinha<\/h2>\n\n\n\n<p>Preparar receitas variadas impede que a dieta se torne mon\u00f3tona ou dif\u00edcil de manter no seu cotidiano. Misturar a fruta com iogurte desnatado cria um lanche rico em <strong>prote\u00ednas e fibras<\/strong> muito saciantes. Essa combina\u00e7\u00e3o mant\u00e9m a <strong>saciedade prolongada<\/strong> e evita beliscos desnecess\u00e1rios entre as refei\u00e7\u00f5es principais do dia.<\/p>\n\n\n\n<p>A versatilidade do fruto permite criar sobremesas leves que satisfazem a vontade de comer doces muito cal\u00f3ricos. Experimente bater a fruta congelada com um pouco de \u00e1gua para obter um <strong>sorbet refrescante<\/strong> e leve. Essa \u00e9 uma maneira pr\u00e1tica de garantir <strong>nutrientes valiosos<\/strong> sem abrir m\u00e3o do prazer de comer.<\/p>\n","protected":false},"excerpt":{"rendered":"<p>Muitas pessoas buscam alternativas naturais para fortalecer o organismo e encontram nos benef\u00edcios da graviola uma fonte poderosa de nutrientes. Essa fruta de casca espinhosa esconde segredos valiosos que podem transformar sua rotina de bem-estar de maneiras surpreendentes. Potencial nutritivo para a sa\u00fade di\u00e1ria Muitas pessoas desconhecem a riqueza vitam\u00ednica presente nesta fruta verde e [&hellip;]<\/p>\n","protected":false},"author":9,"featured_media":202102,"comment_status":"open","ping_status":"open","sticky":false,"template":"","format":"standard","meta":{"jnews-multi-image_gallery":[],"jnews_single_post":{"format":"standard"},"jnews_primary_category":[],"jnews_social_meta":[],"jnews_override_counter":[],"footnotes":""},"categories":[8691,29],"tags":[911,14339,6632],"class_list":["post-201879","post","type-post","status-publish","format-standard","has-post-thumbnail","hentry","category-bem-estar","category-entretenimento","tag-alimentacao-saudavel","tag-graviola","tag-saude-natural"],"yoast_head":"<!-- This site is optimized with the Yoast SEO plugin v23.8 - https:\/\/yoast.com\/wordpress\/plugins\/seo\/ -->\n<title>A fruta que ajuda a relaxar o sistema nervoso e melhorar seu sono - Estado de Minas - Em foco<\/title>\n<meta name=\"description\" content=\"Quer saber como uma fruta tropical pode transformar seu bem-estar f\u00edsico? Os benef\u00edcios da graviola escondem segredos para o seu corpo.\" \/>\n<meta name=\"robots\" content=\"index, follow, max-snippet:-1, max-image-preview:large, max-video-preview:-1\" \/>\n<link rel=\"canonical\" href=\"https:\/\/www.em.com.br\/emfoco\/2026\/05\/01\/a-fruta-que-ajuda-a-relaxar-o-sistema-nervoso-e-melhorar-seu-sono\/\" \/>\n<meta property=\"og:locale\" content=\"pt_BR\" \/>\n<meta property=\"og:type\" content=\"article\" \/>\n<meta property=\"og:title\" content=\"A fruta que ajuda a relaxar o sistema nervoso e melhorar seu sono - Estado de Minas - Em foco\" \/>\n<meta property=\"og:description\" content=\"Quer saber como uma fruta tropical pode transformar seu bem-estar f\u00edsico? Os benef\u00edcios da graviola escondem segredos para o seu corpo.\" \/>\n<meta property=\"og:url\" content=\"https:\/\/www.em.com.br\/emfoco\/2026\/05\/01\/a-fruta-que-ajuda-a-relaxar-o-sistema-nervoso-e-melhorar-seu-sono\/\" \/>\n<meta property=\"og:site_name\" content=\"Estado de Minas - Em foco\" \/>\n<meta property=\"article:published_time\" content=\"2026-05-01T09:25:00+00:00\" \/>\n<meta property=\"article:modified_time\" content=\"2026-04-30T19:10:02+00:00\" \/>\n<meta property=\"og:image\" content=\"https:\/\/www.em.com.br\/emfoco\/wp-content\/uploads\/2026\/05\/EmFoco_27.jpg\" \/>\n\t<meta property=\"og:image:width\" content=\"1280\" \/>\n\t<meta property=\"og:image:height\" content=\"720\" \/>\n\t<meta property=\"og:image:type\" content=\"image\/jpeg\" \/>\n<meta name=\"author\" content=\"Daniely Cardoso\" \/>\n<meta name=\"twitter:card\" content=\"summary_large_image\" \/>\n<meta name=\"twitter:label1\" content=\"Escrito por\" \/>\n\t<meta name=\"twitter:data1\" content=\"Daniely Cardoso\" \/>\n\t<meta name=\"twitter:label2\" content=\"Est. tempo de leitura\" \/>\n\t<meta name=\"twitter:data2\" content=\"6 minutos\" \/>\n<!-- \/ Yoast SEO plugin. -->","yoast_head_json":{"title":"A fruta que ajuda a relaxar o sistema nervoso e melhorar seu sono - Estado de Minas - Em foco","description":"Quer saber como uma fruta tropical pode transformar seu bem-estar f\u00edsico? Os benef\u00edcios da graviola escondem segredos para o seu corpo.","robots":{"index":"index","follow":"follow","max-snippet":"max-snippet:-1","max-image-preview":"max-image-preview:large","max-video-preview":"max-video-preview:-1"},"canonical":"https:\/\/www.em.com.br\/emfoco\/2026\/05\/01\/a-fruta-que-ajuda-a-relaxar-o-sistema-nervoso-e-melhorar-seu-sono\/","og_locale":"pt_BR","og_type":"article","og_title":"A fruta que ajuda a relaxar o sistema nervoso e melhorar seu sono - Estado de Minas - Em foco","og_description":"Quer saber como uma fruta tropical pode transformar seu bem-estar f\u00edsico? Os benef\u00edcios da graviola escondem segredos para o seu corpo.","og_url":"https:\/\/www.em.com.br\/emfoco\/2026\/05\/01\/a-fruta-que-ajuda-a-relaxar-o-sistema-nervoso-e-melhorar-seu-sono\/","og_site_name":"Estado de Minas - Em foco","article_published_time":"2026-05-01T09:25:00+00:00","article_modified_time":"2026-04-30T19:10:02+00:00","og_image":[{"width":1280,"height":720,"url":"https:\/\/www.em.com.br\/emfoco\/wp-content\/uploads\/2026\/05\/EmFoco_27.jpg","type":"image\/jpeg"}],"author":"Daniely Cardoso","twitter_card":"summary_large_image","twitter_misc":{"Escrito por":"Daniely Cardoso","Est. tempo de leitura":"6 minutos"},"schema":{"@context":"https:\/\/schema.org","@graph":[{"@type":"WebPage","@id":"https:\/\/www.em.com.br\/emfoco\/2026\/05\/01\/a-fruta-que-ajuda-a-relaxar-o-sistema-nervoso-e-melhorar-seu-sono\/","url":"https:\/\/www.em.com.br\/emfoco\/2026\/05\/01\/a-fruta-que-ajuda-a-relaxar-o-sistema-nervoso-e-melhorar-seu-sono\/","name":"A fruta que ajuda a relaxar o sistema nervoso e melhorar seu sono - Estado de Minas - Em foco","isPartOf":{"@id":"https:\/\/www.em.com.br\/emfoco\/#website"},"primaryImageOfPage":{"@id":"https:\/\/www.em.com.br\/emfoco\/2026\/05\/01\/a-fruta-que-ajuda-a-relaxar-o-sistema-nervoso-e-melhorar-seu-sono\/#primaryimage"},"image":{"@id":"https:\/\/www.em.com.br\/emfoco\/2026\/05\/01\/a-fruta-que-ajuda-a-relaxar-o-sistema-nervoso-e-melhorar-seu-sono\/#primaryimage"},"thumbnailUrl":"https:\/\/www.em.com.br\/emfoco\/wp-content\/uploads\/2026\/05\/EmFoco_27.jpg","datePublished":"2026-05-01T09:25:00+00:00","dateModified":"2026-04-30T19:10:02+00:00","author":{"@id":"https:\/\/www.em.com.br\/emfoco\/#\/schema\/person\/0a8186d72f2c3a5c6276d90b41f271a0"},"description":"Quer saber como uma fruta tropical pode transformar seu bem-estar f\u00edsico? Os benef\u00edcios da graviola escondem segredos para o seu corpo.","breadcrumb":{"@id":"https:\/\/www.em.com.br\/emfoco\/2026\/05\/01\/a-fruta-que-ajuda-a-relaxar-o-sistema-nervoso-e-melhorar-seu-sono\/#breadcrumb"},"inLanguage":"pt-BR","potentialAction":[{"@type":"ReadAction","target":["https:\/\/www.em.com.br\/emfoco\/2026\/05\/01\/a-fruta-que-ajuda-a-relaxar-o-sistema-nervoso-e-melhorar-seu-sono\/"]}]},{"@type":"ImageObject","inLanguage":"pt-BR","@id":"https:\/\/www.em.com.br\/emfoco\/2026\/05\/01\/a-fruta-que-ajuda-a-relaxar-o-sistema-nervoso-e-melhorar-seu-sono\/#primaryimage","url":"https:\/\/www.em.com.br\/emfoco\/wp-content\/uploads\/2026\/05\/EmFoco_27.jpg","contentUrl":"https:\/\/www.em.com.br\/emfoco\/wp-content\/uploads\/2026\/05\/EmFoco_27.jpg","width":1280,"height":720,"caption":"Fruta tropical fortalece imunidade e promove equil\u00edbrio sist\u00eamico atrav\u00e9s de nutrientes naturais"},{"@type":"BreadcrumbList","@id":"https:\/\/www.em.com.br\/emfoco\/2026\/05\/01\/a-fruta-que-ajuda-a-relaxar-o-sistema-nervoso-e-melhorar-seu-sono\/#breadcrumb","itemListElement":[{"@type":"ListItem","position":1,"name":"In\u00edcio","item":"https:\/\/www.em.com.br\/emfoco\/"},{"@type":"ListItem","position":2,"name":"A fruta que ajuda a relaxar o sistema nervoso e melhorar seu sono"}]},{"@type":"WebSite","@id":"https:\/\/www.em.com.br\/emfoco\/#website","url":"https:\/\/www.em.com.br\/emfoco\/","name":"Estado de Minas - Em foco","description":"Acompanhe as \u00faltimas not\u00edcias e fique bem informado sobre tudo o que acontece em Minas Gerais, Brasil e no mundo.","potentialAction":[{"@type":"SearchAction","target":{"@type":"EntryPoint","urlTemplate":"https:\/\/www.em.com.br\/emfoco\/?s={search_term_string}"},"query-input":{"@type":"PropertyValueSpecification","valueRequired":true,"valueName":"search_term_string"}}],"inLanguage":"pt-BR"},{"@type":"Person","@id":"https:\/\/www.em.com.br\/emfoco\/#\/schema\/person\/0a8186d72f2c3a5c6276d90b41f271a0","name":"Daniely Cardoso","image":{"@type":"ImageObject","inLanguage":"pt-BR","@id":"https:\/\/www.em.com.br\/emfoco\/#\/schema\/person\/image\/","url":"https:\/\/secure.gravatar.com\/avatar\/4b80ddbd124d1f071b626d52d62e5dff?s=96&d=mm&r=g","contentUrl":"https:\/\/secure.gravatar.com\/avatar\/4b80ddbd124d1f071b626d52d62e5dff?s=96&d=mm&r=g","caption":"Daniely Cardoso"},"url":"https:\/\/www.em.com.br\/emfoco\/author\/danielymyth\/"}]}},"_links":{"self":[{"href":"https:\/\/www.em.com.br\/emfoco\/wp-json\/wp\/v2\/posts\/201879","targetHints":{"allow":["GET"]}}],"collection":[{"href":"https:\/\/www.em.com.br\/emfoco\/wp-json\/wp\/v2\/posts"}],"about":[{"href":"https:\/\/www.em.com.br\/emfoco\/wp-json\/wp\/v2\/types\/post"}],"author":[{"embeddable":true,"href":"https:\/\/www.em.com.br\/emfoco\/wp-json\/wp\/v2\/users\/9"}],"replies":[{"embeddable":true,"href":"https:\/\/www.em.com.br\/emfoco\/wp-json\/wp\/v2\/comments?post=201879"}],"version-history":[{"count":1,"href":"https:\/\/www.em.com.br\/emfoco\/wp-json\/wp\/v2\/posts\/201879\/revisions"}],"predecessor-version":[{"id":201885,"href":"https:\/\/www.em.com.br\/emfoco\/wp-json\/wp\/v2\/posts\/201879\/revisions\/201885"}],"wp:featuredmedia":[{"embeddable":true,"href":"https:\/\/www.em.com.br\/emfoco\/wp-json\/wp\/v2\/media\/202102"}],"wp:attachment":[{"href":"https:\/\/www.em.com.br\/emfoco\/wp-json\/wp\/v2\/media?parent=201879"}],"wp:term":[{"taxonomy":"category","embeddable":true,"href":"https:\/\/www.em.com.br\/emfoco\/wp-json\/wp\/v2\/categories?post=201879"},{"taxonomy":"post_tag","embeddable":true,"href":"https:\/\/www.em.com.br\/emfoco\/wp-json\/wp\/v2\/tags?post=201879"}],"curies":[{"name":"wp","href":"https:\/\/api.w.org\/{rel}","templated":true}]}}