{"id":201865,"date":"2026-04-30T07:00:00","date_gmt":"2026-04-30T10:00:00","guid":{"rendered":"https:\/\/www.em.com.br\/emfoco\/?p=201865"},"modified":"2026-04-30T10:10:37","modified_gmt":"2026-04-30T13:10:37","slug":"nem-inseticida-nem-citronela-a-planta-de-r-5-que-afasta-mosquitos-do-quarto-a-noite-toda","status":"publish","type":"post","link":"https:\/\/www.em.com.br\/emfoco\/2026\/04\/30\/nem-inseticida-nem-citronela-a-planta-de-r-5-que-afasta-mosquitos-do-quarto-a-noite-toda\/","title":{"rendered":"Nem inseticida nem citronela: a planta de R$ 5 que afasta mosquitos do quarto \u00e0 noite toda"},"content":{"rendered":"\n<p>E se a solu\u00e7\u00e3o para noites sem mosquito custasse menos que um cafezinho e coubesse na sua janela? Amei quando descobri isso! A <strong>planta barata que afasta mosquitos<\/strong> mais indicada por especialistas em plantas medicinais est\u00e1 nas feiras livres por R$ 5 e funciona a noite toda \u2014 sem cheiro forte, sem produto qu\u00edmico e sem aquele barulhinho irritante. Bora l\u00e1 conhecer?<\/p>\n\n\n\n<h2 class=\"wp-block-heading\">Qual \u00e9 a planta de R$ 5 que afasta mosquitos do quarto?<\/h2>\n\n\n\n<p>A campe\u00e3 \u00e9 a <strong>citronela-verdadeira<\/strong> \u2014 e n\u00e3o confunda com o produto hom\u00f4nimo! A planta em si \u00e9 uma gram\u00ednea arom\u00e1tica do g\u00eanero <em>Cymbopogon nardus<\/em> que libera compostos vol\u00e1teis naturais, especialmente o citronelal e o geraniol, que interferem na capacidade dos mosquitos de localizar humanos. Al\u00e9m disso, ela \u00e9 encontrada facilmente em feiras, mercados de plantas e at\u00e9 em aplicativos de venda entre vizinhos.<\/p>\n\n\n\n<p>Por isso, colocar o vasinho no parapeito da janela ou na mesinha de cabeceira j\u00e1 cria uma barreira arom\u00e1tica eficiente durante a noite. Contudo, o efeito potencializa quando as folhas s\u00e3o levemente esfregadas antes de dormir \u2014 isso libera mais \u00f3leo essencial no ambiente.<\/p>\n\n\n\n<h2 class=\"wp-block-heading\">Por que essa planta barata que afasta mosquitos funciona t\u00e3o bem?<\/h2>\n\n\n\n<ul class=\"wp-block-list\">\n<li><strong>Citronelal e geraniol<\/strong> confundem os receptores olfativos dos mosquitos, impedindo que eles te encontrem.<\/li>\n\n\n\n<li><strong>Age contra o Aedes aegypti<\/strong>, o mesmo mosquito da dengue, zika e chikungunya.<\/li>\n\n\n\n<li><strong>Libera\u00e7\u00e3o passiva e cont\u00ednua<\/strong> dos compostos vol\u00e1teis acontece mesmo sem vento ou calor.<\/li>\n\n\n\n<li><strong>Efeito noturno prolongado<\/strong> dura enquanto a planta estiver no ambiente e bem regada.<\/li>\n\n\n\n<li><strong>Sem toxicidade para humanos e pets<\/strong> \u2014 aprovada para uso em ambientes fechados com seguran\u00e7a.<\/li>\n<\/ul>\n\n\n\n<figure class=\"wp-block-image size-large\"><img loading=\"lazy\" decoding=\"async\" width=\"1024\" height=\"572\" src=\"https:\/\/www.em.com.br\/emfoco\/wp-content\/uploads\/2026\/04\/magnific_vaso-de-citronelaverdadei_2895757805-1024x572.png\" alt=\"\" class=\"wp-image-201867\" srcset=\"https:\/\/www.em.com.br\/emfoco\/wp-content\/uploads\/2026\/04\/magnific_vaso-de-citronelaverdadei_2895757805-1024x572.png 1024w, https:\/\/www.em.com.br\/emfoco\/wp-content\/uploads\/2026\/04\/magnific_vaso-de-citronelaverdadei_2895757805-300x167.png 300w, https:\/\/www.em.com.br\/emfoco\/wp-content\/uploads\/2026\/04\/magnific_vaso-de-citronelaverdadei_2895757805-768x429.png 768w, https:\/\/www.em.com.br\/emfoco\/wp-content\/uploads\/2026\/04\/magnific_vaso-de-citronelaverdadei_2895757805-750x419.png 750w, https:\/\/www.em.com.br\/emfoco\/wp-content\/uploads\/2026\/04\/magnific_vaso-de-citronelaverdadei_2895757805-1140x636.png 1140w, https:\/\/www.em.com.br\/emfoco\/wp-content\/uploads\/2026\/04\/magnific_vaso-de-citronelaverdadei_2895757805.png 1376w\" sizes=\"auto, (max-width: 1024px) 100vw, 1024px\" \/><figcaption class=\"wp-element-caption\">Planta barata que afasta mosquitos cria barreira natural na janela e age at\u00e9 contra o Aedes aegypti<\/figcaption><\/figure>\n\n\n\n<h2 class=\"wp-block-heading\">Onde posicionar a planta no quarto para o melhor resultado?<\/h2>\n\n\n\n<p>A posi\u00e7\u00e3o faz toda a diferen\u00e7a! Especialistas em plantas medicinais recomendam colocar o vaso na janela aberta ou na entrada do quarto, criando uma esp\u00e9cie de cortina arom\u00e1tica natural. Al\u00e9m disso, se o quarto for pequeno, um \u00fanico vasinho j\u00e1 \u00e9 suficiente para cobrir todo o ambiente durante a noite.<\/p>\n\n\n\n<p>Ent\u00e3o, se voc\u00ea dorme com a janela fechada, posicione a planta sobre a c\u00f4moda ou mesinha de cabeceira e esfregue levemente as folhas antes de se deitar. Contudo, evite colocar muito perto do rosto \u2014 o aroma, apesar de suave, pode incomodar pessoas com sensibilidade olfativa.<\/p>\n\n\n\n<h2 class=\"wp-block-heading\">A planta barata que afasta mosquitos tem respaldo de especialistas?<\/h2>\n\n\n\n<p>Tem sim, e bastante! Pesquisas da \u00e1rea de entomologia e fitoterapia confirmam que os compostos do <em>Cymbopogon nardus<\/em> t\u00eam a\u00e7\u00e3o repelente comprovada contra diversas esp\u00e9cies de mosquitos. Al\u00e9m disso, a Organiza\u00e7\u00e3o Mundial da Sa\u00fade j\u00e1 reconhece o \u00f3leo essencial de citronela como repelente natural eficaz em sua lista de alternativas para controle de vetores.<\/p>\n\n\n\n<figure class=\"wp-block-image size-large\"><img loading=\"lazy\" decoding=\"async\" width=\"1024\" height=\"572\" src=\"https:\/\/www.em.com.br\/emfoco\/wp-content\/uploads\/2026\/04\/magnific_close-nas-folhas-de-citro_2895759321-1024x572.png\" alt=\"\" class=\"wp-image-201868\" srcset=\"https:\/\/www.em.com.br\/emfoco\/wp-content\/uploads\/2026\/04\/magnific_close-nas-folhas-de-citro_2895759321-1024x572.png 1024w, https:\/\/www.em.com.br\/emfoco\/wp-content\/uploads\/2026\/04\/magnific_close-nas-folhas-de-citro_2895759321-300x167.png 300w, https:\/\/www.em.com.br\/emfoco\/wp-content\/uploads\/2026\/04\/magnific_close-nas-folhas-de-citro_2895759321-768x429.png 768w, https:\/\/www.em.com.br\/emfoco\/wp-content\/uploads\/2026\/04\/magnific_close-nas-folhas-de-citro_2895759321-750x419.png 750w, https:\/\/www.em.com.br\/emfoco\/wp-content\/uploads\/2026\/04\/magnific_close-nas-folhas-de-citro_2895759321-1140x636.png 1140w, https:\/\/www.em.com.br\/emfoco\/wp-content\/uploads\/2026\/04\/magnific_close-nas-folhas-de-citro_2895759321.png 1376w\" sizes=\"auto, (max-width: 1024px) 100vw, 1024px\" \/><figcaption class=\"wp-element-caption\">Citronela-verdadeira funciona como repelente natural e dura a noite inteira no quarto<\/figcaption><\/figure>\n\n\n\n<p>Por isso, muitos fitoterapeutas e entomologistas recomendam a planta como complemento \u2014 n\u00e3o substitui\u00e7\u00e3o \u2014 \u00e0s medidas de preven\u00e7\u00e3o em \u00e9pocas de surto de dengue. Contudo, em regi\u00f5es de alta infesta\u00e7\u00e3o, combinar a planta com telas nas janelas e elimina\u00e7\u00e3o de \u00e1gua parada \u00e9 sempre o caminho mais seguro.<\/p>\n\n\n<style>\n  .tabela-rose {<br \/>\n    width: 100%;<br \/>\n    border-collapse: separate;<br \/>\n    border-spacing: 0;<br \/>\n    border: 2px solid #e63946;<br \/>\n    border-radius: 12px;<br \/>\n    overflow: hidden;<br \/>\n    box-shadow: 0 10px 30px rgba(0,0,0,0.08);<br \/>\n    font-family: inherit;<br \/>\n  }<br \/>\n  .tabela-rose th {<br \/>\n    background-color: #c1121f;<br \/>\n    color: #ffffff;<br \/>\n    padding: 12px 16px;<br \/>\n    text-align: left;<br \/>\n    border: 1px solid #e63946;<br \/>\n    font-weight: 700;<br \/>\n  }<br \/>\n  .tabela-rose td {<br \/>\n    padding: 10px 16px;<br \/>\n    border: 1px solid #f0d0d2;<br \/>\n    background-color: #fff5f5;<br \/>\n    color: #333;<br \/>\n  }<br \/>\n  .tabela-rose tr:last-child td:first-child {<br \/>\n    border-bottom-left-radius: 10px;<br \/>\n  }<br \/>\n  .tabela-rose tr:last-child td:last-child {<br \/>\n    border-bottom-right-radius: 10px;<br \/>\n  }<br \/>\n<\/style>\n<table class=\"tabela-rose\">\n<thead>\n<tr>\n<th>Planta<\/th>\n<th>Efic\u00e1cia contra mosquitos<\/th>\n<th>Pre\u00e7o m\u00e9dio<\/th>\n<\/tr>\n<\/thead>\n<tbody>\n<tr>\n<td>Citronela-verdadeira<\/td>\n<td>\u2b50\u2b50\u2b50\u2b50\u2b50 Muito alta<\/td>\n<td>R$ 5 a R$ 10<\/td>\n<\/tr>\n<tr>\n<td>Lavanda<\/td>\n<td>\u2b50\u2b50\u2b50\u2b50 Alta<\/td>\n<td>R$ 12 a R$ 20<\/td>\n<\/tr>\n<tr>\n<td>Manjeric\u00e3o<\/td>\n<td>\u2b50\u2b50\u2b50 Moderada<\/td>\n<td>R$ 5 a R$ 8<\/td>\n<\/tr>\n<tr>\n<td>Hortel\u00e3<\/td>\n<td>\u2b50\u2b50\u2b50 Moderada<\/td>\n<td>R$ 4 a R$ 7<\/td>\n<\/tr>\n<tr>\n<td>Alecrim<\/td>\n<td>\u2b50\u2b50 Leve<\/td>\n<td>R$ 6 a R$ 12<\/td>\n<\/tr>\n<\/tbody>\n<\/table>\n\n\n\n<h2 class=\"wp-block-heading\">Como cuidar da planta para ela continuar afastando mosquitos sempre?<\/h2>\n\n\n\n<p>A boa not\u00edcia \u00e9 que a citronela-verdadeira \u00e9 uma das plantas mais resistentes e f\u00e1ceis de manter. Ela precisa de rega moderada \u2014 uma vez ao dia no ver\u00e3o e a cada dois dias no inverno \u2014 e de pelo menos quatro horas de sol indireto por dia. Al\u00e9m disso, retirar as folhas secas semanalmente estimula o crescimento de novas folhas e mant\u00e9m a produ\u00e7\u00e3o de \u00f3leos essenciais em alta.<\/p>\n\n\n\n<p>Ent\u00e3o, se a planta crescer muito, voc\u00ea pode dividir o torr\u00e3o e criar novos vasinhos para outros c\u00f4modos \u2014 ou presentear uma amiga! Contudo, evite adubar em excesso, pois isso favorece o crescimento das folhas mas reduz a concentra\u00e7\u00e3o dos compostos repelentes. Menos \u00e9 mais nesse caso.<\/p>\n\n\n\n<h2 class=\"wp-block-heading\">Que tal trocar o inseticida por algo vivo, verde e que cuida de voc\u00ea?<\/h2>\n\n\n\n<p>Existe algo muito especial em proteger sua casa com algo que cresce, respira e floresce. A <strong>planta barata que afasta mosquitos<\/strong> n\u00e3o \u00e9 s\u00f3 uma solu\u00e7\u00e3o pr\u00e1tica \u2014 \u00e9 um convite para trazer mais natureza para dentro do seu lar, com carinho e consci\u00eancia. Por isso, da pr\u00f3xima vez que voc\u00ea for \u00e0 feira, passa no cantinho das plantas e leva uma citronela para casa. Voc\u00ea vai adorar os resultados!<\/p>\n\n\n\n<p>Dormir bem, sem coceira e sem aquele zum-zum irritante no ouvido, \u00e9 um luxo que custa R$ 5 e dura anos. Amiga, sua noite tranquila j\u00e1 estava esperando por voc\u00ea \u2014 plantada numa vasilha simples, cheirosa e cheia de vida. <\/p>\n\n\n\n<p><\/p>\n","protected":false},"excerpt":{"rendered":"<p>E se a solu\u00e7\u00e3o para noites sem mosquito custasse menos que um cafezinho e coubesse na sua janela? Amei quando descobri isso! A planta barata que afasta mosquitos mais indicada por especialistas em plantas medicinais est\u00e1 nas feiras livres por R$ 5 e funciona a noite toda \u2014 sem cheiro forte, sem produto qu\u00edmico e [&hellip;]<\/p>\n","protected":false},"author":19,"featured_media":201866,"comment_status":"open","ping_status":"open","sticky":false,"template":"","format":"standard","meta":{"jnews-multi-image_gallery":[],"jnews_single_post":{"format":"standard"},"jnews_primary_category":[],"jnews_social_meta":[],"jnews_override_counter":[],"footnotes":""},"categories":[8819],"tags":[29051,8640,21033,9437,6029],"class_list":["post-201865","post","type-post","status-publish","format-standard","has-post-thumbnail","hentry","category-curiosidades","tag-afasta-mosquitos","tag-citronela","tag-inseticida","tag-mosquito","tag-pragas"],"yoast_head":"<!-- This site is optimized with the Yoast SEO plugin v23.8 - https:\/\/yoast.com\/wordpress\/plugins\/seo\/ -->\n<title>Nem inseticida nem citronela: a planta de R$ 5 que afasta mosquitos do quarto \u00e0 noite toda - Estado de Minas - Em foco<\/title>\n<meta name=\"description\" content=\"Conhe\u00e7a a planta de R$ 5 que afasta mosquitos do quarto a noite toda, sem inseticida nem citronela. Especialistas explicam por que funciona!\" \/>\n<meta name=\"robots\" content=\"index, follow, max-snippet:-1, max-image-preview:large, max-video-preview:-1\" \/>\n<link rel=\"canonical\" href=\"https:\/\/www.em.com.br\/emfoco\/2026\/04\/30\/nem-inseticida-nem-citronela-a-planta-de-r-5-que-afasta-mosquitos-do-quarto-a-noite-toda\/\" \/>\n<meta property=\"og:locale\" content=\"pt_BR\" \/>\n<meta property=\"og:type\" content=\"article\" \/>\n<meta property=\"og:title\" content=\"Nem inseticida nem citronela: a planta de R$ 5 que afasta mosquitos do quarto \u00e0 noite toda - Estado de Minas - Em foco\" \/>\n<meta property=\"og:description\" content=\"Conhe\u00e7a a planta de R$ 5 que afasta mosquitos do quarto a noite toda, sem inseticida nem citronela. Especialistas explicam por que funciona!\" \/>\n<meta property=\"og:url\" content=\"https:\/\/www.em.com.br\/emfoco\/2026\/04\/30\/nem-inseticida-nem-citronela-a-planta-de-r-5-que-afasta-mosquitos-do-quarto-a-noite-toda\/\" \/>\n<meta property=\"og:site_name\" content=\"Estado de Minas - Em foco\" \/>\n<meta property=\"article:published_time\" content=\"2026-04-30T10:00:00+00:00\" \/>\n<meta property=\"article:modified_time\" content=\"2026-04-30T13:10:37+00:00\" \/>\n<meta property=\"og:image\" content=\"https:\/\/www.em.com.br\/emfoco\/wp-content\/uploads\/2026\/04\/magnific_vaso-de-citronelaverdadei_2895754774.jpeg\" \/>\n\t<meta property=\"og:image:width\" content=\"1376\" \/>\n\t<meta property=\"og:image:height\" content=\"768\" \/>\n\t<meta property=\"og:image:type\" content=\"image\/jpeg\" \/>\n<meta name=\"author\" content=\"Vanessa Tavares\" \/>\n<meta name=\"twitter:card\" content=\"summary_large_image\" \/>\n<meta name=\"twitter:label1\" content=\"Escrito por\" \/>\n\t<meta name=\"twitter:data1\" content=\"Vanessa Tavares\" \/>\n\t<meta name=\"twitter:label2\" content=\"Est. tempo de leitura\" \/>\n\t<meta name=\"twitter:data2\" content=\"5 minutos\" \/>\n<!-- \/ Yoast SEO plugin. -->","yoast_head_json":{"title":"Nem inseticida nem citronela: a planta de R$ 5 que afasta mosquitos do quarto \u00e0 noite toda - Estado de Minas - Em foco","description":"Conhe\u00e7a a planta de R$ 5 que afasta mosquitos do quarto a noite toda, sem inseticida nem citronela. Especialistas explicam por que funciona!","robots":{"index":"index","follow":"follow","max-snippet":"max-snippet:-1","max-image-preview":"max-image-preview:large","max-video-preview":"max-video-preview:-1"},"canonical":"https:\/\/www.em.com.br\/emfoco\/2026\/04\/30\/nem-inseticida-nem-citronela-a-planta-de-r-5-que-afasta-mosquitos-do-quarto-a-noite-toda\/","og_locale":"pt_BR","og_type":"article","og_title":"Nem inseticida nem citronela: a planta de R$ 5 que afasta mosquitos do quarto \u00e0 noite toda - Estado de Minas - Em foco","og_description":"Conhe\u00e7a a planta de R$ 5 que afasta mosquitos do quarto a noite toda, sem inseticida nem citronela. Especialistas explicam por que funciona!","og_url":"https:\/\/www.em.com.br\/emfoco\/2026\/04\/30\/nem-inseticida-nem-citronela-a-planta-de-r-5-que-afasta-mosquitos-do-quarto-a-noite-toda\/","og_site_name":"Estado de Minas - Em foco","article_published_time":"2026-04-30T10:00:00+00:00","article_modified_time":"2026-04-30T13:10:37+00:00","og_image":[{"width":1376,"height":768,"url":"https:\/\/www.em.com.br\/emfoco\/wp-content\/uploads\/2026\/04\/magnific_vaso-de-citronelaverdadei_2895754774.jpeg","type":"image\/jpeg"}],"author":"Vanessa Tavares","twitter_card":"summary_large_image","twitter_misc":{"Escrito por":"Vanessa Tavares","Est. tempo de leitura":"5 minutos"},"schema":{"@context":"https:\/\/schema.org","@graph":[{"@type":"WebPage","@id":"https:\/\/www.em.com.br\/emfoco\/2026\/04\/30\/nem-inseticida-nem-citronela-a-planta-de-r-5-que-afasta-mosquitos-do-quarto-a-noite-toda\/","url":"https:\/\/www.em.com.br\/emfoco\/2026\/04\/30\/nem-inseticida-nem-citronela-a-planta-de-r-5-que-afasta-mosquitos-do-quarto-a-noite-toda\/","name":"Nem inseticida nem citronela: a planta de R$ 5 que afasta mosquitos do quarto \u00e0 noite toda - Estado de Minas - Em foco","isPartOf":{"@id":"https:\/\/www.em.com.br\/emfoco\/#website"},"primaryImageOfPage":{"@id":"https:\/\/www.em.com.br\/emfoco\/2026\/04\/30\/nem-inseticida-nem-citronela-a-planta-de-r-5-que-afasta-mosquitos-do-quarto-a-noite-toda\/#primaryimage"},"image":{"@id":"https:\/\/www.em.com.br\/emfoco\/2026\/04\/30\/nem-inseticida-nem-citronela-a-planta-de-r-5-que-afasta-mosquitos-do-quarto-a-noite-toda\/#primaryimage"},"thumbnailUrl":"https:\/\/www.em.com.br\/emfoco\/wp-content\/uploads\/2026\/04\/magnific_vaso-de-citronelaverdadei_2895754774.jpeg","datePublished":"2026-04-30T10:00:00+00:00","dateModified":"2026-04-30T13:10:37+00:00","author":{"@id":"https:\/\/www.em.com.br\/emfoco\/#\/schema\/person\/4a7a157aac450b98edc86f15a7434f0b"},"description":"Conhe\u00e7a a planta de R$ 5 que afasta mosquitos do quarto a noite toda, sem inseticida nem citronela. Especialistas explicam por que funciona!","breadcrumb":{"@id":"https:\/\/www.em.com.br\/emfoco\/2026\/04\/30\/nem-inseticida-nem-citronela-a-planta-de-r-5-que-afasta-mosquitos-do-quarto-a-noite-toda\/#breadcrumb"},"inLanguage":"pt-BR","potentialAction":[{"@type":"ReadAction","target":["https:\/\/www.em.com.br\/emfoco\/2026\/04\/30\/nem-inseticida-nem-citronela-a-planta-de-r-5-que-afasta-mosquitos-do-quarto-a-noite-toda\/"]}]},{"@type":"ImageObject","inLanguage":"pt-BR","@id":"https:\/\/www.em.com.br\/emfoco\/2026\/04\/30\/nem-inseticida-nem-citronela-a-planta-de-r-5-que-afasta-mosquitos-do-quarto-a-noite-toda\/#primaryimage","url":"https:\/\/www.em.com.br\/emfoco\/wp-content\/uploads\/2026\/04\/magnific_vaso-de-citronelaverdadei_2895754774.jpeg","contentUrl":"https:\/\/www.em.com.br\/emfoco\/wp-content\/uploads\/2026\/04\/magnific_vaso-de-citronelaverdadei_2895754774.jpeg","width":1376,"height":768,"caption":"Planta barata que afasta mosquitos custa R$ 5 e protege o quarto a noite toda sem produto qu\u00edmico"},{"@type":"BreadcrumbList","@id":"https:\/\/www.em.com.br\/emfoco\/2026\/04\/30\/nem-inseticida-nem-citronela-a-planta-de-r-5-que-afasta-mosquitos-do-quarto-a-noite-toda\/#breadcrumb","itemListElement":[{"@type":"ListItem","position":1,"name":"In\u00edcio","item":"https:\/\/www.em.com.br\/emfoco\/"},{"@type":"ListItem","position":2,"name":"Nem inseticida nem citronela: a planta de R$ 5 que afasta mosquitos do quarto \u00e0 noite toda"}]},{"@type":"WebSite","@id":"https:\/\/www.em.com.br\/emfoco\/#website","url":"https:\/\/www.em.com.br\/emfoco\/","name":"Estado de Minas - Em foco","description":"Acompanhe as \u00faltimas not\u00edcias e fique bem informado sobre tudo o que acontece em Minas Gerais, Brasil e no mundo.","potentialAction":[{"@type":"SearchAction","target":{"@type":"EntryPoint","urlTemplate":"https:\/\/www.em.com.br\/emfoco\/?s={search_term_string}"},"query-input":{"@type":"PropertyValueSpecification","valueRequired":true,"valueName":"search_term_string"}}],"inLanguage":"pt-BR"},{"@type":"Person","@id":"https:\/\/www.em.com.br\/emfoco\/#\/schema\/person\/4a7a157aac450b98edc86f15a7434f0b","name":"Vanessa Tavares","image":{"@type":"ImageObject","inLanguage":"pt-BR","@id":"https:\/\/www.em.com.br\/emfoco\/#\/schema\/person\/image\/","url":"https:\/\/secure.gravatar.com\/avatar\/088c9372da58da00f00f8e508f13d635?s=96&d=mm&r=g","contentUrl":"https:\/\/secure.gravatar.com\/avatar\/088c9372da58da00f00f8e508f13d635?s=96&d=mm&r=g","caption":"Vanessa Tavares"},"sameAs":["https:\/\/www.em.com.br\/emfoco"],"url":"https:\/\/www.em.com.br\/emfoco\/author\/vanessamyth\/"}]}},"_links":{"self":[{"href":"https:\/\/www.em.com.br\/emfoco\/wp-json\/wp\/v2\/posts\/201865","targetHints":{"allow":["GET"]}}],"collection":[{"href":"https:\/\/www.em.com.br\/emfoco\/wp-json\/wp\/v2\/posts"}],"about":[{"href":"https:\/\/www.em.com.br\/emfoco\/wp-json\/wp\/v2\/types\/post"}],"author":[{"embeddable":true,"href":"https:\/\/www.em.com.br\/emfoco\/wp-json\/wp\/v2\/users\/19"}],"replies":[{"embeddable":true,"href":"https:\/\/www.em.com.br\/emfoco\/wp-json\/wp\/v2\/comments?post=201865"}],"version-history":[{"count":3,"href":"https:\/\/www.em.com.br\/emfoco\/wp-json\/wp\/v2\/posts\/201865\/revisions"}],"predecessor-version":[{"id":201873,"href":"https:\/\/www.em.com.br\/emfoco\/wp-json\/wp\/v2\/posts\/201865\/revisions\/201873"}],"wp:featuredmedia":[{"embeddable":true,"href":"https:\/\/www.em.com.br\/emfoco\/wp-json\/wp\/v2\/media\/201866"}],"wp:attachment":[{"href":"https:\/\/www.em.com.br\/emfoco\/wp-json\/wp\/v2\/media?parent=201865"}],"wp:term":[{"taxonomy":"category","embeddable":true,"href":"https:\/\/www.em.com.br\/emfoco\/wp-json\/wp\/v2\/categories?post=201865"},{"taxonomy":"post_tag","embeddable":true,"href":"https:\/\/www.em.com.br\/emfoco\/wp-json\/wp\/v2\/tags?post=201865"}],"curies":[{"name":"wp","href":"https:\/\/api.w.org\/{rel}","templated":true}]}}