{"id":201849,"date":"2026-04-30T06:40:00","date_gmt":"2026-04-30T09:40:00","guid":{"rendered":"https:\/\/www.em.com.br\/emfoco\/?p=201849"},"modified":"2026-04-30T05:42:28","modified_gmt":"2026-04-30T08:42:28","slug":"o-ingrediente-que-sobra-do-cafe-da-manha-e-que-esta-fazendo-as-unhas-pararem-de-quebrar-dermatologistas-explicam-por-que-funciona","status":"publish","type":"post","link":"https:\/\/www.em.com.br\/emfoco\/2026\/04\/30\/o-ingrediente-que-sobra-do-cafe-da-manha-e-que-esta-fazendo-as-unhas-pararem-de-quebrar-dermatologistas-explicam-por-que-funciona\/","title":{"rendered":"O ingrediente que sobra do caf\u00e9 da manh\u00e3 e que est\u00e1 fazendo as unhas pararem de quebrar: dermatologistas explicam por que funciona"},"content":{"rendered":"\n<p>Voc\u00ea toma caf\u00e9 da manh\u00e3 todo dia e joga fora um ingrediente que poderia estar transformando suas unhas? Pois \u00e9, amiga \u2014 o <strong>ingrediente que sobra do caf\u00e9 da manh\u00e3 para unhas<\/strong> mais badalado entre dermatologistas \u00e9 simples, barato e provavelmente j\u00e1 est\u00e1 na sua geladeira. Voc\u00ea vai adorar essa descoberta!<\/p>\n\n\n\n<h2 class=\"wp-block-heading\">Qual \u00e9 o ingrediente do caf\u00e9 da manh\u00e3 que fortalece as unhas?<\/h2>\n\n\n\n<p>A estrela da vez \u00e9 a clara de ovo \u2014 aquela parte que muita gente descarta ao fazer uma omelete ou receita fit. Rica em prote\u00ednas e biotina, ela age diretamente na estrutura da l\u00e2mina ungueal, preenchendo microfissuras e devolvendo resist\u00eancia \u00e0s unhas quebradi\u00e7as. Al\u00e9m disso, dermatologistas destacam que a biotina presente na clara \u00e9 um dos nutrientes mais estudados para a sa\u00fade das unhas.<\/p>\n\n\n\n<p>Por isso, antes de jogar fora a clara que sobrou do seu caf\u00e9 da manh\u00e3, pense duas vezes! Contudo, vale entender como ela age no organismo e na superf\u00edcie da unha para aproveitar seus benef\u00edcios da forma certa.<\/p>\n\n\n\n<h2 class=\"wp-block-heading\">Por que as unhas quebram tanto e como esse ingrediente age?<\/h2>\n\n\n\n<ul class=\"wp-block-list\">\n<li><strong>Falta de queratina<\/strong> enfraquece a l\u00e2mina ungueal e favorece quebras frequentes.<\/li>\n\n\n\n<li><strong>A clara de ovo \u00e9 rica em albumina<\/strong>, prote\u00edna que estimula a produ\u00e7\u00e3o de queratina naturalmente.<\/li>\n\n\n\n<li><strong>Desidrata\u00e7\u00e3o da unha<\/strong> \u00e9 uma das principais causas de fragilidade \u2014 a clara ajuda a selar a umidade.<\/li>\n\n\n\n<li><strong>Biotina em quantidade certa<\/strong> melhora a espessura e a dureza da l\u00e2mina em poucas semanas.<\/li>\n\n\n\n<li><strong>Aplica\u00e7\u00e3o t\u00f3pica e consumo combinados<\/strong> potencializam os resultados, segundo especialistas.<\/li>\n<\/ul>\n\n\n\n<figure class=\"wp-block-image size-large\"><img loading=\"lazy\" decoding=\"async\" width=\"1024\" height=\"571\" src=\"https:\/\/www.em.com.br\/emfoco\/wp-content\/uploads\/2026\/04\/magnific_unha-natural-quebradica-e_2895656699-1024x571.jpg\" alt=\"\" class=\"wp-image-201861\" srcset=\"https:\/\/www.em.com.br\/emfoco\/wp-content\/uploads\/2026\/04\/magnific_unha-natural-quebradica-e_2895656699-1024x571.jpg 1024w, https:\/\/www.em.com.br\/emfoco\/wp-content\/uploads\/2026\/04\/magnific_unha-natural-quebradica-e_2895656699-300x167.jpg 300w, https:\/\/www.em.com.br\/emfoco\/wp-content\/uploads\/2026\/04\/magnific_unha-natural-quebradica-e_2895656699-768x428.jpg 768w, https:\/\/www.em.com.br\/emfoco\/wp-content\/uploads\/2026\/04\/magnific_unha-natural-quebradica-e_2895656699-750x418.jpg 750w, https:\/\/www.em.com.br\/emfoco\/wp-content\/uploads\/2026\/04\/magnific_unha-natural-quebradica-e_2895656699-1140x636.jpg 1140w, https:\/\/www.em.com.br\/emfoco\/wp-content\/uploads\/2026\/04\/magnific_unha-natural-quebradica-e_2895656699.jpg 1280w\" sizes=\"auto, (max-width: 1024px) 100vw, 1024px\" \/><figcaption class=\"wp-element-caption\">Clara de ovo vira aliada das unhas quebradi\u00e7as e dermatologistas explicam como usar<\/figcaption><\/figure>\n\n\n\n<h2 class=\"wp-block-heading\">Como usar a clara de ovo nas unhas do jeito certo?<\/h2>\n\n\n\n<p>A aplica\u00e7\u00e3o t\u00f3pica \u00e9 simples e leva menos de cinco minutos. Bata levemente uma clara, passe com um pincel ou algod\u00e3o em cada unha e deixe agir por 15 minutos antes de lavar. Al\u00e9m disso, voc\u00ea pode misturar a clara com algumas gotas de azeite de oliva para um efeito ainda mais hidratante e fortalecedor.<\/p>\n\n\n\n<p>Ent\u00e3o, a frequ\u00eancia ideal indicada por dermatologistas \u00e9 de duas a tr\u00eas vezes por semana. Contudo, se suas unhas estiverem muito fragilizadas, comece com uma aplica\u00e7\u00e3o semanal para observar a resposta da pele ao redor antes de intensificar o ritual.<\/p>\n\n\n\n<h2 class=\"wp-block-heading\">O ingrediente que sobra do caf\u00e9 da manh\u00e3 para unhas tem respaldo cient\u00edfico?<\/h2>\n\n\n\n<p>Sim, e bastante! Estudos dermatol\u00f3gicos confirmam que a biotina \u2014 vitamina presente tanto na clara quanto na gema \u2014 est\u00e1 diretamente ligada \u00e0 resist\u00eancia ungueal. Al\u00e9m disso, pesquisas publicadas em revistas de dermatologia mostram melhora significativa na espessura das unhas ap\u00f3s suplementa\u00e7\u00e3o cont\u00ednua com biotina por 6 a 9 meses.<\/p>\n\n\n\n<figure class=\"wp-block-image size-large\"><img loading=\"lazy\" decoding=\"async\" width=\"1024\" height=\"571\" src=\"https:\/\/www.em.com.br\/emfoco\/wp-content\/uploads\/2026\/04\/magnific_clara-de-ovo-sendo-aplica_2895644762-1024x571.jpg\" alt=\"\" class=\"wp-image-201862\" srcset=\"https:\/\/www.em.com.br\/emfoco\/wp-content\/uploads\/2026\/04\/magnific_clara-de-ovo-sendo-aplica_2895644762-1024x571.jpg 1024w, https:\/\/www.em.com.br\/emfoco\/wp-content\/uploads\/2026\/04\/magnific_clara-de-ovo-sendo-aplica_2895644762-300x167.jpg 300w, https:\/\/www.em.com.br\/emfoco\/wp-content\/uploads\/2026\/04\/magnific_clara-de-ovo-sendo-aplica_2895644762-768x428.jpg 768w, https:\/\/www.em.com.br\/emfoco\/wp-content\/uploads\/2026\/04\/magnific_clara-de-ovo-sendo-aplica_2895644762-750x418.jpg 750w, https:\/\/www.em.com.br\/emfoco\/wp-content\/uploads\/2026\/04\/magnific_clara-de-ovo-sendo-aplica_2895644762-1140x636.jpg 1140w, https:\/\/www.em.com.br\/emfoco\/wp-content\/uploads\/2026\/04\/magnific_clara-de-ovo-sendo-aplica_2895644762.jpg 1280w\" sizes=\"auto, (max-width: 1024px) 100vw, 1024px\" \/><figcaption class=\"wp-element-caption\">Ingrediente que sobra do caf\u00e9 da manh\u00e3 para unhas melhora espessura e resist\u00eancia naturalmente<\/figcaption><\/figure>\n\n\n\n<p>Por isso, muitos dermatologistas recomendam a combina\u00e7\u00e3o de uso t\u00f3pico com consumo alimentar rico em ovos. Contudo, em casos de quebra extrema ou unhas com altera\u00e7\u00f5es de cor e textura, a orienta\u00e7\u00e3o m\u00e9dica \u00e9 indispens\u00e1vel antes de qualquer tratamento caseiro.<\/p>\n\n\n<style>\n  .tabela-rose {<br \/>\n    width: 100%;<br \/>\n    border-collapse: separate;<br \/>\n    border-spacing: 0;<br \/>\n    border: 2px solid #e63946;<br \/>\n    border-radius: 12px;<br \/>\n    overflow: hidden;<br \/>\n    box-shadow: 0 10px 30px rgba(0,0,0,0.08);<br \/>\n    font-family: inherit;<br \/>\n  }<br \/>\n  .tabela-rose th {<br \/>\n    background-color: #c1121f;<br \/>\n    color: #ffffff;<br \/>\n    padding: 12px 16px;<br \/>\n    text-align: left;<br \/>\n    border: 1px solid #e63946;<br \/>\n    font-weight: 700;<br \/>\n  }<br \/>\n  .tabela-rose td {<br \/>\n    padding: 10px 16px;<br \/>\n    border: 1px solid #f0d0d2;<br \/>\n    background-color: #fff5f5;<br \/>\n    color: #333;<br \/>\n  }<br \/>\n  .tabela-rose tr:last-child td:first-child {<br \/>\n    border-bottom-left-radius: 10px;<br \/>\n  }<br \/>\n  .tabela-rose tr:last-child td:last-child {<br \/>\n    border-bottom-right-radius: 10px;<br \/>\n  }<br \/>\n<\/style>\n<table class=\"tabela-rose\">\n<thead>\n<tr>\n<th>Forma de uso<\/th>\n<th>Benef\u00edcio principal<\/th>\n<th>Frequ\u00eancia ideal<\/th>\n<\/tr>\n<\/thead>\n<tbody>\n<tr>\n<td>Clara pura (t\u00f3pico)<\/td>\n<td>Fortalece e sela fissuras<\/td>\n<td>2 a 3x por semana<\/td>\n<\/tr>\n<tr>\n<td>Clara + azeite (t\u00f3pico)<\/td>\n<td>Fortalece e hidrata<\/td>\n<td>2x por semana<\/td>\n<\/tr>\n<tr>\n<td>Consumo alimentar de ovos<\/td>\n<td>Biotina de dentro para fora<\/td>\n<td>Di\u00e1ria (1 a 2 ovos)<\/td>\n<\/tr>\n<tr>\n<td>Clara + suco de lim\u00e3o<\/td>\n<td>Clareia e endurece a l\u00e2mina<\/td>\n<td>1x por semana<\/td>\n<\/tr>\n<tr>\n<td>Suplemento de biotina<\/td>\n<td>Resultado mais intenso<\/td>\n<td>Com orienta\u00e7\u00e3o m\u00e9dica<\/td>\n<\/tr>\n<\/tbody>\n<\/table>\n\n\n\n<h2 class=\"wp-block-heading\">Quais outros ingredientes do caf\u00e9 da manh\u00e3 tamb\u00e9m ajudam as unhas?<\/h2>\n\n\n\n<p>A clara \u00e9 a queridinha, mas n\u00e3o est\u00e1 sozinha nessa miss\u00e3o! A aveia, por exemplo, \u00e9 rica em sil\u00edcio e zinco \u2014 minerais que participam diretamente da forma\u00e7\u00e3o da queratina. Al\u00e9m disso, o iogurte natural fornece c\u00e1lcio e prote\u00ednas que complementam os efeitos da clara quando consumido regularmente.<\/p>\n\n\n\n<p>Ent\u00e3o, montar um caf\u00e9 da manh\u00e3 estrat\u00e9gico para a sa\u00fade das unhas \u00e9 mais f\u00e1cil do que parece. Contudo, lembre-se de que nenhum ingrediente isolado faz milagre \u2014 a consist\u00eancia e uma alimenta\u00e7\u00e3o equilibrada s\u00e3o sempre a base de tudo.<\/p>\n\n\n\n<h2 class=\"wp-block-heading\">Suas unhas merecem esse cuidado simples que j\u00e1 estava ali o tempo todo?<\/h2>\n\n\n\n<p>Amei demais perceber que a solu\u00e7\u00e3o estava bem pertinho, n\u00e9? O <strong>ingrediente que sobra do caf\u00e9 da manh\u00e3 para unhas<\/strong> mais resistentes \u00e9 daqueles segredos que parecem \u00f3bvios depois que a gente aprende \u2014 e que fazem toda a diferen\u00e7a na rotina de beleza sem custar nada. Por isso, da pr\u00f3xima vez que voc\u00ea separar as claras na cozinha, lembre-se de reservar um pouquinho para esse ritual.<\/p>\n\n\n\n<p>Cuide das suas unhas com carinho, consist\u00eancia e ingredientes reais. Porque beleza de verdade come\u00e7a em gestos simples, feitos com inten\u00e7\u00e3o e amor pr\u00f3prio. Bora l\u00e1 testar? <\/p>\n\n\n\n<p><\/p>\n","protected":false},"excerpt":{"rendered":"<p>Voc\u00ea toma caf\u00e9 da manh\u00e3 todo dia e joga fora um ingrediente que poderia estar transformando suas unhas? Pois \u00e9, amiga \u2014 o ingrediente que sobra do caf\u00e9 da manh\u00e3 para unhas mais badalado entre dermatologistas \u00e9 simples, barato e provavelmente j\u00e1 est\u00e1 na sua geladeira. Voc\u00ea vai adorar essa descoberta! Qual \u00e9 o ingrediente [&hellip;]<\/p>\n","protected":false},"author":19,"featured_media":201860,"comment_status":"open","ping_status":"open","sticky":false,"template":"","format":"standard","meta":{"jnews-multi-image_gallery":[],"jnews_single_post":{"format":"standard"},"jnews_primary_category":[],"jnews_social_meta":[],"jnews_override_counter":[],"footnotes":""},"categories":[1],"tags":[29040,29038,29041,29042,29039],"class_list":["post-201849","post","type-post","status-publish","format-standard","has-post-thumbnail","hentry","category-noticias","tag-biotina-para-unhas","tag-clara-de-ovo-nas-unhas","tag-como-fortalecer-unhas-quebradicas","tag-dermatologistas-unhas-fracas","tag-receita-caseira-para-unhas"],"yoast_head":"<!-- This site is optimized with the Yoast SEO plugin v23.8 - https:\/\/yoast.com\/wordpress\/plugins\/seo\/ -->\n<title>O ingrediente que sobra do caf\u00e9 da manh\u00e3 e que est\u00e1 fazendo as unhas pararem de quebrar: dermatologistas explicam por que funciona - Estado de Minas - Em foco<\/title>\n<meta name=\"description\" content=\"O ingrediente que sobra do caf\u00e9 da manh\u00e3 pode parar suas unhas de quebrar. Dermatologistas explicam como usar a clara de ovo certo!\" \/>\n<meta name=\"robots\" content=\"index, follow, max-snippet:-1, max-image-preview:large, max-video-preview:-1\" \/>\n<link rel=\"canonical\" href=\"https:\/\/www.em.com.br\/emfoco\/2026\/04\/30\/o-ingrediente-que-sobra-do-cafe-da-manha-e-que-esta-fazendo-as-unhas-pararem-de-quebrar-dermatologistas-explicam-por-que-funciona\/\" \/>\n<meta property=\"og:locale\" content=\"pt_BR\" \/>\n<meta property=\"og:type\" content=\"article\" \/>\n<meta property=\"og:title\" content=\"O ingrediente que sobra do caf\u00e9 da manh\u00e3 e que est\u00e1 fazendo as unhas pararem de quebrar: dermatologistas explicam por que funciona - Estado de Minas - Em foco\" \/>\n<meta property=\"og:description\" content=\"O ingrediente que sobra do caf\u00e9 da manh\u00e3 pode parar suas unhas de quebrar. Dermatologistas explicam como usar a clara de ovo certo!\" \/>\n<meta property=\"og:url\" content=\"https:\/\/www.em.com.br\/emfoco\/2026\/04\/30\/o-ingrediente-que-sobra-do-cafe-da-manha-e-que-esta-fazendo-as-unhas-pararem-de-quebrar-dermatologistas-explicam-por-que-funciona\/\" \/>\n<meta property=\"og:site_name\" content=\"Estado de Minas - Em foco\" \/>\n<meta property=\"article:published_time\" content=\"2026-04-30T09:40:00+00:00\" \/>\n<meta property=\"article:modified_time\" content=\"2026-04-30T08:42:28+00:00\" \/>\n<meta property=\"og:image\" content=\"https:\/\/www.em.com.br\/emfoco\/wp-content\/uploads\/2026\/04\/magnific_clara-de-ovo-em-recipient_2895656150.jpg\" \/>\n\t<meta property=\"og:image:width\" content=\"1280\" \/>\n\t<meta property=\"og:image:height\" content=\"714\" \/>\n\t<meta property=\"og:image:type\" content=\"image\/jpeg\" \/>\n<meta name=\"author\" content=\"Vanessa Tavares\" \/>\n<meta name=\"twitter:card\" content=\"summary_large_image\" \/>\n<meta name=\"twitter:label1\" content=\"Escrito por\" \/>\n\t<meta name=\"twitter:data1\" content=\"Vanessa Tavares\" \/>\n\t<meta name=\"twitter:label2\" content=\"Est. tempo de leitura\" \/>\n\t<meta name=\"twitter:data2\" content=\"5 minutos\" \/>\n<!-- \/ Yoast SEO plugin. -->","yoast_head_json":{"title":"O ingrediente que sobra do caf\u00e9 da manh\u00e3 e que est\u00e1 fazendo as unhas pararem de quebrar: dermatologistas explicam por que funciona - Estado de Minas - Em foco","description":"O ingrediente que sobra do caf\u00e9 da manh\u00e3 pode parar suas unhas de quebrar. Dermatologistas explicam como usar a clara de ovo certo!","robots":{"index":"index","follow":"follow","max-snippet":"max-snippet:-1","max-image-preview":"max-image-preview:large","max-video-preview":"max-video-preview:-1"},"canonical":"https:\/\/www.em.com.br\/emfoco\/2026\/04\/30\/o-ingrediente-que-sobra-do-cafe-da-manha-e-que-esta-fazendo-as-unhas-pararem-de-quebrar-dermatologistas-explicam-por-que-funciona\/","og_locale":"pt_BR","og_type":"article","og_title":"O ingrediente que sobra do caf\u00e9 da manh\u00e3 e que est\u00e1 fazendo as unhas pararem de quebrar: dermatologistas explicam por que funciona - Estado de Minas - Em foco","og_description":"O ingrediente que sobra do caf\u00e9 da manh\u00e3 pode parar suas unhas de quebrar. Dermatologistas explicam como usar a clara de ovo certo!","og_url":"https:\/\/www.em.com.br\/emfoco\/2026\/04\/30\/o-ingrediente-que-sobra-do-cafe-da-manha-e-que-esta-fazendo-as-unhas-pararem-de-quebrar-dermatologistas-explicam-por-que-funciona\/","og_site_name":"Estado de Minas - Em foco","article_published_time":"2026-04-30T09:40:00+00:00","article_modified_time":"2026-04-30T08:42:28+00:00","og_image":[{"width":1280,"height":714,"url":"https:\/\/www.em.com.br\/emfoco\/wp-content\/uploads\/2026\/04\/magnific_clara-de-ovo-em-recipient_2895656150.jpg","type":"image\/jpeg"}],"author":"Vanessa Tavares","twitter_card":"summary_large_image","twitter_misc":{"Escrito por":"Vanessa Tavares","Est. tempo de leitura":"5 minutos"},"schema":{"@context":"https:\/\/schema.org","@graph":[{"@type":"WebPage","@id":"https:\/\/www.em.com.br\/emfoco\/2026\/04\/30\/o-ingrediente-que-sobra-do-cafe-da-manha-e-que-esta-fazendo-as-unhas-pararem-de-quebrar-dermatologistas-explicam-por-que-funciona\/","url":"https:\/\/www.em.com.br\/emfoco\/2026\/04\/30\/o-ingrediente-que-sobra-do-cafe-da-manha-e-que-esta-fazendo-as-unhas-pararem-de-quebrar-dermatologistas-explicam-por-que-funciona\/","name":"O ingrediente que sobra do caf\u00e9 da manh\u00e3 e que est\u00e1 fazendo as unhas pararem de quebrar: dermatologistas explicam por que funciona - Estado de Minas - Em foco","isPartOf":{"@id":"https:\/\/www.em.com.br\/emfoco\/#website"},"primaryImageOfPage":{"@id":"https:\/\/www.em.com.br\/emfoco\/2026\/04\/30\/o-ingrediente-que-sobra-do-cafe-da-manha-e-que-esta-fazendo-as-unhas-pararem-de-quebrar-dermatologistas-explicam-por-que-funciona\/#primaryimage"},"image":{"@id":"https:\/\/www.em.com.br\/emfoco\/2026\/04\/30\/o-ingrediente-que-sobra-do-cafe-da-manha-e-que-esta-fazendo-as-unhas-pararem-de-quebrar-dermatologistas-explicam-por-que-funciona\/#primaryimage"},"thumbnailUrl":"https:\/\/www.em.com.br\/emfoco\/wp-content\/uploads\/2026\/04\/magnific_clara-de-ovo-em-recipient_2895656150.jpg","datePublished":"2026-04-30T09:40:00+00:00","dateModified":"2026-04-30T08:42:28+00:00","author":{"@id":"https:\/\/www.em.com.br\/emfoco\/#\/schema\/person\/4a7a157aac450b98edc86f15a7434f0b"},"description":"O ingrediente que sobra do caf\u00e9 da manh\u00e3 pode parar suas unhas de quebrar. Dermatologistas explicam como usar a clara de ovo certo!","breadcrumb":{"@id":"https:\/\/www.em.com.br\/emfoco\/2026\/04\/30\/o-ingrediente-que-sobra-do-cafe-da-manha-e-que-esta-fazendo-as-unhas-pararem-de-quebrar-dermatologistas-explicam-por-que-funciona\/#breadcrumb"},"inLanguage":"pt-BR","potentialAction":[{"@type":"ReadAction","target":["https:\/\/www.em.com.br\/emfoco\/2026\/04\/30\/o-ingrediente-que-sobra-do-cafe-da-manha-e-que-esta-fazendo-as-unhas-pararem-de-quebrar-dermatologistas-explicam-por-que-funciona\/"]}]},{"@type":"ImageObject","inLanguage":"pt-BR","@id":"https:\/\/www.em.com.br\/emfoco\/2026\/04\/30\/o-ingrediente-que-sobra-do-cafe-da-manha-e-que-esta-fazendo-as-unhas-pararem-de-quebrar-dermatologistas-explicam-por-que-funciona\/#primaryimage","url":"https:\/\/www.em.com.br\/emfoco\/wp-content\/uploads\/2026\/04\/magnific_clara-de-ovo-em-recipient_2895656150.jpg","contentUrl":"https:\/\/www.em.com.br\/emfoco\/wp-content\/uploads\/2026\/04\/magnific_clara-de-ovo-em-recipient_2895656150.jpg","width":1280,"height":714,"caption":"Ingrediente que sobra do caf\u00e9 da manh\u00e3 para unhas fortalece e reduz quebras com uso simples em casa"},{"@type":"BreadcrumbList","@id":"https:\/\/www.em.com.br\/emfoco\/2026\/04\/30\/o-ingrediente-que-sobra-do-cafe-da-manha-e-que-esta-fazendo-as-unhas-pararem-de-quebrar-dermatologistas-explicam-por-que-funciona\/#breadcrumb","itemListElement":[{"@type":"ListItem","position":1,"name":"In\u00edcio","item":"https:\/\/www.em.com.br\/emfoco\/"},{"@type":"ListItem","position":2,"name":"O ingrediente que sobra do caf\u00e9 da manh\u00e3 e que est\u00e1 fazendo as unhas pararem de quebrar: dermatologistas explicam por que funciona"}]},{"@type":"WebSite","@id":"https:\/\/www.em.com.br\/emfoco\/#website","url":"https:\/\/www.em.com.br\/emfoco\/","name":"Estado de Minas - Em foco","description":"Acompanhe as \u00faltimas not\u00edcias e fique bem informado sobre tudo o que acontece em Minas Gerais, Brasil e no mundo.","potentialAction":[{"@type":"SearchAction","target":{"@type":"EntryPoint","urlTemplate":"https:\/\/www.em.com.br\/emfoco\/?s={search_term_string}"},"query-input":{"@type":"PropertyValueSpecification","valueRequired":true,"valueName":"search_term_string"}}],"inLanguage":"pt-BR"},{"@type":"Person","@id":"https:\/\/www.em.com.br\/emfoco\/#\/schema\/person\/4a7a157aac450b98edc86f15a7434f0b","name":"Vanessa Tavares","image":{"@type":"ImageObject","inLanguage":"pt-BR","@id":"https:\/\/www.em.com.br\/emfoco\/#\/schema\/person\/image\/","url":"https:\/\/secure.gravatar.com\/avatar\/088c9372da58da00f00f8e508f13d635?s=96&d=mm&r=g","contentUrl":"https:\/\/secure.gravatar.com\/avatar\/088c9372da58da00f00f8e508f13d635?s=96&d=mm&r=g","caption":"Vanessa Tavares"},"sameAs":["https:\/\/www.em.com.br\/emfoco"],"url":"https:\/\/www.em.com.br\/emfoco\/author\/vanessamyth\/"}]}},"_links":{"self":[{"href":"https:\/\/www.em.com.br\/emfoco\/wp-json\/wp\/v2\/posts\/201849","targetHints":{"allow":["GET"]}}],"collection":[{"href":"https:\/\/www.em.com.br\/emfoco\/wp-json\/wp\/v2\/posts"}],"about":[{"href":"https:\/\/www.em.com.br\/emfoco\/wp-json\/wp\/v2\/types\/post"}],"author":[{"embeddable":true,"href":"https:\/\/www.em.com.br\/emfoco\/wp-json\/wp\/v2\/users\/19"}],"replies":[{"embeddable":true,"href":"https:\/\/www.em.com.br\/emfoco\/wp-json\/wp\/v2\/comments?post=201849"}],"version-history":[{"count":3,"href":"https:\/\/www.em.com.br\/emfoco\/wp-json\/wp\/v2\/posts\/201849\/revisions"}],"predecessor-version":[{"id":201864,"href":"https:\/\/www.em.com.br\/emfoco\/wp-json\/wp\/v2\/posts\/201849\/revisions\/201864"}],"wp:featuredmedia":[{"embeddable":true,"href":"https:\/\/www.em.com.br\/emfoco\/wp-json\/wp\/v2\/media\/201860"}],"wp:attachment":[{"href":"https:\/\/www.em.com.br\/emfoco\/wp-json\/wp\/v2\/media?parent=201849"}],"wp:term":[{"taxonomy":"category","embeddable":true,"href":"https:\/\/www.em.com.br\/emfoco\/wp-json\/wp\/v2\/categories?post=201849"},{"taxonomy":"post_tag","embeddable":true,"href":"https:\/\/www.em.com.br\/emfoco\/wp-json\/wp\/v2\/tags?post=201849"}],"curies":[{"name":"wp","href":"https:\/\/api.w.org\/{rel}","templated":true}]}}