{"id":201843,"date":"2026-04-30T05:48:00","date_gmt":"2026-04-30T08:48:00","guid":{"rendered":"https:\/\/www.em.com.br\/emfoco\/?p=201843"},"modified":"2026-04-30T05:08:07","modified_gmt":"2026-04-30T08:08:07","slug":"os-nascidos-em-2008-terao-que-cumprir-o-servico-militar-obrigatorio-tera-duracao-de-um-ano-e-recebera-um-salario-minimo","status":"publish","type":"post","link":"https:\/\/www.em.com.br\/emfoco\/2026\/04\/30\/os-nascidos-em-2008-terao-que-cumprir-o-servico-militar-obrigatorio-tera-duracao-de-um-ano-e-recebera-um-salario-minimo\/","title":{"rendered":"Os nascidos em 2008 ter\u00e3o que cumprir o servi\u00e7o militar obrigat\u00f3rio: ter\u00e1 dura\u00e7\u00e3o de um ano e receber\u00e1 um sal\u00e1rio m\u00ednimo"},"content":{"rendered":"\n<p>Imagine completar 18 anos e, junto com a festa de anivers\u00e1rio, receber a convoca\u00e7\u00e3o para servir nas <strong>For\u00e7as Armadas<\/strong> do seu pa\u00eds. Na Col\u00f4mbia, isso n\u00e3o \u00e9 fic\u00e7\u00e3o: \u00e9 lei. Os jovens nascidos em 2008 j\u00e1 est\u00e3o sendo chamados para o <strong>servi\u00e7o militar obrigat\u00f3rio<\/strong>, e a novidade \u00e9 que agora eles recebem uma remunera\u00e7\u00e3o equivalente a um <strong>sal\u00e1rio m\u00ednimo<\/strong> completo.<\/p>\n\n\n\n<h2 class=\"wp-block-heading\">A convoca\u00e7\u00e3o que muda a rotina de milhares de jovens colombianos<\/h2>\n\n\n\n<p>Na <strong>Col\u00f4mbia<\/strong>, todo homem que completa a maioridade precisa comparecer perante as autoridades para resolver sua situa\u00e7\u00e3o militar. Esse processo determina se o cidad\u00e3o ser\u00e1 incorporado ao <strong>Ex\u00e9rcito Nacional<\/strong>, \u00e0 Marinha, \u00e0 For\u00e7a A\u00e9rea ou se poder\u00e1 se enquadrar em alguma das isen\u00e7\u00f5es previstas em lei. As mulheres n\u00e3o s\u00e3o obrigadas, mas podem se alistar voluntariamente.<\/p>\n\n\n\n<p>A regra vale para homens entre 18 e 24 anos. Em 2026, s\u00e3o justamente os nascidos em 2008 que atingem essa faixa et\u00e1ria e passam a integrar a lista de convocados. A <a href=\"https:\/\/www.funcionpublica.gov.co\/eva\/gestornormativo\/norma.php?i=82973\" target=\"_blank\" rel=\"noreferrer noopener\">Lei 1861 de 2017<\/a> \u00e9 o marco legal que regulamenta todo esse sistema de recrutamento, controle de reservas e mobiliza\u00e7\u00e3o no pa\u00eds.<\/p>\n\n\n\n<figure class=\"wp-block-image size-large\"><img loading=\"lazy\" decoding=\"async\" width=\"1024\" height=\"576\" src=\"https:\/\/www.em.com.br\/emfoco\/wp-content\/uploads\/2026\/04\/Os-nascidos-em-2008-terao-que-cumprir-o-servico-militar-obrigatorio-tera-duracao-de-um-ano-e-recebera-um-salario-minimo-1024x576.jpg\" alt=\"Os nascidos em 2008 ter\u00e3o que cumprir o servi\u00e7o militar obrigat\u00f3rio: ter\u00e1 dura\u00e7\u00e3o de um ano e receber\u00e1 um sal\u00e1rio m\u00ednimo\" class=\"wp-image-201846\" srcset=\"https:\/\/www.em.com.br\/emfoco\/wp-content\/uploads\/2026\/04\/Os-nascidos-em-2008-terao-que-cumprir-o-servico-militar-obrigatorio-tera-duracao-de-um-ano-e-recebera-um-salario-minimo-1024x576.jpg 1024w, https:\/\/www.em.com.br\/emfoco\/wp-content\/uploads\/2026\/04\/Os-nascidos-em-2008-terao-que-cumprir-o-servico-militar-obrigatorio-tera-duracao-de-um-ano-e-recebera-um-salario-minimo-300x169.jpg 300w, https:\/\/www.em.com.br\/emfoco\/wp-content\/uploads\/2026\/04\/Os-nascidos-em-2008-terao-que-cumprir-o-servico-militar-obrigatorio-tera-duracao-de-um-ano-e-recebera-um-salario-minimo-768x432.jpg 768w, https:\/\/www.em.com.br\/emfoco\/wp-content\/uploads\/2026\/04\/Os-nascidos-em-2008-terao-que-cumprir-o-servico-militar-obrigatorio-tera-duracao-de-um-ano-e-recebera-um-salario-minimo-750x422.jpg 750w, https:\/\/www.em.com.br\/emfoco\/wp-content\/uploads\/2026\/04\/Os-nascidos-em-2008-terao-que-cumprir-o-servico-militar-obrigatorio-tera-duracao-de-um-ano-e-recebera-um-salario-minimo-1140x641.jpg 1140w, https:\/\/www.em.com.br\/emfoco\/wp-content\/uploads\/2026\/04\/Os-nascidos-em-2008-terao-que-cumprir-o-servico-militar-obrigatorio-tera-duracao-de-um-ano-e-recebera-um-salario-minimo.jpg 1280w\" sizes=\"auto, (max-width: 1024px) 100vw, 1024px\" \/><figcaption class=\"wp-element-caption\">O tempo na farda passa a valer como experi\u00eancia.<\/figcaption><\/figure>\n\n\n\n<h2 class=\"wp-block-heading\">Doze meses de farda, treinamento e sal\u00e1rio garantido<\/h2>\n\n\n\n<p>A dura\u00e7\u00e3o do servi\u00e7o militar depende do perfil do recruta. Quem concluiu o ensino m\u00e9dio (chamado de &#8220;bachiller&#8221; na Col\u00f4mbia) presta <strong>12 meses de servi\u00e7o<\/strong>. J\u00e1 quem n\u00e3o possui esse diploma pode permanecer at\u00e9 <strong>18 meses<\/strong> nas fileiras das For\u00e7as Armadas. Durante esse per\u00edodo, os soldados atuam em vigil\u00e2ncia, log\u00edstica, opera\u00e7\u00f5es de seguran\u00e7a e programas comunit\u00e1rios em diversas regi\u00f5es do pa\u00eds.<\/p>\n\n\n\n<p>O grande salto nos benef\u00edcios veio com a <a href=\"https:\/\/www.suin-juriscol.gov.co\/viewDocument.asp?id=30051864\" target=\"_blank\" rel=\"noreferrer noopener\">Lei 2384 de 2024<\/a>, que reformulou a remunera\u00e7\u00e3o dos recrutas. Antes dessa lei, a bonifica\u00e7\u00e3o mensal correspondia a apenas <strong>30% do sal\u00e1rio m\u00ednimo<\/strong>. A partir de julho de 2024, o valor subiu para 50%, avan\u00e7ou para 70% em 2025 e, em 2026, <strong>j\u00e1 alcan\u00e7a 100% do sal\u00e1rio m\u00ednimo legal vigente<\/strong>, o equivalente a COP $1.750.905. Al\u00e9m da bonifica\u00e7\u00e3o, o Estado garante alimenta\u00e7\u00e3o, alojamento, uniformes e atendimento m\u00e9dico integral.<\/p>\n\n\n\n<h2 class=\"wp-block-heading\">Nem todo colombiano vai para o quartel<\/h2>\n\n\n\n<p>A legisla\u00e7\u00e3o colombiana prev\u00ea situa\u00e7\u00f5es espec\u00edficas em que o cidad\u00e3o pode ficar dispensado do servi\u00e7o militar obrigat\u00f3rio. S\u00e3o os chamados casos de exonera\u00e7\u00e3o, que abrangem uma variedade de perfis. Confira os principais:<\/p>\n\n\n\n<ul class=\"wp-block-list\">\n<li>Pessoas com <strong>defici\u00eancias f\u00edsicas ou condi\u00e7\u00f5es m\u00e9dicas<\/strong> que impe\u00e7am o cumprimento das exig\u00eancias militares<\/li>\n\n\n\n<li>Homens casados ou com filhos, bem como aqueles que sustentam financeiramente pais ou irm\u00e3os<\/li>\n\n\n\n<li>Membros de <strong>comunidades ind\u00edgenas<\/strong>, afrodescendentes, raizales, palenqueras e Rrom que comprovem sua integridade cultural, social e econ\u00f4mica<\/li>\n\n\n\n<li>Religiosos vinculados a institui\u00e7\u00f5es reconhecidas pelo Estado<\/li>\n\n\n\n<li>Cidad\u00e3os que optem pelo pagamento da <strong>cota de compensa\u00e7\u00e3o militar<\/strong>, regularizando sua situa\u00e7\u00e3o sem servir nas fileiras<\/li>\n\n\n\n<li>Objetores de consci\u00eancia, reconhecidos por comiss\u00e3o interdisciplinar criada pela pr\u00f3pria lei<\/li>\n<\/ul>\n\n\n\n<figure class=\"wp-block-image size-large\"><img loading=\"lazy\" decoding=\"async\" width=\"1024\" height=\"576\" src=\"https:\/\/www.em.com.br\/emfoco\/wp-content\/uploads\/2026\/04\/Os-nascidos-em-2008-terao-que-cumprir-o-servico-militar-obrigatorio-tera-duracao-de-um-ano-e-recebera-um-salario-minimo-1-1024x576.jpg\" alt=\"Os nascidos em 2008 ter\u00e3o que cumprir o servi\u00e7o militar obrigat\u00f3rio: ter\u00e1 dura\u00e7\u00e3o de um ano e receber\u00e1 um sal\u00e1rio m\u00ednimo\" class=\"wp-image-201845\" srcset=\"https:\/\/www.em.com.br\/emfoco\/wp-content\/uploads\/2026\/04\/Os-nascidos-em-2008-terao-que-cumprir-o-servico-militar-obrigatorio-tera-duracao-de-um-ano-e-recebera-um-salario-minimo-1-1024x576.jpg 1024w, https:\/\/www.em.com.br\/emfoco\/wp-content\/uploads\/2026\/04\/Os-nascidos-em-2008-terao-que-cumprir-o-servico-militar-obrigatorio-tera-duracao-de-um-ano-e-recebera-um-salario-minimo-1-300x169.jpg 300w, https:\/\/www.em.com.br\/emfoco\/wp-content\/uploads\/2026\/04\/Os-nascidos-em-2008-terao-que-cumprir-o-servico-militar-obrigatorio-tera-duracao-de-um-ano-e-recebera-um-salario-minimo-1-768x432.jpg 768w, https:\/\/www.em.com.br\/emfoco\/wp-content\/uploads\/2026\/04\/Os-nascidos-em-2008-terao-que-cumprir-o-servico-militar-obrigatorio-tera-duracao-de-um-ano-e-recebera-um-salario-minimo-1-750x422.jpg 750w, https:\/\/www.em.com.br\/emfoco\/wp-content\/uploads\/2026\/04\/Os-nascidos-em-2008-terao-que-cumprir-o-servico-militar-obrigatorio-tera-duracao-de-um-ano-e-recebera-um-salario-minimo-1-1140x641.jpg 1140w, https:\/\/www.em.com.br\/emfoco\/wp-content\/uploads\/2026\/04\/Os-nascidos-em-2008-terao-que-cumprir-o-servico-militar-obrigatorio-tera-duracao-de-um-ano-e-recebera-um-salario-minimo-1.jpg 1280w\" sizes=\"auto, (max-width: 1024px) 100vw, 1024px\" \/><figcaption class=\"wp-element-caption\">O servi\u00e7o militar agora garante sal\u00e1rio integral.<\/figcaption><\/figure>\n\n\n\n<h2 class=\"wp-block-heading\">O tempo na farda agora conta como experi\u00eancia profissional<\/h2>\n\n\n\n<p>Uma mudan\u00e7a significativa na legisla\u00e7\u00e3o colombiana trouxe um benef\u00edcio que vai al\u00e9m do per\u00edodo de servi\u00e7o. Com a Lei 2384 de 2024, o tempo prestado no <strong>servi\u00e7o militar<\/strong> passou a ser reconhecido como <strong>experi\u00eancia de trabalho v\u00e1lida<\/strong>. Na pr\u00e1tica, o certificado emitido pelo Ex\u00e9rcito, pela Marinha, pela For\u00e7a A\u00e9rea ou pela Pol\u00edcia Nacional funciona como um certificado de trabalho.<\/p>\n\n\n\n<p>Isso significa que empregadores dos setores p\u00fablico e privado na Col\u00f4mbia devem aceitar essa certifica\u00e7\u00e3o como comprovante das habilidades e compet\u00eancias adquiridas durante o per\u00edodo militar. Para um jovem que acabou de sair do ensino m\u00e9dio, essa \u00e9 uma porta de entrada relevante no mercado de trabalho.<\/p>\n\n\n\n<h2 class=\"wp-block-heading\">Paralelos que fazem pensar: e se fosse no Brasil?<\/h2>\n\n\n\n<p>Aqui no Brasil, o alistamento militar tamb\u00e9m \u00e9 obrigat\u00f3rio para homens ao completar 18 anos, mas o modelo funciona de maneira diferente. O caso colombiano chama aten\u00e7\u00e3o pela remunera\u00e7\u00e3o crescente e pelo reconhecimento formal do servi\u00e7o como experi\u00eancia profissional. S\u00e3o medidas que transformam uma obriga\u00e7\u00e3o c\u00edvica em uma etapa com retorno concreto para os jovens das <strong>For\u00e7as Armadas<\/strong> colombianas.<\/p>\n\n\n\n<p>O servi\u00e7o militar obrigat\u00f3rio segue sendo tema de debate em v\u00e1rios pa\u00edses da Am\u00e9rica Latina. Na <strong>Col\u00f4mbia<\/strong>, a aposta \u00e9 clara: valorizar quem serve, garantir direitos e oferecer condi\u00e7\u00f5es dignas durante o per\u00edodo de incorpora\u00e7\u00e3o. \u00c9 uma f\u00f3rmula que equilibra dever c\u00edvico e reconhecimento social, algo que certamente d\u00e1 o que pensar.<\/p>\n\n\n\n<p>Conhece algu\u00e9m que se interessa por temas de defesa, legisla\u00e7\u00e3o militar ou curiosidades sobre a Am\u00e9rica Latina? <strong>Compartilhe este artigo<\/strong> e leve a informa\u00e7\u00e3o adiante!<\/p>\n","protected":false},"excerpt":{"rendered":"<p>Imagine completar 18 anos e, junto com a festa de anivers\u00e1rio, receber a convoca\u00e7\u00e3o para servir nas For\u00e7as Armadas do seu pa\u00eds. Na Col\u00f4mbia, isso n\u00e3o \u00e9 fic\u00e7\u00e3o: \u00e9 lei. Os jovens nascidos em 2008 j\u00e1 est\u00e3o sendo chamados para o servi\u00e7o militar obrigat\u00f3rio, e a novidade \u00e9 que agora eles recebem uma remunera\u00e7\u00e3o equivalente [&hellip;]<\/p>\n","protected":false},"author":5,"featured_media":201844,"comment_status":"open","ping_status":"open","sticky":false,"template":"","format":"standard","meta":{"jnews-multi-image_gallery":[],"jnews_single_post":{"format":"standard"},"jnews_primary_category":[],"jnews_social_meta":[],"jnews_override_counter":[],"footnotes":""},"categories":[1],"tags":[4472,1214,29028,29027],"class_list":["post-201843","post","type-post","status-publish","format-standard","has-post-thumbnail","hentry","category-noticias","tag-colombia","tag-forcas-armadas","tag-jovens-18-anos","tag-servico-militar"],"yoast_head":"<!-- This site is optimized with the Yoast SEO plugin v23.8 - https:\/\/yoast.com\/wordpress\/plugins\/seo\/ -->\n<title>Os nascidos em 2008 ter\u00e3o que cumprir o servi\u00e7o militar obrigat\u00f3rio: ter\u00e1 dura\u00e7\u00e3o de um ano e receber\u00e1 um sal\u00e1rio m\u00ednimo - Estado de Minas - Em foco<\/title>\n<meta name=\"description\" content=\"O que acontece ao completar 18 anos na Col\u00f4mbia levanta debates e surpreende por detalhes que poucos conhecem.\" \/>\n<meta name=\"robots\" content=\"index, follow, max-snippet:-1, max-image-preview:large, max-video-preview:-1\" \/>\n<link rel=\"canonical\" href=\"https:\/\/www.em.com.br\/emfoco\/2026\/04\/30\/os-nascidos-em-2008-terao-que-cumprir-o-servico-militar-obrigatorio-tera-duracao-de-um-ano-e-recebera-um-salario-minimo\/\" \/>\n<meta property=\"og:locale\" content=\"pt_BR\" \/>\n<meta property=\"og:type\" content=\"article\" \/>\n<meta property=\"og:title\" content=\"Os nascidos em 2008 ter\u00e3o que cumprir o servi\u00e7o militar obrigat\u00f3rio: ter\u00e1 dura\u00e7\u00e3o de um ano e receber\u00e1 um sal\u00e1rio m\u00ednimo - Estado de Minas - Em foco\" \/>\n<meta property=\"og:description\" content=\"O que acontece ao completar 18 anos na Col\u00f4mbia levanta debates e surpreende por detalhes que poucos conhecem.\" \/>\n<meta property=\"og:url\" content=\"https:\/\/www.em.com.br\/emfoco\/2026\/04\/30\/os-nascidos-em-2008-terao-que-cumprir-o-servico-militar-obrigatorio-tera-duracao-de-um-ano-e-recebera-um-salario-minimo\/\" \/>\n<meta property=\"og:site_name\" content=\"Estado de Minas - Em foco\" \/>\n<meta property=\"article:published_time\" content=\"2026-04-30T08:48:00+00:00\" \/>\n<meta property=\"article:modified_time\" content=\"2026-04-30T08:08:07+00:00\" \/>\n<meta property=\"og:image\" content=\"https:\/\/www.em.com.br\/emfoco\/wp-content\/uploads\/2026\/04\/Os-nascidos-em-2008-terao-que-cumprir-o-servico-militar-obrigatorio-tera-duracao-de-um-ano-e-recebera-um-salario-minimo-2.jpg\" \/>\n\t<meta property=\"og:image:width\" content=\"1280\" \/>\n\t<meta property=\"og:image:height\" content=\"720\" \/>\n\t<meta property=\"og:image:type\" content=\"image\/jpeg\" \/>\n<meta name=\"author\" content=\"N\u00fabia Rangel\" \/>\n<meta name=\"twitter:card\" content=\"summary_large_image\" \/>\n<meta name=\"twitter:label1\" content=\"Escrito por\" \/>\n\t<meta name=\"twitter:data1\" content=\"N\u00fabia Rangel\" \/>\n\t<meta name=\"twitter:label2\" content=\"Est. tempo de leitura\" \/>\n\t<meta name=\"twitter:data2\" content=\"5 minutos\" \/>\n<!-- \/ Yoast SEO plugin. -->","yoast_head_json":{"title":"Os nascidos em 2008 ter\u00e3o que cumprir o servi\u00e7o militar obrigat\u00f3rio: ter\u00e1 dura\u00e7\u00e3o de um ano e receber\u00e1 um sal\u00e1rio m\u00ednimo - Estado de Minas - Em foco","description":"O que acontece ao completar 18 anos na Col\u00f4mbia levanta debates e surpreende por detalhes que poucos conhecem.","robots":{"index":"index","follow":"follow","max-snippet":"max-snippet:-1","max-image-preview":"max-image-preview:large","max-video-preview":"max-video-preview:-1"},"canonical":"https:\/\/www.em.com.br\/emfoco\/2026\/04\/30\/os-nascidos-em-2008-terao-que-cumprir-o-servico-militar-obrigatorio-tera-duracao-de-um-ano-e-recebera-um-salario-minimo\/","og_locale":"pt_BR","og_type":"article","og_title":"Os nascidos em 2008 ter\u00e3o que cumprir o servi\u00e7o militar obrigat\u00f3rio: ter\u00e1 dura\u00e7\u00e3o de um ano e receber\u00e1 um sal\u00e1rio m\u00ednimo - Estado de Minas - Em foco","og_description":"O que acontece ao completar 18 anos na Col\u00f4mbia levanta debates e surpreende por detalhes que poucos conhecem.","og_url":"https:\/\/www.em.com.br\/emfoco\/2026\/04\/30\/os-nascidos-em-2008-terao-que-cumprir-o-servico-militar-obrigatorio-tera-duracao-de-um-ano-e-recebera-um-salario-minimo\/","og_site_name":"Estado de Minas - Em foco","article_published_time":"2026-04-30T08:48:00+00:00","article_modified_time":"2026-04-30T08:08:07+00:00","og_image":[{"width":1280,"height":720,"url":"https:\/\/www.em.com.br\/emfoco\/wp-content\/uploads\/2026\/04\/Os-nascidos-em-2008-terao-que-cumprir-o-servico-militar-obrigatorio-tera-duracao-de-um-ano-e-recebera-um-salario-minimo-2.jpg","type":"image\/jpeg"}],"author":"N\u00fabia Rangel","twitter_card":"summary_large_image","twitter_misc":{"Escrito por":"N\u00fabia Rangel","Est. tempo de leitura":"5 minutos"},"schema":{"@context":"https:\/\/schema.org","@graph":[{"@type":"WebPage","@id":"https:\/\/www.em.com.br\/emfoco\/2026\/04\/30\/os-nascidos-em-2008-terao-que-cumprir-o-servico-militar-obrigatorio-tera-duracao-de-um-ano-e-recebera-um-salario-minimo\/","url":"https:\/\/www.em.com.br\/emfoco\/2026\/04\/30\/os-nascidos-em-2008-terao-que-cumprir-o-servico-militar-obrigatorio-tera-duracao-de-um-ano-e-recebera-um-salario-minimo\/","name":"Os nascidos em 2008 ter\u00e3o que cumprir o servi\u00e7o militar obrigat\u00f3rio: ter\u00e1 dura\u00e7\u00e3o de um ano e receber\u00e1 um sal\u00e1rio m\u00ednimo - Estado de Minas - Em foco","isPartOf":{"@id":"https:\/\/www.em.com.br\/emfoco\/#website"},"primaryImageOfPage":{"@id":"https:\/\/www.em.com.br\/emfoco\/2026\/04\/30\/os-nascidos-em-2008-terao-que-cumprir-o-servico-militar-obrigatorio-tera-duracao-de-um-ano-e-recebera-um-salario-minimo\/#primaryimage"},"image":{"@id":"https:\/\/www.em.com.br\/emfoco\/2026\/04\/30\/os-nascidos-em-2008-terao-que-cumprir-o-servico-militar-obrigatorio-tera-duracao-de-um-ano-e-recebera-um-salario-minimo\/#primaryimage"},"thumbnailUrl":"https:\/\/www.em.com.br\/emfoco\/wp-content\/uploads\/2026\/04\/Os-nascidos-em-2008-terao-que-cumprir-o-servico-militar-obrigatorio-tera-duracao-de-um-ano-e-recebera-um-salario-minimo-2.jpg","datePublished":"2026-04-30T08:48:00+00:00","dateModified":"2026-04-30T08:08:07+00:00","author":{"@id":"https:\/\/www.em.com.br\/emfoco\/#\/schema\/person\/524437ef54f8a5d32591b143307f2e20"},"description":"O que acontece ao completar 18 anos na Col\u00f4mbia levanta debates e surpreende por detalhes que poucos conhecem.","breadcrumb":{"@id":"https:\/\/www.em.com.br\/emfoco\/2026\/04\/30\/os-nascidos-em-2008-terao-que-cumprir-o-servico-militar-obrigatorio-tera-duracao-de-um-ano-e-recebera-um-salario-minimo\/#breadcrumb"},"inLanguage":"pt-BR","potentialAction":[{"@type":"ReadAction","target":["https:\/\/www.em.com.br\/emfoco\/2026\/04\/30\/os-nascidos-em-2008-terao-que-cumprir-o-servico-militar-obrigatorio-tera-duracao-de-um-ano-e-recebera-um-salario-minimo\/"]}]},{"@type":"ImageObject","inLanguage":"pt-BR","@id":"https:\/\/www.em.com.br\/emfoco\/2026\/04\/30\/os-nascidos-em-2008-terao-que-cumprir-o-servico-militar-obrigatorio-tera-duracao-de-um-ano-e-recebera-um-salario-minimo\/#primaryimage","url":"https:\/\/www.em.com.br\/emfoco\/wp-content\/uploads\/2026\/04\/Os-nascidos-em-2008-terao-que-cumprir-o-servico-militar-obrigatorio-tera-duracao-de-um-ano-e-recebera-um-salario-minimo-2.jpg","contentUrl":"https:\/\/www.em.com.br\/emfoco\/wp-content\/uploads\/2026\/04\/Os-nascidos-em-2008-terao-que-cumprir-o-servico-militar-obrigatorio-tera-duracao-de-um-ano-e-recebera-um-salario-minimo-2.jpg","width":1280,"height":720,"caption":"Jovens colombianos s\u00e3o convocados ao completar 18 anos."},{"@type":"BreadcrumbList","@id":"https:\/\/www.em.com.br\/emfoco\/2026\/04\/30\/os-nascidos-em-2008-terao-que-cumprir-o-servico-militar-obrigatorio-tera-duracao-de-um-ano-e-recebera-um-salario-minimo\/#breadcrumb","itemListElement":[{"@type":"ListItem","position":1,"name":"In\u00edcio","item":"https:\/\/www.em.com.br\/emfoco\/"},{"@type":"ListItem","position":2,"name":"Os nascidos em 2008 ter\u00e3o que cumprir o servi\u00e7o militar obrigat\u00f3rio: ter\u00e1 dura\u00e7\u00e3o de um ano e receber\u00e1 um sal\u00e1rio m\u00ednimo"}]},{"@type":"WebSite","@id":"https:\/\/www.em.com.br\/emfoco\/#website","url":"https:\/\/www.em.com.br\/emfoco\/","name":"Estado de Minas - Em foco","description":"Acompanhe as \u00faltimas not\u00edcias e fique bem informado sobre tudo o que acontece em Minas Gerais, Brasil e no mundo.","potentialAction":[{"@type":"SearchAction","target":{"@type":"EntryPoint","urlTemplate":"https:\/\/www.em.com.br\/emfoco\/?s={search_term_string}"},"query-input":{"@type":"PropertyValueSpecification","valueRequired":true,"valueName":"search_term_string"}}],"inLanguage":"pt-BR"},{"@type":"Person","@id":"https:\/\/www.em.com.br\/emfoco\/#\/schema\/person\/524437ef54f8a5d32591b143307f2e20","name":"N\u00fabia Rangel","image":{"@type":"ImageObject","inLanguage":"pt-BR","@id":"https:\/\/www.em.com.br\/emfoco\/#\/schema\/person\/image\/","url":"https:\/\/secure.gravatar.com\/avatar\/47cff2827a5ba23c37e8068c86817ea4?s=96&d=mm&r=g","contentUrl":"https:\/\/secure.gravatar.com\/avatar\/47cff2827a5ba23c37e8068c86817ea4?s=96&d=mm&r=g","caption":"N\u00fabia Rangel"},"sameAs":["https:\/\/www.em.com.br\/emfoco\/"],"url":"https:\/\/www.em.com.br\/emfoco\/author\/nubiamyth\/"}]}},"_links":{"self":[{"href":"https:\/\/www.em.com.br\/emfoco\/wp-json\/wp\/v2\/posts\/201843","targetHints":{"allow":["GET"]}}],"collection":[{"href":"https:\/\/www.em.com.br\/emfoco\/wp-json\/wp\/v2\/posts"}],"about":[{"href":"https:\/\/www.em.com.br\/emfoco\/wp-json\/wp\/v2\/types\/post"}],"author":[{"embeddable":true,"href":"https:\/\/www.em.com.br\/emfoco\/wp-json\/wp\/v2\/users\/5"}],"replies":[{"embeddable":true,"href":"https:\/\/www.em.com.br\/emfoco\/wp-json\/wp\/v2\/comments?post=201843"}],"version-history":[{"count":1,"href":"https:\/\/www.em.com.br\/emfoco\/wp-json\/wp\/v2\/posts\/201843\/revisions"}],"predecessor-version":[{"id":201847,"href":"https:\/\/www.em.com.br\/emfoco\/wp-json\/wp\/v2\/posts\/201843\/revisions\/201847"}],"wp:featuredmedia":[{"embeddable":true,"href":"https:\/\/www.em.com.br\/emfoco\/wp-json\/wp\/v2\/media\/201844"}],"wp:attachment":[{"href":"https:\/\/www.em.com.br\/emfoco\/wp-json\/wp\/v2\/media?parent=201843"}],"wp:term":[{"taxonomy":"category","embeddable":true,"href":"https:\/\/www.em.com.br\/emfoco\/wp-json\/wp\/v2\/categories?post=201843"},{"taxonomy":"post_tag","embeddable":true,"href":"https:\/\/www.em.com.br\/emfoco\/wp-json\/wp\/v2\/tags?post=201843"}],"curies":[{"name":"wp","href":"https:\/\/api.w.org\/{rel}","templated":true}]}}