{"id":201839,"date":"2026-04-30T05:10:00","date_gmt":"2026-04-30T08:10:00","guid":{"rendered":"https:\/\/www.em.com.br\/emfoco\/?p=201839"},"modified":"2026-04-30T04:47:25","modified_gmt":"2026-04-30T07:47:25","slug":"o-presunto-e-outros-produtos-como-salsichas-terao-sua-qualidade-alimentar-alterada-para-sempre-em-2026","status":"publish","type":"post","link":"https:\/\/www.em.com.br\/emfoco\/2026\/04\/30\/o-presunto-e-outros-produtos-como-salsichas-terao-sua-qualidade-alimentar-alterada-para-sempre-em-2026\/","title":{"rendered":"O presunto e outros produtos como salsichas ter\u00e3o sua qualidade alimentar alterada para sempre em 2026"},"content":{"rendered":"\n<p>Voc\u00ea j\u00e1 parou para ler o que est\u00e1 escrito no pacote do presunto ou do salame que coloca no carrinho? Pois 2026 est\u00e1 sendo o ano em que essas informa\u00e7\u00f5es passam por uma virada importante, e entender o que muda pode fazer diferen\u00e7a direto na hora de escolher o que chega \u00e0 sua mesa.<\/p>\n\n\n\n<h2 class=\"wp-block-heading\">O que est\u00e1 por tr\u00e1s das palavras &#8220;artesanal&#8221; e &#8220;natural&#8221; nos r\u00f3tulos<\/h2>\n\n\n\n<p>Durante anos, termos como <strong>&#8220;artesanal&#8221;<\/strong>, <strong>&#8220;tradicional&#8221;<\/strong> e <strong>&#8220;natural&#8221;<\/strong> apareceram em embalagens de embutidos sem precisar de nenhuma comprova\u00e7\u00e3o real. Eram, na pr\u00e1tica, recursos de marketing sem crit\u00e9rios claros. A nova regulamenta\u00e7\u00e3o europeia, formalizada pelo <strong><a href=\"https:\/\/www.boe.es\/diario_boe\/txt.php?id=BOE-A-2026-4519\" target=\"_blank\" rel=\"noreferrer noopener\">Real Decreto 142\/2026<\/a><\/strong> <strong>na Espanha<\/strong>, muda isso: cada um desses termos passa a exigir respaldo em crit\u00e9rios concretos e verific\u00e1veis.<\/p>\n\n\n\n<p>O impacto \u00e9 direto na ind\u00fastria de derivados c\u00e1rneos. Processos industriais n\u00e3o poder\u00e3o mais se disfar\u00e7ar sob r\u00f3tulos evocadores. Se o produto quer se apresentar como artesanal, precisa de fato seguir m\u00e9todos que justifiquem esse nome.<\/p>\n\n\n\n<h2 class=\"wp-block-heading\">Quanto carne tem no seu embutido favorito?<\/h2>\n\n\n\n<p>Um dos pontos mais relevantes da nova norma \u00e9 a exig\u00eancia sobre o <strong>percentual de carne magra<\/strong> na composi\u00e7\u00e3o dos produtos. Isso obriga muitas marcas a reformular receitas ou a reclassificar seus derivados c\u00e1rneos, especialmente nos segmentos premium, que costumam cobrar mais caro justamente pela promessa de qualidade superior.<\/p>\n\n\n\n<p>Na pr\u00e1tica, o consumidor ganha um aliado importante: saber exatamente o que est\u00e1 comprando. Aquele presunto que parece nobre na embalagem ter\u00e1 que provar que realmente \u00e9.<\/p>\n\n\n\n<figure class=\"wp-block-image size-large\"><img loading=\"lazy\" decoding=\"async\" width=\"1024\" height=\"576\" src=\"https:\/\/www.em.com.br\/emfoco\/wp-content\/uploads\/2026\/04\/O-presunto-e-outros-produtos-como-salsichas-terao-sua-qualidade-alimentar-alterada-para-sempre-em-2026-1-1024x576.jpg\" alt=\"O presunto e outros produtos como salsichas ter\u00e3o sua qualidade alimentar alterada para sempre em 2026\" class=\"wp-image-201840\" srcset=\"https:\/\/www.em.com.br\/emfoco\/wp-content\/uploads\/2026\/04\/O-presunto-e-outros-produtos-como-salsichas-terao-sua-qualidade-alimentar-alterada-para-sempre-em-2026-1-1024x576.jpg 1024w, https:\/\/www.em.com.br\/emfoco\/wp-content\/uploads\/2026\/04\/O-presunto-e-outros-produtos-como-salsichas-terao-sua-qualidade-alimentar-alterada-para-sempre-em-2026-1-300x169.jpg 300w, https:\/\/www.em.com.br\/emfoco\/wp-content\/uploads\/2026\/04\/O-presunto-e-outros-produtos-como-salsichas-terao-sua-qualidade-alimentar-alterada-para-sempre-em-2026-1-768x432.jpg 768w, https:\/\/www.em.com.br\/emfoco\/wp-content\/uploads\/2026\/04\/O-presunto-e-outros-produtos-como-salsichas-terao-sua-qualidade-alimentar-alterada-para-sempre-em-2026-1-750x422.jpg 750w, https:\/\/www.em.com.br\/emfoco\/wp-content\/uploads\/2026\/04\/O-presunto-e-outros-produtos-como-salsichas-terao-sua-qualidade-alimentar-alterada-para-sempre-em-2026-1-1140x641.jpg 1140w, https:\/\/www.em.com.br\/emfoco\/wp-content\/uploads\/2026\/04\/O-presunto-e-outros-produtos-como-salsichas-terao-sua-qualidade-alimentar-alterada-para-sempre-em-2026-1.jpg 1280w\" sizes=\"auto, (max-width: 1024px) 100vw, 1024px\" \/><figcaption class=\"wp-element-caption\">Termos como artesanal agora precisam de comprova\u00e7\u00e3o.<\/figcaption><\/figure>\n\n\n\n<h2 class=\"wp-block-heading\">Rastreabilidade: da fazenda at\u00e9 a sua geladeira<\/h2>\n\n\n\n<p>Outro avan\u00e7o significativo \u00e9 a <strong>rastreabilidade obrigat\u00f3ria<\/strong>. Antes, saber a origem do animal, o tipo de alimenta\u00e7\u00e3o que recebeu e as condi\u00e7\u00f5es em que foi criado era um diferencial oferecido por poucas marcas. Com a nova regulamenta\u00e7\u00e3o, essas informa\u00e7\u00f5es se tornam uma exig\u00eancia b\u00e1sica do sistema, n\u00e3o mais um b\u00f4nus de marketing.<\/p>\n\n\n\n<p>Os itens que passam a ser controlados de forma mais rigorosa incluem v\u00e1rios aspectos do processo produtivo. Veja os principais:<\/p>\n\n\n\n<ul class=\"wp-block-list\">\n<li><strong>Origem do animal:<\/strong> o r\u00f3tulo dever\u00e1 indicar de onde vem a mat\u00e9ria-prima do produto<\/li>\n\n\n\n<li><strong>Alimenta\u00e7\u00e3o e cria\u00e7\u00e3o:<\/strong> as condi\u00e7\u00f5es em que o animal foi criado entram no escopo da transpar\u00eancia exigida<\/li>\n\n\n\n<li><strong>Tempo de cura:<\/strong> produtos curados rapidamente n\u00e3o poder\u00e3o mais competir em p\u00e9 de igualdade com os de m\u00e9todos tradicionais<\/li>\n\n\n\n<li><strong>Percentual de carne magra:<\/strong> torna-se um crit\u00e9rio t\u00e9cnico obrigat\u00f3rio nas categorias superiores<\/li>\n\n\n\n<li><strong>Uso dos termos &#8220;artesanal&#8221; e &#8220;natural&#8221;:<\/strong> precisam de comprova\u00e7\u00e3o concreta, n\u00e3o apenas de inten\u00e7\u00e3o comercial<\/li>\n<\/ul>\n\n\n\n<div style=\"font-family: 'Inter', sans-serif; background-color: #ffffff; border-radius: 12px; padding: 24px 28px; max-width: 640px; margin: 28px auto; box-shadow: 0 4px 18px rgba(59,130,246,0.10); border: 1px solid #e3eaf5;\">\r\n  <p style=\"text-align: center; font-size: 13px; font-weight: 700; color: #3b82f6; text-transform: uppercase; letter-spacing: 1.2px; margin: 0 0 18px 0;\">\ud83d\udccc Pontos-chave<\/p>\r\n  <div style=\"display: flex; flex-direction: column; gap: 14px;\">\r\n    <div style=\"background: #f0f6ff; border-radius: 8px; padding: 14px 16px; border: 1px solid #dbeafe;\">\r\n      <span style=\"font-size: 14px; font-weight: 700; color: #1e3a5f;\">Termos sob controle<\/span>\r\n      <p style=\"font-size: 13px; color: #334155; margin: 5px 0 0 0;\">&#8220;Artesanal&#8221;, &#8220;tradicional&#8221; e &#8220;natural&#8221; agora exigem crit\u00e9rios reais e verific\u00e1veis para figurar nos r\u00f3tulos<\/p>\r\n    <\/div>\r\n    <div style=\"background: #f0f6ff; border-radius: 8px; padding: 14px 16px; border: 1px solid #dbeafe;\">\r\n      <span style=\"font-size: 14px; font-weight: 700; color: #1e3a5f;\">Composi\u00e7\u00e3o transparente<\/span>\r\n      <p style=\"font-size: 13px; color: #334155; margin: 5px 0 0 0;\">O percentual de carne magra vira exig\u00eancia t\u00e9cnica, dificultando que produtos industrializados ocupem espa\u00e7o premium<\/p>\r\n    <\/div>\r\n    <div style=\"background: #f0f6ff; border-radius: 8px; padding: 14px 16px; border: 1px solid #dbeafe;\">\r\n      <span style=\"font-size: 14px; font-weight: 700; color: #1e3a5f;\">Consumidor no centro<\/span>\r\n      <p style=\"font-size-13px; color: #334155; margin: 5px 0 0 0;\">Origem, alimenta\u00e7\u00e3o e m\u00e9todo de produ\u00e7\u00e3o passam a ser informa\u00e7\u00f5es que o consumidor pode acessar de forma clara<\/p>\r\n    <\/div>\r\n  <\/div>\r\n<\/div>\n\n\n\n<h2 class=\"wp-block-heading\">O que essa mudan\u00e7a diz sobre o consumidor de hoje<\/h2>\n\n\n\n<p>Essa regulamenta\u00e7\u00e3o n\u00e3o surgiu do nada. Ela responde a uma press\u00e3o crescente de consumidores mais informados, que querem saber o que est\u00e3o colocando no prato e est\u00e3o dispostos a pagar mais por produtos que realmente entregam o que prometem. A <strong>ind\u00fastria c\u00e1rnea<\/strong> estava sob escrut\u00ednio h\u00e1 anos, e 2026 marcou a formaliza\u00e7\u00e3o dessa cobran\u00e7a.<\/p>\n\n\n\n<p>Para o consumidor brasileiro, esse movimento europeu \u00e9 um espelho interessante. O Brasil tem seu pr\u00f3prio arcabou\u00e7o de rotulagem alimentar, supervisionado pela <a href=\"https:\/\/www.gov.br\/anvisa\/pt-br\" target=\"_blank\" rel=\"noreferrer noopener\">ANVISA<\/a>, e discuss\u00f5es sobre transpar\u00eancia nas embalagens de derivados c\u00e1rneos tamb\u00e9m ganham for\u00e7a por aqui. Acompanhar o que acontece fora pode ajudar a entender o que ainda est\u00e1 por vir.<\/p>\n\n\n\n<h2 class=\"wp-block-heading\">Tradi\u00e7\u00e3o e inova\u00e7\u00e3o aprendendo a dividir espa\u00e7o<\/h2>\n\n\n\n<p>O grande desafio da nova norma \u00e9 equilibrar a preserva\u00e7\u00e3o de m\u00e9todos produtivos genuinamente tradicionais com a chegada inevit\u00e1vel da inova\u00e7\u00e3o no setor. A <strong>qualidade alimentar<\/strong> dos embutidos n\u00e3o se define apenas pelo sabor, mas pela cadeia inteira que vai do campo \u00e0 embalagem. E a tend\u00eancia, tanto na Europa quanto no Brasil, \u00e9 que essa cadeia seja cada vez mais vis\u00edvel e audit\u00e1vel pelo consumidor final.<\/p>\n\n\n\n<p>No fim das contas, o que muda \u00e9 simples de resumir: a promessa no r\u00f3tulo ter\u00e1 que ser cumprida na pr\u00e1tica, e isso \u00e9 bom para todo mundo que aprecia um bom produto c\u00e1rneo de verdade.<\/p>\n\n\n\n<p>Se esse tema te fez pensar no que est\u00e1 no seu pr\u00f3prio mercado ou na sua geladeira, vale dividir com outras pessoas. \u00c0s vezes, uma informa\u00e7\u00e3o que parece distante tem mais a ver com o nosso dia a dia do que imaginamos.<\/p>\n\n\n\n<p>Achou esse conte\u00fado \u00fatil? <strong>Compartilhe com algu\u00e9m que tamb\u00e9m gosta de saber o que est\u00e1 comendo.<\/strong><\/p>\n","protected":false},"excerpt":{"rendered":"<p>Voc\u00ea j\u00e1 parou para ler o que est\u00e1 escrito no pacote do presunto ou do salame que coloca no carrinho? Pois 2026 est\u00e1 sendo o ano em que essas informa\u00e7\u00f5es passam por uma virada importante, e entender o que muda pode fazer diferen\u00e7a direto na hora de escolher o que chega \u00e0 sua mesa. O [&hellip;]<\/p>\n","protected":false},"author":5,"featured_media":201841,"comment_status":"open","ping_status":"open","sticky":false,"template":"","format":"standard","meta":{"jnews-multi-image_gallery":[],"jnews_single_post":{"format":"standard"},"jnews_primary_category":[],"jnews_social_meta":[],"jnews_override_counter":[],"footnotes":""},"categories":[1],"tags":[7282,29024,29026,29025],"class_list":["post-201839","post","type-post","status-publish","format-standard","has-post-thumbnail","hentry","category-noticias","tag-embutidos","tag-otulos-de-alimentos","tag-presunto-e-salame","tag-transparencia-alimentar"],"yoast_head":"<!-- This site is optimized with the Yoast SEO plugin v23.8 - https:\/\/yoast.com\/wordpress\/plugins\/seo\/ -->\n<title>O presunto e outros produtos como salsichas ter\u00e3o sua qualidade alimentar alterada para sempre em 2026 - Estado de Minas - Em foco<\/title>\n<meta name=\"description\" content=\"O que aparece no r\u00f3tulo dos produtos pode esconder mais do que parece e novas regras come\u00e7am a mudar esse cen\u00e1rio.\" \/>\n<meta name=\"robots\" content=\"index, follow, max-snippet:-1, max-image-preview:large, max-video-preview:-1\" \/>\n<link rel=\"canonical\" href=\"https:\/\/www.em.com.br\/emfoco\/2026\/04\/30\/o-presunto-e-outros-produtos-como-salsichas-terao-sua-qualidade-alimentar-alterada-para-sempre-em-2026\/\" \/>\n<meta property=\"og:locale\" content=\"pt_BR\" \/>\n<meta property=\"og:type\" content=\"article\" \/>\n<meta property=\"og:title\" content=\"O presunto e outros produtos como salsichas ter\u00e3o sua qualidade alimentar alterada para sempre em 2026 - Estado de Minas - Em foco\" \/>\n<meta property=\"og:description\" content=\"O que aparece no r\u00f3tulo dos produtos pode esconder mais do que parece e novas regras come\u00e7am a mudar esse cen\u00e1rio.\" \/>\n<meta property=\"og:url\" content=\"https:\/\/www.em.com.br\/emfoco\/2026\/04\/30\/o-presunto-e-outros-produtos-como-salsichas-terao-sua-qualidade-alimentar-alterada-para-sempre-em-2026\/\" \/>\n<meta property=\"og:site_name\" content=\"Estado de Minas - Em foco\" \/>\n<meta property=\"article:published_time\" content=\"2026-04-30T08:10:00+00:00\" \/>\n<meta property=\"article:modified_time\" content=\"2026-04-30T07:47:25+00:00\" \/>\n<meta property=\"og:image\" content=\"https:\/\/www.em.com.br\/emfoco\/wp-content\/uploads\/2026\/04\/O-presunto-e-outros-produtos-como-salsichas-terao-sua-qualidade-alimentar-alterada-para-sempre-em-2026.jpg\" \/>\n\t<meta property=\"og:image:width\" content=\"1280\" \/>\n\t<meta property=\"og:image:height\" content=\"720\" \/>\n\t<meta property=\"og:image:type\" content=\"image\/jpeg\" \/>\n<meta name=\"author\" content=\"N\u00fabia Rangel\" \/>\n<meta name=\"twitter:card\" content=\"summary_large_image\" \/>\n<meta name=\"twitter:label1\" content=\"Escrito por\" \/>\n\t<meta name=\"twitter:data1\" content=\"N\u00fabia Rangel\" \/>\n\t<meta name=\"twitter:label2\" content=\"Est. tempo de leitura\" \/>\n\t<meta name=\"twitter:data2\" content=\"5 minutos\" \/>\n<!-- \/ Yoast SEO plugin. -->","yoast_head_json":{"title":"O presunto e outros produtos como salsichas ter\u00e3o sua qualidade alimentar alterada para sempre em 2026 - Estado de Minas - Em foco","description":"O que aparece no r\u00f3tulo dos produtos pode esconder mais do que parece e novas regras come\u00e7am a mudar esse cen\u00e1rio.","robots":{"index":"index","follow":"follow","max-snippet":"max-snippet:-1","max-image-preview":"max-image-preview:large","max-video-preview":"max-video-preview:-1"},"canonical":"https:\/\/www.em.com.br\/emfoco\/2026\/04\/30\/o-presunto-e-outros-produtos-como-salsichas-terao-sua-qualidade-alimentar-alterada-para-sempre-em-2026\/","og_locale":"pt_BR","og_type":"article","og_title":"O presunto e outros produtos como salsichas ter\u00e3o sua qualidade alimentar alterada para sempre em 2026 - Estado de Minas - Em foco","og_description":"O que aparece no r\u00f3tulo dos produtos pode esconder mais do que parece e novas regras come\u00e7am a mudar esse cen\u00e1rio.","og_url":"https:\/\/www.em.com.br\/emfoco\/2026\/04\/30\/o-presunto-e-outros-produtos-como-salsichas-terao-sua-qualidade-alimentar-alterada-para-sempre-em-2026\/","og_site_name":"Estado de Minas - Em foco","article_published_time":"2026-04-30T08:10:00+00:00","article_modified_time":"2026-04-30T07:47:25+00:00","og_image":[{"width":1280,"height":720,"url":"https:\/\/www.em.com.br\/emfoco\/wp-content\/uploads\/2026\/04\/O-presunto-e-outros-produtos-como-salsichas-terao-sua-qualidade-alimentar-alterada-para-sempre-em-2026.jpg","type":"image\/jpeg"}],"author":"N\u00fabia Rangel","twitter_card":"summary_large_image","twitter_misc":{"Escrito por":"N\u00fabia Rangel","Est. tempo de leitura":"5 minutos"},"schema":{"@context":"https:\/\/schema.org","@graph":[{"@type":"WebPage","@id":"https:\/\/www.em.com.br\/emfoco\/2026\/04\/30\/o-presunto-e-outros-produtos-como-salsichas-terao-sua-qualidade-alimentar-alterada-para-sempre-em-2026\/","url":"https:\/\/www.em.com.br\/emfoco\/2026\/04\/30\/o-presunto-e-outros-produtos-como-salsichas-terao-sua-qualidade-alimentar-alterada-para-sempre-em-2026\/","name":"O presunto e outros produtos como salsichas ter\u00e3o sua qualidade alimentar alterada para sempre em 2026 - Estado de Minas - Em foco","isPartOf":{"@id":"https:\/\/www.em.com.br\/emfoco\/#website"},"primaryImageOfPage":{"@id":"https:\/\/www.em.com.br\/emfoco\/2026\/04\/30\/o-presunto-e-outros-produtos-como-salsichas-terao-sua-qualidade-alimentar-alterada-para-sempre-em-2026\/#primaryimage"},"image":{"@id":"https:\/\/www.em.com.br\/emfoco\/2026\/04\/30\/o-presunto-e-outros-produtos-como-salsichas-terao-sua-qualidade-alimentar-alterada-para-sempre-em-2026\/#primaryimage"},"thumbnailUrl":"https:\/\/www.em.com.br\/emfoco\/wp-content\/uploads\/2026\/04\/O-presunto-e-outros-produtos-como-salsichas-terao-sua-qualidade-alimentar-alterada-para-sempre-em-2026.jpg","datePublished":"2026-04-30T08:10:00+00:00","dateModified":"2026-04-30T07:47:25+00:00","author":{"@id":"https:\/\/www.em.com.br\/emfoco\/#\/schema\/person\/524437ef54f8a5d32591b143307f2e20"},"description":"O que aparece no r\u00f3tulo dos produtos pode esconder mais do que parece e novas regras come\u00e7am a mudar esse cen\u00e1rio.","breadcrumb":{"@id":"https:\/\/www.em.com.br\/emfoco\/2026\/04\/30\/o-presunto-e-outros-produtos-como-salsichas-terao-sua-qualidade-alimentar-alterada-para-sempre-em-2026\/#breadcrumb"},"inLanguage":"pt-BR","potentialAction":[{"@type":"ReadAction","target":["https:\/\/www.em.com.br\/emfoco\/2026\/04\/30\/o-presunto-e-outros-produtos-como-salsichas-terao-sua-qualidade-alimentar-alterada-para-sempre-em-2026\/"]}]},{"@type":"ImageObject","inLanguage":"pt-BR","@id":"https:\/\/www.em.com.br\/emfoco\/2026\/04\/30\/o-presunto-e-outros-produtos-como-salsichas-terao-sua-qualidade-alimentar-alterada-para-sempre-em-2026\/#primaryimage","url":"https:\/\/www.em.com.br\/emfoco\/wp-content\/uploads\/2026\/04\/O-presunto-e-outros-produtos-como-salsichas-terao-sua-qualidade-alimentar-alterada-para-sempre-em-2026.jpg","contentUrl":"https:\/\/www.em.com.br\/emfoco\/wp-content\/uploads\/2026\/04\/O-presunto-e-outros-produtos-como-salsichas-terao-sua-qualidade-alimentar-alterada-para-sempre-em-2026.jpg","width":1280,"height":720,"caption":"R\u00f3tulos de embutidos passam por mudan\u00e7as importantes."},{"@type":"BreadcrumbList","@id":"https:\/\/www.em.com.br\/emfoco\/2026\/04\/30\/o-presunto-e-outros-produtos-como-salsichas-terao-sua-qualidade-alimentar-alterada-para-sempre-em-2026\/#breadcrumb","itemListElement":[{"@type":"ListItem","position":1,"name":"In\u00edcio","item":"https:\/\/www.em.com.br\/emfoco\/"},{"@type":"ListItem","position":2,"name":"O presunto e outros produtos como salsichas ter\u00e3o sua qualidade alimentar alterada para sempre em 2026"}]},{"@type":"WebSite","@id":"https:\/\/www.em.com.br\/emfoco\/#website","url":"https:\/\/www.em.com.br\/emfoco\/","name":"Estado de Minas - Em foco","description":"Acompanhe as \u00faltimas not\u00edcias e fique bem informado sobre tudo o que acontece em Minas Gerais, Brasil e no mundo.","potentialAction":[{"@type":"SearchAction","target":{"@type":"EntryPoint","urlTemplate":"https:\/\/www.em.com.br\/emfoco\/?s={search_term_string}"},"query-input":{"@type":"PropertyValueSpecification","valueRequired":true,"valueName":"search_term_string"}}],"inLanguage":"pt-BR"},{"@type":"Person","@id":"https:\/\/www.em.com.br\/emfoco\/#\/schema\/person\/524437ef54f8a5d32591b143307f2e20","name":"N\u00fabia Rangel","image":{"@type":"ImageObject","inLanguage":"pt-BR","@id":"https:\/\/www.em.com.br\/emfoco\/#\/schema\/person\/image\/","url":"https:\/\/secure.gravatar.com\/avatar\/47cff2827a5ba23c37e8068c86817ea4?s=96&d=mm&r=g","contentUrl":"https:\/\/secure.gravatar.com\/avatar\/47cff2827a5ba23c37e8068c86817ea4?s=96&d=mm&r=g","caption":"N\u00fabia Rangel"},"sameAs":["https:\/\/www.em.com.br\/emfoco\/"],"url":"https:\/\/www.em.com.br\/emfoco\/author\/nubiamyth\/"}]}},"_links":{"self":[{"href":"https:\/\/www.em.com.br\/emfoco\/wp-json\/wp\/v2\/posts\/201839","targetHints":{"allow":["GET"]}}],"collection":[{"href":"https:\/\/www.em.com.br\/emfoco\/wp-json\/wp\/v2\/posts"}],"about":[{"href":"https:\/\/www.em.com.br\/emfoco\/wp-json\/wp\/v2\/types\/post"}],"author":[{"embeddable":true,"href":"https:\/\/www.em.com.br\/emfoco\/wp-json\/wp\/v2\/users\/5"}],"replies":[{"embeddable":true,"href":"https:\/\/www.em.com.br\/emfoco\/wp-json\/wp\/v2\/comments?post=201839"}],"version-history":[{"count":1,"href":"https:\/\/www.em.com.br\/emfoco\/wp-json\/wp\/v2\/posts\/201839\/revisions"}],"predecessor-version":[{"id":201842,"href":"https:\/\/www.em.com.br\/emfoco\/wp-json\/wp\/v2\/posts\/201839\/revisions\/201842"}],"wp:featuredmedia":[{"embeddable":true,"href":"https:\/\/www.em.com.br\/emfoco\/wp-json\/wp\/v2\/media\/201841"}],"wp:attachment":[{"href":"https:\/\/www.em.com.br\/emfoco\/wp-json\/wp\/v2\/media?parent=201839"}],"wp:term":[{"taxonomy":"category","embeddable":true,"href":"https:\/\/www.em.com.br\/emfoco\/wp-json\/wp\/v2\/categories?post=201839"},{"taxonomy":"post_tag","embeddable":true,"href":"https:\/\/www.em.com.br\/emfoco\/wp-json\/wp\/v2\/tags?post=201839"}],"curies":[{"name":"wp","href":"https:\/\/api.w.org\/{rel}","templated":true}]}}