{"id":201827,"date":"2026-04-30T11:00:00","date_gmt":"2026-04-30T14:00:00","guid":{"rendered":"https:\/\/www.em.com.br\/emfoco\/?p=201827"},"modified":"2026-04-29T23:11:35","modified_gmt":"2026-04-30T02:11:35","slug":"nova-regra-exige-luz-de-freio-intermitente-em-carros-a-partir-de-julho-de-2026","status":"publish","type":"post","link":"https:\/\/www.em.com.br\/emfoco\/2026\/04\/30\/nova-regra-exige-luz-de-freio-intermitente-em-carros-a-partir-de-julho-de-2026\/","title":{"rendered":"Nova regra exige luz de freio intermitente em carros a partir de julho de 2026"},"content":{"rendered":"\n<p>Motoristas em toda a<strong> Uni\u00e3o Europeia<\/strong> ter\u00e3o de conviver com novas exig\u00eancias de seguran\u00e7a a partir de 2026, quando uma regulamenta\u00e7\u00e3o europeia determinar\u00e1 que, a partir de<strong> 7 de julho<\/strong>, todo carro zero quil\u00f4metro vendido no bloco dever\u00e1 sair de f\u00e1brica com um sistema espec\u00edfico de ilumina\u00e7\u00e3o de frenagem, conhecido como\u00a0<strong>luz de freio adaptativa<\/strong>\u00a0ou freio de emerg\u00eancia sinalizado, sem o qual o ve\u00edculo n\u00e3o recebe a homologa\u00e7\u00e3o necess\u00e1ria para ser comercializado como novo.<\/p>\n\n\n\n<h2 class=\"wp-block-heading\">O que \u00e9 a luz de freio adaptativa obrigat\u00f3ria em 2026<\/h2>\n\n\n\n<p>A&nbsp;<strong>luz de freio adaptativa<\/strong>&nbsp;\u00e9 um sistema eletr\u00f4nico integrado ao circuito de freios e \u00e0s lanternas traseiras. Quando o ve\u00edculo est\u00e1 acima de cerca de 50 km\/h e o motorista freia com grande for\u00e7a, o software identifica a desacelera\u00e7\u00e3o acentuada ou a atua\u00e7\u00e3o do ABS.<\/p>\n\n\n\n<p>Nessa situa\u00e7\u00e3o, as luzes de freio passam a piscar rapidamente em padr\u00e3o intermitente, alertando que n\u00e3o se trata de uma simples redu\u00e7\u00e3o de velocidade, mas de uma condi\u00e7\u00e3o cr\u00edtica de risco de colis\u00e3o traseira. Ap\u00f3s a freada de emerg\u00eancia ou a parada da atua\u00e7\u00e3o do ABS, o sistema retorna automaticamente ao modo normal, sem qualquer comando extra do motorista.<\/p>\n\n\n\n<figure class=\"wp-block-image size-large\"><img loading=\"lazy\" decoding=\"async\" width=\"1024\" height=\"576\" src=\"https:\/\/www.em.com.br\/emfoco\/wp-content\/uploads\/2026\/04\/Gemini_Generated_Image_htfrkwhtfrkwhtfr-1-1024x576.png\" alt=\"Nova regra de carros em 2026 pode surpreender motoristas\" class=\"wp-image-201828\" srcset=\"https:\/\/www.em.com.br\/emfoco\/wp-content\/uploads\/2026\/04\/Gemini_Generated_Image_htfrkwhtfrkwhtfr-1-1024x576.png 1024w, https:\/\/www.em.com.br\/emfoco\/wp-content\/uploads\/2026\/04\/Gemini_Generated_Image_htfrkwhtfrkwhtfr-1-300x169.png 300w, https:\/\/www.em.com.br\/emfoco\/wp-content\/uploads\/2026\/04\/Gemini_Generated_Image_htfrkwhtfrkwhtfr-1-768x432.png 768w, https:\/\/www.em.com.br\/emfoco\/wp-content\/uploads\/2026\/04\/Gemini_Generated_Image_htfrkwhtfrkwhtfr-1-750x422.png 750w, https:\/\/www.em.com.br\/emfoco\/wp-content\/uploads\/2026\/04\/Gemini_Generated_Image_htfrkwhtfrkwhtfr-1-1140x641.png 1140w, https:\/\/www.em.com.br\/emfoco\/wp-content\/uploads\/2026\/04\/Gemini_Generated_Image_htfrkwhtfrkwhtfr-1.png 1280w\" sizes=\"auto, (max-width: 1024px) 100vw, 1024px\" \/><figcaption class=\"wp-element-caption\">Nova regra de carros em 2026 pode surpreender motoristas<\/figcaption><\/figure>\n\n\n\n<h2 class=\"wp-block-heading\">Como funciona a luz de freio adaptativa no Brasil em 2026<\/h2>\n\n\n\n<p>Atualmente, as normas brasileiras reguladas pelo <strong>Conselho Nacional de Tr\u00e2nsito <\/strong>(CONTRAN) trazem exig\u00eancias espec\u00edficas de sinaliza\u00e7\u00e3o de frenagem e assist\u00eancia ao motorista, mas ainda n\u00e3o incluem de forma ampla a luz de freio adaptativa piscante. Desde 2009, a terceira luz de freio elevada \u00e9 obrigat\u00f3ria, aumentando a visibilidade da frenagem para o ve\u00edculo que vem atr\u00e1s.<\/p>\n\n\n\n<p>A Resolu\u00e7\u00e3o <a href=\"https:\/\/www.gov.br\/transportes\/pt-br\/assuntos\/transito\/conteudo-contran\/resolucoes\/resolucao9702022.pdf\" target=\"_blank\" rel=\"noreferrer noopener\">CONTRAN n\u00ba 970\/2022<\/a> pro\u00edbe a instala\u00e7\u00e3o de dispositivos de ilumina\u00e7\u00e3o intermitente do tipo \u201cstrobo\u201d que n\u00e3o sejam originais de f\u00e1brica, exceto em ve\u00edculos de emerg\u00eancia. Ao mesmo tempo, o <strong>Brasil <\/strong>caminha para incorporar\u00a0<strong>frenagem autom\u00e1tica de emerg\u00eancia (AEB)<\/strong>\u00a0e\u00a0<strong>alerta\/assistente de sa\u00edda de faixa<\/strong>\u00a0como itens obrigat\u00f3rios a partir de 2026, aproximando gradualmente o padr\u00e3o nacional do europeu.<\/p>\n\n\n\n<h2 class=\"wp-block-heading\">Como o freio adaptativo atua em situa\u00e7\u00f5es de emerg\u00eancia<\/h2>\n\n\n\n<p>Em alguns projetos mais avan\u00e7ados, o sinal de emerg\u00eancia tamb\u00e9m pode acionar automaticamente o pisca-alerta em velocidades mais altas, especialmente em rodovias. Tudo \u00e9 gerenciado pelo software de controle de estabilidade, que cruza informa\u00e7\u00f5es de velocidade, press\u00e3o no pedal do freio e atua\u00e7\u00e3o do ABS para decidir quando ativar o alerta refor\u00e7ado.<\/p>\n\n\n\n<p>De acordo com a regulamenta\u00e7\u00e3o europeia, a obrigatoriedade da luz de freio adaptativa vale apenas para ve\u00edculos novos que buscam&nbsp;<strong>tipo de homologa\u00e7\u00e3o<\/strong>&nbsp;a partir de julho de 2026. Carros j\u00e1 em circula\u00e7\u00e3o podem continuar rodando sem o sistema, e a instala\u00e7\u00e3o em modelos antigos \u00e9 opcional, por meio de kits de retrofit desenvolvidos pelas montadoras ou empresas especializadas.<\/p>\n\n\n\n<h2 class=\"wp-block-heading\">De que forma o freio adaptativo e outros assistentes aumentam a seguran\u00e7a<\/h2>\n\n\n\n<p>A luz de freio adaptativa \u00e9 pensada como refor\u00e7o para reduzir&nbsp;<strong>batidas traseiras<\/strong>, principalmente em cen\u00e1rios de tr\u00e1fego intenso em rodovias e an\u00e9is vi\u00e1rios urbanos. Ao destacar visualmente uma freada de emerg\u00eancia com piscadas r\u00e1pidas, o sistema ajuda a diferenciar uma simples redu\u00e7\u00e3o de velocidade de uma situa\u00e7\u00e3o com risco de engavetamento, protegendo tamb\u00e9m&nbsp;<strong>usu\u00e1rios vulner\u00e1veis<\/strong>, como motociclistas, ciclistas e condutores de scooters.<\/p>\n\n\n\n<figure class=\"wp-block-image size-large\"><img loading=\"lazy\" decoding=\"async\" width=\"1024\" height=\"576\" src=\"https:\/\/www.em.com.br\/emfoco\/wp-content\/uploads\/2026\/04\/Gemini_Generated_Image_ujci3ujci3ujci3u-1-1024x576.png\" alt=\"Nova regra de carros em 2026 pode surpreender motoristas\" class=\"wp-image-201829\" srcset=\"https:\/\/www.em.com.br\/emfoco\/wp-content\/uploads\/2026\/04\/Gemini_Generated_Image_ujci3ujci3ujci3u-1-1024x576.png 1024w, https:\/\/www.em.com.br\/emfoco\/wp-content\/uploads\/2026\/04\/Gemini_Generated_Image_ujci3ujci3ujci3u-1-300x169.png 300w, https:\/\/www.em.com.br\/emfoco\/wp-content\/uploads\/2026\/04\/Gemini_Generated_Image_ujci3ujci3ujci3u-1-768x432.png 768w, https:\/\/www.em.com.br\/emfoco\/wp-content\/uploads\/2026\/04\/Gemini_Generated_Image_ujci3ujci3ujci3u-1-750x422.png 750w, https:\/\/www.em.com.br\/emfoco\/wp-content\/uploads\/2026\/04\/Gemini_Generated_Image_ujci3ujci3ujci3u-1-1140x641.png 1140w, https:\/\/www.em.com.br\/emfoco\/wp-content\/uploads\/2026\/04\/Gemini_Generated_Image_ujci3ujci3ujci3u-1.png 1280w\" sizes=\"auto, (max-width: 1024px) 100vw, 1024px\" \/><figcaption class=\"wp-element-caption\">Nova regra de carros em 2026 pode surpreender motoristas<\/figcaption><\/figure>\n\n\n\n<p>Esse recurso integra um pacote mais amplo de&nbsp;<strong>assistentes de dire\u00e7\u00e3o obrigat\u00f3rios<\/strong>&nbsp;na Uni\u00e3o Europeia, que busca padronizar um novo n\u00edvel m\u00ednimo de seguran\u00e7a para a frota. Entre as principais tecnologias que ganham espa\u00e7o e conversam diretamente com a luz de freio adaptativa, est\u00e3o:<\/p>\n\n\n\n<ul class=\"wp-block-list\">\n<li><strong>Frenagem autom\u00e1tica de emerg\u00eancia (AEB)<\/strong>, capaz de detectar pedestres e ciclistas e acionar os freios mesmo sem rea\u00e7\u00e3o do motorista.<\/li>\n\n\n\n<li><strong>Assistente de perman\u00eancia em faixa<\/strong>, que ajuda o carro a se manter dentro das linhas da pista, emitindo alerta ou fazendo pequenas corre\u00e7\u00f5es.<\/li>\n\n\n\n<li><strong>Detector de fadiga ou aten\u00e7\u00e3o<\/strong>, que monitora o comportamento de condu\u00e7\u00e3o e indica sinais de cansa\u00e7o ou distra\u00e7\u00e3o.<\/li>\n\n\n\n<li><strong>Interface para bloqueio por \u00e1lcool<\/strong>, que prepara o ve\u00edculo para receber um baf\u00f4metro interligado \u00e0 igni\u00e7\u00e3o.<\/li>\n<\/ul>\n\n\n\n<h2 class=\"wp-block-heading\">Qual \u00e9 o impacto para motoristas e fabricantes a partir de 2026<\/h2>\n\n\n\n<p>As mudan\u00e7as afetam diretamente&nbsp;<strong>montadoras e importadoras<\/strong>, que precisam adaptar projetos, softwares e componentes para cumprir as novas normas europeias de seguran\u00e7a. Para quem compra um carro novo ap\u00f3s julho de 2026, o impacto aparece de forma discreta, j\u00e1 que a maior parte desses recursos \u00e9 autom\u00e1tica e s\u00f3 entra em a\u00e7\u00e3o em situa\u00e7\u00f5es cr\u00edticas, tornando a experi\u00eancia de dire\u00e7\u00e3o mais segura sem exigir novas a\u00e7\u00f5es do condutor.<\/p>\n\n\n\n<p>Propriet\u00e1rios de ve\u00edculos mais antigos podem continuar utilizando seus carros normalmente, mas a oferta de kits de&nbsp;<strong>retrofit<\/strong>&nbsp;e pacotes de assist\u00eancia tende a crescer rapidamente. Se voc\u00ea pensa em trocar de carro ou refor\u00e7ar a prote\u00e7\u00e3o do ve\u00edculo atual, o momento de se informar, comparar tecnologias e planejar essa atualiza\u00e7\u00e3o \u00e9 agora, antes que fique para tr\u00e1s em seguran\u00e7a e coloque em risco quem anda com voc\u00ea todos os dias.<\/p>\n","protected":false},"excerpt":{"rendered":"<p>Motoristas em toda a Uni\u00e3o Europeia ter\u00e3o de conviver com novas exig\u00eancias de seguran\u00e7a a partir de 2026, quando uma regulamenta\u00e7\u00e3o europeia determinar\u00e1 que, a partir de 7 de julho, todo carro zero quil\u00f4metro vendido no bloco dever\u00e1 sair de f\u00e1brica com um sistema espec\u00edfico de ilumina\u00e7\u00e3o de frenagem, conhecido como\u00a0luz de freio adaptativa\u00a0ou freio [&hellip;]<\/p>\n","protected":false},"author":11,"featured_media":201830,"comment_status":"open","ping_status":"open","sticky":false,"template":"","format":"standard","meta":{"jnews-multi-image_gallery":[],"jnews_single_post":{"format":"standard"},"jnews_primary_category":[],"jnews_social_meta":[],"jnews_override_counter":[],"footnotes":""},"categories":[27,1],"tags":[29020,29021,29019,8216,161],"class_list":["post-201827","post","type-post","status-publish","format-standard","has-post-thumbnail","hentry","category-carros","category-noticias","tag-carros-novos","tag-freio","tag-luz-de-freio","tag-nova-regra","tag-tecnologia"],"yoast_head":"<!-- This site is optimized with the Yoast SEO plugin v23.8 - https:\/\/yoast.com\/wordpress\/plugins\/seo\/ -->\n<title>Nova regra exige luz de freio intermitente em carros a partir de julho de 2026 - Estado de Minas - Em foco<\/title>\n<meta name=\"description\" content=\"Luz de freio adaptativa ser\u00e1 obrigat\u00f3ria em carros novos na Europa em 2026. Entenda como funciona e por que aumenta a seguran\u00e7a.\" \/>\n<meta name=\"robots\" content=\"index, follow, max-snippet:-1, max-image-preview:large, max-video-preview:-1\" \/>\n<link rel=\"canonical\" href=\"https:\/\/www.em.com.br\/emfoco\/2026\/04\/30\/nova-regra-exige-luz-de-freio-intermitente-em-carros-a-partir-de-julho-de-2026\/\" \/>\n<meta property=\"og:locale\" content=\"pt_BR\" \/>\n<meta property=\"og:type\" content=\"article\" \/>\n<meta property=\"og:title\" content=\"Nova regra exige luz de freio intermitente em carros a partir de julho de 2026 - Estado de Minas - Em foco\" \/>\n<meta property=\"og:description\" content=\"Luz de freio adaptativa ser\u00e1 obrigat\u00f3ria em carros novos na Europa em 2026. Entenda como funciona e por que aumenta a seguran\u00e7a.\" \/>\n<meta property=\"og:url\" content=\"https:\/\/www.em.com.br\/emfoco\/2026\/04\/30\/nova-regra-exige-luz-de-freio-intermitente-em-carros-a-partir-de-julho-de-2026\/\" \/>\n<meta property=\"og:site_name\" content=\"Estado de Minas - Em foco\" \/>\n<meta property=\"article:published_time\" content=\"2026-04-30T14:00:00+00:00\" \/>\n<meta property=\"article:modified_time\" content=\"2026-04-30T02:11:35+00:00\" \/>\n<meta property=\"og:image\" content=\"https:\/\/www.em.com.br\/emfoco\/wp-content\/uploads\/2026\/04\/Gemini_Generated_Image_a94xuqa94xuqa94x-1.png\" \/>\n\t<meta property=\"og:image:width\" content=\"1280\" \/>\n\t<meta property=\"og:image:height\" content=\"720\" \/>\n\t<meta property=\"og:image:type\" content=\"image\/png\" \/>\n<meta name=\"author\" content=\"Andre\u0301 Rangel\u00a0\" \/>\n<meta name=\"twitter:card\" content=\"summary_large_image\" \/>\n<meta name=\"twitter:label1\" content=\"Escrito por\" \/>\n\t<meta name=\"twitter:data1\" content=\"Andre\u0301 Rangel\u00a0\" \/>\n\t<meta name=\"twitter:label2\" content=\"Est. tempo de leitura\" \/>\n\t<meta name=\"twitter:data2\" content=\"6 minutos\" \/>\n<!-- \/ Yoast SEO plugin. -->","yoast_head_json":{"title":"Nova regra exige luz de freio intermitente em carros a partir de julho de 2026 - Estado de Minas - Em foco","description":"Luz de freio adaptativa ser\u00e1 obrigat\u00f3ria em carros novos na Europa em 2026. Entenda como funciona e por que aumenta a seguran\u00e7a.","robots":{"index":"index","follow":"follow","max-snippet":"max-snippet:-1","max-image-preview":"max-image-preview:large","max-video-preview":"max-video-preview:-1"},"canonical":"https:\/\/www.em.com.br\/emfoco\/2026\/04\/30\/nova-regra-exige-luz-de-freio-intermitente-em-carros-a-partir-de-julho-de-2026\/","og_locale":"pt_BR","og_type":"article","og_title":"Nova regra exige luz de freio intermitente em carros a partir de julho de 2026 - Estado de Minas - Em foco","og_description":"Luz de freio adaptativa ser\u00e1 obrigat\u00f3ria em carros novos na Europa em 2026. Entenda como funciona e por que aumenta a seguran\u00e7a.","og_url":"https:\/\/www.em.com.br\/emfoco\/2026\/04\/30\/nova-regra-exige-luz-de-freio-intermitente-em-carros-a-partir-de-julho-de-2026\/","og_site_name":"Estado de Minas - Em foco","article_published_time":"2026-04-30T14:00:00+00:00","article_modified_time":"2026-04-30T02:11:35+00:00","og_image":[{"width":1280,"height":720,"url":"https:\/\/www.em.com.br\/emfoco\/wp-content\/uploads\/2026\/04\/Gemini_Generated_Image_a94xuqa94xuqa94x-1.png","type":"image\/png"}],"author":"Andre\u0301 Rangel\u00a0","twitter_card":"summary_large_image","twitter_misc":{"Escrito por":"Andre\u0301 Rangel\u00a0","Est. tempo de leitura":"6 minutos"},"schema":{"@context":"https:\/\/schema.org","@graph":[{"@type":"WebPage","@id":"https:\/\/www.em.com.br\/emfoco\/2026\/04\/30\/nova-regra-exige-luz-de-freio-intermitente-em-carros-a-partir-de-julho-de-2026\/","url":"https:\/\/www.em.com.br\/emfoco\/2026\/04\/30\/nova-regra-exige-luz-de-freio-intermitente-em-carros-a-partir-de-julho-de-2026\/","name":"Nova regra exige luz de freio intermitente em carros a partir de julho de 2026 - Estado de Minas - Em foco","isPartOf":{"@id":"https:\/\/www.em.com.br\/emfoco\/#website"},"primaryImageOfPage":{"@id":"https:\/\/www.em.com.br\/emfoco\/2026\/04\/30\/nova-regra-exige-luz-de-freio-intermitente-em-carros-a-partir-de-julho-de-2026\/#primaryimage"},"image":{"@id":"https:\/\/www.em.com.br\/emfoco\/2026\/04\/30\/nova-regra-exige-luz-de-freio-intermitente-em-carros-a-partir-de-julho-de-2026\/#primaryimage"},"thumbnailUrl":"https:\/\/www.em.com.br\/emfoco\/wp-content\/uploads\/2026\/04\/Gemini_Generated_Image_a94xuqa94xuqa94x-1.png","datePublished":"2026-04-30T14:00:00+00:00","dateModified":"2026-04-30T02:11:35+00:00","author":{"@id":"https:\/\/www.em.com.br\/emfoco\/#\/schema\/person\/60eda09c1fedf0d6891f4cef4b60b8b8"},"description":"Luz de freio adaptativa ser\u00e1 obrigat\u00f3ria em carros novos na Europa em 2026. Entenda como funciona e por que aumenta a seguran\u00e7a.","breadcrumb":{"@id":"https:\/\/www.em.com.br\/emfoco\/2026\/04\/30\/nova-regra-exige-luz-de-freio-intermitente-em-carros-a-partir-de-julho-de-2026\/#breadcrumb"},"inLanguage":"pt-BR","potentialAction":[{"@type":"ReadAction","target":["https:\/\/www.em.com.br\/emfoco\/2026\/04\/30\/nova-regra-exige-luz-de-freio-intermitente-em-carros-a-partir-de-julho-de-2026\/"]}]},{"@type":"ImageObject","inLanguage":"pt-BR","@id":"https:\/\/www.em.com.br\/emfoco\/2026\/04\/30\/nova-regra-exige-luz-de-freio-intermitente-em-carros-a-partir-de-julho-de-2026\/#primaryimage","url":"https:\/\/www.em.com.br\/emfoco\/wp-content\/uploads\/2026\/04\/Gemini_Generated_Image_a94xuqa94xuqa94x-1.png","contentUrl":"https:\/\/www.em.com.br\/emfoco\/wp-content\/uploads\/2026\/04\/Gemini_Generated_Image_a94xuqa94xuqa94x-1.png","width":1280,"height":720,"caption":"Nova regra de carros em 2026 pode surpreender motoristas"},{"@type":"BreadcrumbList","@id":"https:\/\/www.em.com.br\/emfoco\/2026\/04\/30\/nova-regra-exige-luz-de-freio-intermitente-em-carros-a-partir-de-julho-de-2026\/#breadcrumb","itemListElement":[{"@type":"ListItem","position":1,"name":"In\u00edcio","item":"https:\/\/www.em.com.br\/emfoco\/"},{"@type":"ListItem","position":2,"name":"Nova regra exige luz de freio intermitente em carros a partir de julho de 2026"}]},{"@type":"WebSite","@id":"https:\/\/www.em.com.br\/emfoco\/#website","url":"https:\/\/www.em.com.br\/emfoco\/","name":"Estado de Minas - Em foco","description":"Acompanhe as \u00faltimas not\u00edcias e fique bem informado sobre tudo o que acontece em Minas Gerais, Brasil e no mundo.","potentialAction":[{"@type":"SearchAction","target":{"@type":"EntryPoint","urlTemplate":"https:\/\/www.em.com.br\/emfoco\/?s={search_term_string}"},"query-input":{"@type":"PropertyValueSpecification","valueRequired":true,"valueName":"search_term_string"}}],"inLanguage":"pt-BR"},{"@type":"Person","@id":"https:\/\/www.em.com.br\/emfoco\/#\/schema\/person\/60eda09c1fedf0d6891f4cef4b60b8b8","name":"Andre\u0301 Rangel\u00a0","image":{"@type":"ImageObject","inLanguage":"pt-BR","@id":"https:\/\/www.em.com.br\/emfoco\/#\/schema\/person\/image\/","url":"https:\/\/secure.gravatar.com\/avatar\/6234dc814c77c8ef6d8bba622c787efc?s=96&d=mm&r=g","contentUrl":"https:\/\/secure.gravatar.com\/avatar\/6234dc814c77c8ef6d8bba622c787efc?s=96&d=mm&r=g","caption":"Andre\u0301 Rangel\u00a0"},"url":"https:\/\/www.em.com.br\/emfoco\/author\/luizmyth\/"}]}},"_links":{"self":[{"href":"https:\/\/www.em.com.br\/emfoco\/wp-json\/wp\/v2\/posts\/201827","targetHints":{"allow":["GET"]}}],"collection":[{"href":"https:\/\/www.em.com.br\/emfoco\/wp-json\/wp\/v2\/posts"}],"about":[{"href":"https:\/\/www.em.com.br\/emfoco\/wp-json\/wp\/v2\/types\/post"}],"author":[{"embeddable":true,"href":"https:\/\/www.em.com.br\/emfoco\/wp-json\/wp\/v2\/users\/11"}],"replies":[{"embeddable":true,"href":"https:\/\/www.em.com.br\/emfoco\/wp-json\/wp\/v2\/comments?post=201827"}],"version-history":[{"count":1,"href":"https:\/\/www.em.com.br\/emfoco\/wp-json\/wp\/v2\/posts\/201827\/revisions"}],"predecessor-version":[{"id":201831,"href":"https:\/\/www.em.com.br\/emfoco\/wp-json\/wp\/v2\/posts\/201827\/revisions\/201831"}],"wp:featuredmedia":[{"embeddable":true,"href":"https:\/\/www.em.com.br\/emfoco\/wp-json\/wp\/v2\/media\/201830"}],"wp:attachment":[{"href":"https:\/\/www.em.com.br\/emfoco\/wp-json\/wp\/v2\/media?parent=201827"}],"wp:term":[{"taxonomy":"category","embeddable":true,"href":"https:\/\/www.em.com.br\/emfoco\/wp-json\/wp\/v2\/categories?post=201827"},{"taxonomy":"post_tag","embeddable":true,"href":"https:\/\/www.em.com.br\/emfoco\/wp-json\/wp\/v2\/tags?post=201827"}],"curies":[{"name":"wp","href":"https:\/\/api.w.org\/{rel}","templated":true}]}}