{"id":201815,"date":"2026-05-01T13:45:00","date_gmt":"2026-05-01T16:45:00","guid":{"rendered":"https:\/\/www.em.com.br\/emfoco\/?p=201815"},"modified":"2026-04-30T15:56:06","modified_gmt":"2026-04-30T18:56:06","slug":"duas-conhecidas-fornecedoras-da-industria-automotiva-declaram-falencia-mais-de-1-000-empregos-em-risco","status":"publish","type":"post","link":"https:\/\/www.em.com.br\/emfoco\/2026\/05\/01\/duas-conhecidas-fornecedoras-da-industria-automotiva-declaram-falencia-mais-de-1-000-empregos-em-risco\/","title":{"rendered":"Duas conhecidas fornecedoras da ind\u00fastria automotiva declaram fal\u00eancia: mais de 1.000 empregos em risco"},"content":{"rendered":"\n<p>A ind\u00fastria automobil\u00edstica alem\u00e3 vive uma fase de transforma\u00e7\u00e3o acelerada, e poucos casos deixam isso t\u00e3o evidente quanto a situa\u00e7\u00e3o da ind\u00fastria de autope\u00e7as em <strong>Sachsen-Anhalt<\/strong>, onde a transi\u00e7\u00e3o tecnol\u00f3gica, a press\u00e3o por custos mais baixos e a reorganiza\u00e7\u00e3o global das cadeias de fornecimento colocam em risco empresas tradicionais, centenas de empregos e a estabilidade econ\u00f4mica regional.<\/p>\n\n\n\n<h2 class=\"wp-block-heading\">Cen\u00e1rio atual da ind\u00fastria de autope\u00e7as em Sachsen-Anhalt<\/h2>\n\n\n\n<p>A\u00a0<strong>ind\u00fastria de autope\u00e7as em<\/strong><a href=\"https:\/\/www.britannica.com\/place\/Saxony-Anhalt\" target=\"_blank\" rel=\"noreferrer noopener\"><strong> Sachsen-Anhalt<\/strong>\u00a0<\/a>\u00e9 formada por uma rede de fabricantes altamente dependentes de contratos com grandes grupos automotivos nacionais e internacionais. Empresas de fundi\u00e7\u00e3o de alum\u00ednio, componentes de motor e pe\u00e7as estruturais foram, por d\u00e9cadas, pilares da produ\u00e7\u00e3o automotiva no centro-leste da <strong>Alemanha<\/strong>.<\/p>\n\n\n\n<p>Nos \u00faltimos meses, por\u00e9m, a combina\u00e7\u00e3o de queda de pedidos, realoca\u00e7\u00e3o de contratos para plantas em outros pa\u00edses e custos crescentes de produ\u00e7\u00e3o exp\u00f4s a fragilidade desse modelo. Em paralelo, mudan\u00e7as estrat\u00e9gicas das montadoras t\u00eam direcionado volumes para fornecedores com custos mais baixos ou maior alinhamento \u00e0 mobilidade el\u00e9trica.<\/p>\n\n\n\n<figure class=\"wp-block-image size-large\"><img loading=\"lazy\" decoding=\"async\" width=\"1024\" height=\"576\" src=\"https:\/\/www.em.com.br\/emfoco\/wp-content\/uploads\/2026\/04\/Gemini_Generated_Image_38so4s38so4s38so-1-1024x576.png\" alt=\"Milhares de empregos em risco na ind\u00fastria automotiva\" class=\"wp-image-201818\" srcset=\"https:\/\/www.em.com.br\/emfoco\/wp-content\/uploads\/2026\/04\/Gemini_Generated_Image_38so4s38so4s38so-1-1024x576.png 1024w, https:\/\/www.em.com.br\/emfoco\/wp-content\/uploads\/2026\/04\/Gemini_Generated_Image_38so4s38so4s38so-1-300x169.png 300w, https:\/\/www.em.com.br\/emfoco\/wp-content\/uploads\/2026\/04\/Gemini_Generated_Image_38so4s38so4s38so-1-768x432.png 768w, https:\/\/www.em.com.br\/emfoco\/wp-content\/uploads\/2026\/04\/Gemini_Generated_Image_38so4s38so4s38so-1-750x422.png 750w, https:\/\/www.em.com.br\/emfoco\/wp-content\/uploads\/2026\/04\/Gemini_Generated_Image_38so4s38so4s38so-1-1140x641.png 1140w, https:\/\/www.em.com.br\/emfoco\/wp-content\/uploads\/2026\/04\/Gemini_Generated_Image_38so4s38so4s38so-1.png 1280w\" sizes=\"auto, (max-width: 1024px) 100vw, 1024px\" \/><figcaption class=\"wp-element-caption\">Milhares de empregos em risco na ind\u00fastria automotiva<\/figcaption><\/figure>\n\n\n\n<h2 class=\"wp-block-heading\">Principais fatores que amea\u00e7am empregos na ind\u00fastria automobil\u00edstica regional<\/h2>\n\n\n\n<p>A amea\u00e7a a mais de mil postos de trabalho na&nbsp;<strong>ind\u00fastria automobil\u00edstica em Sachsen-Anhalt<\/strong>&nbsp;est\u00e1 ligada \u00e0 alta depend\u00eancia de poucos clientes \u00e2ncora. Quando uma montadora transfere a produ\u00e7\u00e3o de componentes para outra localidade, f\u00e1bricas inteiras perdem rapidamente sua base econ\u00f4mica e entram em situa\u00e7\u00e3o de risco.<\/p>\n\n\n\n<p>Esse cen\u00e1rio \u00e9 agravado pelo fato de muitos fornecedores estarem focados em componentes para motores de combust\u00e3o, que perdem relev\u00e2ncia com a eletrifica\u00e7\u00e3o. A adapta\u00e7\u00e3o para novos produtos, como carca\u00e7as de motores el\u00e9tricos ou partes de sistemas de baterias, exige investimentos significativos em tecnologia, treinamento e certifica\u00e7\u00f5es.<\/p>\n\n\n\n<ul class=\"wp-block-list\">\n<li><strong>Depend\u00eancia de grandes montadoras<\/strong>: contratos concentrados em poucos clientes.<\/li>\n\n\n\n<li><strong>Transi\u00e7\u00e3o tecnol\u00f3gica<\/strong>: queda na demanda por pe\u00e7as ligadas ao motor a combust\u00e3o.<\/li>\n\n\n\n<li><strong>Press\u00e3o de custos<\/strong>: energia cara e concorr\u00eancia internacional intensa.<\/li>\n\n\n\n<li><strong>Complexidade da insolv\u00eancia<\/strong>: negocia\u00e7\u00f5es demoradas com investidores e credores.<\/li>\n<\/ul>\n\n\n\n<h2 class=\"wp-block-heading\">Impactos regionais da crise de fornecedores de autope\u00e7as<\/h2>\n\n\n\n<p>Na regi\u00e3o do <strong>Harz <\/strong>e em munic\u00edpios industriais vizinhos, empresas de autope\u00e7as figuram entre os maiores empregadores privados, e qualquer <a href=\"https:\/\/www.em.com.br\/emfoco\/2026\/04\/29\/marca-famosa-de-carro-anuncia-saida-do-pais-com-fechamento-de-fabrica-historica-apos-7-anos\/\" target=\"_blank\" rel=\"noreferrer noopener\">fechamento <\/a>provoca forte efeito domin\u00f3. A redu\u00e7\u00e3o de turnos e o encerramento de unidades impactam arrecada\u00e7\u00e3o de impostos, com\u00e9rcio local, servi\u00e7os e a perman\u00eancia de profissionais qualificados.<\/p>\n\n\n\n<p>Com f\u00e1bricas em insolv\u00eancia e menos atividade produtiva, oficinas mec\u00e2nicas, restaurantes, lojas e empresas de transporte veem o faturamento cair. Diante disso, sindicatos e autoridades discutem programas de qualifica\u00e7\u00e3o, recoloca\u00e7\u00e3o em outros setores industriais e medidas de apoio estatal para amortecer o aumento do desemprego regional.<\/p>\n\n\n\n<ol class=\"wp-block-list\">\n<li>Primeiro impacto: redu\u00e7\u00e3o imediata de turnos e horas extras nas f\u00e1bricas.<\/li>\n\n\n\n<li>Segundo impacto: queda do consumo local e press\u00e3o sobre pequenos neg\u00f3cios.<\/li>\n\n\n\n<li>Terceiro impacto: aumento do desemprego regional e necessidade de apoio estatal.<\/li>\n\n\n\n<li>Quarto impacto: risco de perda de compet\u00eancias industriais consolidadas ao longo de d\u00e9cadas.<\/li>\n<\/ol>\n\n\n\n<figure class=\"wp-block-image size-large\"><img loading=\"lazy\" decoding=\"async\" width=\"1024\" height=\"576\" src=\"https:\/\/www.em.com.br\/emfoco\/wp-content\/uploads\/2026\/04\/Gemini_Generated_Image_prohmpprohmpproh-1-1024x576.png\" alt=\"Milhares de empregos em risco na ind\u00fastria automotiva\" class=\"wp-image-201819\" srcset=\"https:\/\/www.em.com.br\/emfoco\/wp-content\/uploads\/2026\/04\/Gemini_Generated_Image_prohmpprohmpproh-1-1024x576.png 1024w, https:\/\/www.em.com.br\/emfoco\/wp-content\/uploads\/2026\/04\/Gemini_Generated_Image_prohmpprohmpproh-1-300x169.png 300w, https:\/\/www.em.com.br\/emfoco\/wp-content\/uploads\/2026\/04\/Gemini_Generated_Image_prohmpprohmpproh-1-768x432.png 768w, https:\/\/www.em.com.br\/emfoco\/wp-content\/uploads\/2026\/04\/Gemini_Generated_Image_prohmpprohmpproh-1-750x422.png 750w, https:\/\/www.em.com.br\/emfoco\/wp-content\/uploads\/2026\/04\/Gemini_Generated_Image_prohmpprohmpproh-1-1140x641.png 1140w, https:\/\/www.em.com.br\/emfoco\/wp-content\/uploads\/2026\/04\/Gemini_Generated_Image_prohmpprohmpproh-1.png 1280w\" sizes=\"auto, (max-width: 1024px) 100vw, 1024px\" \/><figcaption class=\"wp-element-caption\">Milhares de empregos em risco na ind\u00fastria automotiva<\/figcaption><\/figure>\n\n\n\n<h2 class=\"wp-block-heading\">Caminhos poss\u00edveis para o futuro da ind\u00fastria de autope\u00e7as em Sachsen-Anhalt<\/h2>\n\n\n\n<p>Diante desse cen\u00e1rio, especialistas defendem a diversifica\u00e7\u00e3o da base de clientes e a busca por novos nichos, como componentes para ve\u00edculos el\u00e9tricos, aplica\u00e7\u00f5es industriais fora do setor automotivo e pe\u00e7as para energias renov\u00e1veis. A digitaliza\u00e7\u00e3o de processos e a automa\u00e7\u00e3o tamb\u00e9m surgem como formas de elevar produtividade e competitividade.<\/p>\n\n\n\n<p>Programas p\u00fablicos de apoio e iniciativas regionais tentam conectar empresas em dificuldade a investidores estrat\u00e9gicos, bem como transformar unidades produtivas em polos de manufatura multi-setor. A preserva\u00e7\u00e3o de compet\u00eancias em fundi\u00e7\u00e3o, engenharia de materiais e usinagem de precis\u00e3o \u00e9 vista como essencial para manter a regi\u00e3o relevante na cadeia de valor industrial alem\u00e3.<\/p>\n\n\n\n<h2 class=\"wp-block-heading\">Conclus\u00e3o e urg\u00eancia de a\u00e7\u00e3o para a ind\u00fastria automobil\u00edstica em Sachsen-Anhalt<\/h2>\n\n\n\n<p>O desfecho das negocia\u00e7\u00f5es com credores e poss\u00edveis compradores decidir\u00e1 n\u00e3o apenas o destino imediato de centenas de trabalhadores, mas tamb\u00e9m o papel da&nbsp;<strong>ind\u00fastria automobil\u00edstica em Sachsen-Anhalt<\/strong>&nbsp;na pr\u00f3xima d\u00e9cada. Sem a\u00e7\u00e3o r\u00e1pida, a regi\u00e3o corre o risco de perder capacidades industriais que levaram gera\u00e7\u00f5es para ser constru\u00eddas.<\/p>\n\n\n\n<p>Este \u00e9 o momento de governos, empresas, sindicatos e institui\u00e7\u00f5es de ensino se moverem com urg\u00eancia, articulando investimentos, requalifica\u00e7\u00e3o profissional e novos modelos de neg\u00f3cio. Adiar decis\u00f5es significa aceitar mais fechamentos, mais desemprego e menos futuro industrial para Sachsen-Anhalt \u2013 quem pode agir, precisa agir agora.<\/p>\n\n\n\n<p><\/p>\n","protected":false},"excerpt":{"rendered":"<p>A ind\u00fastria automobil\u00edstica alem\u00e3 vive uma fase de transforma\u00e7\u00e3o acelerada, e poucos casos deixam isso t\u00e3o evidente quanto a situa\u00e7\u00e3o da ind\u00fastria de autope\u00e7as em Sachsen-Anhalt, onde a transi\u00e7\u00e3o tecnol\u00f3gica, a press\u00e3o por custos mais baixos e a reorganiza\u00e7\u00e3o global das cadeias de fornecimento colocam em risco empresas tradicionais, centenas de empregos e a estabilidade [&hellip;]<\/p>\n","protected":false},"author":11,"featured_media":202076,"comment_status":"open","ping_status":"open","sticky":false,"template":"","format":"standard","meta":{"jnews-multi-image_gallery":[],"jnews_single_post":{"format":"standard"},"jnews_primary_category":[],"jnews_social_meta":[],"jnews_override_counter":[],"footnotes":""},"categories":[28,1],"tags":[4996,3672,1490],"class_list":["post-201815","post","type-post","status-publish","format-standard","has-post-thumbnail","hentry","category-economia","category-noticias","tag-crise","tag-empregos","tag-industria-automobilistica"],"yoast_head":"<!-- This site is optimized with the Yoast SEO plugin v23.8 - https:\/\/yoast.com\/wordpress\/plugins\/seo\/ -->\n<title>Duas conhecidas fornecedoras da ind\u00fastria automotiva declaram fal\u00eancia: mais de 1.000 empregos em risco - Estado de Minas - Em foco<\/title>\n<meta name=\"description\" content=\"Ind\u00fastria automobil\u00edstica enfrenta crise em Sachsen-Anhalt e amea\u00e7a empregos. Entenda os impactos e o que est\u00e1 em jogo.\" \/>\n<meta name=\"robots\" content=\"index, follow, max-snippet:-1, max-image-preview:large, max-video-preview:-1\" \/>\n<link rel=\"canonical\" href=\"https:\/\/www.em.com.br\/emfoco\/2026\/05\/01\/duas-conhecidas-fornecedoras-da-industria-automotiva-declaram-falencia-mais-de-1-000-empregos-em-risco\/\" \/>\n<meta property=\"og:locale\" content=\"pt_BR\" \/>\n<meta property=\"og:type\" content=\"article\" \/>\n<meta property=\"og:title\" content=\"Duas conhecidas fornecedoras da ind\u00fastria automotiva declaram fal\u00eancia: mais de 1.000 empregos em risco - Estado de Minas - Em foco\" \/>\n<meta property=\"og:description\" content=\"Ind\u00fastria automobil\u00edstica enfrenta crise em Sachsen-Anhalt e amea\u00e7a empregos. Entenda os impactos e o que est\u00e1 em jogo.\" \/>\n<meta property=\"og:url\" content=\"https:\/\/www.em.com.br\/emfoco\/2026\/05\/01\/duas-conhecidas-fornecedoras-da-industria-automotiva-declaram-falencia-mais-de-1-000-empregos-em-risco\/\" \/>\n<meta property=\"og:site_name\" content=\"Estado de Minas - Em foco\" \/>\n<meta property=\"article:published_time\" content=\"2026-05-01T16:45:00+00:00\" \/>\n<meta property=\"article:modified_time\" content=\"2026-04-30T18:56:06+00:00\" \/>\n<meta property=\"og:image\" content=\"https:\/\/www.em.com.br\/emfoco\/wp-content\/uploads\/2026\/05\/EmFoco_18.jpg\" \/>\n\t<meta property=\"og:image:width\" content=\"1280\" \/>\n\t<meta property=\"og:image:height\" content=\"720\" \/>\n\t<meta property=\"og:image:type\" content=\"image\/jpeg\" \/>\n<meta name=\"author\" content=\"Andre\u0301 Rangel\u00a0\" \/>\n<meta name=\"twitter:card\" content=\"summary_large_image\" \/>\n<meta name=\"twitter:label1\" content=\"Escrito por\" \/>\n\t<meta name=\"twitter:data1\" content=\"Andre\u0301 Rangel\u00a0\" \/>\n\t<meta name=\"twitter:label2\" content=\"Est. tempo de leitura\" \/>\n\t<meta name=\"twitter:data2\" content=\"5 minutos\" \/>\n<!-- \/ Yoast SEO plugin. -->","yoast_head_json":{"title":"Duas conhecidas fornecedoras da ind\u00fastria automotiva declaram fal\u00eancia: mais de 1.000 empregos em risco - Estado de Minas - Em foco","description":"Ind\u00fastria automobil\u00edstica enfrenta crise em Sachsen-Anhalt e amea\u00e7a empregos. Entenda os impactos e o que est\u00e1 em jogo.","robots":{"index":"index","follow":"follow","max-snippet":"max-snippet:-1","max-image-preview":"max-image-preview:large","max-video-preview":"max-video-preview:-1"},"canonical":"https:\/\/www.em.com.br\/emfoco\/2026\/05\/01\/duas-conhecidas-fornecedoras-da-industria-automotiva-declaram-falencia-mais-de-1-000-empregos-em-risco\/","og_locale":"pt_BR","og_type":"article","og_title":"Duas conhecidas fornecedoras da ind\u00fastria automotiva declaram fal\u00eancia: mais de 1.000 empregos em risco - Estado de Minas - Em foco","og_description":"Ind\u00fastria automobil\u00edstica enfrenta crise em Sachsen-Anhalt e amea\u00e7a empregos. Entenda os impactos e o que est\u00e1 em jogo.","og_url":"https:\/\/www.em.com.br\/emfoco\/2026\/05\/01\/duas-conhecidas-fornecedoras-da-industria-automotiva-declaram-falencia-mais-de-1-000-empregos-em-risco\/","og_site_name":"Estado de Minas - Em foco","article_published_time":"2026-05-01T16:45:00+00:00","article_modified_time":"2026-04-30T18:56:06+00:00","og_image":[{"width":1280,"height":720,"url":"https:\/\/www.em.com.br\/emfoco\/wp-content\/uploads\/2026\/05\/EmFoco_18.jpg","type":"image\/jpeg"}],"author":"Andre\u0301 Rangel\u00a0","twitter_card":"summary_large_image","twitter_misc":{"Escrito por":"Andre\u0301 Rangel\u00a0","Est. tempo de leitura":"5 minutos"},"schema":{"@context":"https:\/\/schema.org","@graph":[{"@type":"WebPage","@id":"https:\/\/www.em.com.br\/emfoco\/2026\/05\/01\/duas-conhecidas-fornecedoras-da-industria-automotiva-declaram-falencia-mais-de-1-000-empregos-em-risco\/","url":"https:\/\/www.em.com.br\/emfoco\/2026\/05\/01\/duas-conhecidas-fornecedoras-da-industria-automotiva-declaram-falencia-mais-de-1-000-empregos-em-risco\/","name":"Duas conhecidas fornecedoras da ind\u00fastria automotiva declaram fal\u00eancia: mais de 1.000 empregos em risco - Estado de Minas - Em foco","isPartOf":{"@id":"https:\/\/www.em.com.br\/emfoco\/#website"},"primaryImageOfPage":{"@id":"https:\/\/www.em.com.br\/emfoco\/2026\/05\/01\/duas-conhecidas-fornecedoras-da-industria-automotiva-declaram-falencia-mais-de-1-000-empregos-em-risco\/#primaryimage"},"image":{"@id":"https:\/\/www.em.com.br\/emfoco\/2026\/05\/01\/duas-conhecidas-fornecedoras-da-industria-automotiva-declaram-falencia-mais-de-1-000-empregos-em-risco\/#primaryimage"},"thumbnailUrl":"https:\/\/www.em.com.br\/emfoco\/wp-content\/uploads\/2026\/05\/EmFoco_18.jpg","datePublished":"2026-05-01T16:45:00+00:00","dateModified":"2026-04-30T18:56:06+00:00","author":{"@id":"https:\/\/www.em.com.br\/emfoco\/#\/schema\/person\/60eda09c1fedf0d6891f4cef4b60b8b8"},"description":"Ind\u00fastria automobil\u00edstica enfrenta crise em Sachsen-Anhalt e amea\u00e7a empregos. Entenda os impactos e o que est\u00e1 em jogo.","breadcrumb":{"@id":"https:\/\/www.em.com.br\/emfoco\/2026\/05\/01\/duas-conhecidas-fornecedoras-da-industria-automotiva-declaram-falencia-mais-de-1-000-empregos-em-risco\/#breadcrumb"},"inLanguage":"pt-BR","potentialAction":[{"@type":"ReadAction","target":["https:\/\/www.em.com.br\/emfoco\/2026\/05\/01\/duas-conhecidas-fornecedoras-da-industria-automotiva-declaram-falencia-mais-de-1-000-empregos-em-risco\/"]}]},{"@type":"ImageObject","inLanguage":"pt-BR","@id":"https:\/\/www.em.com.br\/emfoco\/2026\/05\/01\/duas-conhecidas-fornecedoras-da-industria-automotiva-declaram-falencia-mais-de-1-000-empregos-em-risco\/#primaryimage","url":"https:\/\/www.em.com.br\/emfoco\/wp-content\/uploads\/2026\/05\/EmFoco_18.jpg","contentUrl":"https:\/\/www.em.com.br\/emfoco\/wp-content\/uploads\/2026\/05\/EmFoco_18.jpg","width":1280,"height":720,"caption":"Transi\u00e7\u00e3o tecnol\u00f3gica e custos elevados amea\u00e7am empregos na ind\u00fastria de autope\u00e7as alem\u00e3"},{"@type":"BreadcrumbList","@id":"https:\/\/www.em.com.br\/emfoco\/2026\/05\/01\/duas-conhecidas-fornecedoras-da-industria-automotiva-declaram-falencia-mais-de-1-000-empregos-em-risco\/#breadcrumb","itemListElement":[{"@type":"ListItem","position":1,"name":"In\u00edcio","item":"https:\/\/www.em.com.br\/emfoco\/"},{"@type":"ListItem","position":2,"name":"Duas conhecidas fornecedoras da ind\u00fastria automotiva declaram fal\u00eancia: mais de 1.000 empregos em risco"}]},{"@type":"WebSite","@id":"https:\/\/www.em.com.br\/emfoco\/#website","url":"https:\/\/www.em.com.br\/emfoco\/","name":"Estado de Minas - Em foco","description":"Acompanhe as \u00faltimas not\u00edcias e fique bem informado sobre tudo o que acontece em Minas Gerais, Brasil e no mundo.","potentialAction":[{"@type":"SearchAction","target":{"@type":"EntryPoint","urlTemplate":"https:\/\/www.em.com.br\/emfoco\/?s={search_term_string}"},"query-input":{"@type":"PropertyValueSpecification","valueRequired":true,"valueName":"search_term_string"}}],"inLanguage":"pt-BR"},{"@type":"Person","@id":"https:\/\/www.em.com.br\/emfoco\/#\/schema\/person\/60eda09c1fedf0d6891f4cef4b60b8b8","name":"Andre\u0301 Rangel\u00a0","image":{"@type":"ImageObject","inLanguage":"pt-BR","@id":"https:\/\/www.em.com.br\/emfoco\/#\/schema\/person\/image\/","url":"https:\/\/secure.gravatar.com\/avatar\/6234dc814c77c8ef6d8bba622c787efc?s=96&d=mm&r=g","contentUrl":"https:\/\/secure.gravatar.com\/avatar\/6234dc814c77c8ef6d8bba622c787efc?s=96&d=mm&r=g","caption":"Andre\u0301 Rangel\u00a0"},"url":"https:\/\/www.em.com.br\/emfoco\/author\/luizmyth\/"}]}},"_links":{"self":[{"href":"https:\/\/www.em.com.br\/emfoco\/wp-json\/wp\/v2\/posts\/201815","targetHints":{"allow":["GET"]}}],"collection":[{"href":"https:\/\/www.em.com.br\/emfoco\/wp-json\/wp\/v2\/posts"}],"about":[{"href":"https:\/\/www.em.com.br\/emfoco\/wp-json\/wp\/v2\/types\/post"}],"author":[{"embeddable":true,"href":"https:\/\/www.em.com.br\/emfoco\/wp-json\/wp\/v2\/users\/11"}],"replies":[{"embeddable":true,"href":"https:\/\/www.em.com.br\/emfoco\/wp-json\/wp\/v2\/comments?post=201815"}],"version-history":[{"count":1,"href":"https:\/\/www.em.com.br\/emfoco\/wp-json\/wp\/v2\/posts\/201815\/revisions"}],"predecessor-version":[{"id":201820,"href":"https:\/\/www.em.com.br\/emfoco\/wp-json\/wp\/v2\/posts\/201815\/revisions\/201820"}],"wp:featuredmedia":[{"embeddable":true,"href":"https:\/\/www.em.com.br\/emfoco\/wp-json\/wp\/v2\/media\/202076"}],"wp:attachment":[{"href":"https:\/\/www.em.com.br\/emfoco\/wp-json\/wp\/v2\/media?parent=201815"}],"wp:term":[{"taxonomy":"category","embeddable":true,"href":"https:\/\/www.em.com.br\/emfoco\/wp-json\/wp\/v2\/categories?post=201815"},{"taxonomy":"post_tag","embeddable":true,"href":"https:\/\/www.em.com.br\/emfoco\/wp-json\/wp\/v2\/tags?post=201815"}],"curies":[{"name":"wp","href":"https:\/\/api.w.org\/{rel}","templated":true}]}}