{"id":201814,"date":"2026-05-01T10:05:00","date_gmt":"2026-05-01T13:05:00","guid":{"rendered":"https:\/\/www.em.com.br\/emfoco\/?p=201814"},"modified":"2026-04-30T15:55:34","modified_gmt":"2026-04-30T18:55:34","slug":"apos-6-anos-a-padaria-fecha-repentinamente-duas-lojas-isso-nos-atingiu-mas-fomos-praticamente-obrigados-a-faze-lo","status":"publish","type":"post","link":"https:\/\/www.em.com.br\/emfoco\/2026\/05\/01\/apos-6-anos-a-padaria-fecha-repentinamente-duas-lojas-isso-nos-atingiu-mas-fomos-praticamente-obrigados-a-faze-lo\/","title":{"rendered":"Ap\u00f3s 6 anos, a padaria fecha repentinamente duas lojas: &#8220;Isso nos atingiu, mas fomos praticamente obrigados a faz\u00ea-lo&#8221;"},"content":{"rendered":"\n<p>O fechamento repentino da padaria<strong> Padaria Petris<\/strong>, em <strong>Wenduine <\/strong>e <strong>Bruges<\/strong>, pegou moradores e clientes de surpresa. Ap\u00f3s cerca de seis anos de funcionamento, a empresa encerrou de imediato as duas lojas, comunicando a decis\u00e3o pelos canais oficiais da fam\u00edlia, o que levantou d\u00favidas sobre os motivos reais por tr\u00e1s do fim das atividades.<\/p>\n\n\n\n<h2 class=\"wp-block-heading\">Por que a padaria Padaria Petris fechou as portas<\/h2>\n\n\n\n<p>O\u00a0<strong><a href=\"https:\/\/www.em.com.br\/emfoco\/2026\/04\/23\/fechamento-aos-domingos-faz-supermercados-realocarem-funcionarios-e-nova-regra-afeta-redes-como-carrefour-atacadao-assai-e-bh\/\" target=\"_blank\" rel=\"noreferrer noopener\">fechamento <\/a>da padaria Padaria Petris<\/strong>\u00a0est\u00e1 ligado a um conjunto de fatores que se acumulou ao longo do tempo. Segundo a fam\u00edlia, tr\u00eas elementos principais pesaram: falta de pessoal, problemas de sa\u00fade e o impacto de obras p\u00fablicas no entorno das lojas.<\/p>\n\n\n\n<p>No campo da m\u00e3o de obra, a&nbsp;<strong>escassez de funcion\u00e1rios<\/strong>&nbsp;tornou-se um desafio cr\u00edtico. A profiss\u00e3o de padeiro exige hor\u00e1rios espec\u00edficos, trabalho de madrugada e uma equipe est\u00e1vel, algo cada vez mais dif\u00edcil de garantir, sobretudo na filial de Bruges.<\/p>\n\n\n\n<figure class=\"wp-block-image\"><img decoding=\"async\" src=\"https:\/\/www.em.com.br\/emfoco\/wp-content\/uploads\/2025\/10\/padaria_1759508052663-1024x576.jpg\" alt=\"\"\/><figcaption class=\"wp-element-caption\">Padaria Petris fecha e revela crise no setor artesanal &#8211; Cr\u00e9ditos: depositphotos.com \/ IgorVetushko<\/figcaption><\/figure>\n\n\n\n<h2 class=\"wp-block-heading\">Quais fatores pesaram na decis\u00e3o de encerrar as atividades<\/h2>\n\n\n\n<p>Outro elemento decisivo foi a&nbsp;<strong>sa\u00fade da fam\u00edlia propriet\u00e1ria<\/strong>, pressionada por longas jornadas, esfor\u00e7o f\u00edsico intenso e gest\u00e3o constante da opera\u00e7\u00e3o. Conciliar o ritmo de uma padaria artesanal com o bem-estar pessoal passou a ser quase imposs\u00edvel.<\/p>\n\n\n\n<p>As&nbsp;<strong>obras p\u00fablicas<\/strong>&nbsp;nas proximidades das lojas, com acessos bloqueados, redu\u00e7\u00e3o de estacionamento e mudan\u00e7as no tr\u00e2nsito, agravaram ainda mais o cen\u00e1rio e ajudaram a explicar a queda no movimento e o aumento da incerteza.<\/p>\n\n\n\n<p>Diante desse contexto, a fam\u00edlia identificou alguns pontos que tornaram a continuidade do neg\u00f3cio insustent\u00e1vel no dia a dia:<\/p>\n\n\n\n<ul class=\"wp-block-list\">\n<li>Falta de funcion\u00e1rios qualificados para suprir a produ\u00e7\u00e3o e o atendimento.<\/li>\n\n\n\n<li>Problemas de sa\u00fade que limitaram a presen\u00e7a direta dos propriet\u00e1rios.<\/li>\n\n\n\n<li>Obras prolongadas ao redor das lojas, afetando o fluxo de clientes.<\/li>\n\n\n\n<li>Ac\u00famulo de press\u00e3o operacional em um neg\u00f3cio de pequena escala.<\/li>\n<\/ul>\n\n\n\n<h2 class=\"wp-block-heading\">Como funcionavam as lojas em Wenduine e Bruges<\/h2>\n\n\n\n<p>A unidade de <a href=\"https:\/\/wenduine.com\/en\/\" target=\"_blank\" rel=\"noreferrer noopener\">Wenduine <\/a>era a base da\u00a0<strong>Padaria Petris<\/strong>, atendendo moradores locais e visitantes da regi\u00e3o litor\u00e2nea por cerca de seis anos. J\u00e1 a filial de Bruges, na Rua Zuidzand, foi inaugurada em dezembro de 2024, com foco em um p\u00fablico tur\u00edstico e de grande circula\u00e7\u00e3o.<\/p>\n\n\n\n<p>Essa combina\u00e7\u00e3o de uma loja consolidada no litoral e outra recente no centro hist\u00f3rico ampliava o potencial de crescimento, mas tamb\u00e9m exigia supervis\u00e3o constante em produ\u00e7\u00e3o, log\u00edstica, estoque e equipe. Com o agravamento dos desafios, manter ambas abertas deixou de ser vi\u00e1vel.<\/p>\n\n\n\n<figure class=\"wp-block-image\"><img decoding=\"async\" src=\"https:\/\/www.em.com.br\/emfoco\/wp-content\/uploads\/2025\/07\/padaria_1753022747781-1024x576.jpg\" alt=\"\"\/><figcaption class=\"wp-element-caption\">Padaria entra em fal\u00eancia &#8211; Cr\u00e9ditos: depositphotos.com \/ IgorVetushko<\/figcaption><\/figure>\n\n\n\n<h2 class=\"wp-block-heading\">O que o caso da Padaria Petris revela sobre o setor de panifica\u00e7\u00e3o<\/h2>\n\n\n\n<p>O encerramento da&nbsp;<strong>Padaria Petris<\/strong>&nbsp;ilustra dificuldades comuns a padarias artesanais e neg\u00f3cios familiares na Europa e em outras regi\u00f5es. Esses estabelecimentos dependem da presen\u00e7a di\u00e1ria dos propriet\u00e1rios, de equipes est\u00e1veis e de um ambiente urbano favor\u00e1vel.<\/p>\n\n\n\n<p>Em um setor com margens apertadas e alta exig\u00eancia de trabalho manual, fatores externos como obras prolongadas, mudan\u00e7a de h\u00e1bitos de consumo e aumento de custos fixos podem acelerar decis\u00f5es de fechamento, mesmo em marcas consolidadas e bem avaliadas pelos clientes.<\/p>\n\n\n\n<h2 class=\"wp-block-heading\">Quais s\u00e3o os pr\u00f3ximos passos ap\u00f3s o encerramento e o que aprender com isso<\/h2>\n\n\n\n<p>Ap\u00f3s o an\u00fancio em abril de 2026, a fam\u00edlia agradeceu publicamente a clientes, parceiros e ex-colaboradores, marcando o fim de um ciclo e o in\u00edcio de um per\u00edodo de recome\u00e7o. Em situa\u00e7\u00f5es assim, muitos propriet\u00e1rios usam esse momento para cuidar da sa\u00fade, repensar prioridades e buscar modelos de neg\u00f3cio menos exaustivos.<\/p>\n\n\n\n<p>Para quem empreende ou deseja apoiar o com\u00e9rcio local, o caso da Padaria Petris \u00e9 um alerta urgente: neg\u00f3cios independentes precisam de clientes presentes hoje, n\u00e3o amanh\u00e3. Se voc\u00ea valoriza padarias artesanais e pequenos com\u00e9rcios do seu bairro, comece agora a frequent\u00e1-los, recomendar, avaliar e comprar com regularidade \u2014 antes que outras portas tamb\u00e9m se fechem para sempre.<\/p>\n","protected":false},"excerpt":{"rendered":"<p>O fechamento repentino da padaria Padaria Petris, em Wenduine e Bruges, pegou moradores e clientes de surpresa. Ap\u00f3s cerca de seis anos de funcionamento, a empresa encerrou de imediato as duas lojas, comunicando a decis\u00e3o pelos canais oficiais da fam\u00edlia, o que levantou d\u00favidas sobre os motivos reais por tr\u00e1s do fim das atividades. Por [&hellip;]<\/p>\n","protected":false},"author":11,"featured_media":202080,"comment_status":"open","ping_status":"open","sticky":false,"template":"","format":"standard","meta":{"jnews-multi-image_gallery":[],"jnews_single_post":{"format":"standard"},"jnews_primary_category":[],"jnews_social_meta":[],"jnews_override_counter":[],"footnotes":""},"categories":[28,1],"tags":[4996,10179,337,21909],"class_list":["post-201814","post","type-post","status-publish","format-standard","has-post-thumbnail","hentry","category-economia","category-noticias","tag-crise","tag-fechamento","tag-negocios","tag-padaria"],"yoast_head":"<!-- This site is optimized with the Yoast SEO plugin v23.8 - https:\/\/yoast.com\/wordpress\/plugins\/seo\/ -->\n<title>Ap\u00f3s 6 anos, a padaria fecha repentinamente duas lojas: &quot;Isso nos atingiu, mas fomos praticamente obrigados a faz\u00ea-lo&quot; - Estado de Minas - Em foco<\/title>\n<meta name=\"description\" content=\"Padaria Petris fechou de forma repentina e surpreendeu clientes. Entenda os motivos e o impacto no setor de panifica\u00e7\u00e3o.\" \/>\n<meta name=\"robots\" content=\"index, follow, max-snippet:-1, max-image-preview:large, max-video-preview:-1\" \/>\n<link rel=\"canonical\" href=\"https:\/\/www.em.com.br\/emfoco\/2026\/05\/01\/apos-6-anos-a-padaria-fecha-repentinamente-duas-lojas-isso-nos-atingiu-mas-fomos-praticamente-obrigados-a-faze-lo\/\" \/>\n<meta property=\"og:locale\" content=\"pt_BR\" \/>\n<meta property=\"og:type\" content=\"article\" \/>\n<meta property=\"og:title\" content=\"Ap\u00f3s 6 anos, a padaria fecha repentinamente duas lojas: &quot;Isso nos atingiu, mas fomos praticamente obrigados a faz\u00ea-lo&quot; - Estado de Minas - Em foco\" \/>\n<meta property=\"og:description\" content=\"Padaria Petris fechou de forma repentina e surpreendeu clientes. Entenda os motivos e o impacto no setor de panifica\u00e7\u00e3o.\" \/>\n<meta property=\"og:url\" content=\"https:\/\/www.em.com.br\/emfoco\/2026\/05\/01\/apos-6-anos-a-padaria-fecha-repentinamente-duas-lojas-isso-nos-atingiu-mas-fomos-praticamente-obrigados-a-faze-lo\/\" \/>\n<meta property=\"og:site_name\" content=\"Estado de Minas - Em foco\" \/>\n<meta property=\"article:published_time\" content=\"2026-05-01T13:05:00+00:00\" \/>\n<meta property=\"article:modified_time\" content=\"2026-04-30T18:55:34+00:00\" \/>\n<meta property=\"og:image\" content=\"https:\/\/www.em.com.br\/emfoco\/wp-content\/uploads\/2026\/05\/EmFoco_14.jpg\" \/>\n\t<meta property=\"og:image:width\" content=\"1280\" \/>\n\t<meta property=\"og:image:height\" content=\"720\" \/>\n\t<meta property=\"og:image:type\" content=\"image\/jpeg\" \/>\n<meta name=\"author\" content=\"Andre\u0301 Rangel\u00a0\" \/>\n<meta name=\"twitter:card\" content=\"summary_large_image\" \/>\n<meta name=\"twitter:label1\" content=\"Escrito por\" \/>\n\t<meta name=\"twitter:data1\" content=\"Andre\u0301 Rangel\u00a0\" \/>\n\t<meta name=\"twitter:label2\" content=\"Est. tempo de leitura\" \/>\n\t<meta name=\"twitter:data2\" content=\"5 minutos\" \/>\n<!-- \/ Yoast SEO plugin. -->","yoast_head_json":{"title":"Ap\u00f3s 6 anos, a padaria fecha repentinamente duas lojas: \"Isso nos atingiu, mas fomos praticamente obrigados a faz\u00ea-lo\" - Estado de Minas - Em foco","description":"Padaria Petris fechou de forma repentina e surpreendeu clientes. Entenda os motivos e o impacto no setor de panifica\u00e7\u00e3o.","robots":{"index":"index","follow":"follow","max-snippet":"max-snippet:-1","max-image-preview":"max-image-preview:large","max-video-preview":"max-video-preview:-1"},"canonical":"https:\/\/www.em.com.br\/emfoco\/2026\/05\/01\/apos-6-anos-a-padaria-fecha-repentinamente-duas-lojas-isso-nos-atingiu-mas-fomos-praticamente-obrigados-a-faze-lo\/","og_locale":"pt_BR","og_type":"article","og_title":"Ap\u00f3s 6 anos, a padaria fecha repentinamente duas lojas: \"Isso nos atingiu, mas fomos praticamente obrigados a faz\u00ea-lo\" - Estado de Minas - Em foco","og_description":"Padaria Petris fechou de forma repentina e surpreendeu clientes. Entenda os motivos e o impacto no setor de panifica\u00e7\u00e3o.","og_url":"https:\/\/www.em.com.br\/emfoco\/2026\/05\/01\/apos-6-anos-a-padaria-fecha-repentinamente-duas-lojas-isso-nos-atingiu-mas-fomos-praticamente-obrigados-a-faze-lo\/","og_site_name":"Estado de Minas - Em foco","article_published_time":"2026-05-01T13:05:00+00:00","article_modified_time":"2026-04-30T18:55:34+00:00","og_image":[{"width":1280,"height":720,"url":"https:\/\/www.em.com.br\/emfoco\/wp-content\/uploads\/2026\/05\/EmFoco_14.jpg","type":"image\/jpeg"}],"author":"Andre\u0301 Rangel\u00a0","twitter_card":"summary_large_image","twitter_misc":{"Escrito por":"Andre\u0301 Rangel\u00a0","Est. tempo de leitura":"5 minutos"},"schema":{"@context":"https:\/\/schema.org","@graph":[{"@type":"WebPage","@id":"https:\/\/www.em.com.br\/emfoco\/2026\/05\/01\/apos-6-anos-a-padaria-fecha-repentinamente-duas-lojas-isso-nos-atingiu-mas-fomos-praticamente-obrigados-a-faze-lo\/","url":"https:\/\/www.em.com.br\/emfoco\/2026\/05\/01\/apos-6-anos-a-padaria-fecha-repentinamente-duas-lojas-isso-nos-atingiu-mas-fomos-praticamente-obrigados-a-faze-lo\/","name":"Ap\u00f3s 6 anos, a padaria fecha repentinamente duas lojas: \"Isso nos atingiu, mas fomos praticamente obrigados a faz\u00ea-lo\" - Estado de Minas - Em foco","isPartOf":{"@id":"https:\/\/www.em.com.br\/emfoco\/#website"},"primaryImageOfPage":{"@id":"https:\/\/www.em.com.br\/emfoco\/2026\/05\/01\/apos-6-anos-a-padaria-fecha-repentinamente-duas-lojas-isso-nos-atingiu-mas-fomos-praticamente-obrigados-a-faze-lo\/#primaryimage"},"image":{"@id":"https:\/\/www.em.com.br\/emfoco\/2026\/05\/01\/apos-6-anos-a-padaria-fecha-repentinamente-duas-lojas-isso-nos-atingiu-mas-fomos-praticamente-obrigados-a-faze-lo\/#primaryimage"},"thumbnailUrl":"https:\/\/www.em.com.br\/emfoco\/wp-content\/uploads\/2026\/05\/EmFoco_14.jpg","datePublished":"2026-05-01T13:05:00+00:00","dateModified":"2026-04-30T18:55:34+00:00","author":{"@id":"https:\/\/www.em.com.br\/emfoco\/#\/schema\/person\/60eda09c1fedf0d6891f4cef4b60b8b8"},"description":"Padaria Petris fechou de forma repentina e surpreendeu clientes. Entenda os motivos e o impacto no setor de panifica\u00e7\u00e3o.","breadcrumb":{"@id":"https:\/\/www.em.com.br\/emfoco\/2026\/05\/01\/apos-6-anos-a-padaria-fecha-repentinamente-duas-lojas-isso-nos-atingiu-mas-fomos-praticamente-obrigados-a-faze-lo\/#breadcrumb"},"inLanguage":"pt-BR","potentialAction":[{"@type":"ReadAction","target":["https:\/\/www.em.com.br\/emfoco\/2026\/05\/01\/apos-6-anos-a-padaria-fecha-repentinamente-duas-lojas-isso-nos-atingiu-mas-fomos-praticamente-obrigados-a-faze-lo\/"]}]},{"@type":"ImageObject","inLanguage":"pt-BR","@id":"https:\/\/www.em.com.br\/emfoco\/2026\/05\/01\/apos-6-anos-a-padaria-fecha-repentinamente-duas-lojas-isso-nos-atingiu-mas-fomos-praticamente-obrigados-a-faze-lo\/#primaryimage","url":"https:\/\/www.em.com.br\/emfoco\/wp-content\/uploads\/2026\/05\/EmFoco_14.jpg","contentUrl":"https:\/\/www.em.com.br\/emfoco\/wp-content\/uploads\/2026\/05\/EmFoco_14.jpg","width":1280,"height":720,"caption":"Escassez de funcion\u00e1rios e obras urbanas provocam fechamento de padarias artesanais familiares"},{"@type":"BreadcrumbList","@id":"https:\/\/www.em.com.br\/emfoco\/2026\/05\/01\/apos-6-anos-a-padaria-fecha-repentinamente-duas-lojas-isso-nos-atingiu-mas-fomos-praticamente-obrigados-a-faze-lo\/#breadcrumb","itemListElement":[{"@type":"ListItem","position":1,"name":"In\u00edcio","item":"https:\/\/www.em.com.br\/emfoco\/"},{"@type":"ListItem","position":2,"name":"Ap\u00f3s 6 anos, a padaria fecha repentinamente duas lojas: &#8220;Isso nos atingiu, mas fomos praticamente obrigados a faz\u00ea-lo&#8221;"}]},{"@type":"WebSite","@id":"https:\/\/www.em.com.br\/emfoco\/#website","url":"https:\/\/www.em.com.br\/emfoco\/","name":"Estado de Minas - Em foco","description":"Acompanhe as \u00faltimas not\u00edcias e fique bem informado sobre tudo o que acontece em Minas Gerais, Brasil e no mundo.","potentialAction":[{"@type":"SearchAction","target":{"@type":"EntryPoint","urlTemplate":"https:\/\/www.em.com.br\/emfoco\/?s={search_term_string}"},"query-input":{"@type":"PropertyValueSpecification","valueRequired":true,"valueName":"search_term_string"}}],"inLanguage":"pt-BR"},{"@type":"Person","@id":"https:\/\/www.em.com.br\/emfoco\/#\/schema\/person\/60eda09c1fedf0d6891f4cef4b60b8b8","name":"Andre\u0301 Rangel\u00a0","image":{"@type":"ImageObject","inLanguage":"pt-BR","@id":"https:\/\/www.em.com.br\/emfoco\/#\/schema\/person\/image\/","url":"https:\/\/secure.gravatar.com\/avatar\/6234dc814c77c8ef6d8bba622c787efc?s=96&d=mm&r=g","contentUrl":"https:\/\/secure.gravatar.com\/avatar\/6234dc814c77c8ef6d8bba622c787efc?s=96&d=mm&r=g","caption":"Andre\u0301 Rangel\u00a0"},"url":"https:\/\/www.em.com.br\/emfoco\/author\/luizmyth\/"}]}},"_links":{"self":[{"href":"https:\/\/www.em.com.br\/emfoco\/wp-json\/wp\/v2\/posts\/201814","targetHints":{"allow":["GET"]}}],"collection":[{"href":"https:\/\/www.em.com.br\/emfoco\/wp-json\/wp\/v2\/posts"}],"about":[{"href":"https:\/\/www.em.com.br\/emfoco\/wp-json\/wp\/v2\/types\/post"}],"author":[{"embeddable":true,"href":"https:\/\/www.em.com.br\/emfoco\/wp-json\/wp\/v2\/users\/11"}],"replies":[{"embeddable":true,"href":"https:\/\/www.em.com.br\/emfoco\/wp-json\/wp\/v2\/comments?post=201814"}],"version-history":[{"count":3,"href":"https:\/\/www.em.com.br\/emfoco\/wp-json\/wp\/v2\/posts\/201814\/revisions"}],"predecessor-version":[{"id":201821,"href":"https:\/\/www.em.com.br\/emfoco\/wp-json\/wp\/v2\/posts\/201814\/revisions\/201821"}],"wp:featuredmedia":[{"embeddable":true,"href":"https:\/\/www.em.com.br\/emfoco\/wp-json\/wp\/v2\/media\/202080"}],"wp:attachment":[{"href":"https:\/\/www.em.com.br\/emfoco\/wp-json\/wp\/v2\/media?parent=201814"}],"wp:term":[{"taxonomy":"category","embeddable":true,"href":"https:\/\/www.em.com.br\/emfoco\/wp-json\/wp\/v2\/categories?post=201814"},{"taxonomy":"post_tag","embeddable":true,"href":"https:\/\/www.em.com.br\/emfoco\/wp-json\/wp\/v2\/tags?post=201814"}],"curies":[{"name":"wp","href":"https:\/\/api.w.org\/{rel}","templated":true}]}}