{"id":201807,"date":"2026-05-01T20:15:00","date_gmt":"2026-05-01T23:15:00","guid":{"rendered":"https:\/\/www.em.com.br\/emfoco\/?p=201807"},"modified":"2026-04-30T16:01:51","modified_gmt":"2026-04-30T19:01:51","slug":"sem-necessidade-de-ferramentas-ou-parafusos-cortinas-que-podem-ser-instaladas-em-1-minuto-e-ja-sao-tendencia-em-2026","status":"publish","type":"post","link":"https:\/\/www.em.com.br\/emfoco\/2026\/05\/01\/sem-necessidade-de-ferramentas-ou-parafusos-cortinas-que-podem-ser-instaladas-em-1-minuto-e-ja-sao-tendencia-em-2026\/","title":{"rendered":"Sem necessidade de ferramentas ou parafusos: cortinas que podem ser instaladas em 1 minuto e j\u00e1 s\u00e3o tend\u00eancia em 2026"},"content":{"rendered":"\n<p>Um novo tipo de cortina vem chamando aten\u00e7\u00e3o em 2026 por dispensar totalmente furos na parede e o uso de ferramentas. Baseadas em um sistema de press\u00e3o interna no pr\u00f3prio caixilho, essas cortinas se fixam diretamente no marco da janela, o que reduz etapas de instala\u00e7\u00e3o e evita danos \u00e0 alvenaria, ganhando espa\u00e7o sobretudo entre pessoas que moram de aluguel e precisam preservar paredes e esquadrias.<\/p>\n\n\n\n<h2 class=\"wp-block-heading\">O que s\u00e3o cortinas sem furo e como se diferenciam dos modelos tradicionais<\/h2>\n\n\n\n<p>As\u00a0<strong><a href=\"https:\/\/www.em.com.br\/emfoco\/2026\/04\/27\/o-motivo-de-borrifar-vinagre-nas-cortinas-ter-virado-uma-dica-popular-de-limpeza\/\" target=\"_blank\" rel=\"noreferrer noopener\">cortinas <\/a>que se instalam sem furar a parede<\/strong>\u00a0s\u00e3o modelos cujo suporte dispensa buchas, parafusos e furadeira, facilitando muito a instala\u00e7\u00e3o em qualquer ambiente. Em vez disso, o suporte funciona como uma barra de press\u00e3o: ele \u00e9 comprimido, posicionado dentro do marco da janela e liberado para que a press\u00e3o lateral o mantenha no lugar, sem deixar marcas vis\u00edveis na superf\u00edcie.<\/p>\n\n\n\n<p>Grande parte desses modelos utiliza estrutura em\u00a0<strong>c\u00e9lulas tipo colmeia<\/strong>, tamb\u00e9m chamadas de cortinas celulares ou sanfonadas, que formam pequenas c\u00e2maras de ar. Essas c\u00e2maras ajudam no<a href=\"https:\/\/www.tiktok.com\/@brondogesso\/video\/7290689398193032454\" target=\"_blank\" rel=\"noreferrer noopener\"> isolamento t\u00e9rmico e ac\u00fastico<\/a>, al\u00e9m de favorecer o controle de luminosidade, com diferentes tamanhos, cores e n\u00edveis de transpar\u00eancia para quartos, salas, cozinhas e escrit\u00f3rios dom\u00e9sticos.<\/p>\n\n\n\n<iframe loading=\"lazy\" src=\"https:\/\/assets.pinterest.com\/ext\/embed.html?id=1150529036049941330\" height=\"714\" width=\"345\" frameborder=\"0\" scrolling=\"no\" ><\/iframe>\n\n\n\n<h2 class=\"wp-block-heading\">Como funcionam as cortinas sem furo instaladas em um minuto<\/h2>\n\n\n\n<p>O funcionamento dessas&nbsp;<strong>cortinas sem furo<\/strong>&nbsp;\u00e9 baseado em um suporte com sistema de mola interna ou mecanismo telesc\u00f3pico, que se ajusta \u00e0 largura do v\u00e3o. O usu\u00e1rio pressiona o suporte para encurtar o comprimento, posiciona-o dentro do marco da janela e, em seguida, solta ou gira a pe\u00e7a para ajustar a press\u00e3o, respeitando sempre o peso do tecido.<\/p>\n\n\n\n<p>Na pr\u00e1tica, a instala\u00e7\u00e3o costuma seguir uma l\u00f3gica simples, que pode ser executada at\u00e9 por quem nunca mexeu com ferramentas:<\/p>\n\n\n\n<ol class=\"wp-block-list\">\n<li>Medir a largura interna do marco da janela para escolher o tamanho adequado da barra de press\u00e3o.<\/li>\n\n\n\n<li>Ajustar a barra at\u00e9 um comprimento ligeiramente maior que a medida interna do v\u00e3o.<\/li>\n\n\n\n<li>Comprimir a barra, posicion\u00e1-la entre as laterais da janela e soltar gradualmente.<\/li>\n\n\n\n<li>Certificar-se de que o contato com as superf\u00edcies esteja uniforme e firme.<\/li>\n\n\n\n<li>Verificar se a cortina sobe, desce ou desliza sem enroscar nas bordas.<\/li>\n<\/ol>\n\n\n\n<p>Coment\u00e1rios em plataformas de venda destacam a rapidez da instala\u00e7\u00e3o e o fato de a maior parte do tempo ser gasta removendo estruturas antigas e limpando o vidro. Avalia\u00e7\u00f5es recentes indicam altos \u00edndices de satisfa\u00e7\u00e3o, sobretudo entre usu\u00e1rios que priorizam praticidade e autonomia na montagem.<\/p>\n\n\n\n<iframe loading=\"lazy\" src=\"https:\/\/assets.pinterest.com\/ext\/embed.html?id=457678380904187999\" height=\"617\" width=\"345\" frameborder=\"0\" scrolling=\"no\" ><\/iframe>\n\n\n\n<h2 class=\"wp-block-heading\">Quais s\u00e3o as principais vantagens das cortinas sem perfura\u00e7\u00e3o<\/h2>\n\n\n\n<p>Entre as vantagens mais citadas desse tipo de&nbsp;<strong>cortina sem parafuso<\/strong>&nbsp;est\u00e1 a preserva\u00e7\u00e3o da parede, j\u00e1 que n\u00e3o h\u00e1 furos nem sujeira de obra. Em im\u00f3veis alugados, isso \u00e9 um diferencial, pois dispensa reparos com massa corrida e pintura na hora de devolver o im\u00f3vel, al\u00e9m de eliminar poeira e ru\u00eddo t\u00edpicos do uso de furadeiras.<\/p>\n\n\n\n<p>Outro ponto forte \u00e9 a flexibilidade de uso, que permite testar posi\u00e7\u00f5es, trocar a cortina de lugar ou remov\u00ea-la para limpeza profunda das janelas sem esfor\u00e7o. Em ambientes pequenos, a aus\u00eancia de suportes met\u00e1licos aparentes contribui para um visual mais discreto e linear, valorizando o acabamento do espa\u00e7o.<\/p>\n\n\n\n<ul class=\"wp-block-list\">\n<li><strong>Mobilidade:<\/strong>\u00a0facilita levar a cortina para outro im\u00f3vel em eventuais mudan\u00e7as.<\/li>\n\n\n\n<li><strong>Adapta\u00e7\u00e3o:<\/strong>\u00a0permite testar diferentes alturas antes de definir a posi\u00e7\u00e3o final.<\/li>\n\n\n\n<li><strong>Conserva\u00e7\u00e3o:<\/strong>\u00a0evita danos em paredes de gesso, drywall (parede de gesso acartonado) ou revestidas com cer\u00e2mica.<\/li>\n\n\n\n<li><strong>Tempo:<\/strong>\u00a0reduz o processo de instala\u00e7\u00e3o a poucos minutos, sem ajuda profissional.<\/li>\n<\/ul>\n\n\n\n<h2 class=\"wp-block-heading\">Quais s\u00e3o outras formas de instalar cortinas sem furar a parede<\/h2>\n\n\n\n<p>Al\u00e9m das barras de press\u00e3o, h\u00e1 outras solu\u00e7\u00f5es para instalar cortinas sem furar a parede, com diferentes n\u00edveis de resist\u00eancia e indica\u00e7\u00e3o de uso. Cada alternativa atende a um tipo de superf\u00edcie e de peso de tecido, por isso \u00e9 importante seguir as recomenda\u00e7\u00f5es do fabricante para evitar quedas ou danos ao revestimento.<\/p>\n\n\n\n<iframe loading=\"lazy\" src=\"https:\/\/assets.pinterest.com\/ext\/embed.html?id=911204937109059472\" height=\"617\" width=\"345\" frameborder=\"0\" scrolling=\"no\" ><\/iframe>\n\n\n\n<p>Em geral, essas solu\u00e7\u00f5es complementares funcionam bem em janelas menores, \u00e1reas \u00famidas ou superf\u00edcies espec\u00edficas, oferecendo mais liberdade de escolha:<\/p>\n\n\n\n<ul class=\"wp-block-list\">\n<li><strong>Ganchos adesivos:<\/strong>\u00a0colados diretamente na parede ou no caixilho, suportam barras leves e cortinas finas.<\/li>\n\n\n\n<li><strong>Barras adesivas ou com ventosa:<\/strong>\u00a0ideais para superf\u00edcies lisas, como vidro, azulejo ou metal pintado.<\/li>\n\n\n\n<li><strong>Barras magn\u00e9ticas:<\/strong>\u00a0prendem-se a estruturas met\u00e1licas, comuns em janelas de a\u00e7o, com cortinas leves.<\/li>\n\n\n\n<li><strong>Trilho adesivo para cortinas:<\/strong>\u00a0trilho colado que permite deslizar o tecido com ganchos ou argolas.<\/li>\n\n\n\n<li><strong>Barras com gancho para o marco:<\/strong>\u00a0encaixam na borda superior do caixilho, sem cola e sem furos.<\/li>\n\n\n\n<li><strong>Fita aderente adesiva ou costurada:<\/strong>\u00a0possibilita retirar o tecido facilmente para higieniza\u00e7\u00e3o frequente.<\/li>\n<\/ul>\n\n\n\n<h2 class=\"wp-block-heading\">Por que as cortinas sem perfura\u00e7\u00e3o s\u00e3o tend\u00eancia e como aproveitar agora<\/h2>\n\n\n\n<p>Com a amplia\u00e7\u00e3o da oferta de cortinas sem perfura\u00e7\u00e3o em 2026, solu\u00e7\u00f5es de press\u00e3o, adesivas e magn\u00e9ticas se tornaram frequentes em apartamentos compactos e im\u00f3veis alugados. A combina\u00e7\u00e3o entre instala\u00e7\u00e3o r\u00e1pida, facilidade de remo\u00e7\u00e3o e menor impacto nas superf\u00edcies vem consolidando esse tipo de sistema como alternativa recorrente \u00e0s cortinas convencionais com trilhos e suportes parafusados.<\/p>\n\n\n\n<p>Se voc\u00ea busca praticidade, quer evitar danos \u00e0 parede e ainda valorizar o visual da casa, este \u00e9 o momento de testar uma cortina sem furo. N\u00e3o espere a pr\u00f3xima mudan\u00e7a ou reforma: escolha um modelo compat\u00edvel com sua janela, instale em poucos minutos e sinta hoje mesmo a diferen\u00e7a de viver em um ambiente mais bonito, funcional e sem complica\u00e7\u00e3o.<\/p>\n","protected":false},"excerpt":{"rendered":"<p>Um novo tipo de cortina vem chamando aten\u00e7\u00e3o em 2026 por dispensar totalmente furos na parede e o uso de ferramentas. Baseadas em um sistema de press\u00e3o interna no pr\u00f3prio caixilho, essas cortinas se fixam diretamente no marco da janela, o que reduz etapas de instala\u00e7\u00e3o e evita danos \u00e0 alvenaria, ganhando espa\u00e7o sobretudo entre [&hellip;]<\/p>\n","protected":false},"author":11,"featured_media":202094,"comment_status":"open","ping_status":"open","sticky":false,"template":"","format":"standard","meta":{"jnews-multi-image_gallery":[],"jnews_single_post":{"format":"standard"},"jnews_primary_category":[],"jnews_social_meta":[],"jnews_override_counter":[],"footnotes":""},"categories":[8819,1],"tags":[11844,13131,5112,17315],"class_list":["post-201807","post","type-post","status-publish","format-standard","has-post-thumbnail","hentry","category-curiosidades","category-noticias","tag-apartamento","tag-cortina","tag-instalacao","tag-parede"],"yoast_head":"<!-- This site is optimized with the Yoast SEO plugin v23.8 - https:\/\/yoast.com\/wordpress\/plugins\/seo\/ -->\n<title>Sem necessidade de ferramentas ou parafusos: cortinas que podem ser instaladas em 1 minuto e j\u00e1 s\u00e3o tend\u00eancia em 2026 - Estado de Minas - Em foco<\/title>\n<meta name=\"description\" content=\"Cortina sem furo facilita a instala\u00e7\u00e3o e evita danos na parede. Veja como funciona e por que virou tend\u00eancia em 2026.\" \/>\n<meta name=\"robots\" content=\"index, follow, max-snippet:-1, max-image-preview:large, max-video-preview:-1\" \/>\n<link rel=\"canonical\" href=\"https:\/\/www.em.com.br\/emfoco\/2026\/05\/01\/sem-necessidade-de-ferramentas-ou-parafusos-cortinas-que-podem-ser-instaladas-em-1-minuto-e-ja-sao-tendencia-em-2026\/\" \/>\n<meta property=\"og:locale\" content=\"pt_BR\" \/>\n<meta property=\"og:type\" content=\"article\" \/>\n<meta property=\"og:title\" content=\"Sem necessidade de ferramentas ou parafusos: cortinas que podem ser instaladas em 1 minuto e j\u00e1 s\u00e3o tend\u00eancia em 2026 - Estado de Minas - Em foco\" \/>\n<meta property=\"og:description\" content=\"Cortina sem furo facilita a instala\u00e7\u00e3o e evita danos na parede. Veja como funciona e por que virou tend\u00eancia em 2026.\" \/>\n<meta property=\"og:url\" content=\"https:\/\/www.em.com.br\/emfoco\/2026\/05\/01\/sem-necessidade-de-ferramentas-ou-parafusos-cortinas-que-podem-ser-instaladas-em-1-minuto-e-ja-sao-tendencia-em-2026\/\" \/>\n<meta property=\"og:site_name\" content=\"Estado de Minas - Em foco\" \/>\n<meta property=\"article:published_time\" content=\"2026-05-01T23:15:00+00:00\" \/>\n<meta property=\"article:modified_time\" content=\"2026-04-30T19:01:51+00:00\" \/>\n<meta property=\"og:image\" content=\"https:\/\/www.em.com.br\/emfoco\/wp-content\/uploads\/2026\/05\/EmFoco_26.jpg\" \/>\n\t<meta property=\"og:image:width\" content=\"1280\" \/>\n\t<meta property=\"og:image:height\" content=\"720\" \/>\n\t<meta property=\"og:image:type\" content=\"image\/jpeg\" \/>\n<meta name=\"author\" content=\"Andre\u0301 Rangel\u00a0\" \/>\n<meta name=\"twitter:card\" content=\"summary_large_image\" \/>\n<meta name=\"twitter:label1\" content=\"Escrito por\" \/>\n\t<meta name=\"twitter:data1\" content=\"Andre\u0301 Rangel\u00a0\" \/>\n\t<meta name=\"twitter:label2\" content=\"Est. tempo de leitura\" \/>\n\t<meta name=\"twitter:data2\" content=\"5 minutos\" \/>\n<!-- \/ Yoast SEO plugin. -->","yoast_head_json":{"title":"Sem necessidade de ferramentas ou parafusos: cortinas que podem ser instaladas em 1 minuto e j\u00e1 s\u00e3o tend\u00eancia em 2026 - Estado de Minas - Em foco","description":"Cortina sem furo facilita a instala\u00e7\u00e3o e evita danos na parede. Veja como funciona e por que virou tend\u00eancia em 2026.","robots":{"index":"index","follow":"follow","max-snippet":"max-snippet:-1","max-image-preview":"max-image-preview:large","max-video-preview":"max-video-preview:-1"},"canonical":"https:\/\/www.em.com.br\/emfoco\/2026\/05\/01\/sem-necessidade-de-ferramentas-ou-parafusos-cortinas-que-podem-ser-instaladas-em-1-minuto-e-ja-sao-tendencia-em-2026\/","og_locale":"pt_BR","og_type":"article","og_title":"Sem necessidade de ferramentas ou parafusos: cortinas que podem ser instaladas em 1 minuto e j\u00e1 s\u00e3o tend\u00eancia em 2026 - Estado de Minas - Em foco","og_description":"Cortina sem furo facilita a instala\u00e7\u00e3o e evita danos na parede. Veja como funciona e por que virou tend\u00eancia em 2026.","og_url":"https:\/\/www.em.com.br\/emfoco\/2026\/05\/01\/sem-necessidade-de-ferramentas-ou-parafusos-cortinas-que-podem-ser-instaladas-em-1-minuto-e-ja-sao-tendencia-em-2026\/","og_site_name":"Estado de Minas - Em foco","article_published_time":"2026-05-01T23:15:00+00:00","article_modified_time":"2026-04-30T19:01:51+00:00","og_image":[{"width":1280,"height":720,"url":"https:\/\/www.em.com.br\/emfoco\/wp-content\/uploads\/2026\/05\/EmFoco_26.jpg","type":"image\/jpeg"}],"author":"Andre\u0301 Rangel\u00a0","twitter_card":"summary_large_image","twitter_misc":{"Escrito por":"Andre\u0301 Rangel\u00a0","Est. tempo de leitura":"5 minutos"},"schema":{"@context":"https:\/\/schema.org","@graph":[{"@type":"WebPage","@id":"https:\/\/www.em.com.br\/emfoco\/2026\/05\/01\/sem-necessidade-de-ferramentas-ou-parafusos-cortinas-que-podem-ser-instaladas-em-1-minuto-e-ja-sao-tendencia-em-2026\/","url":"https:\/\/www.em.com.br\/emfoco\/2026\/05\/01\/sem-necessidade-de-ferramentas-ou-parafusos-cortinas-que-podem-ser-instaladas-em-1-minuto-e-ja-sao-tendencia-em-2026\/","name":"Sem necessidade de ferramentas ou parafusos: cortinas que podem ser instaladas em 1 minuto e j\u00e1 s\u00e3o tend\u00eancia em 2026 - Estado de Minas - Em foco","isPartOf":{"@id":"https:\/\/www.em.com.br\/emfoco\/#website"},"primaryImageOfPage":{"@id":"https:\/\/www.em.com.br\/emfoco\/2026\/05\/01\/sem-necessidade-de-ferramentas-ou-parafusos-cortinas-que-podem-ser-instaladas-em-1-minuto-e-ja-sao-tendencia-em-2026\/#primaryimage"},"image":{"@id":"https:\/\/www.em.com.br\/emfoco\/2026\/05\/01\/sem-necessidade-de-ferramentas-ou-parafusos-cortinas-que-podem-ser-instaladas-em-1-minuto-e-ja-sao-tendencia-em-2026\/#primaryimage"},"thumbnailUrl":"https:\/\/www.em.com.br\/emfoco\/wp-content\/uploads\/2026\/05\/EmFoco_26.jpg","datePublished":"2026-05-01T23:15:00+00:00","dateModified":"2026-04-30T19:01:51+00:00","author":{"@id":"https:\/\/www.em.com.br\/emfoco\/#\/schema\/person\/60eda09c1fedf0d6891f4cef4b60b8b8"},"description":"Cortina sem furo facilita a instala\u00e7\u00e3o e evita danos na parede. Veja como funciona e por que virou tend\u00eancia em 2026.","breadcrumb":{"@id":"https:\/\/www.em.com.br\/emfoco\/2026\/05\/01\/sem-necessidade-de-ferramentas-ou-parafusos-cortinas-que-podem-ser-instaladas-em-1-minuto-e-ja-sao-tendencia-em-2026\/#breadcrumb"},"inLanguage":"pt-BR","potentialAction":[{"@type":"ReadAction","target":["https:\/\/www.em.com.br\/emfoco\/2026\/05\/01\/sem-necessidade-de-ferramentas-ou-parafusos-cortinas-que-podem-ser-instaladas-em-1-minuto-e-ja-sao-tendencia-em-2026\/"]}]},{"@type":"ImageObject","inLanguage":"pt-BR","@id":"https:\/\/www.em.com.br\/emfoco\/2026\/05\/01\/sem-necessidade-de-ferramentas-ou-parafusos-cortinas-que-podem-ser-instaladas-em-1-minuto-e-ja-sao-tendencia-em-2026\/#primaryimage","url":"https:\/\/www.em.com.br\/emfoco\/wp-content\/uploads\/2026\/05\/EmFoco_26.jpg","contentUrl":"https:\/\/www.em.com.br\/emfoco\/wp-content\/uploads\/2026\/05\/EmFoco_26.jpg","width":1280,"height":720,"caption":"Sistemas de press\u00e3o permitem instalar cortinas modernas sem perfurar a alvenaria"},{"@type":"BreadcrumbList","@id":"https:\/\/www.em.com.br\/emfoco\/2026\/05\/01\/sem-necessidade-de-ferramentas-ou-parafusos-cortinas-que-podem-ser-instaladas-em-1-minuto-e-ja-sao-tendencia-em-2026\/#breadcrumb","itemListElement":[{"@type":"ListItem","position":1,"name":"In\u00edcio","item":"https:\/\/www.em.com.br\/emfoco\/"},{"@type":"ListItem","position":2,"name":"Sem necessidade de ferramentas ou parafusos: cortinas que podem ser instaladas em 1 minuto e j\u00e1 s\u00e3o tend\u00eancia em 2026"}]},{"@type":"WebSite","@id":"https:\/\/www.em.com.br\/emfoco\/#website","url":"https:\/\/www.em.com.br\/emfoco\/","name":"Estado de Minas - Em foco","description":"Acompanhe as \u00faltimas not\u00edcias e fique bem informado sobre tudo o que acontece em Minas Gerais, Brasil e no mundo.","potentialAction":[{"@type":"SearchAction","target":{"@type":"EntryPoint","urlTemplate":"https:\/\/www.em.com.br\/emfoco\/?s={search_term_string}"},"query-input":{"@type":"PropertyValueSpecification","valueRequired":true,"valueName":"search_term_string"}}],"inLanguage":"pt-BR"},{"@type":"Person","@id":"https:\/\/www.em.com.br\/emfoco\/#\/schema\/person\/60eda09c1fedf0d6891f4cef4b60b8b8","name":"Andre\u0301 Rangel\u00a0","image":{"@type":"ImageObject","inLanguage":"pt-BR","@id":"https:\/\/www.em.com.br\/emfoco\/#\/schema\/person\/image\/","url":"https:\/\/secure.gravatar.com\/avatar\/6234dc814c77c8ef6d8bba622c787efc?s=96&d=mm&r=g","contentUrl":"https:\/\/secure.gravatar.com\/avatar\/6234dc814c77c8ef6d8bba622c787efc?s=96&d=mm&r=g","caption":"Andre\u0301 Rangel\u00a0"},"url":"https:\/\/www.em.com.br\/emfoco\/author\/luizmyth\/"}]}},"_links":{"self":[{"href":"https:\/\/www.em.com.br\/emfoco\/wp-json\/wp\/v2\/posts\/201807","targetHints":{"allow":["GET"]}}],"collection":[{"href":"https:\/\/www.em.com.br\/emfoco\/wp-json\/wp\/v2\/posts"}],"about":[{"href":"https:\/\/www.em.com.br\/emfoco\/wp-json\/wp\/v2\/types\/post"}],"author":[{"embeddable":true,"href":"https:\/\/www.em.com.br\/emfoco\/wp-json\/wp\/v2\/users\/11"}],"replies":[{"embeddable":true,"href":"https:\/\/www.em.com.br\/emfoco\/wp-json\/wp\/v2\/comments?post=201807"}],"version-history":[{"count":3,"href":"https:\/\/www.em.com.br\/emfoco\/wp-json\/wp\/v2\/posts\/201807\/revisions"}],"predecessor-version":[{"id":201811,"href":"https:\/\/www.em.com.br\/emfoco\/wp-json\/wp\/v2\/posts\/201807\/revisions\/201811"}],"wp:featuredmedia":[{"embeddable":true,"href":"https:\/\/www.em.com.br\/emfoco\/wp-json\/wp\/v2\/media\/202094"}],"wp:attachment":[{"href":"https:\/\/www.em.com.br\/emfoco\/wp-json\/wp\/v2\/media?parent=201807"}],"wp:term":[{"taxonomy":"category","embeddable":true,"href":"https:\/\/www.em.com.br\/emfoco\/wp-json\/wp\/v2\/categories?post=201807"},{"taxonomy":"post_tag","embeddable":true,"href":"https:\/\/www.em.com.br\/emfoco\/wp-json\/wp\/v2\/tags?post=201807"}],"curies":[{"name":"wp","href":"https:\/\/api.w.org\/{rel}","templated":true}]}}