{"id":201803,"date":"2026-05-01T11:35:00","date_gmt":"2026-05-01T14:35:00","guid":{"rendered":"https:\/\/www.em.com.br\/emfoco\/?p=201803"},"modified":"2026-04-30T15:55:51","modified_gmt":"2026-04-30T18:55:51","slug":"as-cores-que-ajudam-a-valorizar-a-sua-casa-iluminam-e-aumentam-o-valor-do-imovel","status":"publish","type":"post","link":"https:\/\/www.em.com.br\/emfoco\/2026\/05\/01\/as-cores-que-ajudam-a-valorizar-a-sua-casa-iluminam-e-aumentam-o-valor-do-imovel\/","title":{"rendered":"As cores que ajudam a valorizar a sua casa, iluminam e aumentam o valor do im\u00f3vel"},"content":{"rendered":"\n<p>A escolha da cor de tinta certa \u00e9 uma das formas mais simples e atuais de transformar ambientes internos sem recorrer a obras. Em vez de mudan\u00e7as estruturais, renovar paredes com tons neutros ampliados, azuis e verdes suaves pode mudar totalmente a sensa\u00e7\u00e3o de amplitude, luz, aconchego e at\u00e9 a perce\u00e7\u00e3o de valor do im\u00f3vel no mercado.<\/p>\n\n\n\n<h2 class=\"wp-block-heading\">Como a cor de tinta influencia diretamente o valor do im\u00f3vel<\/h2>\n\n\n\n<p>A <a href=\"https:\/\/br.pinterest.com\/vivadecorabr\/cores-de-parede\/\" target=\"_blank\" rel=\"noreferrer noopener\">cor das paredes internas <\/a>interfere na forma como o im\u00f3vel \u00e9 percebido em visitas presenciais e an\u00fancios online. Ambientes com tons bem planejados parecem mais iluminados, organizados e cuidados, o que facilita a venda ou o arrendamento e refor\u00e7a as\u00a0<strong>cores que valorizam a casa<\/strong>.<\/p>\n\n\n\n<p>Tonalidades adapt\u00e1veis a diferentes estilos de mobili\u00e1rio e decora\u00e7\u00e3o s\u00e3o mais seguras para quem mora e para quem pensa em revender. Cores muito marcantes agradam a menos pessoas, enquanto paletas neutras ampliadas permitem personalizar o espa\u00e7o com t\u00eaxteis, quadros e objetos sem exigir novas pinturas imediatas.<\/p>\n\n\n\n<iframe loading=\"lazy\" src=\"https:\/\/assets.pinterest.com\/ext\/embed.html?id=7318418140810993\" height=\"617\" width=\"345\" frameborder=\"0\" scrolling=\"no\" ><\/iframe>\n\n\n\n<h2 class=\"wp-block-heading\">Quais s\u00e3o as principais cores que valorizam a casa hoje<\/h2>\n\n\n\n<p>Entre as cores que valorizam casas e apartamentos em 2026, destacam-se neutros aquecidos, tons terrosos e varia\u00e7\u00f5es suaves de azul e verde. Em vez do branco puro, decoradores indicam&nbsp;<strong>branco quente<\/strong>&nbsp;ou&nbsp;<strong>creme suave<\/strong>, que suavizam a luz e reduzem o contraste com mobili\u00e1rio escuro, funcionando bem em cozinhas, corredores e casas de banho.<\/p>\n\n\n\n<p>O&nbsp;<strong>bege cinza<\/strong>&nbsp;(\u201cgreige\u201d) equilibra o calor do bege com a sobriedade do cinza, sendo muito usado em salas integradas e plantas abertas. J\u00e1 o&nbsp;<strong>taupe<\/strong>, neutro mais profundo, oferece sofistica\u00e7\u00e3o, enquanto&nbsp;<strong>castanhos<\/strong>&nbsp;e&nbsp;<strong>camel<\/strong>&nbsp;substituem cinzas frios em salas, deixando os ambientes mais acolhedores e visualmente contempor\u00e2neos.<\/p>\n\n\n\n<iframe loading=\"lazy\" src=\"https:\/\/assets.pinterest.com\/ext\/embed.html?id=614600680442344058\" height=\"560\" width=\"345\" frameborder=\"0\" scrolling=\"no\" ><\/iframe>\n\n\n\n<h2 class=\"wp-block-heading\">Como usar azuis e verdes para criar destaque e profundidade<\/h2>\n\n\n\n<p>Para quem prefere mais cor sem perder a versatilidade, o&nbsp;<strong>azul acinzentado<\/strong>&nbsp;\u00e9 uma op\u00e7\u00e3o discreta para quartos e casas de banho, trazendo frescor e organiza\u00e7\u00e3o.&nbsp;<strong>Verdes suaves<\/strong>, inspirados na natureza, funcionam bem em \u00e1reas de descanso ou leitura, refor\u00e7ando a tend\u00eancia biof\u00edlica no design de interiores.<\/p>\n\n\n\n<p>Al\u00e9m das <a href=\"https:\/\/www.em.com.br\/emfoco\/2026\/04\/22\/adeus-as-paredes-brancas-5-ideias-de-decoracao-para-sua-casa-que-serao-tendencia-em-2026\/\" target=\"_blank\" rel=\"noreferrer noopener\">paredes <\/a>principais, detalhes em azul e verde escuros criam profundidade sem pesar o ambiente. Em vez de pintar o c\u00f4modo inteiro, muitos projetos usam apenas uma parede de destaque ou pequenas \u00e1reas estrat\u00e9gicas, como nichos, portas e estantes, mantendo a base neutra para agradar a mais compradores.<\/p>\n\n\n\n<iframe loading=\"lazy\" src=\"https:\/\/assets.pinterest.com\/ext\/embed.html?id=255579347604199561\" height=\"714\" width=\"345\" frameborder=\"0\" scrolling=\"no\" ><\/iframe>\n\n\n\n<h2 class=\"wp-block-heading\">Onde aplicar detalhes em azul e verde para valorizar o ambiente<\/h2>\n\n\n\n<p>Alguns ambientes espec\u00edficos se beneficiam bastante de toques de azul petr\u00f3leo ou verde floresta. Esses tons ajudam a delimitar \u00e1reas, dar foco visual e criar clima de aconchego e concentra\u00e7\u00e3o, especialmente quando combinados com paredes claras e mobili\u00e1rio neutro.<\/p>\n\n\n\n<p>Cores intensas em pequenas superf\u00edcies s\u00e3o especialmente \u00fateis para organizar visualmente espa\u00e7os multifuncionais, como plantas abertas ou est\u00fadios compactos. Veja alguns locais estrat\u00e9gicos onde esses tons costumam funcionar muito bem:<\/p>\n\n\n\n<ul class=\"wp-block-list\">\n<li>Escrit\u00f3rios dom\u00e9sticos ou espa\u00e7os de trabalho, para transmitir foco e seriedade;<\/li>\n\n\n\n<li>Bibliotecas e salas de leitura, criando sensa\u00e7\u00e3o de recolhimento;<\/li>\n\n\n\n<li>Paredes de fundo em salas com estantes ou aparadores em destaque;<\/li>\n\n\n\n<li>Cantos de refei\u00e7\u00e3o, para delimitar visualmente a \u00e1rea sem recorrer a divis\u00f3rias f\u00edsicas.<\/li>\n<\/ul>\n\n\n\n<iframe loading=\"lazy\" src=\"https:\/\/assets.pinterest.com\/ext\/embed.html?id=5770305768898234\" height=\"714\" width=\"345\" frameborder=\"0\" scrolling=\"no\" ><\/iframe>\n\n\n\n<h2 class=\"wp-block-heading\">Como escolher a paleta ideal e agir agora para valorizar o im\u00f3vel<\/h2>\n\n\n\n<p>A escolha da paleta deve considerar ilumina\u00e7\u00e3o natural, tamanho dos c\u00f4modos, tipo de piso e estilo do mobili\u00e1rio. Uma estrat\u00e9gia pr\u00e1tica \u00e9 definir uma base neutra \u2014 como branco quente, creme, bege cinza ou taupe \u2014 e, a partir dela, incluir pontos de cor em acess\u00f3rios ou em uma ou duas paredes espec\u00edficas, equilibrando personalidade e versatilidade para o mercado.<\/p>\n\n\n\n<p>N\u00e3o espere desvalorizar o seu im\u00f3vel por causa de paredes mal planejadas ou cores datadas. Revise hoje mesmo os ambientes, defina uma paleta neutra inteligente com poucos destaques em azul e verde e comece a renovar: cada parede bem pintada pode aproximar voc\u00ea de uma venda mais r\u00e1pida, um arrendamento melhor ou de uma casa muito mais agrad\u00e1vel para viver agora.<\/p>\n\n\n\n<p><\/p>\n","protected":false},"excerpt":{"rendered":"<p>A escolha da cor de tinta certa \u00e9 uma das formas mais simples e atuais de transformar ambientes internos sem recorrer a obras. Em vez de mudan\u00e7as estruturais, renovar paredes com tons neutros ampliados, azuis e verdes suaves pode mudar totalmente a sensa\u00e7\u00e3o de amplitude, luz, aconchego e at\u00e9 a perce\u00e7\u00e3o de valor do im\u00f3vel [&hellip;]<\/p>\n","protected":false},"author":11,"featured_media":202078,"comment_status":"open","ping_status":"open","sticky":false,"template":"","format":"standard","meta":{"jnews-multi-image_gallery":[],"jnews_single_post":{"format":"standard"},"jnews_primary_category":[],"jnews_social_meta":[],"jnews_override_counter":[],"footnotes":""},"categories":[8819,1],"tags":[2911,1110,12376,24630],"class_list":["post-201803","post","type-post","status-publish","format-standard","has-post-thumbnail","hentry","category-curiosidades","category-noticias","tag-casa","tag-cores","tag-imovel","tag-sem-reforma"],"yoast_head":"<!-- This site is optimized with the Yoast SEO plugin v23.8 - https:\/\/yoast.com\/wordpress\/plugins\/seo\/ -->\n<title>As cores que ajudam a valorizar a sua casa, iluminam e aumentam o valor do im\u00f3vel - Estado de Minas - Em foco<\/title>\n<meta name=\"description\" content=\"Cores que valorizam a casa podem mudar tudo. Veja tons neutros, azuis e verdes que aumentam a percep\u00e7\u00e3o de valor do im\u00f3vel.\" \/>\n<meta name=\"robots\" content=\"index, follow, max-snippet:-1, max-image-preview:large, max-video-preview:-1\" \/>\n<link rel=\"canonical\" href=\"https:\/\/www.em.com.br\/emfoco\/2026\/05\/01\/as-cores-que-ajudam-a-valorizar-a-sua-casa-iluminam-e-aumentam-o-valor-do-imovel\/\" \/>\n<meta property=\"og:locale\" content=\"pt_BR\" \/>\n<meta property=\"og:type\" content=\"article\" \/>\n<meta property=\"og:title\" content=\"As cores que ajudam a valorizar a sua casa, iluminam e aumentam o valor do im\u00f3vel - Estado de Minas - Em foco\" \/>\n<meta property=\"og:description\" content=\"Cores que valorizam a casa podem mudar tudo. Veja tons neutros, azuis e verdes que aumentam a percep\u00e7\u00e3o de valor do im\u00f3vel.\" \/>\n<meta property=\"og:url\" content=\"https:\/\/www.em.com.br\/emfoco\/2026\/05\/01\/as-cores-que-ajudam-a-valorizar-a-sua-casa-iluminam-e-aumentam-o-valor-do-imovel\/\" \/>\n<meta property=\"og:site_name\" content=\"Estado de Minas - Em foco\" \/>\n<meta property=\"article:published_time\" content=\"2026-05-01T14:35:00+00:00\" \/>\n<meta property=\"article:modified_time\" content=\"2026-04-30T18:55:51+00:00\" \/>\n<meta property=\"og:image\" content=\"https:\/\/www.em.com.br\/emfoco\/wp-content\/uploads\/2026\/05\/EmFoco_16.jpg\" \/>\n\t<meta property=\"og:image:width\" content=\"1280\" \/>\n\t<meta property=\"og:image:height\" content=\"720\" \/>\n\t<meta property=\"og:image:type\" content=\"image\/jpeg\" \/>\n<meta name=\"author\" content=\"Andre\u0301 Rangel\u00a0\" \/>\n<meta name=\"twitter:card\" content=\"summary_large_image\" \/>\n<meta name=\"twitter:label1\" content=\"Escrito por\" \/>\n\t<meta name=\"twitter:data1\" content=\"Andre\u0301 Rangel\u00a0\" \/>\n\t<meta name=\"twitter:label2\" content=\"Est. tempo de leitura\" \/>\n\t<meta name=\"twitter:data2\" content=\"4 minutos\" \/>\n<!-- \/ Yoast SEO plugin. -->","yoast_head_json":{"title":"As cores que ajudam a valorizar a sua casa, iluminam e aumentam o valor do im\u00f3vel - Estado de Minas - Em foco","description":"Cores que valorizam a casa podem mudar tudo. Veja tons neutros, azuis e verdes que aumentam a percep\u00e7\u00e3o de valor do im\u00f3vel.","robots":{"index":"index","follow":"follow","max-snippet":"max-snippet:-1","max-image-preview":"max-image-preview:large","max-video-preview":"max-video-preview:-1"},"canonical":"https:\/\/www.em.com.br\/emfoco\/2026\/05\/01\/as-cores-que-ajudam-a-valorizar-a-sua-casa-iluminam-e-aumentam-o-valor-do-imovel\/","og_locale":"pt_BR","og_type":"article","og_title":"As cores que ajudam a valorizar a sua casa, iluminam e aumentam o valor do im\u00f3vel - Estado de Minas - Em foco","og_description":"Cores que valorizam a casa podem mudar tudo. Veja tons neutros, azuis e verdes que aumentam a percep\u00e7\u00e3o de valor do im\u00f3vel.","og_url":"https:\/\/www.em.com.br\/emfoco\/2026\/05\/01\/as-cores-que-ajudam-a-valorizar-a-sua-casa-iluminam-e-aumentam-o-valor-do-imovel\/","og_site_name":"Estado de Minas - Em foco","article_published_time":"2026-05-01T14:35:00+00:00","article_modified_time":"2026-04-30T18:55:51+00:00","og_image":[{"width":1280,"height":720,"url":"https:\/\/www.em.com.br\/emfoco\/wp-content\/uploads\/2026\/05\/EmFoco_16.jpg","type":"image\/jpeg"}],"author":"Andre\u0301 Rangel\u00a0","twitter_card":"summary_large_image","twitter_misc":{"Escrito por":"Andre\u0301 Rangel\u00a0","Est. tempo de leitura":"4 minutos"},"schema":{"@context":"https:\/\/schema.org","@graph":[{"@type":"WebPage","@id":"https:\/\/www.em.com.br\/emfoco\/2026\/05\/01\/as-cores-que-ajudam-a-valorizar-a-sua-casa-iluminam-e-aumentam-o-valor-do-imovel\/","url":"https:\/\/www.em.com.br\/emfoco\/2026\/05\/01\/as-cores-que-ajudam-a-valorizar-a-sua-casa-iluminam-e-aumentam-o-valor-do-imovel\/","name":"As cores que ajudam a valorizar a sua casa, iluminam e aumentam o valor do im\u00f3vel - Estado de Minas - Em foco","isPartOf":{"@id":"https:\/\/www.em.com.br\/emfoco\/#website"},"primaryImageOfPage":{"@id":"https:\/\/www.em.com.br\/emfoco\/2026\/05\/01\/as-cores-que-ajudam-a-valorizar-a-sua-casa-iluminam-e-aumentam-o-valor-do-imovel\/#primaryimage"},"image":{"@id":"https:\/\/www.em.com.br\/emfoco\/2026\/05\/01\/as-cores-que-ajudam-a-valorizar-a-sua-casa-iluminam-e-aumentam-o-valor-do-imovel\/#primaryimage"},"thumbnailUrl":"https:\/\/www.em.com.br\/emfoco\/wp-content\/uploads\/2026\/05\/EmFoco_16.jpg","datePublished":"2026-05-01T14:35:00+00:00","dateModified":"2026-04-30T18:55:51+00:00","author":{"@id":"https:\/\/www.em.com.br\/emfoco\/#\/schema\/person\/60eda09c1fedf0d6891f4cef4b60b8b8"},"description":"Cores que valorizam a casa podem mudar tudo. Veja tons neutros, azuis e verdes que aumentam a percep\u00e7\u00e3o de valor do im\u00f3vel.","breadcrumb":{"@id":"https:\/\/www.em.com.br\/emfoco\/2026\/05\/01\/as-cores-que-ajudam-a-valorizar-a-sua-casa-iluminam-e-aumentam-o-valor-do-imovel\/#breadcrumb"},"inLanguage":"pt-BR","potentialAction":[{"@type":"ReadAction","target":["https:\/\/www.em.com.br\/emfoco\/2026\/05\/01\/as-cores-que-ajudam-a-valorizar-a-sua-casa-iluminam-e-aumentam-o-valor-do-imovel\/"]}]},{"@type":"ImageObject","inLanguage":"pt-BR","@id":"https:\/\/www.em.com.br\/emfoco\/2026\/05\/01\/as-cores-que-ajudam-a-valorizar-a-sua-casa-iluminam-e-aumentam-o-valor-do-imovel\/#primaryimage","url":"https:\/\/www.em.com.br\/emfoco\/wp-content\/uploads\/2026\/05\/EmFoco_16.jpg","contentUrl":"https:\/\/www.em.com.br\/emfoco\/wp-content\/uploads\/2026\/05\/EmFoco_16.jpg","width":1280,"height":720,"caption":"Paletas neutras e tons suaves valorizam im\u00f3veis ampliando a luminosidade interna"},{"@type":"BreadcrumbList","@id":"https:\/\/www.em.com.br\/emfoco\/2026\/05\/01\/as-cores-que-ajudam-a-valorizar-a-sua-casa-iluminam-e-aumentam-o-valor-do-imovel\/#breadcrumb","itemListElement":[{"@type":"ListItem","position":1,"name":"In\u00edcio","item":"https:\/\/www.em.com.br\/emfoco\/"},{"@type":"ListItem","position":2,"name":"As cores que ajudam a valorizar a sua casa, iluminam e aumentam o valor do im\u00f3vel"}]},{"@type":"WebSite","@id":"https:\/\/www.em.com.br\/emfoco\/#website","url":"https:\/\/www.em.com.br\/emfoco\/","name":"Estado de Minas - Em foco","description":"Acompanhe as \u00faltimas not\u00edcias e fique bem informado sobre tudo o que acontece em Minas Gerais, Brasil e no mundo.","potentialAction":[{"@type":"SearchAction","target":{"@type":"EntryPoint","urlTemplate":"https:\/\/www.em.com.br\/emfoco\/?s={search_term_string}"},"query-input":{"@type":"PropertyValueSpecification","valueRequired":true,"valueName":"search_term_string"}}],"inLanguage":"pt-BR"},{"@type":"Person","@id":"https:\/\/www.em.com.br\/emfoco\/#\/schema\/person\/60eda09c1fedf0d6891f4cef4b60b8b8","name":"Andre\u0301 Rangel\u00a0","image":{"@type":"ImageObject","inLanguage":"pt-BR","@id":"https:\/\/www.em.com.br\/emfoco\/#\/schema\/person\/image\/","url":"https:\/\/secure.gravatar.com\/avatar\/6234dc814c77c8ef6d8bba622c787efc?s=96&d=mm&r=g","contentUrl":"https:\/\/secure.gravatar.com\/avatar\/6234dc814c77c8ef6d8bba622c787efc?s=96&d=mm&r=g","caption":"Andre\u0301 Rangel\u00a0"},"url":"https:\/\/www.em.com.br\/emfoco\/author\/luizmyth\/"}]}},"_links":{"self":[{"href":"https:\/\/www.em.com.br\/emfoco\/wp-json\/wp\/v2\/posts\/201803","targetHints":{"allow":["GET"]}}],"collection":[{"href":"https:\/\/www.em.com.br\/emfoco\/wp-json\/wp\/v2\/posts"}],"about":[{"href":"https:\/\/www.em.com.br\/emfoco\/wp-json\/wp\/v2\/types\/post"}],"author":[{"embeddable":true,"href":"https:\/\/www.em.com.br\/emfoco\/wp-json\/wp\/v2\/users\/11"}],"replies":[{"embeddable":true,"href":"https:\/\/www.em.com.br\/emfoco\/wp-json\/wp\/v2\/comments?post=201803"}],"version-history":[{"count":3,"href":"https:\/\/www.em.com.br\/emfoco\/wp-json\/wp\/v2\/posts\/201803\/revisions"}],"predecessor-version":[{"id":201812,"href":"https:\/\/www.em.com.br\/emfoco\/wp-json\/wp\/v2\/posts\/201803\/revisions\/201812"}],"wp:featuredmedia":[{"embeddable":true,"href":"https:\/\/www.em.com.br\/emfoco\/wp-json\/wp\/v2\/media\/202078"}],"wp:attachment":[{"href":"https:\/\/www.em.com.br\/emfoco\/wp-json\/wp\/v2\/media?parent=201803"}],"wp:term":[{"taxonomy":"category","embeddable":true,"href":"https:\/\/www.em.com.br\/emfoco\/wp-json\/wp\/v2\/categories?post=201803"},{"taxonomy":"post_tag","embeddable":true,"href":"https:\/\/www.em.com.br\/emfoco\/wp-json\/wp\/v2\/tags?post=201803"}],"curies":[{"name":"wp","href":"https:\/\/api.w.org\/{rel}","templated":true}]}}