{"id":201778,"date":"2026-05-01T21:35:00","date_gmt":"2026-05-02T00:35:00","guid":{"rendered":"https:\/\/www.em.com.br\/emfoco\/?p=201778"},"modified":"2026-04-30T16:01:21","modified_gmt":"2026-04-30T19:01:21","slug":"se-voce-tiver-temperos-vencidos-em-casa-nao-os-jogue-fora-eles-ainda-possuem-propriedades-uteis-na-culinaria","status":"publish","type":"post","link":"https:\/\/www.em.com.br\/emfoco\/2026\/05\/01\/se-voce-tiver-temperos-vencidos-em-casa-nao-os-jogue-fora-eles-ainda-possuem-propriedades-uteis-na-culinaria\/","title":{"rendered":"Se voc\u00ea tiver temperos vencidos em casa, n\u00e3o os jogue fora: eles ainda possuem propriedades \u00fateis na culin\u00e1ria"},"content":{"rendered":"\n<p>Ao abrir o arm\u00e1rio da cozinha e encontrar potes de temperos guardados h\u00e1 anos, \u00e9 comum bater a d\u00favida: ser\u00e1 que isso faz mal ou ainda d\u00e1 para usar? Diferente de alimentos como leite ou carne, a maioria das&nbsp;<strong>especiarias vencidas<\/strong>&nbsp;n\u00e3o \u201cestraga\u201d do mesmo jeito, mas perde aroma, sabor e cor, o que reduz sua efici\u00eancia como tempero, sem necessariamente representar risco imediato \u00e0 sa\u00fade.<\/p>\n\n\n\n<h2 class=\"wp-block-heading\">Especiarias vencidas fazem mal \u00e0 sa\u00fade?<\/h2>\n\n\n\n<p>No caso das\u00a0<strong>especiarias com validade expirada<\/strong>, o principal impacto costuma ser sensorial, n\u00e3o de seguran\u00e7a alimentar. Com o tempo, elas perdem \u00f3leos essenciais e compostos arom\u00e1ticos, ficando menos perfumadas e saborosas, seja em vers\u00e3o em p\u00f3, como <a href=\"https:\/\/www.em.com.br\/emfoco\/2026\/04\/29\/as-lentilhas-ficarao-perfeitas-se-voce-fizer-um-refogado-de-azeite-alho-e-paprica\/\" target=\"_blank\" rel=\"noreferrer noopener\">p\u00e1prica <\/a>e c\u00farcuma, seja em ervas secas, como or\u00e9gano e manjeric\u00e3o.<\/p>\n\n\n\n<p>Quando bem armazenadas em local seco, longe da luz e com potes bem fechados, muitas especiarias podem se manter est\u00e1veis al\u00e9m da data indicada no r\u00f3tulo. Gr\u00e3os inteiros, como pimenta-do-reino em gr\u00e3o, sementes de coentro, cominho e noz-moscada inteira, preservam melhor suas caracter\u00edsticas, enquanto vers\u00f5es mo\u00eddas perdem pot\u00eancia mais depressa.<\/p>\n\n\n\n<figure class=\"wp-block-image\"><img decoding=\"async\" src=\"https:\/\/www.em.com.br\/emfoco\/wp-content\/uploads\/2026\/04\/ChatGPT-Image-14-de-abr.-de-2026-21_39_19-1-1024x576.png\" alt=\"\"\/><figcaption class=\"wp-element-caption\">Temperos vencidos ainda podem ser usados com seguran\u00e7a<\/figcaption><\/figure>\n\n\n\n<h2 class=\"wp-block-heading\">Como avaliar se uma especiaria vencida ainda pode ser usada<\/h2>\n\n\n\n<p>Para saber se uma especiaria antiga ainda \u00e9 aproveit\u00e1vel, vale fazer uma checagem r\u00e1pida de apar\u00eancia, cheiro, textura e sabor. Essa avalia\u00e7\u00e3o pr\u00e1tica ajuda a diferenciar o que s\u00f3 perdeu intensidade daquilo que realmente precisa ser descartado.<\/p>\n\n\n\n<ul class=\"wp-block-list\">\n<li><strong>Verifica\u00e7\u00e3o visual:<\/strong>\u00a0manchas esbranqui\u00e7adas, pontos estranhos, teias, insetos ou bolor indicam descarte imediato.<\/li>\n\n\n\n<li><strong>Teste de aroma:<\/strong>\u00a0se o cheiro estiver muito fraco, ela perdeu fun\u00e7\u00e3o culin\u00e1ria, mas ainda pode servir para outros usos dom\u00e9sticos.<\/li>\n\n\n\n<li><strong>Prova m\u00ednima de sabor:<\/strong>\u00a0um toque na ponta da l\u00edngua; falta de sabor indica baixa pot\u00eancia, j\u00e1 sabor ran\u00e7oso \u00e9 motivo para jogar fora.<\/li>\n\n\n\n<li><strong>Textura e umidade:<\/strong>\u00a0grumos duros ou aspecto \u00famido, somados a cheiro estranho, aumentam o risco de contamina\u00e7\u00e3o.<\/li>\n<\/ul>\n\n\n\n<h2 class=\"wp-block-heading\">Como reaproveitar especiarias vencidas na cozinha<\/h2>\n\n\n\n<p>Mesmo com pot\u00eancia reduzida, muitas\u00a0<a href=\"https:\/\/www.simplyorganic.com\/blog\/beyond-the-best-by-date-how-to-recognize-old-spices-and-give-them-new-life\" target=\"_blank\" rel=\"noreferrer noopener\"><strong>especiarias velhas<\/strong>\u00a0<\/a>ainda funcionam em preparos simples do dia a dia, desde que estejam visualmente \u00edntegras e sem odor desagrad\u00e1vel. Em receitas menos delicadas, d\u00e1 para ajustar quantidade e modo de uso para evitar desperd\u00edcio.<\/p>\n\n\n\n<ol class=\"wp-block-list\">\n<li><strong>Aumentar a quantidade utilizada:<\/strong>\u00a0em alguns pratos \u00e9 poss\u00edvel dobrar ou at\u00e9 triplicar a dose, testando aos poucos.<\/li>\n\n\n\n<li><strong>Torrar rapidamente em frigideira:<\/strong>\u00a0aquecer em fogo baixo, sem \u00f3leo, pode reativar parte do perfume, especialmente em gr\u00e3os e sementes.<\/li>\n\n\n\n<li><strong>Usar em caldos e marinadas:<\/strong>\u00a0sopas, ensopados e fundos de cozimento aproveitam melhor o pouco aroma restante.<\/li>\n\n\n\n<li><strong>Temperar alimentos grelhados:<\/strong>\u00a0polvilhar sobre carnes, legumes ou queijos ainda rende um toque defumado leve.<\/li>\n<\/ol>\n\n\n\n<figure class=\"wp-block-image is-resized\"><img decoding=\"async\" src=\"https:\/\/www.em.com.br\/emfoco\/wp-content\/uploads\/2026\/04\/Gemini_Generated_Image_2dyf8n2dyf8n2dyf-1-1024x576.png\" alt=\"\" style=\"width:1170px;height:auto\"\/><figcaption class=\"wp-element-caption\">Temperos vencidos ainda podem ser usados com seguran\u00e7a<\/figcaption><\/figure>\n\n\n\n<h2 class=\"wp-block-heading\">Quais s\u00e3o os principais usos dom\u00e9sticos das especiarias vencidas<\/h2>\n\n\n\n<p>Quando o sabor j\u00e1 n\u00e3o compensa o uso culin\u00e1rio, as&nbsp;<strong>especiarias vencidas<\/strong>&nbsp;podem ganhar nova fun\u00e7\u00e3o fora da cozinha. Seus aromas residuais e propriedades naturais permitem aplica\u00e7\u00f5es simples em cuidados com a casa, perfuma\u00e7\u00e3o e at\u00e9 jardinagem.<\/p>\n\n\n\n<ul class=\"wp-block-list\">\n<li><strong>Ambientadores naturais:<\/strong>\u00a0ferver \u00e1gua com canela, cravo, cascas c\u00edtricas ou anis-estrelado ajuda a perfumar suavemente o ambiente.<\/li>\n\n\n\n<li><strong>Saquinhos arom\u00e1ticos:<\/strong>\u00a0pequenos saquinhos de tecido com misturas secas reduzem odores em gavetas, arm\u00e1rios e sapateiras.<\/li>\n\n\n\n<li><strong>Aux\u00edlio no controle de insetos:<\/strong>\u00a0cravo, canela e pimenta podem complementar estrat\u00e9gias para afastar formigas e mosquitos.<\/li>\n\n\n\n<li><strong>Uso em jardinagem:<\/strong>\u00a0canela em p\u00f3 em pequenas quantidades no substrato \u00e9 usada como apoio no cuidado contra fungos.<\/li>\n<\/ul>\n\n\n\n<h2 class=\"wp-block-heading\">Por que voc\u00ea n\u00e3o deve ignorar as especiarias vencidas em casa<\/h2>\n\n\n\n<p>Rever seus potes de temperos significa reduzir desperd\u00edcio, economizar dinheiro e consumir de forma mais consciente. Ao avaliar apar\u00eancia, cheiro e textura, voc\u00ea descobre o que ainda pode ser usado, seja na panela, seja em usos criativos pela casa.<\/p>\n\n\n\n<p>N\u00e3o deixe esse cuidado para depois: abra agora o arm\u00e1rio, confira suas especiarias e decida o destino de cada frasco. Agir hoje transforma o que seria lixo em recurso \u00fatil e faz diferen\u00e7a real na sua rotina e no impacto ambiental do seu consumo.<\/p>\n","protected":false},"excerpt":{"rendered":"<p>Ao abrir o arm\u00e1rio da cozinha e encontrar potes de temperos guardados h\u00e1 anos, \u00e9 comum bater a d\u00favida: ser\u00e1 que isso faz mal ou ainda d\u00e1 para usar? Diferente de alimentos como leite ou carne, a maioria das&nbsp;especiarias vencidas&nbsp;n\u00e3o \u201cestraga\u201d do mesmo jeito, mas perde aroma, sabor e cor, o que reduz sua efici\u00eancia [&hellip;]<\/p>\n","protected":false},"author":11,"featured_media":202093,"comment_status":"open","ping_status":"open","sticky":false,"template":"","format":"standard","meta":{"jnews-multi-image_gallery":[],"jnews_single_post":{"format":"standard"},"jnews_primary_category":[],"jnews_social_meta":[],"jnews_override_counter":[],"footnotes":""},"categories":[8819,1],"tags":[6691,5101,28125,5083],"class_list":["post-201778","post","type-post","status-publish","format-standard","has-post-thumbnail","hentry","category-curiosidades","category-noticias","tag-especiarias","tag-temperos","tag-temperos-vencidos","tag-validade"],"yoast_head":"<!-- This site is optimized with the Yoast SEO plugin v23.8 - https:\/\/yoast.com\/wordpress\/plugins\/seo\/ -->\n<title>Se voc\u00ea tiver temperos vencidos em casa, n\u00e3o os jogue fora: eles ainda possuem propriedades \u00fateis na culin\u00e1ria - Estado de Minas - Em foco<\/title>\n<meta name=\"description\" content=\"Saiba como aproveitar especiarias vencidas sem risco. Dicas simples para usar ou reaproveitar seus temperos.\" \/>\n<meta name=\"robots\" content=\"index, follow, max-snippet:-1, max-image-preview:large, max-video-preview:-1\" \/>\n<link rel=\"canonical\" href=\"https:\/\/www.em.com.br\/emfoco\/2026\/05\/01\/se-voce-tiver-temperos-vencidos-em-casa-nao-os-jogue-fora-eles-ainda-possuem-propriedades-uteis-na-culinaria\/\" \/>\n<meta property=\"og:locale\" content=\"pt_BR\" \/>\n<meta property=\"og:type\" content=\"article\" \/>\n<meta property=\"og:title\" content=\"Se voc\u00ea tiver temperos vencidos em casa, n\u00e3o os jogue fora: eles ainda possuem propriedades \u00fateis na culin\u00e1ria - Estado de Minas - Em foco\" \/>\n<meta property=\"og:description\" content=\"Saiba como aproveitar especiarias vencidas sem risco. Dicas simples para usar ou reaproveitar seus temperos.\" \/>\n<meta property=\"og:url\" content=\"https:\/\/www.em.com.br\/emfoco\/2026\/05\/01\/se-voce-tiver-temperos-vencidos-em-casa-nao-os-jogue-fora-eles-ainda-possuem-propriedades-uteis-na-culinaria\/\" \/>\n<meta property=\"og:site_name\" content=\"Estado de Minas - Em foco\" \/>\n<meta property=\"article:published_time\" content=\"2026-05-02T00:35:00+00:00\" \/>\n<meta property=\"article:modified_time\" content=\"2026-04-30T19:01:21+00:00\" \/>\n<meta property=\"og:image\" content=\"https:\/\/www.em.com.br\/emfoco\/wp-content\/uploads\/2026\/05\/EmFoco_25.jpg\" \/>\n\t<meta property=\"og:image:width\" content=\"1280\" \/>\n\t<meta property=\"og:image:height\" content=\"720\" \/>\n\t<meta property=\"og:image:type\" content=\"image\/jpeg\" \/>\n<meta name=\"author\" content=\"Andre\u0301 Rangel\u00a0\" \/>\n<meta name=\"twitter:card\" content=\"summary_large_image\" \/>\n<meta name=\"twitter:label1\" content=\"Escrito por\" \/>\n\t<meta name=\"twitter:data1\" content=\"Andre\u0301 Rangel\u00a0\" \/>\n\t<meta name=\"twitter:label2\" content=\"Est. tempo de leitura\" \/>\n\t<meta name=\"twitter:data2\" content=\"5 minutos\" \/>\n<!-- \/ Yoast SEO plugin. -->","yoast_head_json":{"title":"Se voc\u00ea tiver temperos vencidos em casa, n\u00e3o os jogue fora: eles ainda possuem propriedades \u00fateis na culin\u00e1ria - Estado de Minas - Em foco","description":"Saiba como aproveitar especiarias vencidas sem risco. Dicas simples para usar ou reaproveitar seus temperos.","robots":{"index":"index","follow":"follow","max-snippet":"max-snippet:-1","max-image-preview":"max-image-preview:large","max-video-preview":"max-video-preview:-1"},"canonical":"https:\/\/www.em.com.br\/emfoco\/2026\/05\/01\/se-voce-tiver-temperos-vencidos-em-casa-nao-os-jogue-fora-eles-ainda-possuem-propriedades-uteis-na-culinaria\/","og_locale":"pt_BR","og_type":"article","og_title":"Se voc\u00ea tiver temperos vencidos em casa, n\u00e3o os jogue fora: eles ainda possuem propriedades \u00fateis na culin\u00e1ria - Estado de Minas - Em foco","og_description":"Saiba como aproveitar especiarias vencidas sem risco. Dicas simples para usar ou reaproveitar seus temperos.","og_url":"https:\/\/www.em.com.br\/emfoco\/2026\/05\/01\/se-voce-tiver-temperos-vencidos-em-casa-nao-os-jogue-fora-eles-ainda-possuem-propriedades-uteis-na-culinaria\/","og_site_name":"Estado de Minas - Em foco","article_published_time":"2026-05-02T00:35:00+00:00","article_modified_time":"2026-04-30T19:01:21+00:00","og_image":[{"width":1280,"height":720,"url":"https:\/\/www.em.com.br\/emfoco\/wp-content\/uploads\/2026\/05\/EmFoco_25.jpg","type":"image\/jpeg"}],"author":"Andre\u0301 Rangel\u00a0","twitter_card":"summary_large_image","twitter_misc":{"Escrito por":"Andre\u0301 Rangel\u00a0","Est. tempo de leitura":"5 minutos"},"schema":{"@context":"https:\/\/schema.org","@graph":[{"@type":"WebPage","@id":"https:\/\/www.em.com.br\/emfoco\/2026\/05\/01\/se-voce-tiver-temperos-vencidos-em-casa-nao-os-jogue-fora-eles-ainda-possuem-propriedades-uteis-na-culinaria\/","url":"https:\/\/www.em.com.br\/emfoco\/2026\/05\/01\/se-voce-tiver-temperos-vencidos-em-casa-nao-os-jogue-fora-eles-ainda-possuem-propriedades-uteis-na-culinaria\/","name":"Se voc\u00ea tiver temperos vencidos em casa, n\u00e3o os jogue fora: eles ainda possuem propriedades \u00fateis na culin\u00e1ria - Estado de Minas - Em foco","isPartOf":{"@id":"https:\/\/www.em.com.br\/emfoco\/#website"},"primaryImageOfPage":{"@id":"https:\/\/www.em.com.br\/emfoco\/2026\/05\/01\/se-voce-tiver-temperos-vencidos-em-casa-nao-os-jogue-fora-eles-ainda-possuem-propriedades-uteis-na-culinaria\/#primaryimage"},"image":{"@id":"https:\/\/www.em.com.br\/emfoco\/2026\/05\/01\/se-voce-tiver-temperos-vencidos-em-casa-nao-os-jogue-fora-eles-ainda-possuem-propriedades-uteis-na-culinaria\/#primaryimage"},"thumbnailUrl":"https:\/\/www.em.com.br\/emfoco\/wp-content\/uploads\/2026\/05\/EmFoco_25.jpg","datePublished":"2026-05-02T00:35:00+00:00","dateModified":"2026-04-30T19:01:21+00:00","author":{"@id":"https:\/\/www.em.com.br\/emfoco\/#\/schema\/person\/60eda09c1fedf0d6891f4cef4b60b8b8"},"description":"Saiba como aproveitar especiarias vencidas sem risco. Dicas simples para usar ou reaproveitar seus temperos.","breadcrumb":{"@id":"https:\/\/www.em.com.br\/emfoco\/2026\/05\/01\/se-voce-tiver-temperos-vencidos-em-casa-nao-os-jogue-fora-eles-ainda-possuem-propriedades-uteis-na-culinaria\/#breadcrumb"},"inLanguage":"pt-BR","potentialAction":[{"@type":"ReadAction","target":["https:\/\/www.em.com.br\/emfoco\/2026\/05\/01\/se-voce-tiver-temperos-vencidos-em-casa-nao-os-jogue-fora-eles-ainda-possuem-propriedades-uteis-na-culinaria\/"]}]},{"@type":"ImageObject","inLanguage":"pt-BR","@id":"https:\/\/www.em.com.br\/emfoco\/2026\/05\/01\/se-voce-tiver-temperos-vencidos-em-casa-nao-os-jogue-fora-eles-ainda-possuem-propriedades-uteis-na-culinaria\/#primaryimage","url":"https:\/\/www.em.com.br\/emfoco\/wp-content\/uploads\/2026\/05\/EmFoco_25.jpg","contentUrl":"https:\/\/www.em.com.br\/emfoco\/wp-content\/uploads\/2026\/05\/EmFoco_25.jpg","width":1280,"height":720,"caption":"Avalia\u00e7\u00e3o sensorial permite reaproveitar temperos antigos reduzindo o desperd\u00edcio dom\u00e9stico"},{"@type":"BreadcrumbList","@id":"https:\/\/www.em.com.br\/emfoco\/2026\/05\/01\/se-voce-tiver-temperos-vencidos-em-casa-nao-os-jogue-fora-eles-ainda-possuem-propriedades-uteis-na-culinaria\/#breadcrumb","itemListElement":[{"@type":"ListItem","position":1,"name":"In\u00edcio","item":"https:\/\/www.em.com.br\/emfoco\/"},{"@type":"ListItem","position":2,"name":"Se voc\u00ea tiver temperos vencidos em casa, n\u00e3o os jogue fora: eles ainda possuem propriedades \u00fateis na culin\u00e1ria"}]},{"@type":"WebSite","@id":"https:\/\/www.em.com.br\/emfoco\/#website","url":"https:\/\/www.em.com.br\/emfoco\/","name":"Estado de Minas - Em foco","description":"Acompanhe as \u00faltimas not\u00edcias e fique bem informado sobre tudo o que acontece em Minas Gerais, Brasil e no mundo.","potentialAction":[{"@type":"SearchAction","target":{"@type":"EntryPoint","urlTemplate":"https:\/\/www.em.com.br\/emfoco\/?s={search_term_string}"},"query-input":{"@type":"PropertyValueSpecification","valueRequired":true,"valueName":"search_term_string"}}],"inLanguage":"pt-BR"},{"@type":"Person","@id":"https:\/\/www.em.com.br\/emfoco\/#\/schema\/person\/60eda09c1fedf0d6891f4cef4b60b8b8","name":"Andre\u0301 Rangel\u00a0","image":{"@type":"ImageObject","inLanguage":"pt-BR","@id":"https:\/\/www.em.com.br\/emfoco\/#\/schema\/person\/image\/","url":"https:\/\/secure.gravatar.com\/avatar\/6234dc814c77c8ef6d8bba622c787efc?s=96&d=mm&r=g","contentUrl":"https:\/\/secure.gravatar.com\/avatar\/6234dc814c77c8ef6d8bba622c787efc?s=96&d=mm&r=g","caption":"Andre\u0301 Rangel\u00a0"},"url":"https:\/\/www.em.com.br\/emfoco\/author\/luizmyth\/"}]}},"_links":{"self":[{"href":"https:\/\/www.em.com.br\/emfoco\/wp-json\/wp\/v2\/posts\/201778","targetHints":{"allow":["GET"]}}],"collection":[{"href":"https:\/\/www.em.com.br\/emfoco\/wp-json\/wp\/v2\/posts"}],"about":[{"href":"https:\/\/www.em.com.br\/emfoco\/wp-json\/wp\/v2\/types\/post"}],"author":[{"embeddable":true,"href":"https:\/\/www.em.com.br\/emfoco\/wp-json\/wp\/v2\/users\/11"}],"replies":[{"embeddable":true,"href":"https:\/\/www.em.com.br\/emfoco\/wp-json\/wp\/v2\/comments?post=201778"}],"version-history":[{"count":2,"href":"https:\/\/www.em.com.br\/emfoco\/wp-json\/wp\/v2\/posts\/201778\/revisions"}],"predecessor-version":[{"id":201785,"href":"https:\/\/www.em.com.br\/emfoco\/wp-json\/wp\/v2\/posts\/201778\/revisions\/201785"}],"wp:featuredmedia":[{"embeddable":true,"href":"https:\/\/www.em.com.br\/emfoco\/wp-json\/wp\/v2\/media\/202093"}],"wp:attachment":[{"href":"https:\/\/www.em.com.br\/emfoco\/wp-json\/wp\/v2\/media?parent=201778"}],"wp:term":[{"taxonomy":"category","embeddable":true,"href":"https:\/\/www.em.com.br\/emfoco\/wp-json\/wp\/v2\/categories?post=201778"},{"taxonomy":"post_tag","embeddable":true,"href":"https:\/\/www.em.com.br\/emfoco\/wp-json\/wp\/v2\/tags?post=201778"}],"curies":[{"name":"wp","href":"https:\/\/api.w.org\/{rel}","templated":true}]}}