{"id":201772,"date":"2026-05-01T17:45:00","date_gmt":"2026-05-01T20:45:00","guid":{"rendered":"https:\/\/www.em.com.br\/emfoco\/?p=201772"},"modified":"2026-04-30T16:00:31","modified_gmt":"2026-04-30T19:00:31","slug":"rio-de-janeiro-atrai-turistas-em-2026-ao-unir-praias-natureza-e-cultura-com-roteiros-que-cabem-em-poucos-dias","status":"publish","type":"post","link":"https:\/\/www.em.com.br\/emfoco\/2026\/05\/01\/rio-de-janeiro-atrai-turistas-em-2026-ao-unir-praias-natureza-e-cultura-com-roteiros-que-cabem-em-poucos-dias\/","title":{"rendered":"Rio de Janeiro atrai turistas em 2026 ao unir praias natureza e cultura com roteiros que cabem em poucos dias"},"content":{"rendered":"\n<p>Entre o mar e a montanha, o <strong>Rio de Janeiro<\/strong> segue em 2026 como um dos destinos tur\u00edsticos mais desejados do planeta, combinando paisagens impactantes, vida cultural intensa e uma infraestrutura que acompanha novas demandas de mobilidade, seguran\u00e7a e experi\u00eancias ao ar livre.<\/p>\n\n\n\n<h2 class=\"wp-block-heading\">Como o turismo no Rio de Janeiro evoluiu nos \u00faltimos anos<\/h2>\n\n\n\n<p>Ao longo dos \u00faltimos anos, o <a href=\"https:\/\/www.instagram.com\/passeiorio\/\" target=\"_blank\" rel=\"noreferrer noopener\">turismo no Rio <\/a>passou por adapta\u00e7\u00f5es importantes, com maior aten\u00e7\u00e3o \u00e0 mobilidade urbana, seguran\u00e7a em \u00e1reas tur\u00edsticas e diversifica\u00e7\u00e3o de roteiros. Hoje, quem chega encontra uma metr\u00f3pole em movimento constante, onde lazer, hist\u00f3ria e servi\u00e7os tur\u00edsticos se misturam no dia a dia carioca.<\/p>\n\n\n\n<p>Al\u00e9m dos cart\u00f5es-postais tradicionais, cresce o interesse por trilhas, passeios guiados em bairros hist\u00f3ricos e contato com a gastronomia local. Esse conjunto refor\u00e7a o papel da cidade maravilhosa como refer\u00eancia para quem procura f\u00e9rias no <strong>Brasil<\/strong>, seja em viagens curtas, seja em estadias mais longas.<\/p>\n\n\n\n<blockquote class=\"instagram-media\" data-instgrm-captioned data-instgrm-permalink=\"https:\/\/www.instagram.com\/p\/DXpEIQwmjwK\/?utm_source=ig_embed&amp;utm_campaign=loading\" data-instgrm-version=\"14\" style=\" background:#FFF; border:0; border-radius:3px; box-shadow:0 0 1px 0 rgba(0,0,0,0.5),0 1px 10px 0 rgba(0,0,0,0.15); margin: 1px; max-width:540px; min-width:326px; padding:0; width:99.375%; width:-webkit-calc(100% - 2px); width:calc(100% - 2px);\"><div style=\"padding:16px;\"> <a href=\"https:\/\/www.instagram.com\/p\/DXpEIQwmjwK\/?utm_source=ig_embed&amp;utm_campaign=loading\" style=\" background:#FFFFFF; line-height:0; padding:0 0; text-align:center; text-decoration:none; width:100%;\" target=\"_blank\"> <div style=\" display: flex; flex-direction: row; align-items: center;\"> <div style=\"background-color: #F4F4F4; border-radius: 50%; flex-grow: 0; height: 40px; margin-right: 14px; width: 40px;\"><\/div> <div style=\"display: flex; flex-direction: column; flex-grow: 1; justify-content: center;\"> <div style=\" background-color: #F4F4F4; border-radius: 4px; flex-grow: 0; height: 14px; margin-bottom: 6px; width: 100px;\"><\/div> <div style=\" background-color: #F4F4F4; border-radius: 4px; flex-grow: 0; height: 14px; width: 60px;\"><\/div><\/div><\/div><div style=\"padding: 19% 0;\"><\/div> <div style=\"display:block; height:50px; margin:0 auto 12px; width:50px;\"><svg width=\"50px\" height=\"50px\" viewBox=\"0 0 60 60\" version=\"1.1\" xmlns=\"https:\/\/www.w3.org\/2000\/svg\" xmlns:xlink=\"https:\/\/www.w3.org\/1999\/xlink\"><g stroke=\"none\" stroke-width=\"1\" fill=\"none\" fill-rule=\"evenodd\"><g transform=\"translate(-511.000000, -20.000000)\" fill=\"#000000\"><g><path d=\"M556.869,30.41 C554.814,30.41 553.148,32.076 553.148,34.131 C553.148,36.186 554.814,37.852 556.869,37.852 C558.924,37.852 560.59,36.186 560.59,34.131 C560.59,32.076 558.924,30.41 556.869,30.41 M541,60.657 C535.114,60.657 530.342,55.887 530.342,50 C530.342,44.114 535.114,39.342 541,39.342 C546.887,39.342 551.658,44.114 551.658,50 C551.658,55.887 546.887,60.657 541,60.657 M541,33.886 C532.1,33.886 524.886,41.1 524.886,50 C524.886,58.899 532.1,66.113 541,66.113 C549.9,66.113 557.115,58.899 557.115,50 C557.115,41.1 549.9,33.886 541,33.886 M565.378,62.101 C565.244,65.022 564.756,66.606 564.346,67.663 C563.803,69.06 563.154,70.057 562.106,71.106 C561.058,72.155 560.06,72.803 558.662,73.347 C557.607,73.757 556.021,74.244 553.102,74.378 C549.944,74.521 548.997,74.552 541,74.552 C533.003,74.552 532.056,74.521 528.898,74.378 C525.979,74.244 524.393,73.757 523.338,73.347 C521.94,72.803 520.942,72.155 519.894,71.106 C518.846,70.057 518.197,69.06 517.654,67.663 C517.244,66.606 516.755,65.022 516.623,62.101 C516.479,58.943 516.448,57.996 516.448,50 C516.448,42.003 516.479,41.056 516.623,37.899 C516.755,34.978 517.244,33.391 517.654,32.338 C518.197,30.938 518.846,29.942 519.894,28.894 C520.942,27.846 521.94,27.196 523.338,26.654 C524.393,26.244 525.979,25.756 528.898,25.623 C532.057,25.479 533.004,25.448 541,25.448 C548.997,25.448 549.943,25.479 553.102,25.623 C556.021,25.756 557.607,26.244 558.662,26.654 C560.06,27.196 561.058,27.846 562.106,28.894 C563.154,29.942 563.803,30.938 564.346,32.338 C564.756,33.391 565.244,34.978 565.378,37.899 C565.522,41.056 565.552,42.003 565.552,50 C565.552,57.996 565.522,58.943 565.378,62.101 M570.82,37.631 C570.674,34.438 570.167,32.258 569.425,30.349 C568.659,28.377 567.633,26.702 565.965,25.035 C564.297,23.368 562.623,22.342 560.652,21.575 C558.743,20.834 556.562,20.326 553.369,20.18 C550.169,20.033 549.148,20 541,20 C532.853,20 531.831,20.033 528.631,20.18 C525.438,20.326 523.257,20.834 521.349,21.575 C519.376,22.342 517.703,23.368 516.035,25.035 C514.368,26.702 513.342,28.377 512.574,30.349 C511.834,32.258 511.326,34.438 511.181,37.631 C511.035,40.831 511,41.851 511,50 C511,58.147 511.035,59.17 511.181,62.369 C511.326,65.562 511.834,67.743 512.574,69.651 C513.342,71.625 514.368,73.296 516.035,74.965 C517.703,76.634 519.376,77.658 521.349,78.425 C523.257,79.167 525.438,79.673 528.631,79.82 C531.831,79.965 532.853,80.001 541,80.001 C549.148,80.001 550.169,79.965 553.369,79.82 C556.562,79.673 558.743,79.167 560.652,78.425 C562.623,77.658 564.297,76.634 565.965,74.965 C567.633,73.296 568.659,71.625 569.425,69.651 C570.167,67.743 570.674,65.562 570.82,62.369 C570.966,59.17 571,58.147 571,50 C571,41.851 570.966,40.831 570.82,37.631\"><\/path><\/g><\/g><\/g><\/svg><\/div><div style=\"padding-top: 8px;\"> <div style=\" color:#3897f0; font-family:Arial,sans-serif; font-size:14px; font-style:normal; font-weight:550; line-height:18px;\">Ver essa foto no Instagram<\/div><\/div><div style=\"padding: 12.5% 0;\"><\/div> <div style=\"display: flex; flex-direction: row; margin-bottom: 14px; align-items: center;\"><div> <div style=\"background-color: #F4F4F4; border-radius: 50%; height: 12.5px; width: 12.5px; transform: translateX(0px) translateY(7px);\"><\/div> <div style=\"background-color: #F4F4F4; height: 12.5px; transform: rotate(-45deg) translateX(3px) translateY(1px); width: 12.5px; flex-grow: 0; margin-right: 14px; margin-left: 2px;\"><\/div> <div style=\"background-color: #F4F4F4; border-radius: 50%; height: 12.5px; width: 12.5px; transform: translateX(9px) translateY(-18px);\"><\/div><\/div><div style=\"margin-left: 8px;\"> <div style=\" background-color: #F4F4F4; border-radius: 50%; flex-grow: 0; height: 20px; width: 20px;\"><\/div> <div style=\" width: 0; height: 0; border-top: 2px solid transparent; border-left: 6px solid #f4f4f4; border-bottom: 2px solid transparent; transform: translateX(16px) translateY(-4px) rotate(30deg)\"><\/div><\/div><div style=\"margin-left: auto;\"> <div style=\" width: 0px; border-top: 8px solid #F4F4F4; border-right: 8px solid transparent; transform: translateY(16px);\"><\/div> <div style=\" background-color: #F4F4F4; flex-grow: 0; height: 12px; width: 16px; transform: translateY(-4px);\"><\/div> <div style=\" width: 0; height: 0; border-top: 8px solid #F4F4F4; border-left: 8px solid transparent; transform: translateY(-4px) translateX(8px);\"><\/div><\/div><\/div> <div style=\"display: flex; flex-direction: column; flex-grow: 1; justify-content: center; margin-bottom: 24px;\"> <div style=\" background-color: #F4F4F4; border-radius: 4px; flex-grow: 0; height: 14px; margin-bottom: 6px; width: 224px;\"><\/div> <div style=\" background-color: #F4F4F4; border-radius: 4px; flex-grow: 0; height: 14px; width: 144px;\"><\/div><\/div><\/a><p style=\" color:#c9c8cd; font-family:Arial,sans-serif; font-size:14px; line-height:17px; margin-bottom:0; margin-top:8px; overflow:hidden; padding:8px 0 7px; text-align:center; text-overflow:ellipsis; white-space:nowrap;\"><a href=\"https:\/\/www.instagram.com\/p\/DXpEIQwmjwK\/?utm_source=ig_embed&amp;utm_campaign=loading\" style=\" color:#c9c8cd; font-family:Arial,sans-serif; font-size:14px; font-style:normal; font-weight:normal; line-height:17px; text-decoration:none;\" target=\"_blank\">Um post compartilhado por Passeios no Rio | City Tour \u2022 Arraial \u2022 Angra \u2022 Petr\u00f3polis (@passeiorio)<\/a><\/p><\/div><\/blockquote>\n<script async src=\"\/\/www.instagram.com\/embed.js\"><\/script>\n\n\n\n<h2 class=\"wp-block-heading\">Como natureza e cidade se encontram no turismo carioca<\/h2>\n\n\n\n<p>A geografia do <a href=\"https:\/\/www.em.com.br\/emfoco\/2026\/03\/25\/o-apelido-que-pegou-no-rio-de-janeiro-e-virou-sinonimo-de-gente-avarenta-em-todo-o-pais\/\" target=\"_blank\" rel=\"noreferrer noopener\">Rio de Janeiro<\/a> \u00e9 um dos principais motivos da sua fama, com morros, praias e lagoas lado a lado com avenidas movimentadas e edif\u00edcios hist\u00f3ricos. Esse contraste favorece tanto o descanso \u00e0 beira-mar quanto atividades mais din\u00e2micas, como trilhas, pedaladas e esportes ao ar livre.<\/p>\n\n\n\n<p>O turismo se apoia nessa mistura, oferecendo trilhas em \u00e1reas de mata, passeios de barco, ciclovias \u00e0 beira-mar e mirantes com vistas amplas. As praias urbanas funcionam como cart\u00e3o de visitas, enquanto parques e unidades de conserva\u00e7\u00e3o preservam trechos de Mata Atl\u00e2ntica dentro da regi\u00e3o metropolitana.<\/p>\n\n\n\n<h2 class=\"wp-block-heading\">Como organizar roteiros por zonas tur\u00edsticas do Rio<\/h2>\n\n\n\n<p>Planejar a viagem \u00e9 essencial para aproveitar o turismo no Rio com tranquilidade, j\u00e1 que a cidade \u00e9 extensa e com perfis variados de bairros. A escolha da hospedagem influencia tempo de deslocamento, acesso ao transporte p\u00fablico e proximidade de praias, centros hist\u00f3ricos ou \u00e1reas de grandes eventos.<\/p>\n\n\n\n<p>Uma forma pr\u00e1tica de organizar o roteiro \u00e9 dividir os dias por zonas da cidade, reduzindo deslocamentos longos e permitindo conhecer melhor cada regi\u00e3o. Abaixo, voc\u00ea encontra um panorama simples para orientar a montagem do seu planejamento:<\/p>\n\n\n\n<ul class=\"wp-block-list\">\n<li><strong>Zona Sul<\/strong>\u00a0\u2013 foco em praias famosas, cal\u00e7ad\u00f5es, quiosques e vida noturna variada.<\/li>\n\n\n\n<li><strong>Centro<\/strong>\u00a0\u2013 concentra\u00e7\u00e3o de pr\u00e9dios hist\u00f3ricos, igrejas, museus e centros culturais.<\/li>\n\n\n\n<li><strong>Zona Oeste<\/strong>\u00a0\u2013 \u00e1reas recentes de desenvolvimento, parques, arenas esportivas e shoppings.<\/li>\n<\/ul>\n\n\n\n<h2 class=\"wp-block-heading\">Quais s\u00e3o as principais experi\u00eancias tur\u00edsticas no Rio<\/h2>\n\n\n\n<p>Os roteiros mais tradicionais costumam incluir mirantes com vista panor\u00e2mica, praias ic\u00f4nicas e \u00e1reas verdes preservadas, revelando a rela\u00e7\u00e3o \u00fanica entre mar e urbaniza\u00e7\u00e3o. A visita a montanhas e morros ajuda a entender por que tantas imagens do Rio s\u00e3o usadas em campanhas de viagem ao redor do mundo.<\/p>\n\n\n\n<p>Al\u00e9m dos pontos cl\u00e1ssicos, a cidade re\u00fane atra\u00e7\u00f5es voltadas \u00e0 ci\u00eancia, arte e mem\u00f3ria, com jardins de pesquisa bot\u00e2nica, museus de arte moderna e espa\u00e7os interativos sobre tecnologia e sustentabilidade. Em muitos casos, exposi\u00e7\u00f5es permanentes se combinam com mostras tempor\u00e1rias, incentivando novas visitas ao destino.<\/p>\n\n\n\n<ol class=\"wp-block-list\">\n<li><strong>Mirantes e morros<\/strong>\u00a0\u2013 vistas amplas da orla, \u00e1rea central e zona norte.<\/li>\n\n\n\n<li><strong>Parques e florestas urbanas<\/strong>\u00a0\u2013 trilhas sinalizadas, cachoeiras e observa\u00e7\u00e3o de fauna.<\/li>\n\n\n\n<li><strong>Jardins e lagoas<\/strong>\u00a0\u2013 \u00e1reas para caminhadas, ciclismo e esportes aqu\u00e1ticos leves.<\/li>\n\n\n\n<li><strong>Praias<\/strong>\u00a0\u2013 trechos movimentados e mais reservados, para perfis variados de visitantes.<\/li>\n\n\n\n<li><strong>Equipamentos culturais<\/strong>\u00a0\u2013 museus, centros culturais e monumentos hist\u00f3ricos em diversos bairros.<\/li>\n<\/ol>\n\n\n\n<h2 class=\"wp-block-heading\">Como viajar com seguran\u00e7a e aproveitar o melhor do Rio agora<\/h2>\n\n\n\n<p>Assim como em outras grandes metr\u00f3poles, o turismo no Rio exige aten\u00e7\u00e3o a hor\u00e1rios, rotas e formas de transporte, integrando metr\u00f4, <strong>BRT<\/strong>, <strong>VLT <\/strong>e aplicativos de mobilidade. Guias credenciados e projetos de turismo comunit\u00e1rio tamb\u00e9m ajudam a explorar trilhas e regi\u00f5es menos conhecidas com mais contexto e seguran\u00e7a.<\/p>\n\n\n\n<p>Com natureza marcante, vida urbana intensa e diversidade cultural, o Rio continua atraindo visitantes do Brasil e do exterior. Se voc\u00ea quer viver essa energia ao vivo, n\u00e3o deixe para depois: comece hoje a montar seu roteiro, reserve hospedagem com anteced\u00eancia e garanta sua experi\u00eancia na cidade que segue em destaque no mapa do turismo na Am\u00e9rica Latina.<\/p>\n","protected":false},"excerpt":{"rendered":"<p>Entre o mar e a montanha, o Rio de Janeiro segue em 2026 como um dos destinos tur\u00edsticos mais desejados do planeta, combinando paisagens impactantes, vida cultural intensa e uma infraestrutura que acompanha novas demandas de mobilidade, seguran\u00e7a e experi\u00eancias ao ar livre. Como o turismo no Rio de Janeiro evoluiu nos \u00faltimos anos Ao [&hellip;]<\/p>\n","protected":false},"author":11,"featured_media":202090,"comment_status":"open","ping_status":"open","sticky":false,"template":"","format":"standard","meta":{"jnews-multi-image_gallery":[],"jnews_single_post":{"format":"standard"},"jnews_primary_category":[],"jnews_social_meta":[],"jnews_override_counter":[],"footnotes":""},"categories":[26,1],"tags":[11179,10864,151,1128],"class_list":["post-201772","post","type-post","status-publish","format-standard","has-post-thumbnail","hentry","category-cidades","category-noticias","tag-cidade-2","tag-destino-turistico","tag-rio-de-janeiro","tag-viagem"],"yoast_head":"<!-- This site is optimized with the Yoast SEO plugin v23.8 - https:\/\/yoast.com\/wordpress\/plugins\/seo\/ -->\n<title>Rio de Janeiro atrai turistas em 2026 ao unir praias natureza e cultura com roteiros que cabem em poucos dias - Estado de Minas - Em foco<\/title>\n<meta name=\"description\" content=\"O Rio continua entre os destinos mais desejados. Entenda por que a cidade encanta turistas do mundo todo.\" \/>\n<meta name=\"robots\" content=\"index, follow, max-snippet:-1, max-image-preview:large, max-video-preview:-1\" \/>\n<link rel=\"canonical\" href=\"https:\/\/www.em.com.br\/emfoco\/2026\/05\/01\/rio-de-janeiro-atrai-turistas-em-2026-ao-unir-praias-natureza-e-cultura-com-roteiros-que-cabem-em-poucos-dias\/\" \/>\n<meta property=\"og:locale\" content=\"pt_BR\" \/>\n<meta property=\"og:type\" content=\"article\" \/>\n<meta property=\"og:title\" content=\"Rio de Janeiro atrai turistas em 2026 ao unir praias natureza e cultura com roteiros que cabem em poucos dias - Estado de Minas - Em foco\" \/>\n<meta property=\"og:description\" content=\"O Rio continua entre os destinos mais desejados. Entenda por que a cidade encanta turistas do mundo todo.\" \/>\n<meta property=\"og:url\" content=\"https:\/\/www.em.com.br\/emfoco\/2026\/05\/01\/rio-de-janeiro-atrai-turistas-em-2026-ao-unir-praias-natureza-e-cultura-com-roteiros-que-cabem-em-poucos-dias\/\" \/>\n<meta property=\"og:site_name\" content=\"Estado de Minas - Em foco\" \/>\n<meta property=\"article:published_time\" content=\"2026-05-01T20:45:00+00:00\" \/>\n<meta property=\"article:modified_time\" content=\"2026-04-30T19:00:31+00:00\" \/>\n<meta property=\"og:image\" content=\"https:\/\/www.em.com.br\/emfoco\/wp-content\/uploads\/2026\/05\/EmFoco_21.jpg\" \/>\n\t<meta property=\"og:image:width\" content=\"1280\" \/>\n\t<meta property=\"og:image:height\" content=\"720\" \/>\n\t<meta property=\"og:image:type\" content=\"image\/jpeg\" \/>\n<meta name=\"author\" content=\"Andre\u0301 Rangel\u00a0\" \/>\n<meta name=\"twitter:card\" content=\"summary_large_image\" \/>\n<meta name=\"twitter:label1\" content=\"Escrito por\" \/>\n\t<meta name=\"twitter:data1\" content=\"Andre\u0301 Rangel\u00a0\" \/>\n\t<meta name=\"twitter:label2\" content=\"Est. tempo de leitura\" \/>\n\t<meta name=\"twitter:data2\" content=\"4 minutos\" \/>\n<!-- \/ Yoast SEO plugin. -->","yoast_head_json":{"title":"Rio de Janeiro atrai turistas em 2026 ao unir praias natureza e cultura com roteiros que cabem em poucos dias - Estado de Minas - Em foco","description":"O Rio continua entre os destinos mais desejados. Entenda por que a cidade encanta turistas do mundo todo.","robots":{"index":"index","follow":"follow","max-snippet":"max-snippet:-1","max-image-preview":"max-image-preview:large","max-video-preview":"max-video-preview:-1"},"canonical":"https:\/\/www.em.com.br\/emfoco\/2026\/05\/01\/rio-de-janeiro-atrai-turistas-em-2026-ao-unir-praias-natureza-e-cultura-com-roteiros-que-cabem-em-poucos-dias\/","og_locale":"pt_BR","og_type":"article","og_title":"Rio de Janeiro atrai turistas em 2026 ao unir praias natureza e cultura com roteiros que cabem em poucos dias - Estado de Minas - Em foco","og_description":"O Rio continua entre os destinos mais desejados. Entenda por que a cidade encanta turistas do mundo todo.","og_url":"https:\/\/www.em.com.br\/emfoco\/2026\/05\/01\/rio-de-janeiro-atrai-turistas-em-2026-ao-unir-praias-natureza-e-cultura-com-roteiros-que-cabem-em-poucos-dias\/","og_site_name":"Estado de Minas - Em foco","article_published_time":"2026-05-01T20:45:00+00:00","article_modified_time":"2026-04-30T19:00:31+00:00","og_image":[{"width":1280,"height":720,"url":"https:\/\/www.em.com.br\/emfoco\/wp-content\/uploads\/2026\/05\/EmFoco_21.jpg","type":"image\/jpeg"}],"author":"Andre\u0301 Rangel\u00a0","twitter_card":"summary_large_image","twitter_misc":{"Escrito por":"Andre\u0301 Rangel\u00a0","Est. tempo de leitura":"4 minutos"},"schema":{"@context":"https:\/\/schema.org","@graph":[{"@type":"WebPage","@id":"https:\/\/www.em.com.br\/emfoco\/2026\/05\/01\/rio-de-janeiro-atrai-turistas-em-2026-ao-unir-praias-natureza-e-cultura-com-roteiros-que-cabem-em-poucos-dias\/","url":"https:\/\/www.em.com.br\/emfoco\/2026\/05\/01\/rio-de-janeiro-atrai-turistas-em-2026-ao-unir-praias-natureza-e-cultura-com-roteiros-que-cabem-em-poucos-dias\/","name":"Rio de Janeiro atrai turistas em 2026 ao unir praias natureza e cultura com roteiros que cabem em poucos dias - Estado de Minas - Em foco","isPartOf":{"@id":"https:\/\/www.em.com.br\/emfoco\/#website"},"primaryImageOfPage":{"@id":"https:\/\/www.em.com.br\/emfoco\/2026\/05\/01\/rio-de-janeiro-atrai-turistas-em-2026-ao-unir-praias-natureza-e-cultura-com-roteiros-que-cabem-em-poucos-dias\/#primaryimage"},"image":{"@id":"https:\/\/www.em.com.br\/emfoco\/2026\/05\/01\/rio-de-janeiro-atrai-turistas-em-2026-ao-unir-praias-natureza-e-cultura-com-roteiros-que-cabem-em-poucos-dias\/#primaryimage"},"thumbnailUrl":"https:\/\/www.em.com.br\/emfoco\/wp-content\/uploads\/2026\/05\/EmFoco_21.jpg","datePublished":"2026-05-01T20:45:00+00:00","dateModified":"2026-04-30T19:00:31+00:00","author":{"@id":"https:\/\/www.em.com.br\/emfoco\/#\/schema\/person\/60eda09c1fedf0d6891f4cef4b60b8b8"},"description":"O Rio continua entre os destinos mais desejados. Entenda por que a cidade encanta turistas do mundo todo.","breadcrumb":{"@id":"https:\/\/www.em.com.br\/emfoco\/2026\/05\/01\/rio-de-janeiro-atrai-turistas-em-2026-ao-unir-praias-natureza-e-cultura-com-roteiros-que-cabem-em-poucos-dias\/#breadcrumb"},"inLanguage":"pt-BR","potentialAction":[{"@type":"ReadAction","target":["https:\/\/www.em.com.br\/emfoco\/2026\/05\/01\/rio-de-janeiro-atrai-turistas-em-2026-ao-unir-praias-natureza-e-cultura-com-roteiros-que-cabem-em-poucos-dias\/"]}]},{"@type":"ImageObject","inLanguage":"pt-BR","@id":"https:\/\/www.em.com.br\/emfoco\/2026\/05\/01\/rio-de-janeiro-atrai-turistas-em-2026-ao-unir-praias-natureza-e-cultura-com-roteiros-que-cabem-em-poucos-dias\/#primaryimage","url":"https:\/\/www.em.com.br\/emfoco\/wp-content\/uploads\/2026\/05\/EmFoco_21.jpg","contentUrl":"https:\/\/www.em.com.br\/emfoco\/wp-content\/uploads\/2026\/05\/EmFoco_21.jpg","width":1280,"height":720,"caption":"Metr\u00f3pole fluminense combina paisagens naturais e infraestrutura para atrair turistas globais"},{"@type":"BreadcrumbList","@id":"https:\/\/www.em.com.br\/emfoco\/2026\/05\/01\/rio-de-janeiro-atrai-turistas-em-2026-ao-unir-praias-natureza-e-cultura-com-roteiros-que-cabem-em-poucos-dias\/#breadcrumb","itemListElement":[{"@type":"ListItem","position":1,"name":"In\u00edcio","item":"https:\/\/www.em.com.br\/emfoco\/"},{"@type":"ListItem","position":2,"name":"Rio de Janeiro atrai turistas em 2026 ao unir praias natureza e cultura com roteiros que cabem em poucos dias"}]},{"@type":"WebSite","@id":"https:\/\/www.em.com.br\/emfoco\/#website","url":"https:\/\/www.em.com.br\/emfoco\/","name":"Estado de Minas - Em foco","description":"Acompanhe as \u00faltimas not\u00edcias e fique bem informado sobre tudo o que acontece em Minas Gerais, Brasil e no mundo.","potentialAction":[{"@type":"SearchAction","target":{"@type":"EntryPoint","urlTemplate":"https:\/\/www.em.com.br\/emfoco\/?s={search_term_string}"},"query-input":{"@type":"PropertyValueSpecification","valueRequired":true,"valueName":"search_term_string"}}],"inLanguage":"pt-BR"},{"@type":"Person","@id":"https:\/\/www.em.com.br\/emfoco\/#\/schema\/person\/60eda09c1fedf0d6891f4cef4b60b8b8","name":"Andre\u0301 Rangel\u00a0","image":{"@type":"ImageObject","inLanguage":"pt-BR","@id":"https:\/\/www.em.com.br\/emfoco\/#\/schema\/person\/image\/","url":"https:\/\/secure.gravatar.com\/avatar\/6234dc814c77c8ef6d8bba622c787efc?s=96&d=mm&r=g","contentUrl":"https:\/\/secure.gravatar.com\/avatar\/6234dc814c77c8ef6d8bba622c787efc?s=96&d=mm&r=g","caption":"Andre\u0301 Rangel\u00a0"},"url":"https:\/\/www.em.com.br\/emfoco\/author\/luizmyth\/"}]}},"_links":{"self":[{"href":"https:\/\/www.em.com.br\/emfoco\/wp-json\/wp\/v2\/posts\/201772","targetHints":{"allow":["GET"]}}],"collection":[{"href":"https:\/\/www.em.com.br\/emfoco\/wp-json\/wp\/v2\/posts"}],"about":[{"href":"https:\/\/www.em.com.br\/emfoco\/wp-json\/wp\/v2\/types\/post"}],"author":[{"embeddable":true,"href":"https:\/\/www.em.com.br\/emfoco\/wp-json\/wp\/v2\/users\/11"}],"replies":[{"embeddable":true,"href":"https:\/\/www.em.com.br\/emfoco\/wp-json\/wp\/v2\/comments?post=201772"}],"version-history":[{"count":2,"href":"https:\/\/www.em.com.br\/emfoco\/wp-json\/wp\/v2\/posts\/201772\/revisions"}],"predecessor-version":[{"id":201777,"href":"https:\/\/www.em.com.br\/emfoco\/wp-json\/wp\/v2\/posts\/201772\/revisions\/201777"}],"wp:featuredmedia":[{"embeddable":true,"href":"https:\/\/www.em.com.br\/emfoco\/wp-json\/wp\/v2\/media\/202090"}],"wp:attachment":[{"href":"https:\/\/www.em.com.br\/emfoco\/wp-json\/wp\/v2\/media?parent=201772"}],"wp:term":[{"taxonomy":"category","embeddable":true,"href":"https:\/\/www.em.com.br\/emfoco\/wp-json\/wp\/v2\/categories?post=201772"},{"taxonomy":"post_tag","embeddable":true,"href":"https:\/\/www.em.com.br\/emfoco\/wp-json\/wp\/v2\/tags?post=201772"}],"curies":[{"name":"wp","href":"https:\/\/api.w.org\/{rel}","templated":true}]}}