{"id":201770,"date":"2026-05-01T16:05:00","date_gmt":"2026-05-01T19:05:00","guid":{"rendered":"https:\/\/www.em.com.br\/emfoco\/?p=201770"},"modified":"2026-04-30T15:56:15","modified_gmt":"2026-04-30T18:56:15","slug":"adeus-ao-tenis-branco-o-modelo-de-calcado-que-paris-e-milao-elegeram-como-o-novo-basico-de-2026","status":"publish","type":"post","link":"https:\/\/www.em.com.br\/emfoco\/2026\/05\/01\/adeus-ao-tenis-branco-o-modelo-de-calcado-que-paris-e-milao-elegeram-como-o-novo-basico-de-2026\/","title":{"rendered":"Adeus ao t\u00eanis branco: o modelo de cal\u00e7ado que Paris e Mil\u00e3o elegeram como o novo b\u00e1sico de 2026"},"content":{"rendered":"\n<p>Os desfiles e o street style de Paris e Mil\u00e3o em 2026 apontam para uma virada clara nos cal\u00e7ados urbanos: o t\u00eanis branco, antes onipresente, cede espa\u00e7o a op\u00e7\u00f5es mais expressivas e ainda vers\u00e1teis, como t\u00eanis metalizados (principalmente prata) e sapatos casuais de couro com visual retr\u00f4, que assumem o lugar de novos b\u00e1sicos do guarda-roupa, unindo conforto, estilo e praticidade para rotinas din\u00e2micas nas grandes cidades.<\/p>\n\n\n\n<h2 class=\"wp-block-heading\">Por que o t\u00eanis branco perdeu protagonismo em 2026<\/h2>\n\n\n\n<p>O\u00a0<strong>t\u00eanis metalizado<\/strong> \u00e9 visto como sucessor natural do modelo branco tradicional. Enquanto o branco \u00f3ptico exige manuten\u00e7\u00e3o constante e evidencia qualquer marca de uso, as vers\u00f5es em prata e outros met\u00e1licos toleram melhor o desgaste e dialogam com um consumo mais pragm\u00e1tico e menos perfeccionista.<\/p>\n\n\n\n<p>O t\u00eanis branco tamb\u00e9m deixou de ser diferencial est\u00e9tico e virou quase uniforme global. Em 2026, quem acompanha as tend\u00eancias internacionais busca cal\u00e7ados que funcionem como ponto de destaque no look sem perder a versatilidade, e o brilho met\u00e1lico cumpre esse papel ao refletir luz, criar contraste com tecidos neutros ou estampados e conversar bem com diferentes estilos pessoais.<\/p>\n\n\n\n<iframe loading=\"lazy\" src=\"https:\/\/assets.pinterest.com\/ext\/embed.html?id=19984792076832921\" height=\"714\" width=\"345\" frameborder=\"0\" scrolling=\"no\" ><\/iframe>\n\n\n\n<h2 class=\"wp-block-heading\">Como o t\u00eanis metalizado prata se tornou o novo neutro<\/h2>\n\n\n\n<p>Entre as novidades, o&nbsp;<strong>t\u00eanis metalizado prata<\/strong>&nbsp;se consolida como um \u201cnovo cinza atualizado\u201d. A tonalidade prata combina com paletas frias, tons terrosos e cores vibrantes sem gerar conflito visual, transitando com naturalidade entre trabalho informal, vida urbana intensa e eventos noturnos com dress code mais flex\u00edvel.<\/p>\n\n\n\n<p>Nas ruas de Paris e Mil\u00e3o, o prata aparece em vers\u00f5es minimalistas e em propostas esportivas inspiradas no running retr\u00f4, como o New Balance 530 e o Adidas Tokyo. Para quem quer usar o t\u00eanis prata com frequ\u00eancia, algumas combina\u00e7\u00f5es se repetem nos looks de refer\u00eancia e facilitam a adapta\u00e7\u00e3o ao dia a dia:<\/p>\n\n\n\n<ul class=\"wp-block-list\">\n<li><strong>Cal\u00e7as de alfaiataria<\/strong>\u00a0em tons neutros, criando um visual polido, mas sem rigidez excessiva.<\/li>\n\n\n\n<li><strong>Jeans de corte reto<\/strong>, que mant\u00e9m base cl\u00e1ssica e deixa o foco no cal\u00e7ado metalizado.<\/li>\n\n\n\n<li><strong>Saias midi<\/strong>, equilibrando o clima urbano do t\u00eanis com o caimento fluido da pe\u00e7a.<\/li>\n<\/ul>\n\n\n\n<iframe loading=\"lazy\" src=\"https:\/\/assets.pinterest.com\/ext\/embed.html?id=109775309663099814\" height=\"532\" width=\"345\" frameborder=\"0\" scrolling=\"no\" ><\/iframe>\n\n\n\n<h2 class=\"wp-block-heading\">Como os sapatos de couro retr\u00f4 entram nessa tend\u00eancia<\/h2>\n\n\n\n<p>Em paralelo aos t\u00eanis metalizados, os&nbsp;<strong>sapatos casuais de couro retr\u00f4<\/strong>&nbsp;ganham for\u00e7a entre quem prefere um visual mais tradicional sem abrir m\u00e3o de conforto. Loafers estruturados, mocassins de linhas modernas e oxfords com solado discreto saem do campo exclusivamente formal e entram nas produ\u00e7\u00f5es cotidianas de trabalho, lazer e viagens.<\/p>\n\n\n\n<p>Marcas europeias apostam em desenhos minimalistas, poucos recortes e couro de alta qualidade, aproximando o conforto desses modelos ao de um t\u00eanis. A paleta prioriza marrom, caramelo, bege, cinza e tons \u201csujos\u201d como o amarelo manteiga, que disfar\u00e7am melhor o uso e refor\u00e7am um discurso de consumo mais consciente e duradouro.<\/p>\n\n\n\n<iframe loading=\"lazy\" src=\"https:\/\/assets.pinterest.com\/ext\/embed.html?id=799037158917661541\" height=\"618\" width=\"345\" frameborder=\"0\" scrolling=\"no\" ><\/iframe>\n\n\n\n<h2 class=\"wp-block-heading\">Como usar t\u00eanis metalizado e couro retr\u00f4 no dia a dia<\/h2>\n\n\n\n<p>A ado\u00e7\u00e3o dos&nbsp;<strong>t\u00eanis metalizados<\/strong>&nbsp;e dos sapatos de couro retr\u00f4 passa por combina\u00e7\u00f5es simples, usando pe\u00e7as que j\u00e1 existem na maior parte dos arm\u00e1rios. A estrat\u00e9gia \u00e9 manter roupas de corte cl\u00e1ssico e deixar o cal\u00e7ado assumir o papel de elemento de interesse visual e personalidade no look.<\/p>\n\n\n\n<ol class=\"wp-block-list\">\n<li><strong>Para o trabalho:<\/strong>\u00a0cal\u00e7a de alfaiataria reta, camisa b\u00e1sica e t\u00eanis prata ou loafer de couro em tom terroso.<\/li>\n\n\n\n<li><strong>Para o fim de semana:<\/strong>\u00a0jeans de cintura m\u00e9dia, camiseta neutra e t\u00eanis retr\u00f4 slim inspirado nos anos 70 ou 80.<\/li>\n\n\n\n<li><strong>Para eventos casuais \u00e0 noite:<\/strong>\u00a0saia midi, top estruturado e t\u00eanis metalizado ou mocassim moderno.<\/li>\n<\/ol>\n\n\n\n<h2 class=\"wp-block-heading\">O que a ascens\u00e3o do t\u00eanis prata e do couro retr\u00f4 revela sobre 2026<\/h2>\n\n\n\n<p>Ao observar as ruas de Paris e Mil\u00e3o em 2026, fica claro que o dom\u00ednio absoluto do t\u00eanis branco deu lugar a um cen\u00e1rio mais diverso, em que o cal\u00e7ado funciona como ponto-chave de express\u00e3o de estilo. Entre t\u00eanis prata brilhante e sapatos de couro com apelo vintage, prevalece a busca por pe\u00e7as vers\u00e1teis, dur\u00e1veis e com identidade visual forte.<\/p>\n\n\n\n<p>Se voc\u00ea ainda est\u00e1 preso ao t\u00eanis branco como \u00fanica op\u00e7\u00e3o curinga, este \u00e9 o momento de virar a chave: experimente um par metalizado ou um loafer retr\u00f4 nesta temporada e sinta, na pr\u00e1tica, como um \u00fanico cal\u00e7ado pode atualizar seus looks e mudar a forma como voc\u00ea se posiciona visualmente nas ruas agora.<\/p>\n","protected":false},"excerpt":{"rendered":"<p>Os desfiles e o street style de Paris e Mil\u00e3o em 2026 apontam para uma virada clara nos cal\u00e7ados urbanos: o t\u00eanis branco, antes onipresente, cede espa\u00e7o a op\u00e7\u00f5es mais expressivas e ainda vers\u00e1teis, como t\u00eanis metalizados (principalmente prata) e sapatos casuais de couro com visual retr\u00f4, que assumem o lugar de novos b\u00e1sicos do [&hellip;]<\/p>\n","protected":false},"author":11,"featured_media":202075,"comment_status":"open","ping_status":"open","sticky":false,"template":"","format":"standard","meta":{"jnews-multi-image_gallery":[],"jnews_single_post":{"format":"standard"},"jnews_primary_category":[],"jnews_social_meta":[],"jnews_override_counter":[],"footnotes":""},"categories":[8819,1],"tags":[4977,1920,2412,27337],"class_list":["post-201770","post","type-post","status-publish","format-standard","has-post-thumbnail","hentry","category-curiosidades","category-noticias","tag-moda","tag-tendencia","tag-tenis","tag-tenis-metalizado"],"yoast_head":"<!-- This site is optimized with the Yoast SEO plugin v23.8 - https:\/\/yoast.com\/wordpress\/plugins\/seo\/ -->\n<title>Adeus ao t\u00eanis branco: o modelo de cal\u00e7ado que Paris e Mil\u00e3o elegeram como o novo b\u00e1sico de 2026 - Estado de Minas - Em foco<\/title>\n<meta name=\"description\" content=\"O t\u00eanis branco perdeu espa\u00e7o. T\u00eanis metalizado e couro retr\u00f4 substituem o t\u00eanis branco em 2026. Entenda a nova tend\u00eancia urbana.\" \/>\n<meta name=\"robots\" content=\"index, follow, max-snippet:-1, max-image-preview:large, max-video-preview:-1\" \/>\n<link rel=\"canonical\" href=\"https:\/\/www.em.com.br\/emfoco\/2026\/05\/01\/adeus-ao-tenis-branco-o-modelo-de-calcado-que-paris-e-milao-elegeram-como-o-novo-basico-de-2026\/\" \/>\n<meta property=\"og:locale\" content=\"pt_BR\" \/>\n<meta property=\"og:type\" content=\"article\" \/>\n<meta property=\"og:title\" content=\"Adeus ao t\u00eanis branco: o modelo de cal\u00e7ado que Paris e Mil\u00e3o elegeram como o novo b\u00e1sico de 2026 - Estado de Minas - Em foco\" \/>\n<meta property=\"og:description\" content=\"O t\u00eanis branco perdeu espa\u00e7o. T\u00eanis metalizado e couro retr\u00f4 substituem o t\u00eanis branco em 2026. Entenda a nova tend\u00eancia urbana.\" \/>\n<meta property=\"og:url\" content=\"https:\/\/www.em.com.br\/emfoco\/2026\/05\/01\/adeus-ao-tenis-branco-o-modelo-de-calcado-que-paris-e-milao-elegeram-como-o-novo-basico-de-2026\/\" \/>\n<meta property=\"og:site_name\" content=\"Estado de Minas - Em foco\" \/>\n<meta property=\"article:published_time\" content=\"2026-05-01T19:05:00+00:00\" \/>\n<meta property=\"article:modified_time\" content=\"2026-04-30T18:56:15+00:00\" \/>\n<meta property=\"og:image\" content=\"https:\/\/www.em.com.br\/emfoco\/wp-content\/uploads\/2026\/05\/EmFoco_19.jpg\" \/>\n\t<meta property=\"og:image:width\" content=\"1280\" \/>\n\t<meta property=\"og:image:height\" content=\"720\" \/>\n\t<meta property=\"og:image:type\" content=\"image\/jpeg\" \/>\n<meta name=\"author\" content=\"Andre\u0301 Rangel\u00a0\" \/>\n<meta name=\"twitter:card\" content=\"summary_large_image\" \/>\n<meta name=\"twitter:label1\" content=\"Escrito por\" \/>\n\t<meta name=\"twitter:data1\" content=\"Andre\u0301 Rangel\u00a0\" \/>\n\t<meta name=\"twitter:label2\" content=\"Est. tempo de leitura\" \/>\n\t<meta name=\"twitter:data2\" content=\"4 minutos\" \/>\n<!-- \/ Yoast SEO plugin. -->","yoast_head_json":{"title":"Adeus ao t\u00eanis branco: o modelo de cal\u00e7ado que Paris e Mil\u00e3o elegeram como o novo b\u00e1sico de 2026 - Estado de Minas - Em foco","description":"O t\u00eanis branco perdeu espa\u00e7o. T\u00eanis metalizado e couro retr\u00f4 substituem o t\u00eanis branco em 2026. Entenda a nova tend\u00eancia urbana.","robots":{"index":"index","follow":"follow","max-snippet":"max-snippet:-1","max-image-preview":"max-image-preview:large","max-video-preview":"max-video-preview:-1"},"canonical":"https:\/\/www.em.com.br\/emfoco\/2026\/05\/01\/adeus-ao-tenis-branco-o-modelo-de-calcado-que-paris-e-milao-elegeram-como-o-novo-basico-de-2026\/","og_locale":"pt_BR","og_type":"article","og_title":"Adeus ao t\u00eanis branco: o modelo de cal\u00e7ado que Paris e Mil\u00e3o elegeram como o novo b\u00e1sico de 2026 - Estado de Minas - Em foco","og_description":"O t\u00eanis branco perdeu espa\u00e7o. T\u00eanis metalizado e couro retr\u00f4 substituem o t\u00eanis branco em 2026. Entenda a nova tend\u00eancia urbana.","og_url":"https:\/\/www.em.com.br\/emfoco\/2026\/05\/01\/adeus-ao-tenis-branco-o-modelo-de-calcado-que-paris-e-milao-elegeram-como-o-novo-basico-de-2026\/","og_site_name":"Estado de Minas - Em foco","article_published_time":"2026-05-01T19:05:00+00:00","article_modified_time":"2026-04-30T18:56:15+00:00","og_image":[{"width":1280,"height":720,"url":"https:\/\/www.em.com.br\/emfoco\/wp-content\/uploads\/2026\/05\/EmFoco_19.jpg","type":"image\/jpeg"}],"author":"Andre\u0301 Rangel\u00a0","twitter_card":"summary_large_image","twitter_misc":{"Escrito por":"Andre\u0301 Rangel\u00a0","Est. tempo de leitura":"4 minutos"},"schema":{"@context":"https:\/\/schema.org","@graph":[{"@type":"WebPage","@id":"https:\/\/www.em.com.br\/emfoco\/2026\/05\/01\/adeus-ao-tenis-branco-o-modelo-de-calcado-que-paris-e-milao-elegeram-como-o-novo-basico-de-2026\/","url":"https:\/\/www.em.com.br\/emfoco\/2026\/05\/01\/adeus-ao-tenis-branco-o-modelo-de-calcado-que-paris-e-milao-elegeram-como-o-novo-basico-de-2026\/","name":"Adeus ao t\u00eanis branco: o modelo de cal\u00e7ado que Paris e Mil\u00e3o elegeram como o novo b\u00e1sico de 2026 - Estado de Minas - Em foco","isPartOf":{"@id":"https:\/\/www.em.com.br\/emfoco\/#website"},"primaryImageOfPage":{"@id":"https:\/\/www.em.com.br\/emfoco\/2026\/05\/01\/adeus-ao-tenis-branco-o-modelo-de-calcado-que-paris-e-milao-elegeram-como-o-novo-basico-de-2026\/#primaryimage"},"image":{"@id":"https:\/\/www.em.com.br\/emfoco\/2026\/05\/01\/adeus-ao-tenis-branco-o-modelo-de-calcado-que-paris-e-milao-elegeram-como-o-novo-basico-de-2026\/#primaryimage"},"thumbnailUrl":"https:\/\/www.em.com.br\/emfoco\/wp-content\/uploads\/2026\/05\/EmFoco_19.jpg","datePublished":"2026-05-01T19:05:00+00:00","dateModified":"2026-04-30T18:56:15+00:00","author":{"@id":"https:\/\/www.em.com.br\/emfoco\/#\/schema\/person\/60eda09c1fedf0d6891f4cef4b60b8b8"},"description":"O t\u00eanis branco perdeu espa\u00e7o. T\u00eanis metalizado e couro retr\u00f4 substituem o t\u00eanis branco em 2026. Entenda a nova tend\u00eancia urbana.","breadcrumb":{"@id":"https:\/\/www.em.com.br\/emfoco\/2026\/05\/01\/adeus-ao-tenis-branco-o-modelo-de-calcado-que-paris-e-milao-elegeram-como-o-novo-basico-de-2026\/#breadcrumb"},"inLanguage":"pt-BR","potentialAction":[{"@type":"ReadAction","target":["https:\/\/www.em.com.br\/emfoco\/2026\/05\/01\/adeus-ao-tenis-branco-o-modelo-de-calcado-que-paris-e-milao-elegeram-como-o-novo-basico-de-2026\/"]}]},{"@type":"ImageObject","inLanguage":"pt-BR","@id":"https:\/\/www.em.com.br\/emfoco\/2026\/05\/01\/adeus-ao-tenis-branco-o-modelo-de-calcado-que-paris-e-milao-elegeram-como-o-novo-basico-de-2026\/#primaryimage","url":"https:\/\/www.em.com.br\/emfoco\/wp-content\/uploads\/2026\/05\/EmFoco_19.jpg","contentUrl":"https:\/\/www.em.com.br\/emfoco\/wp-content\/uploads\/2026\/05\/EmFoco_19.jpg","width":1280,"height":720,"caption":"T\u00eanis metalizados e cal\u00e7ados retr\u00f4 substituem modelos brancos na moda urbana atual"},{"@type":"BreadcrumbList","@id":"https:\/\/www.em.com.br\/emfoco\/2026\/05\/01\/adeus-ao-tenis-branco-o-modelo-de-calcado-que-paris-e-milao-elegeram-como-o-novo-basico-de-2026\/#breadcrumb","itemListElement":[{"@type":"ListItem","position":1,"name":"In\u00edcio","item":"https:\/\/www.em.com.br\/emfoco\/"},{"@type":"ListItem","position":2,"name":"Adeus ao t\u00eanis branco: o modelo de cal\u00e7ado que Paris e Mil\u00e3o elegeram como o novo b\u00e1sico de 2026"}]},{"@type":"WebSite","@id":"https:\/\/www.em.com.br\/emfoco\/#website","url":"https:\/\/www.em.com.br\/emfoco\/","name":"Estado de Minas - Em foco","description":"Acompanhe as \u00faltimas not\u00edcias e fique bem informado sobre tudo o que acontece em Minas Gerais, Brasil e no mundo.","potentialAction":[{"@type":"SearchAction","target":{"@type":"EntryPoint","urlTemplate":"https:\/\/www.em.com.br\/emfoco\/?s={search_term_string}"},"query-input":{"@type":"PropertyValueSpecification","valueRequired":true,"valueName":"search_term_string"}}],"inLanguage":"pt-BR"},{"@type":"Person","@id":"https:\/\/www.em.com.br\/emfoco\/#\/schema\/person\/60eda09c1fedf0d6891f4cef4b60b8b8","name":"Andre\u0301 Rangel\u00a0","image":{"@type":"ImageObject","inLanguage":"pt-BR","@id":"https:\/\/www.em.com.br\/emfoco\/#\/schema\/person\/image\/","url":"https:\/\/secure.gravatar.com\/avatar\/6234dc814c77c8ef6d8bba622c787efc?s=96&d=mm&r=g","contentUrl":"https:\/\/secure.gravatar.com\/avatar\/6234dc814c77c8ef6d8bba622c787efc?s=96&d=mm&r=g","caption":"Andre\u0301 Rangel\u00a0"},"url":"https:\/\/www.em.com.br\/emfoco\/author\/luizmyth\/"}]}},"_links":{"self":[{"href":"https:\/\/www.em.com.br\/emfoco\/wp-json\/wp\/v2\/posts\/201770","targetHints":{"allow":["GET"]}}],"collection":[{"href":"https:\/\/www.em.com.br\/emfoco\/wp-json\/wp\/v2\/posts"}],"about":[{"href":"https:\/\/www.em.com.br\/emfoco\/wp-json\/wp\/v2\/types\/post"}],"author":[{"embeddable":true,"href":"https:\/\/www.em.com.br\/emfoco\/wp-json\/wp\/v2\/users\/11"}],"replies":[{"embeddable":true,"href":"https:\/\/www.em.com.br\/emfoco\/wp-json\/wp\/v2\/comments?post=201770"}],"version-history":[{"count":2,"href":"https:\/\/www.em.com.br\/emfoco\/wp-json\/wp\/v2\/posts\/201770\/revisions"}],"predecessor-version":[{"id":201776,"href":"https:\/\/www.em.com.br\/emfoco\/wp-json\/wp\/v2\/posts\/201770\/revisions\/201776"}],"wp:featuredmedia":[{"embeddable":true,"href":"https:\/\/www.em.com.br\/emfoco\/wp-json\/wp\/v2\/media\/202075"}],"wp:attachment":[{"href":"https:\/\/www.em.com.br\/emfoco\/wp-json\/wp\/v2\/media?parent=201770"}],"wp:term":[{"taxonomy":"category","embeddable":true,"href":"https:\/\/www.em.com.br\/emfoco\/wp-json\/wp\/v2\/categories?post=201770"},{"taxonomy":"post_tag","embeddable":true,"href":"https:\/\/www.em.com.br\/emfoco\/wp-json\/wp\/v2\/tags?post=201770"}],"curies":[{"name":"wp","href":"https:\/\/api.w.org\/{rel}","templated":true}]}}