{"id":201769,"date":"2026-05-01T12:45:00","date_gmt":"2026-05-01T15:45:00","guid":{"rendered":"https:\/\/www.em.com.br\/emfoco\/?p=201769"},"modified":"2026-04-30T17:48:48","modified_gmt":"2026-04-30T20:48:48","slug":"justica-suspende-mudanca-de-feriado-em-cidade-brasileira-e-decisao-afeta-trabalhadores","status":"publish","type":"post","link":"https:\/\/www.em.com.br\/emfoco\/2026\/05\/01\/justica-suspende-mudanca-de-feriado-em-cidade-brasileira-e-decisao-afeta-trabalhadores\/","title":{"rendered":"Justi\u00e7a suspende mudan\u00e7a de feriado em cidade brasileira e decis\u00e3o afeta trabalhadores"},"content":{"rendered":"\n<p>O feriado de anivers\u00e1rio de <strong>Maring\u00e1<\/strong>, no <strong>Paran\u00e1<\/strong>, virou tema de disputa jur\u00eddica e administrativa em 2026, ap\u00f3s a tentativa do munic\u00edpio de transferir o descanso do dia 10 de maio, que caiu em um domingo, para a segunda-feira seguinte, gerando inseguran\u00e7a para moradores, empresas e um conflito direto entre interesses econ\u00f4micos, autonomia municipal e os limites da legisla\u00e7\u00e3o nacional.<\/p>\n\n\n\n<h2 class=\"wp-block-heading\">Qual \u00e9 a pol\u00eamica sobre o feriado de anivers\u00e1rio de Maring\u00e1?<\/h2>\n\n\n\n<p>A controv\u00e9rsia come\u00e7ou quando a <strong>C\u00e2mara de Vereadores<\/strong> aprovou a <strong>Lei Municipal n\u00ba 12.155\/2026<\/strong>, permitindo que o feriado de anivers\u00e1rio de Maring\u00e1, celebrado em 10 de maio, fosse transferido em 2026 para a segunda-feira, 11 de maio. A medida buscava evitar que o feriado em um domingo \u201cse perdesse\u201d para trabalhadores do setor privado e do funcionalismo, garantindo um dia \u00fatil de descanso e de atividades comemorativas.<\/p>\n\n\n\n<p>Setores organizados da sociedade maringaense, especialmente entidades empresariais, viram a mudan\u00e7a como fator de impacto direto na economia local. A <strong>Associa\u00e7\u00e3o Comercial e Empresarial de Maring\u00e1<\/strong> (Acim) manifestou preocupa\u00e7\u00e3o com reflexos em micro e pequenas empresas, que dependem do movimento de in\u00edcio de semana para equilibrar o faturamento, levando o debate do campo pol\u00edtico para o jur\u00eddico.<\/p>\n\n\n\n<figure class=\"wp-block-image\"><img decoding=\"async\" src=\"https:\/\/www.em.com.br\/emfoco\/wp-content\/uploads\/2025\/06\/calendario_1749160041340-1024x576.jpg\" alt=\"\"\/><figcaption class=\"wp-element-caption\">Decis\u00e3o inesperada trava feriado e gera confus\u00e3o &#8211; Cr\u00e9ditos: depositphotos.com \/ mizar_219842<\/figcaption><\/figure>\n\n\n\n<h2 class=\"wp-block-heading\">O que decidiu o Tribunal de Justi\u00e7a do Paran\u00e1 sobre a lei municipal?<\/h2>\n\n\n\n<p>O <strong>Tribunal de Justi\u00e7a do Paran\u00e1<\/strong> (TJ-PR), por decis\u00e3o liminar do desembargador relator <strong>Sergio Luiz Kreuz<\/strong>, suspendeu os efeitos da lei municipal que deslocava o feriado de 10 para 11 de maio. Na pr\u00e1tica, o anivers\u00e1rio de Maring\u00e1 permanece fixado em 10 de maio, ainda que em 2026 ele recaia em um domingo, sem cria\u00e7\u00e3o de \u201cferiado prolongado\u201d oficial.<\/p>\n\n\n\n<p>A decis\u00e3o destacou a necessidade de respeitar os limites da compet\u00eancia municipal na organiza\u00e7\u00e3o do calend\u00e1rio de feriados, al\u00e9m da poss\u00edvel afronta \u00e0s normas gerais sobre feriados civis. Tamb\u00e9m pesaram na an\u00e1lise os impactos econ\u00f4micos para o com\u00e9rcio e servi\u00e7os, especialmente pequenos estabelecimentos, for\u00e7ando empresas e trabalhadores a readequar escalas, contratos e agendas em curto prazo.<\/p>\n\n\n\n<h2 class=\"wp-block-heading\">Como a mudan\u00e7a do feriado impacta moradores e empresas na pr\u00e1tica?<\/h2>\n\n\n\n<p>A discuss\u00e3o mostra como uma altera\u00e7\u00e3o aparentemente simples no calend\u00e1rio mexe com rotina, viagens, turismo regional e programa\u00e7\u00e3o de eventos ligados ao anivers\u00e1rio da cidade. Para fam\u00edlias, um feriado prolongado facilita deslocamentos, encontros e participa\u00e7\u00e3o em atividades culturais, esportivas e religiosas.<\/p>\n\n\n\n<p>No campo empresarial, especialmente entre micro e pequenos neg\u00f3cios, os efeitos s\u00e3o concretos e exigem planejamento cuidadoso em pontos como:<\/p>\n\n\n\n<ul class=\"wp-block-list\">\n<li><strong>Faturamento:<\/strong>\u00a0um dia \u00fatil a menos pode reduzir vendas em com\u00e9rcio varejista e servi\u00e7os.<\/li>\n\n\n\n<li><strong>Custos trabalhistas:<\/strong>\u00a0trabalho em feriado exige regras espec\u00edficas de remunera\u00e7\u00e3o e compensa\u00e7\u00e3o.<\/li>\n\n\n\n<li><strong>Log\u00edstica e estoque:<\/strong>\u00a0entregas, compras e prazos s\u00e3o ajustados conforme a quantidade de dias \u00fateis.<\/li>\n\n\n\n<li><strong>Atendimento a clientes:<\/strong>\u00a0cl\u00ednicas, escrit\u00f3rios e prestadores de servi\u00e7o redesenham agendas.<\/li>\n<\/ul>\n\n\n\n<figure class=\"wp-block-image is-resized\"><img decoding=\"async\" src=\"https:\/\/www.em.com.br\/emfoco\/wp-content\/uploads\/2026\/03\/ChatGPT-Image-15-de-mar.-de-2026-11_57_14-1-1024x576.png\" alt=\"\" style=\"width:1170px;height:auto\"\/><figcaption class=\"wp-element-caption\">Decis\u00e3o inesperada trava feriado e gera confus\u00e3o<\/figcaption><\/figure>\n\n\n\n<h2 class=\"wp-block-heading\">Quais s\u00e3o as regras gerais para feriados municipais no Brasil hoje?<\/h2>\n\n\n\n<p>O caso remete \u00e0s normas federais que limitam a cria\u00e7\u00e3o de feriados civis e religiosos e definem a margem de atua\u00e7\u00e3o dos munic\u00edpios. Embora possam instituir feriados locais, geralmente ligados a datas c\u00edvicas ou padroeiros, as cidades precisam observar a hierarquia das leis e a compatibilidade com a legisla\u00e7\u00e3o nacional.<\/p>\n\n\n\n<p>Decis\u00f5es judiciais costumam avaliar se h\u00e1 respeito \u00e0s normas gerais, se a altera\u00e7\u00e3o \u00e9 pontual ou permanente, o impacto econ\u00f4mico e social da medida e a regularidade do processo legislativo. Especialistas em direito p\u00fablico refor\u00e7am a necessidade de previsibilidade do calend\u00e1rio para evitar inseguran\u00e7a jur\u00eddica para trabalhadores, empresas e o pr\u00f3prio poder p\u00fablico.<\/p>\n\n\n\n<h2 class=\"wp-block-heading\">O que esperar para os pr\u00f3ximos feriados em Maring\u00e1?<\/h2>\n\n\n\n<p>A situa\u00e7\u00e3o do feriado municipal em 2026 tende a servir de par\u00e2metro para futuras discuss\u00f5es sobre o calend\u00e1rio oficial de Maring\u00e1. C\u00e2mara Municipal, Prefeitura, entidades empresariais e sociedade civil devem buscar di\u00e1logo antecipado, com estudos de impacto e transpar\u00eancia, para evitar mudan\u00e7as de \u00faltima hora que prejudiquem planejamento e confian\u00e7a.<\/p>\n\n\n\n<p>Se voc\u00ea \u00e9 morador, empres\u00e1rio ou trabalhador em Maring\u00e1, o momento de se informar e participar desse debate \u00e9 agora: acompanhe as pr\u00f3ximas decis\u00f5es, cobre posicionamento dos seus representantes e organize sua rotina com base nas defini\u00e7\u00f5es oficiais, para n\u00e3o ser surpreendido por novas reviravoltas em um tema que afeta diretamente seu tempo, seu bolso e sua qualidade de vida.<\/p>\n","protected":false},"excerpt":{"rendered":"<p>O feriado de anivers\u00e1rio de Maring\u00e1, no Paran\u00e1, virou tema de disputa jur\u00eddica e administrativa em 2026, ap\u00f3s a tentativa do munic\u00edpio de transferir o descanso do dia 10 de maio, que caiu em um domingo, para a segunda-feira seguinte, gerando inseguran\u00e7a para moradores, empresas e um conflito direto entre interesses econ\u00f4micos, autonomia municipal e [&hellip;]<\/p>\n","protected":false},"author":11,"featured_media":202222,"comment_status":"open","ping_status":"open","sticky":false,"template":"","format":"standard","meta":{"jnews-multi-image_gallery":[],"jnews_single_post":{"format":"standard"},"jnews_primary_category":[],"jnews_social_meta":[],"jnews_override_counter":[],"footnotes":""},"categories":[28,1],"tags":[787,11179,263,1334,1387],"class_list":["post-201769","post","type-post","status-publish","format-standard","has-post-thumbnail","hentry","category-economia","category-noticias","tag-calendario","tag-cidade-2","tag-feriado","tag-justica","tag-maringa"],"yoast_head":"<!-- This site is optimized with the Yoast SEO plugin v23.8 - https:\/\/yoast.com\/wordpress\/plugins\/seo\/ -->\n<title>Justi\u00e7a suspende mudan\u00e7a de feriado em cidade brasileira e decis\u00e3o afeta trabalhadores - Estado de Minas - Em foco<\/title>\n<meta name=\"description\" content=\"Justi\u00e7a suspende altera\u00e7\u00e3o no feriado de Maring\u00e1. Saiba por que a decis\u00e3o impacta economia e rotina local.\" \/>\n<meta name=\"robots\" content=\"index, follow, max-snippet:-1, max-image-preview:large, max-video-preview:-1\" \/>\n<link rel=\"canonical\" href=\"https:\/\/www.em.com.br\/emfoco\/2026\/05\/01\/justica-suspende-mudanca-de-feriado-em-cidade-brasileira-e-decisao-afeta-trabalhadores\/\" \/>\n<meta property=\"og:locale\" content=\"pt_BR\" \/>\n<meta property=\"og:type\" content=\"article\" \/>\n<meta property=\"og:title\" content=\"Justi\u00e7a suspende mudan\u00e7a de feriado em cidade brasileira e decis\u00e3o afeta trabalhadores - Estado de Minas - Em foco\" \/>\n<meta property=\"og:description\" content=\"Justi\u00e7a suspende altera\u00e7\u00e3o no feriado de Maring\u00e1. Saiba por que a decis\u00e3o impacta economia e rotina local.\" \/>\n<meta property=\"og:url\" content=\"https:\/\/www.em.com.br\/emfoco\/2026\/05\/01\/justica-suspende-mudanca-de-feriado-em-cidade-brasileira-e-decisao-afeta-trabalhadores\/\" \/>\n<meta property=\"og:site_name\" content=\"Estado de Minas - Em foco\" \/>\n<meta property=\"article:published_time\" content=\"2026-05-01T15:45:00+00:00\" \/>\n<meta property=\"article:modified_time\" content=\"2026-04-30T20:48:48+00:00\" \/>\n<meta property=\"og:image\" content=\"https:\/\/www.em.com.br\/emfoco\/wp-content\/uploads\/2026\/05\/1.jpg\" \/>\n\t<meta property=\"og:image:width\" content=\"1280\" \/>\n\t<meta property=\"og:image:height\" content=\"720\" \/>\n\t<meta property=\"og:image:type\" content=\"image\/jpeg\" \/>\n<meta name=\"author\" content=\"Andre\u0301 Rangel\u00a0\" \/>\n<meta name=\"twitter:card\" content=\"summary_large_image\" \/>\n<meta name=\"twitter:label1\" content=\"Escrito por\" \/>\n\t<meta name=\"twitter:data1\" content=\"Andre\u0301 Rangel\u00a0\" \/>\n\t<meta name=\"twitter:label2\" content=\"Est. tempo de leitura\" \/>\n\t<meta name=\"twitter:data2\" content=\"5 minutos\" \/>\n<!-- \/ Yoast SEO plugin. -->","yoast_head_json":{"title":"Justi\u00e7a suspende mudan\u00e7a de feriado em cidade brasileira e decis\u00e3o afeta trabalhadores - Estado de Minas - Em foco","description":"Justi\u00e7a suspende altera\u00e7\u00e3o no feriado de Maring\u00e1. Saiba por que a decis\u00e3o impacta economia e rotina local.","robots":{"index":"index","follow":"follow","max-snippet":"max-snippet:-1","max-image-preview":"max-image-preview:large","max-video-preview":"max-video-preview:-1"},"canonical":"https:\/\/www.em.com.br\/emfoco\/2026\/05\/01\/justica-suspende-mudanca-de-feriado-em-cidade-brasileira-e-decisao-afeta-trabalhadores\/","og_locale":"pt_BR","og_type":"article","og_title":"Justi\u00e7a suspende mudan\u00e7a de feriado em cidade brasileira e decis\u00e3o afeta trabalhadores - Estado de Minas - Em foco","og_description":"Justi\u00e7a suspende altera\u00e7\u00e3o no feriado de Maring\u00e1. Saiba por que a decis\u00e3o impacta economia e rotina local.","og_url":"https:\/\/www.em.com.br\/emfoco\/2026\/05\/01\/justica-suspende-mudanca-de-feriado-em-cidade-brasileira-e-decisao-afeta-trabalhadores\/","og_site_name":"Estado de Minas - Em foco","article_published_time":"2026-05-01T15:45:00+00:00","article_modified_time":"2026-04-30T20:48:48+00:00","og_image":[{"width":1280,"height":720,"url":"https:\/\/www.em.com.br\/emfoco\/wp-content\/uploads\/2026\/05\/1.jpg","type":"image\/jpeg"}],"author":"Andre\u0301 Rangel\u00a0","twitter_card":"summary_large_image","twitter_misc":{"Escrito por":"Andre\u0301 Rangel\u00a0","Est. tempo de leitura":"5 minutos"},"schema":{"@context":"https:\/\/schema.org","@graph":[{"@type":"WebPage","@id":"https:\/\/www.em.com.br\/emfoco\/2026\/05\/01\/justica-suspende-mudanca-de-feriado-em-cidade-brasileira-e-decisao-afeta-trabalhadores\/","url":"https:\/\/www.em.com.br\/emfoco\/2026\/05\/01\/justica-suspende-mudanca-de-feriado-em-cidade-brasileira-e-decisao-afeta-trabalhadores\/","name":"Justi\u00e7a suspende mudan\u00e7a de feriado em cidade brasileira e decis\u00e3o afeta trabalhadores - Estado de Minas - Em foco","isPartOf":{"@id":"https:\/\/www.em.com.br\/emfoco\/#website"},"primaryImageOfPage":{"@id":"https:\/\/www.em.com.br\/emfoco\/2026\/05\/01\/justica-suspende-mudanca-de-feriado-em-cidade-brasileira-e-decisao-afeta-trabalhadores\/#primaryimage"},"image":{"@id":"https:\/\/www.em.com.br\/emfoco\/2026\/05\/01\/justica-suspende-mudanca-de-feriado-em-cidade-brasileira-e-decisao-afeta-trabalhadores\/#primaryimage"},"thumbnailUrl":"https:\/\/www.em.com.br\/emfoco\/wp-content\/uploads\/2026\/05\/1.jpg","datePublished":"2026-05-01T15:45:00+00:00","dateModified":"2026-04-30T20:48:48+00:00","author":{"@id":"https:\/\/www.em.com.br\/emfoco\/#\/schema\/person\/60eda09c1fedf0d6891f4cef4b60b8b8"},"description":"Justi\u00e7a suspende altera\u00e7\u00e3o no feriado de Maring\u00e1. Saiba por que a decis\u00e3o impacta economia e rotina local.","breadcrumb":{"@id":"https:\/\/www.em.com.br\/emfoco\/2026\/05\/01\/justica-suspende-mudanca-de-feriado-em-cidade-brasileira-e-decisao-afeta-trabalhadores\/#breadcrumb"},"inLanguage":"pt-BR","potentialAction":[{"@type":"ReadAction","target":["https:\/\/www.em.com.br\/emfoco\/2026\/05\/01\/justica-suspende-mudanca-de-feriado-em-cidade-brasileira-e-decisao-afeta-trabalhadores\/"]}]},{"@type":"ImageObject","inLanguage":"pt-BR","@id":"https:\/\/www.em.com.br\/emfoco\/2026\/05\/01\/justica-suspende-mudanca-de-feriado-em-cidade-brasileira-e-decisao-afeta-trabalhadores\/#primaryimage","url":"https:\/\/www.em.com.br\/emfoco\/wp-content\/uploads\/2026\/05\/1.jpg","contentUrl":"https:\/\/www.em.com.br\/emfoco\/wp-content\/uploads\/2026\/05\/1.jpg","width":1280,"height":720,"caption":"Conflito jur\u00eddico sobre transfer\u00eancia de feriado municipal gera inseguran\u00e7a econ\u00f4mica e administrativa"},{"@type":"BreadcrumbList","@id":"https:\/\/www.em.com.br\/emfoco\/2026\/05\/01\/justica-suspende-mudanca-de-feriado-em-cidade-brasileira-e-decisao-afeta-trabalhadores\/#breadcrumb","itemListElement":[{"@type":"ListItem","position":1,"name":"In\u00edcio","item":"https:\/\/www.em.com.br\/emfoco\/"},{"@type":"ListItem","position":2,"name":"Justi\u00e7a suspende mudan\u00e7a de feriado em cidade brasileira e decis\u00e3o afeta trabalhadores"}]},{"@type":"WebSite","@id":"https:\/\/www.em.com.br\/emfoco\/#website","url":"https:\/\/www.em.com.br\/emfoco\/","name":"Estado de Minas - Em foco","description":"Acompanhe as \u00faltimas not\u00edcias e fique bem informado sobre tudo o que acontece em Minas Gerais, Brasil e no mundo.","potentialAction":[{"@type":"SearchAction","target":{"@type":"EntryPoint","urlTemplate":"https:\/\/www.em.com.br\/emfoco\/?s={search_term_string}"},"query-input":{"@type":"PropertyValueSpecification","valueRequired":true,"valueName":"search_term_string"}}],"inLanguage":"pt-BR"},{"@type":"Person","@id":"https:\/\/www.em.com.br\/emfoco\/#\/schema\/person\/60eda09c1fedf0d6891f4cef4b60b8b8","name":"Andre\u0301 Rangel\u00a0","image":{"@type":"ImageObject","inLanguage":"pt-BR","@id":"https:\/\/www.em.com.br\/emfoco\/#\/schema\/person\/image\/","url":"https:\/\/secure.gravatar.com\/avatar\/6234dc814c77c8ef6d8bba622c787efc?s=96&d=mm&r=g","contentUrl":"https:\/\/secure.gravatar.com\/avatar\/6234dc814c77c8ef6d8bba622c787efc?s=96&d=mm&r=g","caption":"Andre\u0301 Rangel\u00a0"},"url":"https:\/\/www.em.com.br\/emfoco\/author\/luizmyth\/"}]}},"_links":{"self":[{"href":"https:\/\/www.em.com.br\/emfoco\/wp-json\/wp\/v2\/posts\/201769","targetHints":{"allow":["GET"]}}],"collection":[{"href":"https:\/\/www.em.com.br\/emfoco\/wp-json\/wp\/v2\/posts"}],"about":[{"href":"https:\/\/www.em.com.br\/emfoco\/wp-json\/wp\/v2\/types\/post"}],"author":[{"embeddable":true,"href":"https:\/\/www.em.com.br\/emfoco\/wp-json\/wp\/v2\/users\/11"}],"replies":[{"embeddable":true,"href":"https:\/\/www.em.com.br\/emfoco\/wp-json\/wp\/v2\/comments?post=201769"}],"version-history":[{"count":2,"href":"https:\/\/www.em.com.br\/emfoco\/wp-json\/wp\/v2\/posts\/201769\/revisions"}],"predecessor-version":[{"id":201775,"href":"https:\/\/www.em.com.br\/emfoco\/wp-json\/wp\/v2\/posts\/201769\/revisions\/201775"}],"wp:featuredmedia":[{"embeddable":true,"href":"https:\/\/www.em.com.br\/emfoco\/wp-json\/wp\/v2\/media\/202222"}],"wp:attachment":[{"href":"https:\/\/www.em.com.br\/emfoco\/wp-json\/wp\/v2\/media?parent=201769"}],"wp:term":[{"taxonomy":"category","embeddable":true,"href":"https:\/\/www.em.com.br\/emfoco\/wp-json\/wp\/v2\/categories?post=201769"},{"taxonomy":"post_tag","embeddable":true,"href":"https:\/\/www.em.com.br\/emfoco\/wp-json\/wp\/v2\/tags?post=201769"}],"curies":[{"name":"wp","href":"https:\/\/api.w.org\/{rel}","templated":true}]}}