{"id":201742,"date":"2026-05-01T15:30:00","date_gmt":"2026-05-01T18:30:00","guid":{"rendered":"https:\/\/www.em.com.br\/emfoco\/?p=201742"},"modified":"2026-05-01T08:24:33","modified_gmt":"2026-05-01T11:24:33","slug":"comunicado-importante-para-quem-tem-carro-com-mais-de-20-anos-em-2026","status":"publish","type":"post","link":"https:\/\/www.em.com.br\/emfoco\/2026\/05\/01\/comunicado-importante-para-quem-tem-carro-com-mais-de-20-anos-em-2026\/","title":{"rendered":"Comunicado importante para quem tem carro com mais de 20 anos em 2026"},"content":{"rendered":"\n<p>Quem tem um carro fabricado h\u00e1 mais de uma d\u00e9cada vai precisar prestar aten\u00e7\u00e3o redobrada ao que muda a partir deste ano. De um lado, a promulga\u00e7\u00e3o da&nbsp;<strong>Emenda Constitucional 137<\/strong>, em dezembro de 2025, trouxe al\u00edvio tribut\u00e1rio real para milh\u00f5es de propriet\u00e1rios. Do outro, projetos de inspe\u00e7\u00e3o peri\u00f3dica obrigat\u00f3ria avan\u00e7am no Congresso e tendem a tornar a manuten\u00e7\u00e3o preventiva n\u00e3o apenas uma boa pr\u00e1tica, mas uma exig\u00eancia legal. Entender esse cen\u00e1rio pode fazer diferen\u00e7a tanto no bolso quanto na regularidade do ve\u00edculo.<\/p>\n\n\n\n<h2 class=\"wp-block-heading\">O que muda no IPVA para ve\u00edculos com mais de 20 anos?<\/h2>\n\n\n\n<p>A principal novidade \u00e9 a unifica\u00e7\u00e3o nacional da isen\u00e7\u00e3o de&nbsp;<strong>IPVA<\/strong>&nbsp;para ve\u00edculos terrestres com 20 anos ou mais de fabrica\u00e7\u00e3o. Com a&nbsp;<a href=\"https:\/\/www12.senado.leg.br\/noticias\/materias\/2025\/12\/04\/pec-que-isenta-ipva-de-veiculos-com-mais-de-20-anos-sera-promulgada\" target=\"_blank\" rel=\"noreferrer noopener\"><strong>EC 137, promulgada pelo Senado Federal<\/strong><\/a>, qualquer autom\u00f3vel fabricado at\u00e9 2006 deixou de gerar boleto de imposto estadual em 2026. A medida transforma o benef\u00edcio em imunidade constitucional, proibindo os estados de cobrar o tributo sobre esses bens.<\/p>\n\n\n\n<p>Antes da emenda, cada estado definia suas pr\u00f3prias regras. Unidades como Minas Gerais, Pernambuco, Alagoas, Santa Catarina e Tocantins n\u00e3o previam isen\u00e7\u00e3o por tempo de fabrica\u00e7\u00e3o, gerando cobran\u00e7as desiguais pelo pa\u00eds. Agora, segundo estimativas, cerca de&nbsp;<a href=\"https:\/\/terrabrasilnoticias.com\/2026\/04\/nova-regra-entra-em-vigor-em-2026-e-corta-ipva-para-8-milhoes-de-veiculos\" target=\"_blank\" rel=\"noreferrer noopener\"><strong>8 milh\u00f5es de ve\u00edculos<\/strong><\/a>&nbsp;passam a ser beneficiados com a padroniza\u00e7\u00e3o.<\/p>\n\n\n\n<p>Um detalhe importante: a isen\u00e7\u00e3o \u00e9 autom\u00e1tica, sem necessidade de solicita\u00e7\u00e3o. Por\u00e9m, ela n\u00e3o elimina a obriga\u00e7\u00e3o de pagar o&nbsp;<strong>licenciamento anual<\/strong>&nbsp;nem quita d\u00e9bitos de IPVA de anos anteriores. Quem tem parcelas em atraso precisar\u00e1 regulariz\u00e1-las antes de aproveitar o benef\u00edcio nas compet\u00eancias futuras.<\/p>\n\n\n\n<figure class=\"wp-block-image size-large\"><img loading=\"lazy\" decoding=\"async\" width=\"1024\" height=\"572\" src=\"https:\/\/www.em.com.br\/emfoco\/wp-content\/uploads\/2026\/04\/magnific_blitz-de-transito-com-age_2900883393-1024x572.jpeg\" alt=\"\" class=\"wp-image-202323\" srcset=\"https:\/\/www.em.com.br\/emfoco\/wp-content\/uploads\/2026\/04\/magnific_blitz-de-transito-com-age_2900883393-1024x572.jpeg 1024w, https:\/\/www.em.com.br\/emfoco\/wp-content\/uploads\/2026\/04\/magnific_blitz-de-transito-com-age_2900883393-300x167.jpeg 300w, https:\/\/www.em.com.br\/emfoco\/wp-content\/uploads\/2026\/04\/magnific_blitz-de-transito-com-age_2900883393-768x429.jpeg 768w, https:\/\/www.em.com.br\/emfoco\/wp-content\/uploads\/2026\/04\/magnific_blitz-de-transito-com-age_2900883393-750x419.jpeg 750w, https:\/\/www.em.com.br\/emfoco\/wp-content\/uploads\/2026\/04\/magnific_blitz-de-transito-com-age_2900883393-1140x636.jpeg 1140w, https:\/\/www.em.com.br\/emfoco\/wp-content\/uploads\/2026\/04\/magnific_blitz-de-transito-com-age_2900883393.jpeg 1376w\" sizes=\"auto, (max-width: 1024px) 100vw, 1024px\" \/><figcaption class=\"wp-element-caption\">Ve\u00edculos com mais de 20 anos deixam de pagar IPVA e passam por novas exig\u00eancias<\/figcaption><\/figure>\n\n\n\n<h2 class=\"wp-block-heading\">Qual a situa\u00e7\u00e3o de quem tem carro entre 10 e 19 anos?<\/h2>\n\n\n\n<p>Para ve\u00edculos nessa faixa, a cobran\u00e7a do IPVA continua variando conforme a legisla\u00e7\u00e3o de cada estado. Alguns j\u00e1 concedem isen\u00e7\u00e3o a partir de 15 anos de fabrica\u00e7\u00e3o, como&nbsp;<strong>Amazonas<\/strong>,&nbsp;<strong>Bahia<\/strong>,&nbsp;<strong>Cear\u00e1<\/strong>&nbsp;e&nbsp;<strong>Rio de Janeiro<\/strong>. A contagem \u00e9 sempre pelo ano de fabrica\u00e7\u00e3o, nunca pelo ano de compra ou emplacamento.<\/p>\n\n\n\n<p>A tabela abaixo resume como fica a situa\u00e7\u00e3o por faixa de idade do ve\u00edculo em 2026, considerando a nova regra constitucional e as legisla\u00e7\u00f5es estaduais mais comuns:<\/p>\n\n\n\n<figure class=\"wp-block-table\"><table class=\"has-fixed-layout\"><thead><tr><th>Idade do ve\u00edculo<\/th><th>Situa\u00e7\u00e3o no IPVA 2026<\/th><th>Observa\u00e7\u00e3o<\/th><\/tr><\/thead><tbody><tr><td>10 a 14 anos<\/td><td>Cobran\u00e7a integral na maioria dos estados<\/td><td>Exce\u00e7\u00e3o: AP, RN e RR isentam a partir de 10 anos<\/td><\/tr><tr><td>15 a 19 anos<\/td><td>Isen\u00e7\u00e3o em v\u00e1rios estados (AM, BA, CE, DF, RJ e outros)<\/td><td>Verificar legisla\u00e7\u00e3o estadual espec\u00edfica<\/td><\/tr><tr><td>20 anos ou mais<\/td><td>Isen\u00e7\u00e3o obrigat\u00f3ria em todo o Brasil (EC 137)<\/td><td>Licenciamento ainda \u00e9 obrigat\u00f3rio<\/td><\/tr><\/tbody><\/table><\/figure>\n\n\n\n<h2 class=\"wp-block-heading\">Por que a fiscaliza\u00e7\u00e3o tende a ser mais r\u00edgida para carros antigos?<\/h2>\n\n\n\n<p>Enquanto o lado tribut\u00e1rio alivia, o lado regulat\u00f3rio caminha na dire\u00e7\u00e3o oposta. O&nbsp;<strong>Projeto de Lei 3507\/2025<\/strong>, aprovado em dezembro pela Comiss\u00e3o de Via\u00e7\u00e3o e Transportes da&nbsp;<a href=\"https:\/\/www.camara.leg.br\/noticias\/1237252-comissao-aprova-vistoria-periodica-para-veiculos-com-mais-de-cinco-anos\" target=\"_blank\" rel=\"noreferrer noopener\"><strong>C\u00e2mara dos Deputados<\/strong><\/a>, prev\u00ea vistoria peri\u00f3dica obrigat\u00f3ria para ve\u00edculos com mais de cinco anos de fabrica\u00e7\u00e3o. O texto ainda tramita, mas sinaliza um endurecimento claro das exig\u00eancias sobre a frota envelhecida.<\/p>\n\n\n\n<p>Se aprovado, o projeto tornar\u00e1 infra\u00e7\u00e3o grave circular sem laudo de vistoria v\u00e1lido: multa de&nbsp;<strong>R$ 195,23<\/strong>, cinco pontos na&nbsp;<strong>CNH<\/strong>&nbsp;e reten\u00e7\u00e3o do ve\u00edculo para regulariza\u00e7\u00e3o. Para os carros com mais de 10 anos, os itens que receber\u00e3o maior aten\u00e7\u00e3o em blitz e inspe\u00e7\u00f5es s\u00e3o:<\/p>\n\n\n\n<ul class=\"wp-block-list\">\n<li>Sistema de freios e suspens\u00e3o, que perdem efici\u00eancia com o desgaste acumulado<\/li>\n\n\n\n<li>Ilumina\u00e7\u00e3o e sinaliza\u00e7\u00e3o, incluindo lanternas, setas e freios<\/li>\n\n\n\n<li>Emiss\u00e3o de poluentes: catalisador, sonda lambda e escapamento<\/li>\n\n\n\n<li>Pneus com desgaste irregular, bolhas ou indicador de desgaste (TWI) comprometido<\/li>\n\n\n\n<li>Itens obrigat\u00f3rios como estepe, macaco, tri\u00e2ngulo e limpadores em bom estado<\/li>\n<\/ul>\n\n\n\n<h2 class=\"wp-block-heading\">Vale mais a pena manter, vender ou renovar o ve\u00edculo agora?<\/h2>\n\n\n\n<p>A equa\u00e7\u00e3o mudou para muitos propriet\u00e1rios de autom\u00f3veis usados. Com a isen\u00e7\u00e3o de IPVA para os fabricados at\u00e9 2006 e a perspectiva de inspe\u00e7\u00e3o obrigat\u00f3ria no horizonte, a decis\u00e3o de manter ou trocar o carro exige uma an\u00e1lise mais cuidadosa do que nos anos anteriores. Alguns pontos merecem aten\u00e7\u00e3o especial antes de qualquer escolha.<\/p>\n\n\n\n<ul class=\"wp-block-list\">\n<li><strong>Carros fabricados em 2006<\/strong>&nbsp;entram no radar de colecionadores e compradores atentos ao custo de propriedade, o que pode gerar pequena valoriza\u00e7\u00e3o na Tabela Fipe<\/li>\n\n\n\n<li>Ve\u00edculos usados em&nbsp;<strong>aplicativos de transporte<\/strong>&nbsp;j\u00e1 enfrentam regras de idade mais r\u00edgidas nas plataformas, excluindo modelos mais antigos de categorias premium<\/li>\n\n\n\n<li>Manuten\u00e7\u00e3o preventiva deixa de ser opcional e passa a ser estrat\u00e9gica para quem pretende manter o carro circulando sem risco de reten\u00e7\u00e3o<\/li>\n\n\n\n<li>D\u00e9bitos de IPVA de anos anteriores precisam estar quitados mesmo para quem agora se enquadra na isen\u00e7\u00e3o<\/li>\n<\/ul>\n\n\n\n<h2 class=\"wp-block-heading\">Pronto para colocar o carro em dia antes das mudan\u00e7as chegarem?<\/h2>\n\n\n\n<p>O cen\u00e1rio de 2026 favorece quem se antecipa: a isen\u00e7\u00e3o do IPVA para ve\u00edculos mais antigos abre espa\u00e7o no or\u00e7amento justamente para investir na manuten\u00e7\u00e3o que a fiscaliza\u00e7\u00e3o vai cobrar. Revisar freios, pneus, ilumina\u00e7\u00e3o e documenta\u00e7\u00e3o agora \u00e9 muito mais barato do que enfrentar multas, reten\u00e7\u00f5es e uma vistoria reprovada. Consulte o&nbsp;<strong>Detran<\/strong>&nbsp;ou a Secretaria da Fazenda do seu estado para confirmar as regras que se aplicam ao seu ve\u00edculo e n\u00e3o deixe para a \u00faltima hora.<\/p>\n","protected":false},"excerpt":{"rendered":"<p>Quem tem um carro fabricado h\u00e1 mais de uma d\u00e9cada vai precisar prestar aten\u00e7\u00e3o redobrada ao que muda a partir deste ano. De um lado, a promulga\u00e7\u00e3o da&nbsp;Emenda Constitucional 137, em dezembro de 2025, trouxe al\u00edvio tribut\u00e1rio real para milh\u00f5es de propriet\u00e1rios. Do outro, projetos de inspe\u00e7\u00e3o peri\u00f3dica obrigat\u00f3ria avan\u00e7am no Congresso e tendem a [&hellip;]<\/p>\n","protected":false},"author":19,"featured_media":202321,"comment_status":"open","ping_status":"open","sticky":false,"template":"","format":"standard","meta":{"jnews-multi-image_gallery":[],"jnews_single_post":{"format":"standard"},"jnews_primary_category":[],"jnews_social_meta":[],"jnews_override_counter":[],"footnotes":""},"categories":[1],"tags":[29100,22631,21163,29099,25642,29098],"class_list":["post-201742","post","type-post","status-publish","format-standard","has-post-thumbnail","hentry","category-noticias","tag-fiscalizacao-veiculos","tag-inspecao-veicular","tag-ipva-2026","tag-isencao-ipva-carros-antigos","tag-licenciamento-anual","tag-veiculos-20-anos"],"yoast_head":"<!-- This site is optimized with the Yoast SEO plugin v23.8 - https:\/\/yoast.com\/wordpress\/plugins\/seo\/ -->\n<title>Comunicado importante para quem tem carro com mais de 20 anos em 2026 - Estado de Minas - Em foco<\/title>\n<meta name=\"description\" content=\"Carros com mais de 10 anos enfrentam um cen\u00e1rio duplo em 2026: isen\u00e7\u00e3o de IPVA para fabricados at\u00e9 2006 e fiscaliza\u00e7\u00e3o mais rigorosa com vistoria peri\u00f3dica em discuss\u00e3o no Congresso.\" \/>\n<meta name=\"robots\" content=\"index, follow, max-snippet:-1, max-image-preview:large, max-video-preview:-1\" \/>\n<link rel=\"canonical\" href=\"https:\/\/www.em.com.br\/emfoco\/2026\/05\/01\/comunicado-importante-para-quem-tem-carro-com-mais-de-20-anos-em-2026\/\" \/>\n<meta property=\"og:locale\" content=\"pt_BR\" \/>\n<meta property=\"og:type\" content=\"article\" \/>\n<meta property=\"og:title\" content=\"Comunicado importante para quem tem carro com mais de 20 anos em 2026 - Estado de Minas - Em foco\" \/>\n<meta property=\"og:description\" content=\"Carros com mais de 10 anos enfrentam um cen\u00e1rio duplo em 2026: isen\u00e7\u00e3o de IPVA para fabricados at\u00e9 2006 e fiscaliza\u00e7\u00e3o mais rigorosa com vistoria peri\u00f3dica em discuss\u00e3o no Congresso.\" \/>\n<meta property=\"og:url\" content=\"https:\/\/www.em.com.br\/emfoco\/2026\/05\/01\/comunicado-importante-para-quem-tem-carro-com-mais-de-20-anos-em-2026\/\" \/>\n<meta property=\"og:site_name\" content=\"Estado de Minas - Em foco\" \/>\n<meta property=\"article:published_time\" content=\"2026-05-01T18:30:00+00:00\" \/>\n<meta property=\"article:modified_time\" content=\"2026-05-01T11:24:33+00:00\" \/>\n<meta property=\"og:image\" content=\"https:\/\/www.em.com.br\/emfoco\/wp-content\/uploads\/2026\/04\/magnific_carro-antigo-estacionado-_2900907513.jpeg\" \/>\n\t<meta property=\"og:image:width\" content=\"1376\" \/>\n\t<meta property=\"og:image:height\" content=\"768\" \/>\n\t<meta property=\"og:image:type\" content=\"image\/jpeg\" \/>\n<meta name=\"author\" content=\"Vanessa Tavares\" \/>\n<meta name=\"twitter:card\" content=\"summary_large_image\" \/>\n<meta name=\"twitter:label1\" content=\"Escrito por\" \/>\n\t<meta name=\"twitter:data1\" content=\"Vanessa Tavares\" \/>\n\t<meta name=\"twitter:label2\" content=\"Est. tempo de leitura\" \/>\n\t<meta name=\"twitter:data2\" content=\"5 minutos\" \/>\n<!-- \/ Yoast SEO plugin. -->","yoast_head_json":{"title":"Comunicado importante para quem tem carro com mais de 20 anos em 2026 - Estado de Minas - Em foco","description":"Carros com mais de 10 anos enfrentam um cen\u00e1rio duplo em 2026: isen\u00e7\u00e3o de IPVA para fabricados at\u00e9 2006 e fiscaliza\u00e7\u00e3o mais rigorosa com vistoria peri\u00f3dica em discuss\u00e3o no Congresso.","robots":{"index":"index","follow":"follow","max-snippet":"max-snippet:-1","max-image-preview":"max-image-preview:large","max-video-preview":"max-video-preview:-1"},"canonical":"https:\/\/www.em.com.br\/emfoco\/2026\/05\/01\/comunicado-importante-para-quem-tem-carro-com-mais-de-20-anos-em-2026\/","og_locale":"pt_BR","og_type":"article","og_title":"Comunicado importante para quem tem carro com mais de 20 anos em 2026 - Estado de Minas - Em foco","og_description":"Carros com mais de 10 anos enfrentam um cen\u00e1rio duplo em 2026: isen\u00e7\u00e3o de IPVA para fabricados at\u00e9 2006 e fiscaliza\u00e7\u00e3o mais rigorosa com vistoria peri\u00f3dica em discuss\u00e3o no Congresso.","og_url":"https:\/\/www.em.com.br\/emfoco\/2026\/05\/01\/comunicado-importante-para-quem-tem-carro-com-mais-de-20-anos-em-2026\/","og_site_name":"Estado de Minas - Em foco","article_published_time":"2026-05-01T18:30:00+00:00","article_modified_time":"2026-05-01T11:24:33+00:00","og_image":[{"width":1376,"height":768,"url":"https:\/\/www.em.com.br\/emfoco\/wp-content\/uploads\/2026\/04\/magnific_carro-antigo-estacionado-_2900907513.jpeg","type":"image\/jpeg"}],"author":"Vanessa Tavares","twitter_card":"summary_large_image","twitter_misc":{"Escrito por":"Vanessa Tavares","Est. tempo de leitura":"5 minutos"},"schema":{"@context":"https:\/\/schema.org","@graph":[{"@type":"WebPage","@id":"https:\/\/www.em.com.br\/emfoco\/2026\/05\/01\/comunicado-importante-para-quem-tem-carro-com-mais-de-20-anos-em-2026\/","url":"https:\/\/www.em.com.br\/emfoco\/2026\/05\/01\/comunicado-importante-para-quem-tem-carro-com-mais-de-20-anos-em-2026\/","name":"Comunicado importante para quem tem carro com mais de 20 anos em 2026 - Estado de Minas - Em foco","isPartOf":{"@id":"https:\/\/www.em.com.br\/emfoco\/#website"},"primaryImageOfPage":{"@id":"https:\/\/www.em.com.br\/emfoco\/2026\/05\/01\/comunicado-importante-para-quem-tem-carro-com-mais-de-20-anos-em-2026\/#primaryimage"},"image":{"@id":"https:\/\/www.em.com.br\/emfoco\/2026\/05\/01\/comunicado-importante-para-quem-tem-carro-com-mais-de-20-anos-em-2026\/#primaryimage"},"thumbnailUrl":"https:\/\/www.em.com.br\/emfoco\/wp-content\/uploads\/2026\/04\/magnific_carro-antigo-estacionado-_2900907513.jpeg","datePublished":"2026-05-01T18:30:00+00:00","dateModified":"2026-05-01T11:24:33+00:00","author":{"@id":"https:\/\/www.em.com.br\/emfoco\/#\/schema\/person\/4a7a157aac450b98edc86f15a7434f0b"},"description":"Carros com mais de 10 anos enfrentam um cen\u00e1rio duplo em 2026: isen\u00e7\u00e3o de IPVA para fabricados at\u00e9 2006 e fiscaliza\u00e7\u00e3o mais rigorosa com vistoria peri\u00f3dica em discuss\u00e3o no Congresso.","breadcrumb":{"@id":"https:\/\/www.em.com.br\/emfoco\/2026\/05\/01\/comunicado-importante-para-quem-tem-carro-com-mais-de-20-anos-em-2026\/#breadcrumb"},"inLanguage":"pt-BR","potentialAction":[{"@type":"ReadAction","target":["https:\/\/www.em.com.br\/emfoco\/2026\/05\/01\/comunicado-importante-para-quem-tem-carro-com-mais-de-20-anos-em-2026\/"]}]},{"@type":"ImageObject","inLanguage":"pt-BR","@id":"https:\/\/www.em.com.br\/emfoco\/2026\/05\/01\/comunicado-importante-para-quem-tem-carro-com-mais-de-20-anos-em-2026\/#primaryimage","url":"https:\/\/www.em.com.br\/emfoco\/wp-content\/uploads\/2026\/04\/magnific_carro-antigo-estacionado-_2900907513.jpeg","contentUrl":"https:\/\/www.em.com.br\/emfoco\/wp-content\/uploads\/2026\/04\/magnific_carro-antigo-estacionado-_2900907513.jpeg","width":1376,"height":768,"caption":"Carros com mais de 20 anos passam a ter isen\u00e7\u00e3o de IPVA em todo o Brasil em 2026"},{"@type":"BreadcrumbList","@id":"https:\/\/www.em.com.br\/emfoco\/2026\/05\/01\/comunicado-importante-para-quem-tem-carro-com-mais-de-20-anos-em-2026\/#breadcrumb","itemListElement":[{"@type":"ListItem","position":1,"name":"In\u00edcio","item":"https:\/\/www.em.com.br\/emfoco\/"},{"@type":"ListItem","position":2,"name":"Comunicado importante para quem tem carro com mais de 20 anos em 2026"}]},{"@type":"WebSite","@id":"https:\/\/www.em.com.br\/emfoco\/#website","url":"https:\/\/www.em.com.br\/emfoco\/","name":"Estado de Minas - Em foco","description":"Acompanhe as \u00faltimas not\u00edcias e fique bem informado sobre tudo o que acontece em Minas Gerais, Brasil e no mundo.","potentialAction":[{"@type":"SearchAction","target":{"@type":"EntryPoint","urlTemplate":"https:\/\/www.em.com.br\/emfoco\/?s={search_term_string}"},"query-input":{"@type":"PropertyValueSpecification","valueRequired":true,"valueName":"search_term_string"}}],"inLanguage":"pt-BR"},{"@type":"Person","@id":"https:\/\/www.em.com.br\/emfoco\/#\/schema\/person\/4a7a157aac450b98edc86f15a7434f0b","name":"Vanessa Tavares","image":{"@type":"ImageObject","inLanguage":"pt-BR","@id":"https:\/\/www.em.com.br\/emfoco\/#\/schema\/person\/image\/","url":"https:\/\/secure.gravatar.com\/avatar\/088c9372da58da00f00f8e508f13d635?s=96&d=mm&r=g","contentUrl":"https:\/\/secure.gravatar.com\/avatar\/088c9372da58da00f00f8e508f13d635?s=96&d=mm&r=g","caption":"Vanessa Tavares"},"sameAs":["https:\/\/www.em.com.br\/emfoco"],"url":"https:\/\/www.em.com.br\/emfoco\/author\/vanessamyth\/"}]}},"_links":{"self":[{"href":"https:\/\/www.em.com.br\/emfoco\/wp-json\/wp\/v2\/posts\/201742","targetHints":{"allow":["GET"]}}],"collection":[{"href":"https:\/\/www.em.com.br\/emfoco\/wp-json\/wp\/v2\/posts"}],"about":[{"href":"https:\/\/www.em.com.br\/emfoco\/wp-json\/wp\/v2\/types\/post"}],"author":[{"embeddable":true,"href":"https:\/\/www.em.com.br\/emfoco\/wp-json\/wp\/v2\/users\/19"}],"replies":[{"embeddable":true,"href":"https:\/\/www.em.com.br\/emfoco\/wp-json\/wp\/v2\/comments?post=201742"}],"version-history":[{"count":3,"href":"https:\/\/www.em.com.br\/emfoco\/wp-json\/wp\/v2\/posts\/201742\/revisions"}],"predecessor-version":[{"id":202326,"href":"https:\/\/www.em.com.br\/emfoco\/wp-json\/wp\/v2\/posts\/201742\/revisions\/202326"}],"wp:featuredmedia":[{"embeddable":true,"href":"https:\/\/www.em.com.br\/emfoco\/wp-json\/wp\/v2\/media\/202321"}],"wp:attachment":[{"href":"https:\/\/www.em.com.br\/emfoco\/wp-json\/wp\/v2\/media?parent=201742"}],"wp:term":[{"taxonomy":"category","embeddable":true,"href":"https:\/\/www.em.com.br\/emfoco\/wp-json\/wp\/v2\/categories?post=201742"},{"taxonomy":"post_tag","embeddable":true,"href":"https:\/\/www.em.com.br\/emfoco\/wp-json\/wp\/v2\/tags?post=201742"}],"curies":[{"name":"wp","href":"https:\/\/api.w.org\/{rel}","templated":true}]}}