{"id":201732,"date":"2026-04-30T19:15:00","date_gmt":"2026-04-30T22:15:00","guid":{"rendered":"https:\/\/www.em.com.br\/emfoco\/?p=201732"},"modified":"2026-04-29T19:41:23","modified_gmt":"2026-04-29T22:41:23","slug":"adeus-inseguranca-fashion-a-tecnica-simples-para-usar-cores-fortes-e-atrair-olhares-positivos","status":"publish","type":"post","link":"https:\/\/www.em.com.br\/emfoco\/2026\/04\/30\/adeus-inseguranca-fashion-a-tecnica-simples-para-usar-cores-fortes-e-atrair-olhares-positivos\/","title":{"rendered":"Adeus a inseguran\u00e7a fashion, a t\u00e9cnica simples para usar cores fortes e atrair olhares positivos"},"content":{"rendered":"\n<p>O cal\u00e7ado vibrante deixou de ser um item exclusivo para festas e tornou-se um acess\u00f3rio indispens\u00e1vel no guarda-roupa de quem deseja expressar autenticidade. Aprender a dominar o uso do <strong>sapato vermelho<\/strong> permite que voc\u00ea transite entre o visual casual e o formal com absoluta <strong>confian\u00e7a e eleg\u00e2ncia<\/strong>.<\/p>\n\n\n\n<h2 class=\"wp-block-heading\">Combina\u00e7\u00f5es certeiras com tons neutros para o dia a dia<\/h2>\n\n\n\n<p>As cores s\u00f3brias funcionam como uma tela em branco que permite ao cal\u00e7ado ser o protagonista absoluto do seu conjunto visual. Pe\u00e7as em preto, branco, cinza e bege equilibram a intensidade da cor e garantem que o resultado seja <strong>sofisticado e moderno<\/strong>. Um look total jeans tamb\u00e9m ganha uma nova vida quando finalizado com um toque de <strong>vermelho nos p\u00e9s<\/strong>.<\/p>\n\n\n\n<figure class=\"wp-block-embed is-type-rich is-provider-pinterest wp-block-embed-pinterest\"><div class=\"wp-block-embed__wrapper\">\n<iframe loading=\"lazy\" title=\" \" src=\"https:\/\/assets.pinterest.com\/ext\/embed.html?id=839217711850163848&#038;src=oembed\" height=\"899\" width=\"450\" frameborder=\"0\" scrolling=\"no\" ><\/iframe>\n<\/div><\/figure>\n\n\n\n<p>Para um ambiente de trabalho, experimente combinar uma cal\u00e7a de alfaiataria cinza com um scarpin ou loafer de tonalidade mais fechada. Essa escolha transmite <strong>seriedade e criatividade<\/strong> simultaneamente, sem pesar na imagem profissional que voc\u00ea deseja projetar aos seus colegas. Observe como alguns elementos b\u00e1sicos podem <strong>potencializar sua imagem<\/strong> pessoal com praticidade e muito estilo:<\/p>\n\n\n\n<ul class=\"wp-block-list\">\n<li>Camisa branca cl\u00e1ssica com jeans de lavagem escura.<\/li>\n\n\n\n<li>Vestido preto b\u00e1sico para um evento noturno <strong>poderoso e marcante<\/strong>.<\/li>\n\n\n\n<li>Look total branco com sand\u00e1lias para dias ensolarados.<\/li>\n\n\n\n<li>Trench coat bege com botas de cano curto <strong>extremamente charmosas<\/strong>.<\/li>\n<\/ul>\n\n\n\n<figure class=\"wp-block-image size-large\"><img loading=\"lazy\" decoding=\"async\" width=\"1024\" height=\"576\" src=\"https:\/\/www.em.com.br\/emfoco\/wp-content\/uploads\/2026\/04\/sapato-vermelho--1024x576.jpg\" alt=\"\" class=\"wp-image-188198\" srcset=\"https:\/\/www.em.com.br\/emfoco\/wp-content\/uploads\/2026\/04\/sapato-vermelho--1024x576.jpg 1024w, https:\/\/www.em.com.br\/emfoco\/wp-content\/uploads\/2026\/04\/sapato-vermelho--300x169.jpg 300w, https:\/\/www.em.com.br\/emfoco\/wp-content\/uploads\/2026\/04\/sapato-vermelho--768x432.jpg 768w, https:\/\/www.em.com.br\/emfoco\/wp-content\/uploads\/2026\/04\/sapato-vermelho--750x422.jpg 750w, https:\/\/www.em.com.br\/emfoco\/wp-content\/uploads\/2026\/04\/sapato-vermelho--1140x641.jpg 1140w, https:\/\/www.em.com.br\/emfoco\/wp-content\/uploads\/2026\/04\/sapato-vermelho-.jpg 1280w\" sizes=\"auto, (max-width: 1024px) 100vw, 1024px\" \/><figcaption class=\"wp-element-caption\">A escolha dos complementos certos \u00e9 essencial para que o look com sapatos vermelhos<\/figcaption><\/figure>\n\n\n\n<p>Leia tamb\u00e9m: <a href=\"https:\/\/www.em.com.br\/emfoco\/2026\/04\/23\/adeus-aos-sapatos-pesados-a-modelagem-que-promete-conforto-e-sofisticacao-para-2026\/\" target=\"_blank\" rel=\"noreferrer noopener\">Adeus aos sapatos pesados: a modelagem que promete conforto e sofistica\u00e7\u00e3o para 2026<\/a><\/p>\n\n\n\n<h2 class=\"wp-block-heading\">A ousadia das cores an\u00e1logas e o c\u00edrculo crom\u00e1tico<\/h2>\n\n\n\n<p>Misturar o vermelho com tons de rosa ou laranja cria uma composi\u00e7\u00e3o an\u00e1loga que est\u00e1 no topo das tend\u00eancias de moda mundiais. Essa paleta vibrante transmite uma <strong>energia contagiante<\/strong> e demonstra que voc\u00ea tem total dom\u00ednio sobre as regras de estilo contempor\u00e2neas. O contraste entre o rosa-choque e o <strong>sapato vermelho<\/strong> resulta em uma produ\u00e7\u00e3o fashionista que <strong>atrai olhares positivos<\/strong>.<\/p>\n\n\n\n<p>Se o seu objetivo \u00e9 um visual de alto impacto, apostar no verde como cor complementar \u00e9 a escolha mais estrat\u00e9gica. Tons de verde-militar ou oliva trazem uma <strong>modernidade imediata<\/strong> e quebram a obviedade das combina\u00e7\u00f5es tradicionais que vemos nas ruas. Voc\u00ea consegue <strong>equilibrar os tons<\/strong> de forma harm\u00f4nica ao utilizar acess\u00f3rios em cores mais discretas para finalizar o seu visual di\u00e1rio.<\/p>\n\n\n\n<ol class=\"wp-block-list\">\n<li>Misture texturas como couro e l\u00e3 para <strong>gerar interesse<\/strong> visual.<\/li>\n\n\n\n<li>Use o vermelho em bolsas ou cintos para criar unidade.<\/li>\n\n\n\n<li>Aposte em estampas como animal print para um visual <strong>ousado e luxuoso<\/strong>.<\/li>\n<\/ol>\n\n\n\n<p>Para voc\u00ea que gosta de se cuidar, separamos um v\u00eddeo do canal da <a href=\"https:\/\/www.youtube.com\/@LucianeCachinski\">Luciane Cachinski<\/a> com dicas para usar sapato vermelho:<\/p>\n\n\n\n<figure class=\"wp-block-embed is-type-video is-provider-youtube wp-block-embed-youtube wp-embed-aspect-16-9 wp-has-aspect-ratio\"><div class=\"wp-block-embed__wrapper\">\n<div class=\"jeg_video_container jeg_video_content\"><iframe loading=\"lazy\" title=\"LOOKS COM SAPATO VERMELHO | Moda\" width=\"500\" height=\"281\" src=\"https:\/\/www.youtube.com\/embed\/SoJ2Sl42yVM?start=1&#038;feature=oembed\" frameborder=\"0\" allow=\"accelerometer; autoplay; clipboard-write; encrypted-media; gyroscope; picture-in-picture; web-share\" referrerpolicy=\"strict-origin-when-cross-origin\" allowfullscreen><\/iframe><\/div>\n<\/div><\/figure>\n\n\n\n<h2 class=\"wp-block-heading\">O segredo do ponto de cor em looks monocrom\u00e1ticos<\/h2>\n\n\n\n<p>Utilizar o cal\u00e7ado como o \u00fanico elemento colorido em um visual totalmente neutro \u00e9 uma t\u00e9cnica cl\u00e1ssica de consultoria de imagem. Esse truque de estilo ajuda a <strong>alongar a silhueta<\/strong> e mant\u00e9m o foco visual em um ponto estrat\u00e9gico de sua escolha. Um t\u00eanis ou sapatilha pode <strong>trazer jovialidade<\/strong> para roupas que parecem excessivamente s\u00e9rias ou muito formais para a ocasi\u00e3o.<\/p>\n\n\n\n<p>N\u00e3o tenha medo de experimentar diferentes modelos, desde o cl\u00e1ssico scarpin at\u00e9 as modernas sand\u00e1lias de tiras finas. Cada varia\u00e7\u00e3o de design permite que voc\u00ea <strong>adapte a tend\u00eancia<\/strong> ao seu pr\u00f3prio estilo pessoal e \u00e0s necessidades da sua agenda. O seu cal\u00e7ado novo certamente vai <strong>proporcionar uma seguran\u00e7a<\/strong> renovada para enfrentar qualquer desafio com muita personalidade e vigor.<\/p>\n","protected":false},"excerpt":{"rendered":"<p>O cal\u00e7ado vibrante deixou de ser um item exclusivo para festas e tornou-se um acess\u00f3rio indispens\u00e1vel no guarda-roupa de quem deseja expressar autenticidade. Aprender a dominar o uso do sapato vermelho permite que voc\u00ea transite entre o visual casual e o formal com absoluta confian\u00e7a e eleg\u00e2ncia. Combina\u00e7\u00f5es certeiras com tons neutros para o dia [&hellip;]<\/p>\n","protected":false},"author":9,"featured_media":201789,"comment_status":"open","ping_status":"open","sticky":false,"template":"","format":"standard","meta":{"jnews-multi-image_gallery":[],"jnews_single_post":{"format":"standard"},"jnews_primary_category":[],"jnews_social_meta":[],"jnews_override_counter":[],"footnotes":""},"categories":[8691,29],"tags":[29009,14398,7062],"class_list":["post-201732","post","type-post","status-publish","format-standard","has-post-thumbnail","hentry","category-bem-estar","category-entretenimento","tag-combinacao-de-cores","tag-dicas-de-estilo","tag-moda-feminina"],"yoast_head":"<!-- This site is optimized with the Yoast SEO plugin v23.8 - https:\/\/yoast.com\/wordpress\/plugins\/seo\/ -->\n<title>Adeus a inseguran\u00e7a fashion, a t\u00e9cnica simples para usar cores fortes e atrair olhares positivos - Estado de Minas - Em foco<\/title>\n<meta name=\"description\" content=\"O sapato vermelho \u00e9 o acess\u00f3rio ideal para elevar o seu estilo. Aprenda combina\u00e7\u00f5es modernas com tons neutros e cores vibrantes para arrasar.\" \/>\n<meta name=\"robots\" content=\"index, follow, max-snippet:-1, max-image-preview:large, max-video-preview:-1\" \/>\n<link rel=\"canonical\" href=\"https:\/\/www.em.com.br\/emfoco\/2026\/04\/30\/adeus-inseguranca-fashion-a-tecnica-simples-para-usar-cores-fortes-e-atrair-olhares-positivos\/\" \/>\n<meta property=\"og:locale\" content=\"pt_BR\" \/>\n<meta property=\"og:type\" content=\"article\" \/>\n<meta property=\"og:title\" content=\"Adeus a inseguran\u00e7a fashion, a t\u00e9cnica simples para usar cores fortes e atrair olhares positivos - Estado de Minas - Em foco\" \/>\n<meta property=\"og:description\" content=\"O sapato vermelho \u00e9 o acess\u00f3rio ideal para elevar o seu estilo. Aprenda combina\u00e7\u00f5es modernas com tons neutros e cores vibrantes para arrasar.\" \/>\n<meta property=\"og:url\" content=\"https:\/\/www.em.com.br\/emfoco\/2026\/04\/30\/adeus-inseguranca-fashion-a-tecnica-simples-para-usar-cores-fortes-e-atrair-olhares-positivos\/\" \/>\n<meta property=\"og:site_name\" content=\"Estado de Minas - Em foco\" \/>\n<meta property=\"article:published_time\" content=\"2026-04-30T22:15:00+00:00\" \/>\n<meta property=\"article:modified_time\" content=\"2026-04-29T22:41:23+00:00\" \/>\n<meta property=\"og:image\" content=\"https:\/\/www.em.com.br\/emfoco\/wp-content\/uploads\/2026\/04\/EmFoco_64-5.jpg\" \/>\n\t<meta property=\"og:image:width\" content=\"1280\" \/>\n\t<meta property=\"og:image:height\" content=\"720\" \/>\n\t<meta property=\"og:image:type\" content=\"image\/jpeg\" \/>\n<meta name=\"author\" content=\"Daniely Cardoso\" \/>\n<meta name=\"twitter:card\" content=\"summary_large_image\" \/>\n<meta name=\"twitter:label1\" content=\"Escrito por\" \/>\n\t<meta name=\"twitter:data1\" content=\"Daniely Cardoso\" \/>\n\t<meta name=\"twitter:label2\" content=\"Est. tempo de leitura\" \/>\n\t<meta name=\"twitter:data2\" content=\"4 minutos\" \/>\n<!-- \/ Yoast SEO plugin. -->","yoast_head_json":{"title":"Adeus a inseguran\u00e7a fashion, a t\u00e9cnica simples para usar cores fortes e atrair olhares positivos - Estado de Minas - Em foco","description":"O sapato vermelho \u00e9 o acess\u00f3rio ideal para elevar o seu estilo. Aprenda combina\u00e7\u00f5es modernas com tons neutros e cores vibrantes para arrasar.","robots":{"index":"index","follow":"follow","max-snippet":"max-snippet:-1","max-image-preview":"max-image-preview:large","max-video-preview":"max-video-preview:-1"},"canonical":"https:\/\/www.em.com.br\/emfoco\/2026\/04\/30\/adeus-inseguranca-fashion-a-tecnica-simples-para-usar-cores-fortes-e-atrair-olhares-positivos\/","og_locale":"pt_BR","og_type":"article","og_title":"Adeus a inseguran\u00e7a fashion, a t\u00e9cnica simples para usar cores fortes e atrair olhares positivos - Estado de Minas - Em foco","og_description":"O sapato vermelho \u00e9 o acess\u00f3rio ideal para elevar o seu estilo. Aprenda combina\u00e7\u00f5es modernas com tons neutros e cores vibrantes para arrasar.","og_url":"https:\/\/www.em.com.br\/emfoco\/2026\/04\/30\/adeus-inseguranca-fashion-a-tecnica-simples-para-usar-cores-fortes-e-atrair-olhares-positivos\/","og_site_name":"Estado de Minas - Em foco","article_published_time":"2026-04-30T22:15:00+00:00","article_modified_time":"2026-04-29T22:41:23+00:00","og_image":[{"width":1280,"height":720,"url":"https:\/\/www.em.com.br\/emfoco\/wp-content\/uploads\/2026\/04\/EmFoco_64-5.jpg","type":"image\/jpeg"}],"author":"Daniely Cardoso","twitter_card":"summary_large_image","twitter_misc":{"Escrito por":"Daniely Cardoso","Est. tempo de leitura":"4 minutos"},"schema":{"@context":"https:\/\/schema.org","@graph":[{"@type":"WebPage","@id":"https:\/\/www.em.com.br\/emfoco\/2026\/04\/30\/adeus-inseguranca-fashion-a-tecnica-simples-para-usar-cores-fortes-e-atrair-olhares-positivos\/","url":"https:\/\/www.em.com.br\/emfoco\/2026\/04\/30\/adeus-inseguranca-fashion-a-tecnica-simples-para-usar-cores-fortes-e-atrair-olhares-positivos\/","name":"Adeus a inseguran\u00e7a fashion, a t\u00e9cnica simples para usar cores fortes e atrair olhares positivos - Estado de Minas - Em foco","isPartOf":{"@id":"https:\/\/www.em.com.br\/emfoco\/#website"},"primaryImageOfPage":{"@id":"https:\/\/www.em.com.br\/emfoco\/2026\/04\/30\/adeus-inseguranca-fashion-a-tecnica-simples-para-usar-cores-fortes-e-atrair-olhares-positivos\/#primaryimage"},"image":{"@id":"https:\/\/www.em.com.br\/emfoco\/2026\/04\/30\/adeus-inseguranca-fashion-a-tecnica-simples-para-usar-cores-fortes-e-atrair-olhares-positivos\/#primaryimage"},"thumbnailUrl":"https:\/\/www.em.com.br\/emfoco\/wp-content\/uploads\/2026\/04\/EmFoco_64-5.jpg","datePublished":"2026-04-30T22:15:00+00:00","dateModified":"2026-04-29T22:41:23+00:00","author":{"@id":"https:\/\/www.em.com.br\/emfoco\/#\/schema\/person\/0a8186d72f2c3a5c6276d90b41f271a0"},"description":"O sapato vermelho \u00e9 o acess\u00f3rio ideal para elevar o seu estilo. Aprenda combina\u00e7\u00f5es modernas com tons neutros e cores vibrantes para arrasar.","breadcrumb":{"@id":"https:\/\/www.em.com.br\/emfoco\/2026\/04\/30\/adeus-inseguranca-fashion-a-tecnica-simples-para-usar-cores-fortes-e-atrair-olhares-positivos\/#breadcrumb"},"inLanguage":"pt-BR","potentialAction":[{"@type":"ReadAction","target":["https:\/\/www.em.com.br\/emfoco\/2026\/04\/30\/adeus-inseguranca-fashion-a-tecnica-simples-para-usar-cores-fortes-e-atrair-olhares-positivos\/"]}]},{"@type":"ImageObject","inLanguage":"pt-BR","@id":"https:\/\/www.em.com.br\/emfoco\/2026\/04\/30\/adeus-inseguranca-fashion-a-tecnica-simples-para-usar-cores-fortes-e-atrair-olhares-positivos\/#primaryimage","url":"https:\/\/www.em.com.br\/emfoco\/wp-content\/uploads\/2026\/04\/EmFoco_64-5.jpg","contentUrl":"https:\/\/www.em.com.br\/emfoco\/wp-content\/uploads\/2026\/04\/EmFoco_64-5.jpg","width":1280,"height":720,"caption":"Cal\u00e7ado vibrante atua como ponto de cor estrat\u00e9gico em produ\u00e7\u00f5es neutras e modernas"},{"@type":"BreadcrumbList","@id":"https:\/\/www.em.com.br\/emfoco\/2026\/04\/30\/adeus-inseguranca-fashion-a-tecnica-simples-para-usar-cores-fortes-e-atrair-olhares-positivos\/#breadcrumb","itemListElement":[{"@type":"ListItem","position":1,"name":"In\u00edcio","item":"https:\/\/www.em.com.br\/emfoco\/"},{"@type":"ListItem","position":2,"name":"Adeus a inseguran\u00e7a fashion, a t\u00e9cnica simples para usar cores fortes e atrair olhares positivos"}]},{"@type":"WebSite","@id":"https:\/\/www.em.com.br\/emfoco\/#website","url":"https:\/\/www.em.com.br\/emfoco\/","name":"Estado de Minas - Em foco","description":"Acompanhe as \u00faltimas not\u00edcias e fique bem informado sobre tudo o que acontece em Minas Gerais, Brasil e no mundo.","potentialAction":[{"@type":"SearchAction","target":{"@type":"EntryPoint","urlTemplate":"https:\/\/www.em.com.br\/emfoco\/?s={search_term_string}"},"query-input":{"@type":"PropertyValueSpecification","valueRequired":true,"valueName":"search_term_string"}}],"inLanguage":"pt-BR"},{"@type":"Person","@id":"https:\/\/www.em.com.br\/emfoco\/#\/schema\/person\/0a8186d72f2c3a5c6276d90b41f271a0","name":"Daniely Cardoso","image":{"@type":"ImageObject","inLanguage":"pt-BR","@id":"https:\/\/www.em.com.br\/emfoco\/#\/schema\/person\/image\/","url":"https:\/\/secure.gravatar.com\/avatar\/4b80ddbd124d1f071b626d52d62e5dff?s=96&d=mm&r=g","contentUrl":"https:\/\/secure.gravatar.com\/avatar\/4b80ddbd124d1f071b626d52d62e5dff?s=96&d=mm&r=g","caption":"Daniely Cardoso"},"url":"https:\/\/www.em.com.br\/emfoco\/author\/danielymyth\/"}]}},"_links":{"self":[{"href":"https:\/\/www.em.com.br\/emfoco\/wp-json\/wp\/v2\/posts\/201732","targetHints":{"allow":["GET"]}}],"collection":[{"href":"https:\/\/www.em.com.br\/emfoco\/wp-json\/wp\/v2\/posts"}],"about":[{"href":"https:\/\/www.em.com.br\/emfoco\/wp-json\/wp\/v2\/types\/post"}],"author":[{"embeddable":true,"href":"https:\/\/www.em.com.br\/emfoco\/wp-json\/wp\/v2\/users\/9"}],"replies":[{"embeddable":true,"href":"https:\/\/www.em.com.br\/emfoco\/wp-json\/wp\/v2\/comments?post=201732"}],"version-history":[{"count":2,"href":"https:\/\/www.em.com.br\/emfoco\/wp-json\/wp\/v2\/posts\/201732\/revisions"}],"predecessor-version":[{"id":201738,"href":"https:\/\/www.em.com.br\/emfoco\/wp-json\/wp\/v2\/posts\/201732\/revisions\/201738"}],"wp:featuredmedia":[{"embeddable":true,"href":"https:\/\/www.em.com.br\/emfoco\/wp-json\/wp\/v2\/media\/201789"}],"wp:attachment":[{"href":"https:\/\/www.em.com.br\/emfoco\/wp-json\/wp\/v2\/media?parent=201732"}],"wp:term":[{"taxonomy":"category","embeddable":true,"href":"https:\/\/www.em.com.br\/emfoco\/wp-json\/wp\/v2\/categories?post=201732"},{"taxonomy":"post_tag","embeddable":true,"href":"https:\/\/www.em.com.br\/emfoco\/wp-json\/wp\/v2\/tags?post=201732"}],"curies":[{"name":"wp","href":"https:\/\/api.w.org\/{rel}","templated":true}]}}