{"id":201726,"date":"2026-04-30T18:15:00","date_gmt":"2026-04-30T21:15:00","guid":{"rendered":"https:\/\/www.em.com.br\/emfoco\/?p=201726"},"modified":"2026-04-29T19:42:36","modified_gmt":"2026-04-29T22:42:36","slug":"o-erro-comum-ao-lavar-o-cabelo-que-irrita-o-couro-cabeludo-e-aumenta-sua-caspa","status":"publish","type":"post","link":"https:\/\/www.em.com.br\/emfoco\/2026\/04\/30\/o-erro-comum-ao-lavar-o-cabelo-que-irrita-o-couro-cabeludo-e-aumenta-sua-caspa\/","title":{"rendered":"O erro comum ao lavar o cabelo que irrita o couro cabeludo e aumenta sua caspa"},"content":{"rendered":"\n<p>Ter um couro cabeludo saud\u00e1vel \u00e9 o desejo de muitas pessoas que sofrem com a descama\u00e7\u00e3o vis\u00edvel nos fios. Existem m\u00e9todos eficazes para <strong>acabar com caspa<\/strong> sem comprometer a <strong>hidrata\u00e7\u00e3o natural<\/strong> das <strong>mechas femininas<\/strong>.<\/p>\n\n\n\n<h2 class=\"wp-block-heading\">Por que a descama\u00e7\u00e3o capilar afeta tanto o p\u00fablico feminino?<\/h2>\n\n\n\n<p>O desequil\u00edbrio na produ\u00e7\u00e3o de <strong>oleosidade<\/strong> costuma gerar <strong>pequenos flocos<\/strong> brancos que incomodam durante o dia. Fatores hormonais e o uso excessivo de produtos qu\u00edmicos contribuem para o surgimento desse <strong>problema est\u00e9tico<\/strong> recorrente. Muitas mulheres buscam alternativas vi\u00e1veis para tratar a raiz sem danificar a estrutura dos cabelos longos.<\/p>\n\n\n\n<p>A sensibilidade do couro cabeludo exige que o tratamento seja feito com <strong>extremo cuidado<\/strong> e muita paci\u00eancia. Evitar o ac\u00famulo de res\u00edduos ajuda a <strong>manter os poros<\/strong> sempre livres para a respira\u00e7\u00e3o cut\u00e2nea necess\u00e1ria. \u00c9 perfeitamente poss\u00edvel <strong>reverter a descama\u00e7\u00e3o<\/strong> ao adotar novos h\u00e1bitos de higiene pessoal.<\/p>\n\n\n\n<figure class=\"wp-block-image size-large\"><img loading=\"lazy\" decoding=\"async\" width=\"1024\" height=\"576\" src=\"https:\/\/www.em.com.br\/emfoco\/wp-content\/uploads\/2026\/04\/caspa-1024x576.jpg\" alt=\"acabar com caspa\" class=\"wp-image-189785\" srcset=\"https:\/\/www.em.com.br\/emfoco\/wp-content\/uploads\/2026\/04\/caspa-1024x576.jpg 1024w, https:\/\/www.em.com.br\/emfoco\/wp-content\/uploads\/2026\/04\/caspa-300x169.jpg 300w, https:\/\/www.em.com.br\/emfoco\/wp-content\/uploads\/2026\/04\/caspa-768x432.jpg 768w, https:\/\/www.em.com.br\/emfoco\/wp-content\/uploads\/2026\/04\/caspa-750x422.jpg 750w, https:\/\/www.em.com.br\/emfoco\/wp-content\/uploads\/2026\/04\/caspa-1140x641.jpg 1140w, https:\/\/www.em.com.br\/emfoco\/wp-content\/uploads\/2026\/04\/caspa.jpg 1280w\" sizes=\"auto, (max-width: 1024px) 100vw, 1024px\" \/><figcaption class=\"wp-element-caption\">O desequil\u00edbrio na produ\u00e7\u00e3o de oleosidade costuma gerar pequenos flocos brancos que incomodam durante o dia.<\/figcaption><\/figure>\n\n\n\n<p>Leia tamb\u00e9m: <a href=\"https:\/\/www.em.com.br\/emfoco\/2026\/02\/20\/seu-cabelo-pode-estar-sofrendo-sem-voce-perceber-o-erro-comum-na-rotina-de-cuidado-capilar\/\" target=\"_blank\" rel=\"noreferrer noopener\">Seu cabelo pode estar sofrendo sem voc\u00ea perceber: o erro comum na rotina de cuidado capilar<\/a><\/p>\n\n\n\n<h2 class=\"wp-block-heading\">M\u00e9todos caseiros ajudam a acabar com caspa de forma natural?<\/h2>\n\n\n\n<p>O uso de \u00f3leos vegetais com propriedades antif\u00fangicas tem ganhado destaque nas rotinas de cuidados dom\u00e9sticos. Essas subst\u00e2ncias ajudam a <strong>acalmar a irrita\u00e7\u00e3o<\/strong> e reduzem a <strong>coceira<\/strong> provocada pelo excesso de ressecamento. Algumas pr\u00e1ticas simples facilitam a aplica\u00e7\u00e3o de ingredientes naturais para <strong>limpar a raiz<\/strong> de maneira profunda.<\/p>\n\n\n\n<p>A combina\u00e7\u00e3o de elementos \u00e1cidos com hidrata\u00e7\u00e3o intensa equilibra o pH da regi\u00e3o afetada sem causar danos colaterais. Seguir alguns passos espec\u00edficos garante que os ativos <strong>penetrem no fol\u00edculo<\/strong> com <strong>maior efici\u00eancia<\/strong> biol\u00f3gica. Veja estas op\u00e7\u00f5es para <strong>potencializar o tratamento<\/strong> em sua pr\u00f3pria casa:<\/p>\n\n\n\n<ul class=\"wp-block-list\">\n<li>Diluir vinagre de ma\u00e7\u00e3 em \u00e1gua para <strong>selar as cut\u00edculas<\/strong> e equilibrar a acidez.<\/li>\n\n\n\n<li>Aplicar gel de babosa para <strong>hidratar profundamente<\/strong> a derme irritada do cr\u00e2nio.<\/li>\n\n\n\n<li>Massagear o couro cabeludo com \u00f3leo de melaleuca para <strong>combater os fungos<\/strong> naturais.<\/li>\n\n\n\n<li>Enxaguar bem os fios com \u00e1gua fria para <strong>fechar os poros<\/strong> ap\u00f3s a lavagem.<\/li>\n<\/ul>\n\n\n\n<p>Para voc\u00ea que gosta de se cuidar, separamos um v\u00eddeo do canal da <a href=\"https:\/\/www.youtube.com\/@DraMarinaHayashida\" target=\"_blank\" rel=\"noreferrer noopener\">Dra. Marina Hayashida<\/a> com dicas apra tratar a caspa:<\/p>\n\n\n\n<figure class=\"wp-block-embed is-type-video is-provider-youtube wp-block-embed-youtube wp-embed-aspect-16-9 wp-has-aspect-ratio\"><div class=\"wp-block-embed__wrapper\">\n<div class=\"jeg_video_container jeg_video_content\"><iframe loading=\"lazy\" title=\"VEJA como ACABAR com a sua CASPA!\" width=\"500\" height=\"281\" src=\"https:\/\/www.youtube.com\/embed\/c6aiVj1qvCg?start=1&#038;feature=oembed\" frameborder=\"0\" allow=\"accelerometer; autoplay; clipboard-write; encrypted-media; gyroscope; picture-in-picture; web-share\" referrerpolicy=\"strict-origin-when-cross-origin\" allowfullscreen><\/iframe><\/div>\n<\/div><\/figure>\n\n\n\n<h2 class=\"wp-block-heading\">Como escolher os produtos certos para acabar com caspa sem ressecar?<\/h2>\n\n\n\n<p>Selecionar o shampoo ideal requer uma an\u00e1lise cuidadosa dos componentes qu\u00edmicos presentes no r\u00f3tulo do produto. F\u00f3rmulas que cont\u00eam piritionato de zinco ou cetoconazol costumam <strong>oferecer resultados r\u00e1pidos<\/strong> contra a descama\u00e7\u00e3o persistente. O foco deve ser <strong>eliminar a inflama\u00e7\u00e3o<\/strong> enquanto preserva a <strong>integridade da fibra<\/strong> capilar feminina.<\/p>\n\n\n\n<p>Muitas f\u00f3rmulas modernas associam agentes de limpeza potentes com ativos condicionantes que evitam o aspecto espigado. Voc\u00ea deve <strong>aplicar o produto<\/strong> apenas na <strong>base dos fios<\/strong> para evitar o ressecamento das pontas sens\u00edveis. Essa estrat\u00e9gia inteligente ajuda a <strong>manter o brilho<\/strong> natural das madeixas durante todo o tratamento.<\/p>\n\n\n\n<figure class=\"wp-block-embed is-type-rich is-provider-pinterest wp-block-embed-pinterest\"><div class=\"wp-block-embed__wrapper\">\n<iframe loading=\"lazy\" title=\"Se voc\u00ea est\u00e1 enfrentando problemas como caspa, problemas de pele, ou mesmo querendo estimular o Crescimento capilar, diversas op\u00e7\u00f5es de Tratamento queda capilar est\u00e3o dispon\u00edveis em vers\u00e3o pele e vers\u00e3o cabelo. Al\u00e9m disso, oferecemos Tratamentos de pele para manchas e Tratamentos de pele para espinhas. Essas abordagens integradas visam melhorar a sa\u00fade do seu couro cabeludo e pele, proporcionando resultados duradouros.\" src=\"https:\/\/assets.pinterest.com\/ext\/embed.html?id=1077345542094053369&#038;src=oembed\" height=\"899\" width=\"450\" frameborder=\"0\" scrolling=\"no\" ><\/iframe>\n<\/div><\/figure>\n\n\n\n<h2 class=\"wp-block-heading\">Rotina de lavagem adequada para acabar com caspa definitivamente<\/h2>\n\n\n\n<p>A temperatura da \u00e1gua durante o banho exerce um impacto direto na sa\u00fade da pele da cabe\u00e7a. Evitar o calor excessivo impede que as gl\u00e2ndulas seb\u00e1ceas <strong>produzam mais gordura<\/strong> como forma de prote\u00e7\u00e3o natural. Lavar os cabelos em dias alternados ajuda a <strong>remover a sujeira<\/strong> acumulada sem remover a <strong>hidrata\u00e7\u00e3o protetora<\/strong>.<\/p>\n\n\n\n<p>A massagem suave com a ponta dos dedos estimula a circula\u00e7\u00e3o sangu\u00ednea e facilita a <strong>expuls\u00e3o das escamas<\/strong> brancas. \u00c9 importante <strong>enxaguar totalmente<\/strong> qualquer resqu\u00edcio de condicionador para n\u00e3o obstruir os fol\u00edculos pilosos saud\u00e1veis. Manter o couro cabeludo seco ap\u00f3s o banho <strong>evita a prolifera\u00e7\u00e3o<\/strong> de microorganismos indesejados.<\/p>\n\n\n\n<h2 class=\"wp-block-heading\">Dicas pr\u00e1ticas para manter a sa\u00fade do couro cabeludo sempre em dia<\/h2>\n\n\n\n<p>Busque sempre o equil\u00edbrio entre a limpeza profunda e a nutri\u00e7\u00e3o necess\u00e1ria para seus fios. Escolha tratamentos que <strong>respeitem sua biologia<\/strong> \u00fanica para <strong>obter sucesso<\/strong> no longo prazo. O autocuidado constante <strong>gera benef\u00edcios vis\u00edveis<\/strong> na apar\u00eancia da sua moldura facial.<\/p>\n\n\n\n<p>Mantenha a paci\u00eancia durante o processo de regenera\u00e7\u00e3o da sua barreira cut\u00e2nea capilar. Utilize as ferramentas dispon\u00edveis para <strong>fortalecer sua autoestima<\/strong> atrav\u00e9s de um <strong>visual saud\u00e1vel<\/strong>. O brilho natural <strong>ser\u00e1 a consequ\u00eancia<\/strong> direta de uma rotina bem planejada.<\/p>\n","protected":false},"excerpt":{"rendered":"<p>Ter um couro cabeludo saud\u00e1vel \u00e9 o desejo de muitas pessoas que sofrem com a descama\u00e7\u00e3o vis\u00edvel nos fios. Existem m\u00e9todos eficazes para acabar com caspa sem comprometer a hidrata\u00e7\u00e3o natural das mechas femininas. Por que a descama\u00e7\u00e3o capilar afeta tanto o p\u00fablico feminino? O desequil\u00edbrio na produ\u00e7\u00e3o de oleosidade costuma gerar pequenos flocos brancos [&hellip;]<\/p>\n","protected":false},"author":9,"featured_media":201788,"comment_status":"open","ping_status":"open","sticky":false,"template":"","format":"standard","meta":{"jnews-multi-image_gallery":[],"jnews_single_post":{"format":"standard"},"jnews_primary_category":[],"jnews_social_meta":[],"jnews_override_counter":[],"footnotes":""},"categories":[8691,8819],"tags":[29008,5045,5908],"class_list":["post-201726","post","type-post","status-publish","format-standard","has-post-thumbnail","hentry","category-bem-estar","category-curiosidades","tag-cuidado-feminino","tag-saude-capilar","tag-tratamento-capilar"],"yoast_head":"<!-- This site is optimized with the Yoast SEO plugin v23.8 - https:\/\/yoast.com\/wordpress\/plugins\/seo\/ -->\n<title>O erro comum ao lavar o cabelo que irrita o couro cabeludo e aumenta sua caspa - Estado de Minas - Em foco<\/title>\n<meta name=\"description\" content=\"Lidar com a descama\u00e7\u00e3o capilar exige m\u00e9todos que preservem o brilho dos fios. Saiba como acabar com caspa com t\u00e9cnicas simples e eficientes.\" \/>\n<meta name=\"robots\" content=\"index, follow, max-snippet:-1, max-image-preview:large, max-video-preview:-1\" \/>\n<link rel=\"canonical\" href=\"https:\/\/www.em.com.br\/emfoco\/2026\/04\/30\/o-erro-comum-ao-lavar-o-cabelo-que-irrita-o-couro-cabeludo-e-aumenta-sua-caspa\/\" \/>\n<meta property=\"og:locale\" content=\"pt_BR\" \/>\n<meta property=\"og:type\" content=\"article\" \/>\n<meta property=\"og:title\" content=\"O erro comum ao lavar o cabelo que irrita o couro cabeludo e aumenta sua caspa - Estado de Minas - Em foco\" \/>\n<meta property=\"og:description\" content=\"Lidar com a descama\u00e7\u00e3o capilar exige m\u00e9todos que preservem o brilho dos fios. Saiba como acabar com caspa com t\u00e9cnicas simples e eficientes.\" \/>\n<meta property=\"og:url\" content=\"https:\/\/www.em.com.br\/emfoco\/2026\/04\/30\/o-erro-comum-ao-lavar-o-cabelo-que-irrita-o-couro-cabeludo-e-aumenta-sua-caspa\/\" \/>\n<meta property=\"og:site_name\" content=\"Estado de Minas - Em foco\" \/>\n<meta property=\"article:published_time\" content=\"2026-04-30T21:15:00+00:00\" \/>\n<meta property=\"article:modified_time\" content=\"2026-04-29T22:42:36+00:00\" \/>\n<meta property=\"og:image\" content=\"https:\/\/www.em.com.br\/emfoco\/wp-content\/uploads\/2026\/04\/EmFoco_65-5.jpg\" \/>\n\t<meta property=\"og:image:width\" content=\"1280\" \/>\n\t<meta property=\"og:image:height\" content=\"720\" \/>\n\t<meta property=\"og:image:type\" content=\"image\/jpeg\" \/>\n<meta name=\"author\" content=\"Daniely Cardoso\" \/>\n<meta name=\"twitter:card\" content=\"summary_large_image\" \/>\n<meta name=\"twitter:label1\" content=\"Escrito por\" \/>\n\t<meta name=\"twitter:data1\" content=\"Daniely Cardoso\" \/>\n\t<meta name=\"twitter:label2\" content=\"Est. tempo de leitura\" \/>\n\t<meta name=\"twitter:data2\" content=\"5 minutos\" \/>\n<!-- \/ Yoast SEO plugin. -->","yoast_head_json":{"title":"O erro comum ao lavar o cabelo que irrita o couro cabeludo e aumenta sua caspa - Estado de Minas - Em foco","description":"Lidar com a descama\u00e7\u00e3o capilar exige m\u00e9todos que preservem o brilho dos fios. Saiba como acabar com caspa com t\u00e9cnicas simples e eficientes.","robots":{"index":"index","follow":"follow","max-snippet":"max-snippet:-1","max-image-preview":"max-image-preview:large","max-video-preview":"max-video-preview:-1"},"canonical":"https:\/\/www.em.com.br\/emfoco\/2026\/04\/30\/o-erro-comum-ao-lavar-o-cabelo-que-irrita-o-couro-cabeludo-e-aumenta-sua-caspa\/","og_locale":"pt_BR","og_type":"article","og_title":"O erro comum ao lavar o cabelo que irrita o couro cabeludo e aumenta sua caspa - Estado de Minas - Em foco","og_description":"Lidar com a descama\u00e7\u00e3o capilar exige m\u00e9todos que preservem o brilho dos fios. Saiba como acabar com caspa com t\u00e9cnicas simples e eficientes.","og_url":"https:\/\/www.em.com.br\/emfoco\/2026\/04\/30\/o-erro-comum-ao-lavar-o-cabelo-que-irrita-o-couro-cabeludo-e-aumenta-sua-caspa\/","og_site_name":"Estado de Minas - Em foco","article_published_time":"2026-04-30T21:15:00+00:00","article_modified_time":"2026-04-29T22:42:36+00:00","og_image":[{"width":1280,"height":720,"url":"https:\/\/www.em.com.br\/emfoco\/wp-content\/uploads\/2026\/04\/EmFoco_65-5.jpg","type":"image\/jpeg"}],"author":"Daniely Cardoso","twitter_card":"summary_large_image","twitter_misc":{"Escrito por":"Daniely Cardoso","Est. tempo de leitura":"5 minutos"},"schema":{"@context":"https:\/\/schema.org","@graph":[{"@type":"WebPage","@id":"https:\/\/www.em.com.br\/emfoco\/2026\/04\/30\/o-erro-comum-ao-lavar-o-cabelo-que-irrita-o-couro-cabeludo-e-aumenta-sua-caspa\/","url":"https:\/\/www.em.com.br\/emfoco\/2026\/04\/30\/o-erro-comum-ao-lavar-o-cabelo-que-irrita-o-couro-cabeludo-e-aumenta-sua-caspa\/","name":"O erro comum ao lavar o cabelo que irrita o couro cabeludo e aumenta sua caspa - Estado de Minas - Em foco","isPartOf":{"@id":"https:\/\/www.em.com.br\/emfoco\/#website"},"primaryImageOfPage":{"@id":"https:\/\/www.em.com.br\/emfoco\/2026\/04\/30\/o-erro-comum-ao-lavar-o-cabelo-que-irrita-o-couro-cabeludo-e-aumenta-sua-caspa\/#primaryimage"},"image":{"@id":"https:\/\/www.em.com.br\/emfoco\/2026\/04\/30\/o-erro-comum-ao-lavar-o-cabelo-que-irrita-o-couro-cabeludo-e-aumenta-sua-caspa\/#primaryimage"},"thumbnailUrl":"https:\/\/www.em.com.br\/emfoco\/wp-content\/uploads\/2026\/04\/EmFoco_65-5.jpg","datePublished":"2026-04-30T21:15:00+00:00","dateModified":"2026-04-29T22:42:36+00:00","author":{"@id":"https:\/\/www.em.com.br\/emfoco\/#\/schema\/person\/0a8186d72f2c3a5c6276d90b41f271a0"},"description":"Lidar com a descama\u00e7\u00e3o capilar exige m\u00e9todos que preservem o brilho dos fios. Saiba como acabar com caspa com t\u00e9cnicas simples e eficientes.","breadcrumb":{"@id":"https:\/\/www.em.com.br\/emfoco\/2026\/04\/30\/o-erro-comum-ao-lavar-o-cabelo-que-irrita-o-couro-cabeludo-e-aumenta-sua-caspa\/#breadcrumb"},"inLanguage":"pt-BR","potentialAction":[{"@type":"ReadAction","target":["https:\/\/www.em.com.br\/emfoco\/2026\/04\/30\/o-erro-comum-ao-lavar-o-cabelo-que-irrita-o-couro-cabeludo-e-aumenta-sua-caspa\/"]}]},{"@type":"ImageObject","inLanguage":"pt-BR","@id":"https:\/\/www.em.com.br\/emfoco\/2026\/04\/30\/o-erro-comum-ao-lavar-o-cabelo-que-irrita-o-couro-cabeludo-e-aumenta-sua-caspa\/#primaryimage","url":"https:\/\/www.em.com.br\/emfoco\/wp-content\/uploads\/2026\/04\/EmFoco_65-5.jpg","contentUrl":"https:\/\/www.em.com.br\/emfoco\/wp-content\/uploads\/2026\/04\/EmFoco_65-5.jpg","width":1280,"height":720,"caption":"Equil\u00edbrio do pH e ativos antif\u00fangicos eliminam a descama\u00e7\u00e3o sem ressecar os fios"},{"@type":"BreadcrumbList","@id":"https:\/\/www.em.com.br\/emfoco\/2026\/04\/30\/o-erro-comum-ao-lavar-o-cabelo-que-irrita-o-couro-cabeludo-e-aumenta-sua-caspa\/#breadcrumb","itemListElement":[{"@type":"ListItem","position":1,"name":"In\u00edcio","item":"https:\/\/www.em.com.br\/emfoco\/"},{"@type":"ListItem","position":2,"name":"O erro comum ao lavar o cabelo que irrita o couro cabeludo e aumenta sua caspa"}]},{"@type":"WebSite","@id":"https:\/\/www.em.com.br\/emfoco\/#website","url":"https:\/\/www.em.com.br\/emfoco\/","name":"Estado de Minas - Em foco","description":"Acompanhe as \u00faltimas not\u00edcias e fique bem informado sobre tudo o que acontece em Minas Gerais, Brasil e no mundo.","potentialAction":[{"@type":"SearchAction","target":{"@type":"EntryPoint","urlTemplate":"https:\/\/www.em.com.br\/emfoco\/?s={search_term_string}"},"query-input":{"@type":"PropertyValueSpecification","valueRequired":true,"valueName":"search_term_string"}}],"inLanguage":"pt-BR"},{"@type":"Person","@id":"https:\/\/www.em.com.br\/emfoco\/#\/schema\/person\/0a8186d72f2c3a5c6276d90b41f271a0","name":"Daniely Cardoso","image":{"@type":"ImageObject","inLanguage":"pt-BR","@id":"https:\/\/www.em.com.br\/emfoco\/#\/schema\/person\/image\/","url":"https:\/\/secure.gravatar.com\/avatar\/4b80ddbd124d1f071b626d52d62e5dff?s=96&d=mm&r=g","contentUrl":"https:\/\/secure.gravatar.com\/avatar\/4b80ddbd124d1f071b626d52d62e5dff?s=96&d=mm&r=g","caption":"Daniely Cardoso"},"url":"https:\/\/www.em.com.br\/emfoco\/author\/danielymyth\/"}]}},"_links":{"self":[{"href":"https:\/\/www.em.com.br\/emfoco\/wp-json\/wp\/v2\/posts\/201726","targetHints":{"allow":["GET"]}}],"collection":[{"href":"https:\/\/www.em.com.br\/emfoco\/wp-json\/wp\/v2\/posts"}],"about":[{"href":"https:\/\/www.em.com.br\/emfoco\/wp-json\/wp\/v2\/types\/post"}],"author":[{"embeddable":true,"href":"https:\/\/www.em.com.br\/emfoco\/wp-json\/wp\/v2\/users\/9"}],"replies":[{"embeddable":true,"href":"https:\/\/www.em.com.br\/emfoco\/wp-json\/wp\/v2\/comments?post=201726"}],"version-history":[{"count":2,"href":"https:\/\/www.em.com.br\/emfoco\/wp-json\/wp\/v2\/posts\/201726\/revisions"}],"predecessor-version":[{"id":201746,"href":"https:\/\/www.em.com.br\/emfoco\/wp-json\/wp\/v2\/posts\/201726\/revisions\/201746"}],"wp:featuredmedia":[{"embeddable":true,"href":"https:\/\/www.em.com.br\/emfoco\/wp-json\/wp\/v2\/media\/201788"}],"wp:attachment":[{"href":"https:\/\/www.em.com.br\/emfoco\/wp-json\/wp\/v2\/media?parent=201726"}],"wp:term":[{"taxonomy":"category","embeddable":true,"href":"https:\/\/www.em.com.br\/emfoco\/wp-json\/wp\/v2\/categories?post=201726"},{"taxonomy":"post_tag","embeddable":true,"href":"https:\/\/www.em.com.br\/emfoco\/wp-json\/wp\/v2\/tags?post=201726"}],"curies":[{"name":"wp","href":"https:\/\/api.w.org\/{rel}","templated":true}]}}