{"id":201720,"date":"2026-04-30T20:45:00","date_gmt":"2026-04-30T23:45:00","guid":{"rendered":"https:\/\/www.em.com.br\/emfoco\/?p=201720"},"modified":"2026-04-29T19:41:02","modified_gmt":"2026-04-29T22:41:02","slug":"adeus-aos-calcanhares-asperos-a-tecnica-noturna-simples-para-restaurar-a-suavidade-dos-pes","status":"publish","type":"post","link":"https:\/\/www.em.com.br\/emfoco\/2026\/04\/30\/adeus-aos-calcanhares-asperos-a-tecnica-noturna-simples-para-restaurar-a-suavidade-dos-pes\/","title":{"rendered":"Adeus aos calcanhares \u00e1speros, a t\u00e9cnica noturna simples para restaurar a suavidade dos p\u00e9s"},"content":{"rendered":"\n<p>A sa\u00fade da pele das extremidades reflete diretamente o n\u00edvel de aten\u00e7\u00e3o que dedicamos ao <strong>equil\u00edbrio do bem-estar<\/strong> f\u00edsico. Muitas pessoas sofrem com o inc\u00f4modo constante sem saber exatamente como <strong>tratar os p\u00e9s rachados<\/strong> de forma <strong>definitiva e r\u00e1pida<\/strong>.<\/p>\n\n\n\n<h2 class=\"wp-block-heading\">M\u00e9todos caseiros para tratar os p\u00e9s rachados funcionam<\/h2>\n\n\n\n<p>A hidrata\u00e7\u00e3o profunda noturna \u00e9 o primeiro passo para quem deseja recuperar a maciez perdida ao longo dos anos. Voc\u00ea deve aplicar cremes ricos em ur\u00e9ia ou manteiga de karit\u00e9 antes de <strong>dormir com meias<\/strong> de algod\u00e3o. Essa t\u00e9cnica simples ajuda a <strong>reter a umidade<\/strong> natural e acelera o processo de cicatriza\u00e7\u00e3o das fissuras superficiais.<\/p>\n\n\n\n<p>O escalda-p\u00e9s com \u00f3leos essenciais tamb\u00e9m proporciona um al\u00edvio imediato para o ressecamento extremo provocado pelo uso de cal\u00e7ados abertos. \u00c9 fundamental <strong>evitar lixas grossas<\/strong> que removem camadas excessivas de prote\u00e7\u00e3o da derme sens\u00edvel. Voc\u00ea pode optar por esfolia\u00e7\u00f5es suaves que ajudam a <strong>remover c\u00e9lulas mortas<\/strong> sem agredir o tecido saud\u00e1vel subjacente.<\/p>\n\n\n<div class=\"wp-block-image\">\n<figure class=\"aligncenter size-large\"><img loading=\"lazy\" decoding=\"async\" width=\"1024\" height=\"576\" src=\"https:\/\/www.em.com.br\/emfoco\/wp-content\/uploads\/2026\/02\/Gemini_Generated_Image_lrwrcklrwrcklrwr-1-1024x576.png\" alt=\"tratar os p\u00e9s rachados\" class=\"wp-image-164754\" srcset=\"https:\/\/www.em.com.br\/emfoco\/wp-content\/uploads\/2026\/02\/Gemini_Generated_Image_lrwrcklrwrcklrwr-1-1024x576.png 1024w, https:\/\/www.em.com.br\/emfoco\/wp-content\/uploads\/2026\/02\/Gemini_Generated_Image_lrwrcklrwrcklrwr-1-300x169.png 300w, https:\/\/www.em.com.br\/emfoco\/wp-content\/uploads\/2026\/02\/Gemini_Generated_Image_lrwrcklrwrcklrwr-1-768x432.png 768w, https:\/\/www.em.com.br\/emfoco\/wp-content\/uploads\/2026\/02\/Gemini_Generated_Image_lrwrcklrwrcklrwr-1-750x422.png 750w, https:\/\/www.em.com.br\/emfoco\/wp-content\/uploads\/2026\/02\/Gemini_Generated_Image_lrwrcklrwrcklrwr-1-1140x641.png 1140w, https:\/\/www.em.com.br\/emfoco\/wp-content\/uploads\/2026\/02\/Gemini_Generated_Image_lrwrcklrwrcklrwr-1.png 1280w\" sizes=\"auto, (max-width: 1024px) 100vw, 1024px\" \/><figcaption class=\"wp-element-caption\">A hidrata\u00e7\u00e3o profunda noturna \u00e9 o primeiro passo para quem deseja recuperar a maciez perdida ao longo dos anos<\/figcaption><\/figure><\/div>\n\n\n<p>Leia tamb\u00e9m: <a href=\"https:\/\/www.em.com.br\/emfoco\/2026\/04\/26\/estes-5-minutos-de-autocuidado-no-banho-podem-transformar-a-autoestima-da-mulher-40-no-dia-a-dia\/\" target=\"_blank\" rel=\"noreferrer noopener\">Estes 5 minutos de autocuidado no banho podem transformar a autoestima da mulher 40+ no dia a dia<\/a><\/p>\n\n\n\n<h2 class=\"wp-block-heading\">Como a alimenta\u00e7\u00e3o ajuda a tratar os p\u00e9s rachados<\/h2>\n\n\n\n<p>A ingest\u00e3o h\u00eddrica insuficiente reflete rapidamente na elasticidade da pele dos calcanhares e das solas. Beber \u00e1gua constantemente ajuda a <strong>manter a hidrata\u00e7\u00e3o<\/strong> interna necess\u00e1ria para evitar o surgimento de novas aberturas dolorosas. O corpo precisa de nutrientes espec\u00edficos para <strong>produzir col\u00e1geno natural<\/strong> e garantir a firmeza da barreira cut\u00e2nea externa.<\/p>\n\n\n\n<p>Dietas ricas em vitamina E e \u00e1cidos graxos \u00f4mega-3 combatem o ressecamento sist\u00eamico de forma muito eficiente. Consumir alimentos como abacate e castanhas pode <strong>fortalecer a barreira<\/strong> lip\u00eddica contra agressores externos frequentes. Para potencializar os resultados do seu tratamento, observe algumas orienta\u00e7\u00f5es nutricionais valiosas que <strong>promovem a regenera\u00e7\u00e3o<\/strong> celular constante.<\/p>\n\n\n\n<ul class=\"wp-block-list\">\n<li>Inclua fontes de zinco para <strong>acelerar a regenera\u00e7\u00e3o<\/strong> dos tecidos afetados.<\/li>\n\n\n\n<li>Reduza o consumo de a\u00e7\u00facar para <strong>proteger as fibras<\/strong> el\u00e1sticas d\u00e9rmicas.<\/li>\n\n\n\n<li>Consuma frutas c\u00edtricas que auxiliam na <strong>s\u00edntese de prote\u00ednas<\/strong> estruturais importantes.<\/li>\n<\/ul>\n\n\n\n<p>Para voc\u00ea que gosta de se cuidar, separmaos um v\u00eddeo do canal da <a href=\"https:\/\/www.youtube.com\/@DraMarinaHayashida\" target=\"_blank\" rel=\"noreferrer noopener\">Dra. Marina Hayashida<\/a> com dicas para tratar os p\u00e9s rachados:<\/p>\n\n\n\n<figure class=\"wp-block-embed is-type-video is-provider-youtube wp-block-embed-youtube wp-embed-aspect-16-9 wp-has-aspect-ratio\"><div class=\"wp-block-embed__wrapper\">\n<div class=\"jeg_video_container jeg_video_content\"><iframe loading=\"lazy\" title=\"P\u00e9s ressecados descubra o que fazer, causas e tratamentos | COMO HIDRATAR OS P\u00c9S #cuidadosemcasa\" width=\"500\" height=\"281\" src=\"https:\/\/www.youtube.com\/embed\/IrsZtznm2Ko?start=1&#038;feature=oembed\" frameborder=\"0\" allow=\"accelerometer; autoplay; clipboard-write; encrypted-media; gyroscope; picture-in-picture; web-share\" referrerpolicy=\"strict-origin-when-cross-origin\" allowfullscreen><\/iframe><\/div>\n<\/div><\/figure>\n\n\n\n<h2 class=\"wp-block-heading\">A import\u00e2ncia da higiene correta para tratar os p\u00e9s rachados<\/h2>\n\n\n\n<p>Lavar os p\u00e9s com sabonetes neutros ajuda a manter o equil\u00edbrio do pH sem remover a oleosidade protetora. \u00c9 fundamental secar bem entre os dedos para <strong>evitar a prolifera\u00e7\u00e3o<\/strong> de microorganismos que fragilizam a integridade da derme. Manter a limpeza adequada permite que os cremes hidratantes <strong>penetrem com facilidade<\/strong> nas camadas mais profundas do tecido.<\/p>\n\n\n\n<p>Evite o uso de \u00e1gua excessivamente quente durante o banho pois ela retira a prote\u00e7\u00e3o natural de gordura. Opte por temperaturas mornas que relaxam a musculatura e <strong>preparam a pele<\/strong> para receber os tratamentos espec\u00edficos. Voc\u00ea vai notar uma <strong>melhora na textura<\/strong> visual ao adotar esses cuidados simples de higiene diariamente.<\/p>\n\n\n\n<h2 class=\"wp-block-heading\">Quais cal\u00e7ados escolher para evitar novos danos<\/h2>\n\n\n\n<p>O uso prolongado de chinelos e sand\u00e1lias sem amortecimento aumenta o atrito mec\u00e2nico direto na regi\u00e3o do calcanhar. Esse impacto constante estimula a pele a <strong>engrossar como defesa<\/strong>, gerando o aspecto endurecido e propenso a rompimentos. Prefira sapatos fechados que ofere\u00e7am <strong>suporte adequado aos p\u00e9s<\/strong> durante caminhadas longas em superf\u00edcies muito r\u00edgidas.<\/p>\n\n\n\n<p>Palmilhas de silicone podem ser aliadas poderosas para distribuir melhor o peso do corpo durante as atividades laborais. Elas ajudam a <strong>reduzir a press\u00e3o<\/strong> localizada que costuma causar as rachaduras mais profundas e dolorosas. Invista em modelos que permitam a <strong>ventila\u00e7\u00e3o da pele<\/strong> sem expor as extremidades \u00e0 poeira excessiva do ambiente.<\/p>\n\n\n\n<figure class=\"wp-block-embed is-type-rich is-provider-pinterest wp-block-embed-pinterest\"><div class=\"wp-block-embed__wrapper\">\n<iframe loading=\"lazy\" title=\"The beauty In neatly done pedicure\" src=\"https:\/\/assets.pinterest.com\/ext\/embed.html?id=64528207156497162&#038;src=oembed\" height=\"663\" width=\"450\" frameborder=\"0\" scrolling=\"no\" ><\/iframe>\n<\/div><\/figure>\n\n\n\n<h2 class=\"wp-block-heading\">Quando procurar um pod\u00f3logo especializado para o cuidado<\/h2>\n\n\n\n<p>Casos onde as fissuras apresentam sangramento ou sinais de infec\u00e7\u00e3o exigem uma interven\u00e7\u00e3o t\u00e9cnica imediata e profissional. O especialista consegue <strong>identificar fungos persistentes<\/strong> que impedem a cicatriza\u00e7\u00e3o natural atrav\u00e9s de m\u00e9todos convencionais. Voc\u00ea deve <strong>priorizar o diagn\u00f3stico<\/strong> correto para evitar complica\u00e7\u00f5es sist\u00eamicas causadas por feridas abertas e desprotegidas.<\/p>\n\n\n\n<p>Muitas vezes o ressecamento extremo est\u00e1 ligado a condi\u00e7\u00f5es vasculares que precisam de monitoramento constante. O pod\u00f3logo utilizar\u00e1 instrumentos esterilizados para <strong>remover o calo<\/strong> excessivo com precis\u00e3o cir\u00fargica e seguran\u00e7a biol\u00f3gica. Ter o acompanhamento de um profissional experiente ajuda a <strong>prevenir dores agudas<\/strong> e garante uma caminhada confort\u00e1vel.<\/p>\n\n\n\n<h2 class=\"wp-block-heading\">Dicas finais para manter a maciez dos calcanhares<\/h2>\n\n\n\n<p>Mantenha o h\u00e1bito di\u00e1rio de hidratar a regi\u00e3o logo ap\u00f3s o banho para garantir resultados duradouros. Use produtos espec\u00edficos que ajudem a <strong>selar as frestas<\/strong> microsc\u00f3picas antes que elas se tornem problemas maiores. O cuidado preventivo \u00e9 sempre a melhor escolha para <strong>exibir p\u00e9s bonitos<\/strong> em qualquer esta\u00e7\u00e3o.<\/p>\n\n\n\n<p>Persista no tratamento escolhido at\u00e9 perceber que a textura da pele voltou ao seu estado normal. Evite caminhar descal\u00e7o em pisos \u00e1speros para <strong>proteger a sola<\/strong> contra novos danos mec\u00e2nicos. Siga estas orienta\u00e7\u00f5es com dedica\u00e7\u00e3o para <strong>conquistar o al\u00edvio<\/strong> que voc\u00ea tanto merece e procura agora.<\/p>\n","protected":false},"excerpt":{"rendered":"<p>A sa\u00fade da pele das extremidades reflete diretamente o n\u00edvel de aten\u00e7\u00e3o que dedicamos ao equil\u00edbrio do bem-estar f\u00edsico. Muitas pessoas sofrem com o inc\u00f4modo constante sem saber exatamente como tratar os p\u00e9s rachados de forma definitiva e r\u00e1pida. M\u00e9todos caseiros para tratar os p\u00e9s rachados funcionam A hidrata\u00e7\u00e3o profunda noturna \u00e9 o primeiro passo [&hellip;]<\/p>\n","protected":false},"author":9,"featured_media":201791,"comment_status":"open","ping_status":"open","sticky":false,"template":"","format":"standard","meta":{"jnews-multi-image_gallery":[],"jnews_single_post":{"format":"standard"},"jnews_primary_category":[],"jnews_social_meta":[],"jnews_override_counter":[],"footnotes":""},"categories":[8691,29],"tags":[4939,18018,11187],"class_list":["post-201720","post","type-post","status-publish","format-standard","has-post-thumbnail","hentry","category-bem-estar","category-entretenimento","tag-cuidados-com-a-pele","tag-hidratacao-caseira","tag-saude-dos-pes"],"yoast_head":"<!-- This site is optimized with the Yoast SEO plugin v23.8 - https:\/\/yoast.com\/wordpress\/plugins\/seo\/ -->\n<title>Adeus aos calcanhares \u00e1speros, a t\u00e9cnica noturna simples para restaurar a suavidade dos p\u00e9s - Estado de Minas - Em foco<\/title>\n<meta name=\"description\" content=\"Ter calcanhares lisos exige cuidados di\u00e1rios que v\u00e3o al\u00e9m da est\u00e9tica comum. Veja como tratar os p\u00e9s rachados e recupere o seu conforto.\" \/>\n<meta name=\"robots\" content=\"index, follow, max-snippet:-1, max-image-preview:large, max-video-preview:-1\" \/>\n<link rel=\"canonical\" href=\"https:\/\/www.em.com.br\/emfoco\/2026\/04\/30\/adeus-aos-calcanhares-asperos-a-tecnica-noturna-simples-para-restaurar-a-suavidade-dos-pes\/\" \/>\n<meta property=\"og:locale\" content=\"pt_BR\" \/>\n<meta property=\"og:type\" content=\"article\" \/>\n<meta property=\"og:title\" content=\"Adeus aos calcanhares \u00e1speros, a t\u00e9cnica noturna simples para restaurar a suavidade dos p\u00e9s - Estado de Minas - Em foco\" \/>\n<meta property=\"og:description\" content=\"Ter calcanhares lisos exige cuidados di\u00e1rios que v\u00e3o al\u00e9m da est\u00e9tica comum. Veja como tratar os p\u00e9s rachados e recupere o seu conforto.\" \/>\n<meta property=\"og:url\" content=\"https:\/\/www.em.com.br\/emfoco\/2026\/04\/30\/adeus-aos-calcanhares-asperos-a-tecnica-noturna-simples-para-restaurar-a-suavidade-dos-pes\/\" \/>\n<meta property=\"og:site_name\" content=\"Estado de Minas - Em foco\" \/>\n<meta property=\"article:published_time\" content=\"2026-04-30T23:45:00+00:00\" \/>\n<meta property=\"article:modified_time\" content=\"2026-04-29T22:41:02+00:00\" \/>\n<meta property=\"og:image\" content=\"https:\/\/www.em.com.br\/emfoco\/wp-content\/uploads\/2026\/04\/EmFoco_62-5.jpg\" \/>\n\t<meta property=\"og:image:width\" content=\"1280\" \/>\n\t<meta property=\"og:image:height\" content=\"720\" \/>\n\t<meta property=\"og:image:type\" content=\"image\/jpeg\" \/>\n<meta name=\"author\" content=\"Daniely Cardoso\" \/>\n<meta name=\"twitter:card\" content=\"summary_large_image\" \/>\n<meta name=\"twitter:label1\" content=\"Escrito por\" \/>\n\t<meta name=\"twitter:data1\" content=\"Daniely Cardoso\" \/>\n\t<meta name=\"twitter:label2\" content=\"Est. tempo de leitura\" \/>\n\t<meta name=\"twitter:data2\" content=\"5 minutos\" \/>\n<!-- \/ Yoast SEO plugin. -->","yoast_head_json":{"title":"Adeus aos calcanhares \u00e1speros, a t\u00e9cnica noturna simples para restaurar a suavidade dos p\u00e9s - Estado de Minas - Em foco","description":"Ter calcanhares lisos exige cuidados di\u00e1rios que v\u00e3o al\u00e9m da est\u00e9tica comum. Veja como tratar os p\u00e9s rachados e recupere o seu conforto.","robots":{"index":"index","follow":"follow","max-snippet":"max-snippet:-1","max-image-preview":"max-image-preview:large","max-video-preview":"max-video-preview:-1"},"canonical":"https:\/\/www.em.com.br\/emfoco\/2026\/04\/30\/adeus-aos-calcanhares-asperos-a-tecnica-noturna-simples-para-restaurar-a-suavidade-dos-pes\/","og_locale":"pt_BR","og_type":"article","og_title":"Adeus aos calcanhares \u00e1speros, a t\u00e9cnica noturna simples para restaurar a suavidade dos p\u00e9s - Estado de Minas - Em foco","og_description":"Ter calcanhares lisos exige cuidados di\u00e1rios que v\u00e3o al\u00e9m da est\u00e9tica comum. Veja como tratar os p\u00e9s rachados e recupere o seu conforto.","og_url":"https:\/\/www.em.com.br\/emfoco\/2026\/04\/30\/adeus-aos-calcanhares-asperos-a-tecnica-noturna-simples-para-restaurar-a-suavidade-dos-pes\/","og_site_name":"Estado de Minas - Em foco","article_published_time":"2026-04-30T23:45:00+00:00","article_modified_time":"2026-04-29T22:41:02+00:00","og_image":[{"width":1280,"height":720,"url":"https:\/\/www.em.com.br\/emfoco\/wp-content\/uploads\/2026\/04\/EmFoco_62-5.jpg","type":"image\/jpeg"}],"author":"Daniely Cardoso","twitter_card":"summary_large_image","twitter_misc":{"Escrito por":"Daniely Cardoso","Est. tempo de leitura":"5 minutos"},"schema":{"@context":"https:\/\/schema.org","@graph":[{"@type":"WebPage","@id":"https:\/\/www.em.com.br\/emfoco\/2026\/04\/30\/adeus-aos-calcanhares-asperos-a-tecnica-noturna-simples-para-restaurar-a-suavidade-dos-pes\/","url":"https:\/\/www.em.com.br\/emfoco\/2026\/04\/30\/adeus-aos-calcanhares-asperos-a-tecnica-noturna-simples-para-restaurar-a-suavidade-dos-pes\/","name":"Adeus aos calcanhares \u00e1speros, a t\u00e9cnica noturna simples para restaurar a suavidade dos p\u00e9s - Estado de Minas - Em foco","isPartOf":{"@id":"https:\/\/www.em.com.br\/emfoco\/#website"},"primaryImageOfPage":{"@id":"https:\/\/www.em.com.br\/emfoco\/2026\/04\/30\/adeus-aos-calcanhares-asperos-a-tecnica-noturna-simples-para-restaurar-a-suavidade-dos-pes\/#primaryimage"},"image":{"@id":"https:\/\/www.em.com.br\/emfoco\/2026\/04\/30\/adeus-aos-calcanhares-asperos-a-tecnica-noturna-simples-para-restaurar-a-suavidade-dos-pes\/#primaryimage"},"thumbnailUrl":"https:\/\/www.em.com.br\/emfoco\/wp-content\/uploads\/2026\/04\/EmFoco_62-5.jpg","datePublished":"2026-04-30T23:45:00+00:00","dateModified":"2026-04-29T22:41:02+00:00","author":{"@id":"https:\/\/www.em.com.br\/emfoco\/#\/schema\/person\/0a8186d72f2c3a5c6276d90b41f271a0"},"description":"Ter calcanhares lisos exige cuidados di\u00e1rios que v\u00e3o al\u00e9m da est\u00e9tica comum. Veja como tratar os p\u00e9s rachados e recupere o seu conforto.","breadcrumb":{"@id":"https:\/\/www.em.com.br\/emfoco\/2026\/04\/30\/adeus-aos-calcanhares-asperos-a-tecnica-noturna-simples-para-restaurar-a-suavidade-dos-pes\/#breadcrumb"},"inLanguage":"pt-BR","potentialAction":[{"@type":"ReadAction","target":["https:\/\/www.em.com.br\/emfoco\/2026\/04\/30\/adeus-aos-calcanhares-asperos-a-tecnica-noturna-simples-para-restaurar-a-suavidade-dos-pes\/"]}]},{"@type":"ImageObject","inLanguage":"pt-BR","@id":"https:\/\/www.em.com.br\/emfoco\/2026\/04\/30\/adeus-aos-calcanhares-asperos-a-tecnica-noturna-simples-para-restaurar-a-suavidade-dos-pes\/#primaryimage","url":"https:\/\/www.em.com.br\/emfoco\/wp-content\/uploads\/2026\/04\/EmFoco_62-5.jpg","contentUrl":"https:\/\/www.em.com.br\/emfoco\/wp-content\/uploads\/2026\/04\/EmFoco_62-5.jpg","width":1280,"height":720,"caption":"Hidrata\u00e7\u00e3o profunda noturna e esfolia\u00e7\u00e3o suave recuperam a maciez da pele dos p\u00e9s"},{"@type":"BreadcrumbList","@id":"https:\/\/www.em.com.br\/emfoco\/2026\/04\/30\/adeus-aos-calcanhares-asperos-a-tecnica-noturna-simples-para-restaurar-a-suavidade-dos-pes\/#breadcrumb","itemListElement":[{"@type":"ListItem","position":1,"name":"In\u00edcio","item":"https:\/\/www.em.com.br\/emfoco\/"},{"@type":"ListItem","position":2,"name":"Adeus aos calcanhares \u00e1speros, a t\u00e9cnica noturna simples para restaurar a suavidade dos p\u00e9s"}]},{"@type":"WebSite","@id":"https:\/\/www.em.com.br\/emfoco\/#website","url":"https:\/\/www.em.com.br\/emfoco\/","name":"Estado de Minas - Em foco","description":"Acompanhe as \u00faltimas not\u00edcias e fique bem informado sobre tudo o que acontece em Minas Gerais, Brasil e no mundo.","potentialAction":[{"@type":"SearchAction","target":{"@type":"EntryPoint","urlTemplate":"https:\/\/www.em.com.br\/emfoco\/?s={search_term_string}"},"query-input":{"@type":"PropertyValueSpecification","valueRequired":true,"valueName":"search_term_string"}}],"inLanguage":"pt-BR"},{"@type":"Person","@id":"https:\/\/www.em.com.br\/emfoco\/#\/schema\/person\/0a8186d72f2c3a5c6276d90b41f271a0","name":"Daniely Cardoso","image":{"@type":"ImageObject","inLanguage":"pt-BR","@id":"https:\/\/www.em.com.br\/emfoco\/#\/schema\/person\/image\/","url":"https:\/\/secure.gravatar.com\/avatar\/4b80ddbd124d1f071b626d52d62e5dff?s=96&d=mm&r=g","contentUrl":"https:\/\/secure.gravatar.com\/avatar\/4b80ddbd124d1f071b626d52d62e5dff?s=96&d=mm&r=g","caption":"Daniely Cardoso"},"url":"https:\/\/www.em.com.br\/emfoco\/author\/danielymyth\/"}]}},"_links":{"self":[{"href":"https:\/\/www.em.com.br\/emfoco\/wp-json\/wp\/v2\/posts\/201720","targetHints":{"allow":["GET"]}}],"collection":[{"href":"https:\/\/www.em.com.br\/emfoco\/wp-json\/wp\/v2\/posts"}],"about":[{"href":"https:\/\/www.em.com.br\/emfoco\/wp-json\/wp\/v2\/types\/post"}],"author":[{"embeddable":true,"href":"https:\/\/www.em.com.br\/emfoco\/wp-json\/wp\/v2\/users\/9"}],"replies":[{"embeddable":true,"href":"https:\/\/www.em.com.br\/emfoco\/wp-json\/wp\/v2\/comments?post=201720"}],"version-history":[{"count":1,"href":"https:\/\/www.em.com.br\/emfoco\/wp-json\/wp\/v2\/posts\/201720\/revisions"}],"predecessor-version":[{"id":201723,"href":"https:\/\/www.em.com.br\/emfoco\/wp-json\/wp\/v2\/posts\/201720\/revisions\/201723"}],"wp:featuredmedia":[{"embeddable":true,"href":"https:\/\/www.em.com.br\/emfoco\/wp-json\/wp\/v2\/media\/201791"}],"wp:attachment":[{"href":"https:\/\/www.em.com.br\/emfoco\/wp-json\/wp\/v2\/media?parent=201720"}],"wp:term":[{"taxonomy":"category","embeddable":true,"href":"https:\/\/www.em.com.br\/emfoco\/wp-json\/wp\/v2\/categories?post=201720"},{"taxonomy":"post_tag","embeddable":true,"href":"https:\/\/www.em.com.br\/emfoco\/wp-json\/wp\/v2\/tags?post=201720"}],"curies":[{"name":"wp","href":"https:\/\/api.w.org\/{rel}","templated":true}]}}