{"id":201713,"date":"2026-05-03T06:20:00","date_gmt":"2026-05-03T09:20:00","guid":{"rendered":"https:\/\/www.em.com.br\/emfoco\/?p=201713"},"modified":"2026-05-03T04:31:37","modified_gmt":"2026-05-03T07:31:37","slug":"governo-anunciou-7-profissoes-com-aposentadoria-especial-em-2026-stf-bate-o-martelo","status":"publish","type":"post","link":"https:\/\/www.em.com.br\/emfoco\/2026\/05\/03\/governo-anunciou-7-profissoes-com-aposentadoria-especial-em-2026-stf-bate-o-martelo\/","title":{"rendered":"Governo anunciou 7 profiss\u00f5es com aposentadoria especial em 2026? STF bate o martelo"},"content":{"rendered":"\n<p>Listas com &#8220;7 profiss\u00f5es com aposentadoria especial garantida em 2026&#8221; circulam nas redes sociais com tom de novidade, mas enganam quem mais precisa da informa\u00e7\u00e3o. N\u00e3o existe decreto ou lei criando uma rela\u00e7\u00e3o oficial nova de categorias neste ano. O que existe, e isso importa muito para quem trabalha exposto a risco, \u00e9 um conjunto de regras previdenci\u00e1rias j\u00e1 vigentes, uma decis\u00e3o hist\u00f3rica do&nbsp;<strong>Supremo Tribunal Federal<\/strong>&nbsp;tomada em fevereiro de 2026 que fechou a porta para vigilantes, e uma tramita\u00e7\u00e3o no Congresso que ainda pode mudar o cen\u00e1rio para milhares de trabalhadores.<\/p>\n\n\n\n<h2 class=\"wp-block-heading\">O que \u00e9 a aposentadoria especial e quem realmente tem direito?<\/h2>\n\n\n\n<p>A\u00a0<strong><a href=\"https:\/\/www.gov.br\/inss\/pt-br\/saiba-mais\/aposentadorias\/aposentadoria-especial\" target=\"_blank\" rel=\"noreferrer noopener\">aposentadoria especial<\/a><\/strong>\u00a0\u00e9 um benef\u00edcio do\u00a0<strong>INSS<\/strong>\u00a0destinado a quem trabalha exposto, de forma habitual e permanente, a agentes nocivos qu\u00edmicos, f\u00edsicos ou biol\u00f3gicos capazes de prejudicar a sa\u00fade ou a integridade f\u00edsica. A regra p\u00f3s-Reforma \u00e9 clara: n\u00e3o \u00e9 o nome da profiss\u00e3o no crach\u00e1 que garante o benef\u00edcio, mas a comprova\u00e7\u00e3o t\u00e9cnica de que o trabalhador esteve exposto a agentes nocivos acima dos limites legais. Para isso, dois documentos s\u00e3o indispens\u00e1veis, segundo o\u00a0<a href=\"https:\/\/www.ieprev.com.br\/beneficios\/aposentadoria-especial-em-2026-entenda-as-regras\" target=\"_blank\" rel=\"noreferrer noopener\"><strong>Instituto de Estudos Previdenci\u00e1rios<\/strong><\/a>: o\u00a0<strong><a href=\"https:\/\/www.gov.br\/inss\/pt-br\/saiba-mais\/aposentadorias\/aposentadoria-especial\/perfil-profissiografico-previdenciario-ppp\" target=\"_blank\" rel=\"noreferrer noopener\">Perfil Profissiogr\u00e1fico Previdenci\u00e1rio (PPP)<\/a><\/strong>\u00a0e o\u00a0<strong>Laudo T\u00e9cnico das Condi\u00e7\u00f5es Ambientais de Trabalho (LTCAT)<\/strong>, ambos emitidos pelo empregador. Sem eles, per\u00edodos inteiros de trabalho em risco podem ser desconsiderados pelo INSS.<\/p>\n\n\n\n<h2 class=\"wp-block-heading\">Quais categorias historicamente conseguem o enquadramento especial?<\/h2>\n\n\n\n<p>Mesmo sem uma lista taxativa garantida por lei, certas categorias t\u00eam hist\u00f3rico consolidado de reconhecimento pelo INSS, desde que a exposi\u00e7\u00e3o seja tecnicamente comprovada. As que mais aparecem nos pedidos deferidos est\u00e3o distribu\u00eddas assim<\/p>\n\n\n\n<ul class=\"wp-block-list\">\n<li><strong>Profissionais da sa\u00fade:<\/strong>&nbsp;m\u00e9dicos, enfermeiros, t\u00e9cnicos de enfermagem e auxiliares hospitalares com exposi\u00e7\u00e3o cont\u00ednua a agentes biol\u00f3gicos<\/li>\n\n\n\n<li><strong>Trabalhadores da ind\u00fastria:<\/strong>&nbsp;metal\u00fargicos, soldadores, caldeireiros e operadores expostos a ru\u00eddo excessivo, calor intenso ou produtos qu\u00edmicos<\/li>\n\n\n\n<li><strong>Eletricistas:<\/strong>&nbsp;profissionais com exposi\u00e7\u00e3o habitual \u00e0 alta tens\u00e3o, especialmente acima de 250 volts<\/li>\n\n\n\n<li><strong>Mineiros:<\/strong>&nbsp;quem atua em frentes de produ\u00e7\u00e3o subterr\u00e2neas, com o menor prazo do sistema, de apenas 15 anos de contribui\u00e7\u00e3o<\/li>\n\n\n\n<li><strong>Trabalhadores da ind\u00fastria qu\u00edmica:<\/strong>&nbsp;expostos a subst\u00e2ncias cancer\u00edgenas ou com limites de toler\u00e2ncia estabelecidos pela legisla\u00e7\u00e3o<\/li>\n<\/ul>\n\n\n\n<figure class=\"wp-block-image size-large\"><img loading=\"lazy\" decoding=\"async\" width=\"1024\" height=\"572\" src=\"https:\/\/www.em.com.br\/emfoco\/wp-content\/uploads\/2026\/05\/magnific_trabalhador-brasileiro-de_2902713878-1024x572.jpeg\" alt=\"\" class=\"wp-image-202944\" srcset=\"https:\/\/www.em.com.br\/emfoco\/wp-content\/uploads\/2026\/05\/magnific_trabalhador-brasileiro-de_2902713878-1024x572.jpeg 1024w, https:\/\/www.em.com.br\/emfoco\/wp-content\/uploads\/2026\/05\/magnific_trabalhador-brasileiro-de_2902713878-300x167.jpeg 300w, https:\/\/www.em.com.br\/emfoco\/wp-content\/uploads\/2026\/05\/magnific_trabalhador-brasileiro-de_2902713878-768x429.jpeg 768w, https:\/\/www.em.com.br\/emfoco\/wp-content\/uploads\/2026\/05\/magnific_trabalhador-brasileiro-de_2902713878-750x419.jpeg 750w, https:\/\/www.em.com.br\/emfoco\/wp-content\/uploads\/2026\/05\/magnific_trabalhador-brasileiro-de_2902713878-1140x636.jpeg 1140w, https:\/\/www.em.com.br\/emfoco\/wp-content\/uploads\/2026\/05\/magnific_trabalhador-brasileiro-de_2902713878.jpeg 1376w\" sizes=\"auto, (max-width: 1024px) 100vw, 1024px\" \/><figcaption class=\"wp-element-caption\">Listas sobre aposentadoria especial em 2026 enganam e ignoram regras j\u00e1 vigentes<\/figcaption><\/figure>\n\n\n\n<h2 class=\"wp-block-heading\">Quais s\u00e3o as idades m\u00ednimas exigidas ap\u00f3s a Reforma da Previd\u00eancia?<\/h2>\n\n\n\n<p>Desde a&nbsp;<strong>Emenda Constitucional 103\/2019<\/strong>, al\u00e9m do tempo de atividade especial, passou a ser exigida uma idade m\u00ednima para concess\u00e3o do benef\u00edcio. O crit\u00e9rio varia conforme o n\u00edvel de risco da fun\u00e7\u00e3o. A tabela abaixo resume as regras permanentes em vigor em 2026:<\/p>\n\n\n\n<figure class=\"wp-block-table\"><table class=\"has-fixed-layout\"><thead><tr><th>N\u00edvel de risco<\/th><th>Tempo de atividade especial<\/th><th>Idade m\u00ednima<\/th><\/tr><\/thead><tbody><tr><td>Alto (ex: minera\u00e7\u00e3o subterr\u00e2nea)<\/td><td>15 anos<\/td><td>55 anos<\/td><\/tr><tr><td>Moderado (ex: metalurgia, qu\u00edmica)<\/td><td>20 anos<\/td><td>58 anos<\/td><\/tr><tr><td>Baixo (ex: ru\u00eddo, calor controlado)<\/td><td>25 anos<\/td><td>60 anos<\/td><\/tr><\/tbody><\/table><\/figure>\n\n\n\n<h2 class=\"wp-block-heading\">O que mudou com as decis\u00f5es do STF em 2026?<\/h2>\n\n\n\n<p>A maior novidade previdenci\u00e1ria deste ano n\u00e3o veio de uma lei, mas de uma derrota judicial que encerrou anos de expectativa para uma categoria inteira. Em fevereiro de 2026, o STF decidiu, por 6 votos a 4, que a atividade de vigilante n\u00e3o d\u00e1 direito \u00e0 aposentadoria especial, mesmo para quem trabalha armado. O entendimento foi que o risco da fun\u00e7\u00e3o n\u00e3o se enquadra nos crit\u00e9rios constitucionais do benef\u00edcio, criando precedente obrigat\u00f3rio para todo o sistema.<\/p>\n\n\n\n<p>Ainda em an\u00e1lise, a&nbsp;<strong>ADI 6.309<\/strong>&nbsp;discute tr\u00eas pontos deixados pela Reforma da Previd\u00eancia que podem afetar diretamente outras categorias. Os grupos que acompanham o julgamento com mais aten\u00e7\u00e3o incluem metal\u00fargicos, eletricit\u00e1rios, enfermeiros e trabalhadores da ind\u00fastria qu\u00edmica. Os pontos em disputa s\u00e3o:<\/p>\n\n\n\n<ul class=\"wp-block-list\">\n<li>Cria\u00e7\u00e3o de idade m\u00ednima para a aposentadoria especial, que pode ser questionada constitucionalmente<\/li>\n\n\n\n<li>Fim da convers\u00e3o de tempo especial em comum para per\u00edodos anteriores a novembro de 2019<\/li>\n\n\n\n<li>Redu\u00e7\u00e3o do valor do benef\u00edcio calculado pelas regras p\u00f3s-Reforma<\/li>\n<\/ul>\n\n\n\n<figure class=\"wp-block-image size-large\"><img loading=\"lazy\" decoding=\"async\" width=\"1024\" height=\"572\" src=\"https:\/\/www.em.com.br\/emfoco\/wp-content\/uploads\/2026\/05\/magnific_advogado-previdenciario-e_2902714396-1024x572.jpeg\" alt=\"\" class=\"wp-image-202946\" srcset=\"https:\/\/www.em.com.br\/emfoco\/wp-content\/uploads\/2026\/05\/magnific_advogado-previdenciario-e_2902714396-1024x572.jpeg 1024w, https:\/\/www.em.com.br\/emfoco\/wp-content\/uploads\/2026\/05\/magnific_advogado-previdenciario-e_2902714396-300x167.jpeg 300w, https:\/\/www.em.com.br\/emfoco\/wp-content\/uploads\/2026\/05\/magnific_advogado-previdenciario-e_2902714396-768x429.jpeg 768w, https:\/\/www.em.com.br\/emfoco\/wp-content\/uploads\/2026\/05\/magnific_advogado-previdenciario-e_2902714396-750x419.jpeg 750w, https:\/\/www.em.com.br\/emfoco\/wp-content\/uploads\/2026\/05\/magnific_advogado-previdenciario-e_2902714396-1140x636.jpeg 1140w, https:\/\/www.em.com.br\/emfoco\/wp-content\/uploads\/2026\/05\/magnific_advogado-previdenciario-e_2902714396.jpeg 1376w\" sizes=\"auto, (max-width: 1024px) 100vw, 1024px\" \/><figcaption class=\"wp-element-caption\">Aposentadoria especial n\u00e3o depende da profiss\u00e3o e exige prova de exposi\u00e7\u00e3o a risco<\/figcaption><\/figure>\n\n\n\n<h2 class=\"wp-block-heading\">Vale come\u00e7ar o planejamento previdenci\u00e1rio ainda hoje?<\/h2>\n\n\n\n<p>Quem trabalha exposto a agentes nocivos tem um direito real, mas ele depende de documenta\u00e7\u00e3o acumulada ao longo de anos de carreira. Esperar a hora da aposentadoria para conferir o PPP e o LTCAT \u00e9 o principal erro que leva ao indeferimento no INSS. Converse com seu empregador sobre a emiss\u00e3o correta dos laudos, acompanhe o andamento da ADI 6.309 no STF e, se necess\u00e1rio, busque orienta\u00e7\u00e3o de um especialista em direito previdenci\u00e1rio antes que per\u00edodos importantes prescrevam.<\/p>\n\n\n\n<p><\/p>\n","protected":false},"excerpt":{"rendered":"<p>Listas com &#8220;7 profiss\u00f5es com aposentadoria especial garantida em 2026&#8221; circulam nas redes sociais com tom de novidade, mas enganam quem mais precisa da informa\u00e7\u00e3o. N\u00e3o existe decreto ou lei criando uma rela\u00e7\u00e3o oficial nova de categorias neste ano. O que existe, e isso importa muito para quem trabalha exposto a risco, \u00e9 um conjunto [&hellip;]<\/p>\n","protected":false},"author":19,"featured_media":202956,"comment_status":"open","ping_status":"open","sticky":false,"template":"","format":"standard","meta":{"jnews-multi-image_gallery":[],"jnews_single_post":{"format":"standard"},"jnews_primary_category":[],"jnews_social_meta":[],"jnews_override_counter":[],"footnotes":""},"categories":[1],"tags":[29169,889,1719,2103,174,29168,12243,2398,1012,173,23962],"class_list":["post-201713","post","type-post","status-publish","format-standard","has-post-thumbnail","hentry","category-noticias","tag-agentes-nocivos","tag-aposentadoria-especial","tag-beneficio-previdenciario","tag-congresso","tag-inss","tag-ltcat","tag-ppp","tag-redes-sociais","tag-reforma","tag-stf","tag-vigilantes"],"yoast_head":"<!-- This site is optimized with the Yoast SEO plugin v23.8 - https:\/\/yoast.com\/wordpress\/plugins\/seo\/ -->\n<title>Governo anunciou 7 profiss\u00f5es com aposentadoria especial em 2026? STF bate o martelo - Estado de Minas - Em foco<\/title>\n<meta name=\"description\" content=\"Aposentadoria especial em 2026 n\u00e3o ganhou novas profiss\u00f5es por lei. Entenda quem realmente tem direito, os documentos exigidos pelo INSS e o que o STF decidiu este ano.\" \/>\n<meta name=\"robots\" content=\"index, follow, max-snippet:-1, max-image-preview:large, max-video-preview:-1\" \/>\n<link rel=\"canonical\" href=\"https:\/\/www.em.com.br\/emfoco\/2026\/05\/03\/governo-anunciou-7-profissoes-com-aposentadoria-especial-em-2026-stf-bate-o-martelo\/\" \/>\n<meta property=\"og:locale\" content=\"pt_BR\" \/>\n<meta property=\"og:type\" content=\"article\" \/>\n<meta property=\"og:title\" content=\"Governo anunciou 7 profiss\u00f5es com aposentadoria especial em 2026? STF bate o martelo - Estado de Minas - Em foco\" \/>\n<meta property=\"og:description\" content=\"Aposentadoria especial em 2026 n\u00e3o ganhou novas profiss\u00f5es por lei. Entenda quem realmente tem direito, os documentos exigidos pelo INSS e o que o STF decidiu este ano.\" \/>\n<meta property=\"og:url\" content=\"https:\/\/www.em.com.br\/emfoco\/2026\/05\/03\/governo-anunciou-7-profissoes-com-aposentadoria-especial-em-2026-stf-bate-o-martelo\/\" \/>\n<meta property=\"og:site_name\" content=\"Estado de Minas - Em foco\" \/>\n<meta property=\"article:published_time\" content=\"2026-05-03T09:20:00+00:00\" \/>\n<meta property=\"article:modified_time\" content=\"2026-05-03T07:31:37+00:00\" \/>\n<meta property=\"og:image\" content=\"https:\/\/www.em.com.br\/emfoco\/wp-content\/uploads\/2026\/05\/magnific_documento-oficial-do-inss_2904961239.jpeg\" \/>\n\t<meta property=\"og:image:width\" content=\"1376\" \/>\n\t<meta property=\"og:image:height\" content=\"768\" \/>\n\t<meta property=\"og:image:type\" content=\"image\/jpeg\" \/>\n<meta name=\"author\" content=\"Vanessa Tavares\" \/>\n<meta name=\"twitter:card\" content=\"summary_large_image\" \/>\n<meta name=\"twitter:label1\" content=\"Escrito por\" \/>\n\t<meta name=\"twitter:data1\" content=\"Vanessa Tavares\" \/>\n\t<meta name=\"twitter:label2\" content=\"Est. tempo de leitura\" \/>\n\t<meta name=\"twitter:data2\" content=\"5 minutos\" \/>\n<!-- \/ Yoast SEO plugin. -->","yoast_head_json":{"title":"Governo anunciou 7 profiss\u00f5es com aposentadoria especial em 2026? STF bate o martelo - Estado de Minas - Em foco","description":"Aposentadoria especial em 2026 n\u00e3o ganhou novas profiss\u00f5es por lei. Entenda quem realmente tem direito, os documentos exigidos pelo INSS e o que o STF decidiu este ano.","robots":{"index":"index","follow":"follow","max-snippet":"max-snippet:-1","max-image-preview":"max-image-preview:large","max-video-preview":"max-video-preview:-1"},"canonical":"https:\/\/www.em.com.br\/emfoco\/2026\/05\/03\/governo-anunciou-7-profissoes-com-aposentadoria-especial-em-2026-stf-bate-o-martelo\/","og_locale":"pt_BR","og_type":"article","og_title":"Governo anunciou 7 profiss\u00f5es com aposentadoria especial em 2026? STF bate o martelo - Estado de Minas - Em foco","og_description":"Aposentadoria especial em 2026 n\u00e3o ganhou novas profiss\u00f5es por lei. Entenda quem realmente tem direito, os documentos exigidos pelo INSS e o que o STF decidiu este ano.","og_url":"https:\/\/www.em.com.br\/emfoco\/2026\/05\/03\/governo-anunciou-7-profissoes-com-aposentadoria-especial-em-2026-stf-bate-o-martelo\/","og_site_name":"Estado de Minas - Em foco","article_published_time":"2026-05-03T09:20:00+00:00","article_modified_time":"2026-05-03T07:31:37+00:00","og_image":[{"width":1376,"height":768,"url":"https:\/\/www.em.com.br\/emfoco\/wp-content\/uploads\/2026\/05\/magnific_documento-oficial-do-inss_2904961239.jpeg","type":"image\/jpeg"}],"author":"Vanessa Tavares","twitter_card":"summary_large_image","twitter_misc":{"Escrito por":"Vanessa Tavares","Est. tempo de leitura":"5 minutos"},"schema":{"@context":"https:\/\/schema.org","@graph":[{"@type":"WebPage","@id":"https:\/\/www.em.com.br\/emfoco\/2026\/05\/03\/governo-anunciou-7-profissoes-com-aposentadoria-especial-em-2026-stf-bate-o-martelo\/","url":"https:\/\/www.em.com.br\/emfoco\/2026\/05\/03\/governo-anunciou-7-profissoes-com-aposentadoria-especial-em-2026-stf-bate-o-martelo\/","name":"Governo anunciou 7 profiss\u00f5es com aposentadoria especial em 2026? STF bate o martelo - Estado de Minas - Em foco","isPartOf":{"@id":"https:\/\/www.em.com.br\/emfoco\/#website"},"primaryImageOfPage":{"@id":"https:\/\/www.em.com.br\/emfoco\/2026\/05\/03\/governo-anunciou-7-profissoes-com-aposentadoria-especial-em-2026-stf-bate-o-martelo\/#primaryimage"},"image":{"@id":"https:\/\/www.em.com.br\/emfoco\/2026\/05\/03\/governo-anunciou-7-profissoes-com-aposentadoria-especial-em-2026-stf-bate-o-martelo\/#primaryimage"},"thumbnailUrl":"https:\/\/www.em.com.br\/emfoco\/wp-content\/uploads\/2026\/05\/magnific_documento-oficial-do-inss_2904961239.jpeg","datePublished":"2026-05-03T09:20:00+00:00","dateModified":"2026-05-03T07:31:37+00:00","author":{"@id":"https:\/\/www.em.com.br\/emfoco\/#\/schema\/person\/4a7a157aac450b98edc86f15a7434f0b"},"description":"Aposentadoria especial em 2026 n\u00e3o ganhou novas profiss\u00f5es por lei. Entenda quem realmente tem direito, os documentos exigidos pelo INSS e o que o STF decidiu este ano.","breadcrumb":{"@id":"https:\/\/www.em.com.br\/emfoco\/2026\/05\/03\/governo-anunciou-7-profissoes-com-aposentadoria-especial-em-2026-stf-bate-o-martelo\/#breadcrumb"},"inLanguage":"pt-BR","potentialAction":[{"@type":"ReadAction","target":["https:\/\/www.em.com.br\/emfoco\/2026\/05\/03\/governo-anunciou-7-profissoes-com-aposentadoria-especial-em-2026-stf-bate-o-martelo\/"]}]},{"@type":"ImageObject","inLanguage":"pt-BR","@id":"https:\/\/www.em.com.br\/emfoco\/2026\/05\/03\/governo-anunciou-7-profissoes-com-aposentadoria-especial-em-2026-stf-bate-o-martelo\/#primaryimage","url":"https:\/\/www.em.com.br\/emfoco\/wp-content\/uploads\/2026\/05\/magnific_documento-oficial-do-inss_2904961239.jpeg","contentUrl":"https:\/\/www.em.com.br\/emfoco\/wp-content\/uploads\/2026\/05\/magnific_documento-oficial-do-inss_2904961239.jpeg","width":1376,"height":768,"caption":"Aposentadoria especial n\u00e3o depende da profiss\u00e3o e exige prova de exposi\u00e7\u00e3o a risco"},{"@type":"BreadcrumbList","@id":"https:\/\/www.em.com.br\/emfoco\/2026\/05\/03\/governo-anunciou-7-profissoes-com-aposentadoria-especial-em-2026-stf-bate-o-martelo\/#breadcrumb","itemListElement":[{"@type":"ListItem","position":1,"name":"In\u00edcio","item":"https:\/\/www.em.com.br\/emfoco\/"},{"@type":"ListItem","position":2,"name":"Governo anunciou 7 profiss\u00f5es com aposentadoria especial em 2026? STF bate o martelo"}]},{"@type":"WebSite","@id":"https:\/\/www.em.com.br\/emfoco\/#website","url":"https:\/\/www.em.com.br\/emfoco\/","name":"Estado de Minas - Em foco","description":"Acompanhe as \u00faltimas not\u00edcias e fique bem informado sobre tudo o que acontece em Minas Gerais, Brasil e no mundo.","potentialAction":[{"@type":"SearchAction","target":{"@type":"EntryPoint","urlTemplate":"https:\/\/www.em.com.br\/emfoco\/?s={search_term_string}"},"query-input":{"@type":"PropertyValueSpecification","valueRequired":true,"valueName":"search_term_string"}}],"inLanguage":"pt-BR"},{"@type":"Person","@id":"https:\/\/www.em.com.br\/emfoco\/#\/schema\/person\/4a7a157aac450b98edc86f15a7434f0b","name":"Vanessa Tavares","image":{"@type":"ImageObject","inLanguage":"pt-BR","@id":"https:\/\/www.em.com.br\/emfoco\/#\/schema\/person\/image\/","url":"https:\/\/secure.gravatar.com\/avatar\/088c9372da58da00f00f8e508f13d635?s=96&d=mm&r=g","contentUrl":"https:\/\/secure.gravatar.com\/avatar\/088c9372da58da00f00f8e508f13d635?s=96&d=mm&r=g","caption":"Vanessa Tavares"},"sameAs":["https:\/\/www.em.com.br\/emfoco"],"url":"https:\/\/www.em.com.br\/emfoco\/author\/vanessamyth\/"}]}},"_links":{"self":[{"href":"https:\/\/www.em.com.br\/emfoco\/wp-json\/wp\/v2\/posts\/201713","targetHints":{"allow":["GET"]}}],"collection":[{"href":"https:\/\/www.em.com.br\/emfoco\/wp-json\/wp\/v2\/posts"}],"about":[{"href":"https:\/\/www.em.com.br\/emfoco\/wp-json\/wp\/v2\/types\/post"}],"author":[{"embeddable":true,"href":"https:\/\/www.em.com.br\/emfoco\/wp-json\/wp\/v2\/users\/19"}],"replies":[{"embeddable":true,"href":"https:\/\/www.em.com.br\/emfoco\/wp-json\/wp\/v2\/comments?post=201713"}],"version-history":[{"count":3,"href":"https:\/\/www.em.com.br\/emfoco\/wp-json\/wp\/v2\/posts\/201713\/revisions"}],"predecessor-version":[{"id":202960,"href":"https:\/\/www.em.com.br\/emfoco\/wp-json\/wp\/v2\/posts\/201713\/revisions\/202960"}],"wp:featuredmedia":[{"embeddable":true,"href":"https:\/\/www.em.com.br\/emfoco\/wp-json\/wp\/v2\/media\/202956"}],"wp:attachment":[{"href":"https:\/\/www.em.com.br\/emfoco\/wp-json\/wp\/v2\/media?parent=201713"}],"wp:term":[{"taxonomy":"category","embeddable":true,"href":"https:\/\/www.em.com.br\/emfoco\/wp-json\/wp\/v2\/categories?post=201713"},{"taxonomy":"post_tag","embeddable":true,"href":"https:\/\/www.em.com.br\/emfoco\/wp-json\/wp\/v2\/tags?post=201713"}],"curies":[{"name":"wp","href":"https:\/\/api.w.org\/{rel}","templated":true}]}}