{"id":201712,"date":"2026-05-01T05:20:00","date_gmt":"2026-05-01T08:20:00","guid":{"rendered":"https:\/\/www.em.com.br\/emfoco\/?p=201712"},"modified":"2026-05-01T04:18:24","modified_gmt":"2026-05-01T07:18:24","slug":"a-partir-de-agora-os-proprietarios-com-arvores-ou-cerca-viva-perto-do-vizinho-precisam-podar-ou-podem-levar-multa","status":"publish","type":"post","link":"https:\/\/www.em.com.br\/emfoco\/2026\/05\/01\/a-partir-de-agora-os-proprietarios-com-arvores-ou-cerca-viva-perto-do-vizinho-precisam-podar-ou-podem-levar-multa\/","title":{"rendered":"A partir de agora,\u00a0os propriet\u00e1rios com \u00e1rvores ou cerca viva perto do vizinho precisam podar ou podem levar multa"},"content":{"rendered":"\n<p>Com a chegada do calor, cresce o movimento em jardins, quintais e \u00e1reas verdes urbanas, e com ele surgem conflitos pr\u00e1ticos sobre podas, cercas vivas e \u00e1rvores que avan\u00e7am para o terreno vizinho. O que muita gente n\u00e3o sabe \u00e9 que a legisla\u00e7\u00e3o brasileira define com clareza quem pode cortar o qu\u00ea, at\u00e9 onde vai a responsabilidade civil de cada propriet\u00e1rio e quando a omiss\u00e3o pode resultar em multa, indeniza\u00e7\u00e3o ou at\u00e9 processo criminal. Conhecer essas regras antes que um galho caia ou uma raiz rachar um muro pode poupar anos de disputa judicial.<\/p>\n\n\n\n<h2 class=\"wp-block-heading\">Como a legisla\u00e7\u00e3o brasileira trata \u00e1rvores na divisa em 2026?<\/h2>\n\n\n\n<p>No Brasil, continuam valendo as regras do&nbsp;<strong>C\u00f3digo Civil<\/strong>&nbsp;(Lei n\u00ba 10.406\/2002), especialmente os artigos 1.282, 1.283 e 1.284, agora em di\u00e1logo mais intenso com normas municipais de poda, transplante e remo\u00e7\u00e3o. Essas regras se somam \u00e0&nbsp;<strong>Lei de Crimes Ambientais<\/strong>&nbsp;(Lei n\u00ba 9.605\/1998) e aos planos diretores que tratam de arboriza\u00e7\u00e3o urbana e ocupa\u00e7\u00e3o do solo. A fiscaliza\u00e7\u00e3o ambiental est\u00e1 mais rigorosa, com prefeituras estruturando equipes para vistoria de risco de queda, poda irregular e supress\u00e3o indevida. A&nbsp;<strong>Lei Federal n\u00ba 15.299\/2025<\/strong>&nbsp;trouxe regras especiais para risco iminente, permitindo, em hip\u00f3teses bem delimitadas, que o particular fa\u00e7a poda emergencial quando o poder p\u00fablico se omitir por mais de 45 dias, desde que atendidos requisitos t\u00e9cnicos e legais, conforme o&nbsp;<a href=\"https:\/\/www.tjdft.jus.br\/institucional\/imprensa\/campanhas-e-produtos\/direito-facil\/edicao-de-vizinhanca\" target=\"_blank\" rel=\"noreferrer noopener\"><strong>Tribunal de Justi\u00e7a do Distrito Federal<\/strong><\/a>.<\/p>\n\n\n\n<h2 class=\"wp-block-heading\">O que a lei define sobre \u00e1rvores plantadas na linha de divisa?<\/h2>\n\n\n\n<p>O art. 1.283 do&nbsp;<strong>C\u00f3digo Civil<\/strong>&nbsp;\u00e9 a base legal mais importante do tema. As situa\u00e7\u00f5es mais comuns e seus efeitos jur\u00eddicos est\u00e3o distribu\u00eddas assim:<\/p>\n\n\n\n<ul class=\"wp-block-list\">\n<li>\u00c1rvores com o tronco exatamente na linha divis\u00f3ria s\u00e3o tratadas como comuns aos dois im\u00f3veis, em regime de&nbsp;<strong>copropriedade<\/strong>, conforme a presun\u00e7\u00e3o do art. 1.282, exigindo consenso para remo\u00e7\u00f5es dr\u00e1sticas<\/li>\n\n\n\n<li>Galhos e ra\u00edzes que ultrapassam a divisa podem ser cortados pelo vizinho prejudicado, at\u00e9 o plano vertical da estrema, sem autoriza\u00e7\u00e3o, mas sem exageros que comprometam a estabilidade da planta<\/li>\n\n\n\n<li>Frutos que caem naturalmente no terreno vizinho pertencem ao dono do solo onde ca\u00edram, de acordo com o art. 1.284, evitando disputas de colheita<\/li>\n\n\n\n<li>Interven\u00e7\u00f5es abusivas podem gerar responsabilidade civil, administrativa e at\u00e9 criminal, sobretudo quando houver dano ambiental ou esp\u00e9cie protegida<\/li>\n<\/ul>\n\n\n\n<figure class=\"wp-block-image size-large\"><img loading=\"lazy\" decoding=\"async\" width=\"1024\" height=\"572\" src=\"https:\/\/www.em.com.br\/emfoco\/wp-content\/uploads\/2026\/04\/magnific_arvore-grande-com-galhos-_2900915637-1024x572.jpeg\" alt=\"\" class=\"wp-image-202327\" srcset=\"https:\/\/www.em.com.br\/emfoco\/wp-content\/uploads\/2026\/04\/magnific_arvore-grande-com-galhos-_2900915637-1024x572.jpeg 1024w, https:\/\/www.em.com.br\/emfoco\/wp-content\/uploads\/2026\/04\/magnific_arvore-grande-com-galhos-_2900915637-300x167.jpeg 300w, https:\/\/www.em.com.br\/emfoco\/wp-content\/uploads\/2026\/04\/magnific_arvore-grande-com-galhos-_2900915637-768x429.jpeg 768w, https:\/\/www.em.com.br\/emfoco\/wp-content\/uploads\/2026\/04\/magnific_arvore-grande-com-galhos-_2900915637-750x419.jpeg 750w, https:\/\/www.em.com.br\/emfoco\/wp-content\/uploads\/2026\/04\/magnific_arvore-grande-com-galhos-_2900915637-1140x636.jpeg 1140w, https:\/\/www.em.com.br\/emfoco\/wp-content\/uploads\/2026\/04\/magnific_arvore-grande-com-galhos-_2900915637.jpeg 1376w\" sizes=\"auto, (max-width: 1024px) 100vw, 1024px\" \/><figcaption class=\"wp-element-caption\">\u00c1rvores na divisa podem gerar conflitos entre vizinhos e a lei define o que pode ser cortado<\/figcaption><\/figure>\n\n\n\n<h2 class=\"wp-block-heading\">Quais dist\u00e2ncias s\u00e3o recomendadas para \u00e1rvores, arbustos e cercas vivas?<\/h2>\n\n\n\n<p>A lei federal n\u00e3o fixa dist\u00e2ncias exatas para \u00e1reas urbanas, mas a pr\u00e1tica de engenheiros, arquitetos e paisagistas indica par\u00e2metros seguros, e tribunais brasileiros t\u00eam reconhecido esses crit\u00e9rios t\u00e9cnicos em a\u00e7\u00f5es de vizinhan\u00e7a. O porte final da esp\u00e9cie e o tipo de raiz devem ser avaliados antes do plantio, principalmente perto de muros, funda\u00e7\u00f5es rasas e tubula\u00e7\u00f5es. A tabela abaixo resume os recuos mais adotados por profissionais e aceitos na jurisprud\u00eancia:<\/p>\n\n\n\n<figure class=\"wp-block-table\"><table class=\"has-fixed-layout\"><thead><tr><th>Tipo de vegeta\u00e7\u00e3o<\/th><th>Recuo recomendado da divisa<\/th><th>Principal risco se ignorado<\/th><\/tr><\/thead><tbody><tr><td>\u00c1rvores de pequeno porte (at\u00e9 6m)<\/td><td>M\u00ednimo 3 metros<\/td><td>Galhos sobre telhado e calhas<\/td><\/tr><tr><td>\u00c1rvores de m\u00e9dio e grande porte<\/td><td>8 a 10 metros<\/td><td>Ra\u00edzes em funda\u00e7\u00f5es e tubula\u00e7\u00f5es<\/td><\/tr><tr><td>Arbustos e cercas vivas lenhosas<\/td><td>M\u00ednimo 50 cent\u00edmetros<\/td><td>Sombreamento e conflito de limite<\/td><\/tr><\/tbody><\/table><\/figure>\n\n\n\n<h2 class=\"wp-block-heading\">Como agir corretamente quando galhos e ra\u00edzes ultrapassam a divisa?<\/h2>\n\n\n\n<p>Mesmo com recuos prudentes, o crescimento natural pode levar galhos sobre telhados ou ra\u00edzes a funda\u00e7\u00f5es e tubula\u00e7\u00f5es, causando infiltra\u00e7\u00f5es e trincas. A regra do art. 1.283 autoriza o vizinho afetado a cortar, de dentro do seu im\u00f3vel, a parte que invade seu espa\u00e7o, respeitando normas de poda e a prote\u00e7\u00e3o de esp\u00e9cies nativas ou amea\u00e7adas. Em 2026, a pr\u00e1tica forense mostra ju\u00edzes aplicando&nbsp;<strong>multas di\u00e1rias (astreintes)<\/strong>&nbsp;quando o propriet\u00e1rio notificado n\u00e3o realiza a poda, com valores que, em casos revistos pelo&nbsp;<strong>STJ<\/strong>, chegaram a centenas de milhares de reais, segundo o&nbsp;<a href=\"https:\/\/oantagonista.com.br\/economia\/arvore-invadindo-o-terreno-do-vizinho-o-que-a-lei-diz-e-quando-voce-e-obrigado-a-podar\/\" target=\"_blank\" rel=\"noreferrer noopener\"><strong>O Antagonista<\/strong><\/a>. Os passos recomendados por especialistas em direito de vizinhan\u00e7a s\u00e3o:<\/p>\n\n\n\n<ul class=\"wp-block-list\">\n<li>Notificar o propriet\u00e1rio da \u00e1rvore por escrito antes de qualquer interven\u00e7\u00e3o, demonstrando boa-f\u00e9 e evitando responsabiliza\u00e7\u00e3o futura<\/li>\n\n\n\n<li>Registrar fotos com data, v\u00eddeos e laudos t\u00e9cnicos que comprovem a invas\u00e3o e os danos, documentos aceitos como prova em 2026 inclusive prints de conversas e redes sociais<\/li>\n\n\n\n<li>Consultar a prefeitura antes de podar ou remover qualquer \u00e1rvore, mesmo dentro do pr\u00f3prio terreno, para evitar autua\u00e7\u00e3o por poda irregular<\/li>\n\n\n\n<li>Recorrer \u00e0 media\u00e7\u00e3o extrajudicial como primeiro caminho, mais c\u00e9lere e menos oneroso do que a via judicial para ambas as partes<\/li>\n<\/ul>\n\n\n\n<figure class=\"wp-block-image size-large\"><img loading=\"lazy\" decoding=\"async\" width=\"1024\" height=\"572\" src=\"https:\/\/www.em.com.br\/emfoco\/wp-content\/uploads\/2026\/04\/magnific_mao-de-pessoa-segurando-u_2900923307-1024x572.jpeg\" alt=\"\" class=\"wp-image-202328\" srcset=\"https:\/\/www.em.com.br\/emfoco\/wp-content\/uploads\/2026\/04\/magnific_mao-de-pessoa-segurando-u_2900923307-1024x572.jpeg 1024w, https:\/\/www.em.com.br\/emfoco\/wp-content\/uploads\/2026\/04\/magnific_mao-de-pessoa-segurando-u_2900923307-300x167.jpeg 300w, https:\/\/www.em.com.br\/emfoco\/wp-content\/uploads\/2026\/04\/magnific_mao-de-pessoa-segurando-u_2900923307-768x429.jpeg 768w, https:\/\/www.em.com.br\/emfoco\/wp-content\/uploads\/2026\/04\/magnific_mao-de-pessoa-segurando-u_2900923307-750x419.jpeg 750w, https:\/\/www.em.com.br\/emfoco\/wp-content\/uploads\/2026\/04\/magnific_mao-de-pessoa-segurando-u_2900923307-1140x636.jpeg 1140w, https:\/\/www.em.com.br\/emfoco\/wp-content\/uploads\/2026\/04\/magnific_mao-de-pessoa-segurando-u_2900923307.jpeg 1376w\" sizes=\"auto, (max-width: 1024px) 100vw, 1024px\" \/><figcaption class=\"wp-element-caption\">Vizinho pode cortar galhos de \u00e1rvores na divisa mas a lei imp\u00f5e limites importantes<\/figcaption><\/figure>\n\n\n\n<h2 class=\"wp-block-heading\">Por que planejar agora o manejo das \u00e1rvores na divisa e evitar multas?<\/h2>\n\n\n\n<p>Al\u00e9m do&nbsp;<strong>C\u00f3digo Civil<\/strong>&nbsp;e da legisla\u00e7\u00e3o ambiental, muitas cidades t\u00eam leis de arboriza\u00e7\u00e3o com limites de altura para cercas vivas, regras junto a cal\u00e7adas e exig\u00eancia de licen\u00e7a para poda dr\u00e1stica. Em capitais como S\u00e3o Paulo, valores espec\u00edficos por \u00e1rvore podada ou removida sem autoriza\u00e7\u00e3o podem se somar a outras penalidades e a a\u00e7\u00f5es civis p\u00fablicas com exig\u00eancia de compensa\u00e7\u00e3o ambiental, chegando a dezenas de milhares de reais por exemplar.<\/p>\n\n\n\n<h2 class=\"wp-block-heading\">Vale agir antes de receber uma notifica\u00e7\u00e3o da prefeitura?<\/h2>\n\n\n\n<p>Revisar hoje a posi\u00e7\u00e3o, o porte e o estado das suas \u00e1rvores \u00e9 o caminho mais barato de todos. Registrar podas, guardar laudos t\u00e9cnicos e conhecer as regras do munic\u00edpio transforma uma decis\u00e3o simples de jardinagem em prote\u00e7\u00e3o patrimonial real. Uma conversa antecipada com o vizinho e uma poda preventiva continuam sendo, na pr\u00e1tica,&nbsp;<strong>a solu\u00e7\u00e3o mais eficiente<\/strong>&nbsp;para evitar processos, multas que se acumulam e conflitos que podem durar anos.<br><\/p>\n","protected":false},"excerpt":{"rendered":"<p>Com a chegada do calor, cresce o movimento em jardins, quintais e \u00e1reas verdes urbanas, e com ele surgem conflitos pr\u00e1ticos sobre podas, cercas vivas e \u00e1rvores que avan\u00e7am para o terreno vizinho. O que muita gente n\u00e3o sabe \u00e9 que a legisla\u00e7\u00e3o brasileira define com clareza quem pode cortar o qu\u00ea, at\u00e9 onde vai [&hellip;]<\/p>\n","protected":false},"author":19,"featured_media":202329,"comment_status":"open","ping_status":"open","sticky":false,"template":"","format":"standard","meta":{"jnews-multi-image_gallery":[],"jnews_single_post":{"format":"standard"},"jnews_primary_category":[],"jnews_social_meta":[],"jnews_override_counter":[],"footnotes":""},"categories":[1],"tags":[29104,29105,23172,28139,29107,29106],"class_list":["post-201712","post","type-post","status-publish","format-standard","has-post-thumbnail","hentry","category-noticias","tag-arvores-na-divisa","tag-codigo-civil-arvores","tag-direito-de-vizinhanca","tag-galhos-invadindo-terreno","tag-legislacao-ambiental","tag-poda-de-arvores"],"yoast_head":"<!-- This site is optimized with the Yoast SEO plugin v23.8 - https:\/\/yoast.com\/wordpress\/plugins\/seo\/ -->\n<title>A partir de agora,\u00a0os propriet\u00e1rios com \u00e1rvores ou cerca viva perto do vizinho precisam podar ou podem levar multa - Estado de Minas - Em foco<\/title>\n<meta name=\"description\" content=\"\u00c1rvores na divisa do vizinho geram multa e processo em 2026. Entenda o que o C\u00f3digo Civil permite cortar, as dist\u00e2ncias recomendadas e como evitar responsabilidade civil.\" \/>\n<meta name=\"robots\" content=\"index, follow, max-snippet:-1, max-image-preview:large, max-video-preview:-1\" \/>\n<link rel=\"canonical\" href=\"https:\/\/www.em.com.br\/emfoco\/2026\/05\/01\/a-partir-de-agora-os-proprietarios-com-arvores-ou-cerca-viva-perto-do-vizinho-precisam-podar-ou-podem-levar-multa\/\" \/>\n<meta property=\"og:locale\" content=\"pt_BR\" \/>\n<meta property=\"og:type\" content=\"article\" \/>\n<meta property=\"og:title\" content=\"A partir de agora,\u00a0os propriet\u00e1rios com \u00e1rvores ou cerca viva perto do vizinho precisam podar ou podem levar multa - Estado de Minas - Em foco\" \/>\n<meta property=\"og:description\" content=\"\u00c1rvores na divisa do vizinho geram multa e processo em 2026. Entenda o que o C\u00f3digo Civil permite cortar, as dist\u00e2ncias recomendadas e como evitar responsabilidade civil.\" \/>\n<meta property=\"og:url\" content=\"https:\/\/www.em.com.br\/emfoco\/2026\/05\/01\/a-partir-de-agora-os-proprietarios-com-arvores-ou-cerca-viva-perto-do-vizinho-precisam-podar-ou-podem-levar-multa\/\" \/>\n<meta property=\"og:site_name\" content=\"Estado de Minas - Em foco\" \/>\n<meta property=\"article:published_time\" content=\"2026-05-01T08:20:00+00:00\" \/>\n<meta property=\"article:modified_time\" content=\"2026-05-01T07:18:24+00:00\" \/>\n<meta property=\"og:image\" content=\"https:\/\/www.em.com.br\/emfoco\/wp-content\/uploads\/2026\/04\/magnific_mao-de-pessoa-segurando-u_2900926032.jpeg\" \/>\n\t<meta property=\"og:image:width\" content=\"1376\" \/>\n\t<meta property=\"og:image:height\" content=\"768\" \/>\n\t<meta property=\"og:image:type\" content=\"image\/jpeg\" \/>\n<meta name=\"author\" content=\"Vanessa Tavares\" \/>\n<meta name=\"twitter:card\" content=\"summary_large_image\" \/>\n<meta name=\"twitter:label1\" content=\"Escrito por\" \/>\n\t<meta name=\"twitter:data1\" content=\"Vanessa Tavares\" \/>\n\t<meta name=\"twitter:label2\" content=\"Est. tempo de leitura\" \/>\n\t<meta name=\"twitter:data2\" content=\"6 minutos\" \/>\n<!-- \/ Yoast SEO plugin. -->","yoast_head_json":{"title":"A partir de agora,\u00a0os propriet\u00e1rios com \u00e1rvores ou cerca viva perto do vizinho precisam podar ou podem levar multa - Estado de Minas - Em foco","description":"\u00c1rvores na divisa do vizinho geram multa e processo em 2026. Entenda o que o C\u00f3digo Civil permite cortar, as dist\u00e2ncias recomendadas e como evitar responsabilidade civil.","robots":{"index":"index","follow":"follow","max-snippet":"max-snippet:-1","max-image-preview":"max-image-preview:large","max-video-preview":"max-video-preview:-1"},"canonical":"https:\/\/www.em.com.br\/emfoco\/2026\/05\/01\/a-partir-de-agora-os-proprietarios-com-arvores-ou-cerca-viva-perto-do-vizinho-precisam-podar-ou-podem-levar-multa\/","og_locale":"pt_BR","og_type":"article","og_title":"A partir de agora,\u00a0os propriet\u00e1rios com \u00e1rvores ou cerca viva perto do vizinho precisam podar ou podem levar multa - Estado de Minas - Em foco","og_description":"\u00c1rvores na divisa do vizinho geram multa e processo em 2026. Entenda o que o C\u00f3digo Civil permite cortar, as dist\u00e2ncias recomendadas e como evitar responsabilidade civil.","og_url":"https:\/\/www.em.com.br\/emfoco\/2026\/05\/01\/a-partir-de-agora-os-proprietarios-com-arvores-ou-cerca-viva-perto-do-vizinho-precisam-podar-ou-podem-levar-multa\/","og_site_name":"Estado de Minas - Em foco","article_published_time":"2026-05-01T08:20:00+00:00","article_modified_time":"2026-05-01T07:18:24+00:00","og_image":[{"width":1376,"height":768,"url":"https:\/\/www.em.com.br\/emfoco\/wp-content\/uploads\/2026\/04\/magnific_mao-de-pessoa-segurando-u_2900926032.jpeg","type":"image\/jpeg"}],"author":"Vanessa Tavares","twitter_card":"summary_large_image","twitter_misc":{"Escrito por":"Vanessa Tavares","Est. tempo de leitura":"6 minutos"},"schema":{"@context":"https:\/\/schema.org","@graph":[{"@type":"WebPage","@id":"https:\/\/www.em.com.br\/emfoco\/2026\/05\/01\/a-partir-de-agora-os-proprietarios-com-arvores-ou-cerca-viva-perto-do-vizinho-precisam-podar-ou-podem-levar-multa\/","url":"https:\/\/www.em.com.br\/emfoco\/2026\/05\/01\/a-partir-de-agora-os-proprietarios-com-arvores-ou-cerca-viva-perto-do-vizinho-precisam-podar-ou-podem-levar-multa\/","name":"A partir de agora,\u00a0os propriet\u00e1rios com \u00e1rvores ou cerca viva perto do vizinho precisam podar ou podem levar multa - Estado de Minas - Em foco","isPartOf":{"@id":"https:\/\/www.em.com.br\/emfoco\/#website"},"primaryImageOfPage":{"@id":"https:\/\/www.em.com.br\/emfoco\/2026\/05\/01\/a-partir-de-agora-os-proprietarios-com-arvores-ou-cerca-viva-perto-do-vizinho-precisam-podar-ou-podem-levar-multa\/#primaryimage"},"image":{"@id":"https:\/\/www.em.com.br\/emfoco\/2026\/05\/01\/a-partir-de-agora-os-proprietarios-com-arvores-ou-cerca-viva-perto-do-vizinho-precisam-podar-ou-podem-levar-multa\/#primaryimage"},"thumbnailUrl":"https:\/\/www.em.com.br\/emfoco\/wp-content\/uploads\/2026\/04\/magnific_mao-de-pessoa-segurando-u_2900926032.jpeg","datePublished":"2026-05-01T08:20:00+00:00","dateModified":"2026-05-01T07:18:24+00:00","author":{"@id":"https:\/\/www.em.com.br\/emfoco\/#\/schema\/person\/4a7a157aac450b98edc86f15a7434f0b"},"description":"\u00c1rvores na divisa do vizinho geram multa e processo em 2026. Entenda o que o C\u00f3digo Civil permite cortar, as dist\u00e2ncias recomendadas e como evitar responsabilidade civil.","breadcrumb":{"@id":"https:\/\/www.em.com.br\/emfoco\/2026\/05\/01\/a-partir-de-agora-os-proprietarios-com-arvores-ou-cerca-viva-perto-do-vizinho-precisam-podar-ou-podem-levar-multa\/#breadcrumb"},"inLanguage":"pt-BR","potentialAction":[{"@type":"ReadAction","target":["https:\/\/www.em.com.br\/emfoco\/2026\/05\/01\/a-partir-de-agora-os-proprietarios-com-arvores-ou-cerca-viva-perto-do-vizinho-precisam-podar-ou-podem-levar-multa\/"]}]},{"@type":"ImageObject","inLanguage":"pt-BR","@id":"https:\/\/www.em.com.br\/emfoco\/2026\/05\/01\/a-partir-de-agora-os-proprietarios-com-arvores-ou-cerca-viva-perto-do-vizinho-precisam-podar-ou-podem-levar-multa\/#primaryimage","url":"https:\/\/www.em.com.br\/emfoco\/wp-content\/uploads\/2026\/04\/magnific_mao-de-pessoa-segurando-u_2900926032.jpeg","contentUrl":"https:\/\/www.em.com.br\/emfoco\/wp-content\/uploads\/2026\/04\/magnific_mao-de-pessoa-segurando-u_2900926032.jpeg","width":1376,"height":768,"caption":"Legisla\u00e7\u00e3o define direitos sobre \u00e1rvores na divisa e evita conflitos legais entre propriedades"},{"@type":"BreadcrumbList","@id":"https:\/\/www.em.com.br\/emfoco\/2026\/05\/01\/a-partir-de-agora-os-proprietarios-com-arvores-ou-cerca-viva-perto-do-vizinho-precisam-podar-ou-podem-levar-multa\/#breadcrumb","itemListElement":[{"@type":"ListItem","position":1,"name":"In\u00edcio","item":"https:\/\/www.em.com.br\/emfoco\/"},{"@type":"ListItem","position":2,"name":"A partir de agora,\u00a0os propriet\u00e1rios com \u00e1rvores ou cerca viva perto do vizinho precisam podar ou podem levar multa"}]},{"@type":"WebSite","@id":"https:\/\/www.em.com.br\/emfoco\/#website","url":"https:\/\/www.em.com.br\/emfoco\/","name":"Estado de Minas - Em foco","description":"Acompanhe as \u00faltimas not\u00edcias e fique bem informado sobre tudo o que acontece em Minas Gerais, Brasil e no mundo.","potentialAction":[{"@type":"SearchAction","target":{"@type":"EntryPoint","urlTemplate":"https:\/\/www.em.com.br\/emfoco\/?s={search_term_string}"},"query-input":{"@type":"PropertyValueSpecification","valueRequired":true,"valueName":"search_term_string"}}],"inLanguage":"pt-BR"},{"@type":"Person","@id":"https:\/\/www.em.com.br\/emfoco\/#\/schema\/person\/4a7a157aac450b98edc86f15a7434f0b","name":"Vanessa Tavares","image":{"@type":"ImageObject","inLanguage":"pt-BR","@id":"https:\/\/www.em.com.br\/emfoco\/#\/schema\/person\/image\/","url":"https:\/\/secure.gravatar.com\/avatar\/088c9372da58da00f00f8e508f13d635?s=96&d=mm&r=g","contentUrl":"https:\/\/secure.gravatar.com\/avatar\/088c9372da58da00f00f8e508f13d635?s=96&d=mm&r=g","caption":"Vanessa Tavares"},"sameAs":["https:\/\/www.em.com.br\/emfoco"],"url":"https:\/\/www.em.com.br\/emfoco\/author\/vanessamyth\/"}]}},"_links":{"self":[{"href":"https:\/\/www.em.com.br\/emfoco\/wp-json\/wp\/v2\/posts\/201712","targetHints":{"allow":["GET"]}}],"collection":[{"href":"https:\/\/www.em.com.br\/emfoco\/wp-json\/wp\/v2\/posts"}],"about":[{"href":"https:\/\/www.em.com.br\/emfoco\/wp-json\/wp\/v2\/types\/post"}],"author":[{"embeddable":true,"href":"https:\/\/www.em.com.br\/emfoco\/wp-json\/wp\/v2\/users\/19"}],"replies":[{"embeddable":true,"href":"https:\/\/www.em.com.br\/emfoco\/wp-json\/wp\/v2\/comments?post=201712"}],"version-history":[{"count":3,"href":"https:\/\/www.em.com.br\/emfoco\/wp-json\/wp\/v2\/posts\/201712\/revisions"}],"predecessor-version":[{"id":202330,"href":"https:\/\/www.em.com.br\/emfoco\/wp-json\/wp\/v2\/posts\/201712\/revisions\/202330"}],"wp:featuredmedia":[{"embeddable":true,"href":"https:\/\/www.em.com.br\/emfoco\/wp-json\/wp\/v2\/media\/202329"}],"wp:attachment":[{"href":"https:\/\/www.em.com.br\/emfoco\/wp-json\/wp\/v2\/media?parent=201712"}],"wp:term":[{"taxonomy":"category","embeddable":true,"href":"https:\/\/www.em.com.br\/emfoco\/wp-json\/wp\/v2\/categories?post=201712"},{"taxonomy":"post_tag","embeddable":true,"href":"https:\/\/www.em.com.br\/emfoco\/wp-json\/wp\/v2\/tags?post=201712"}],"curies":[{"name":"wp","href":"https:\/\/api.w.org\/{rel}","templated":true}]}}