{"id":201701,"date":"2026-04-30T17:55:00","date_gmt":"2026-04-30T20:55:00","guid":{"rendered":"https:\/\/www.em.com.br\/emfoco\/?p=201701"},"modified":"2026-04-29T19:42:36","modified_gmt":"2026-04-29T22:42:36","slug":"a-arvore-que-pode-derrubar-sua-casa-e-matar-seu-jardim","status":"publish","type":"post","link":"https:\/\/www.em.com.br\/emfoco\/2026\/04\/30\/a-arvore-que-pode-derrubar-sua-casa-e-matar-seu-jardim\/","title":{"rendered":"A \u00e1rvore que pode derrubar sua casa e matar seu jardim"},"content":{"rendered":"\n<p>Ter uma <strong>\u00e1rvore de jaca<\/strong> no quintal parece uma ideia sustent\u00e1vel para quem aprecia frutas frescas direto do p\u00e9 e deseja sombra natural. No entanto, as consequ\u00eancias estruturais e os riscos f\u00edsicos envolvidos nessa escolha podem transformar o sonho do pomar dom\u00e9stico em um verdadeiro pesadelo para os moradores desavisados.<\/p>\n\n\n\n<h2 class=\"wp-block-heading\">Por que a \u00e1rvore de jaca representa um risco para a estrutura?<\/h2>\n\n\n\n<p>O sistema radicular dessa esp\u00e9cie \u00e9 extremamente agressivo e tende a se espalhar por grandes \u00e1reas subterr\u00e2neas em busca de nutrientes. Essas ra\u00edzes robustas conseguem <strong>rachar cal\u00e7adas<\/strong> vizinhas e comprometer seriamente a funda\u00e7\u00e3o de muros ou resid\u00eancias localizadas no terreno. Por esse motivo, \u00e9 necess\u00e1rio <strong>avaliar o espa\u00e7o<\/strong> dispon\u00edvel com cautela antes de realizar o plantio definitivo de qualquer muda de grande porte.<\/p>\n\n\n\n<p>Al\u00e9m do solo, a copa frondosa atinge alturas consider\u00e1veis que podem interferir diretamente na fia\u00e7\u00e3o el\u00e9trica da rua ou de postes internos. O peso excessivo dos galhos exige <strong>podas constantes<\/strong> e muito dispendiosas para evitar acidentes graves durante tempestades ou ventanias fortes na regi\u00e3o. O propriet\u00e1rio acaba gastando muito dinheiro para <strong>manter a seguran\u00e7a<\/strong> b\u00e1sica do seu im\u00f3vel urbano e evitar danos ao patrim\u00f4nio alheio.<\/p>\n\n\n<div class=\"wp-block-image\">\n<figure class=\"aligncenter size-large\"><img loading=\"lazy\" decoding=\"async\" width=\"1024\" height=\"576\" src=\"https:\/\/www.em.com.br\/emfoco\/wp-content\/uploads\/2026\/01\/jaca-fruit_1767321043753-1024x576.jpg\" alt=\"\u00e1rvore de jaca\" class=\"wp-image-149385\" srcset=\"https:\/\/www.em.com.br\/emfoco\/wp-content\/uploads\/2026\/01\/jaca-fruit_1767321043753-1024x576.jpg 1024w, https:\/\/www.em.com.br\/emfoco\/wp-content\/uploads\/2026\/01\/jaca-fruit_1767321043753-300x169.jpg 300w, https:\/\/www.em.com.br\/emfoco\/wp-content\/uploads\/2026\/01\/jaca-fruit_1767321043753-768x432.jpg 768w, https:\/\/www.em.com.br\/emfoco\/wp-content\/uploads\/2026\/01\/jaca-fruit_1767321043753-750x422.jpg 750w, https:\/\/www.em.com.br\/emfoco\/wp-content\/uploads\/2026\/01\/jaca-fruit_1767321043753-1140x641.jpg 1140w, https:\/\/www.em.com.br\/emfoco\/wp-content\/uploads\/2026\/01\/jaca-fruit_1767321043753.jpg 1280w\" sizes=\"auto, (max-width: 1024px) 100vw, 1024px\" \/><figcaption class=\"wp-element-caption\">O sistema radicular dessa esp\u00e9cie \u00e9 extremamente agressivo e tende a se espalhar por grandes \u00e1reas subterr\u00e2neas em busca de nutrientes- Cr\u00e9ditos: depositphotos.com \/ jpldesigns<\/figcaption><\/figure><\/div>\n\n\n<p>Leia tamb\u00e9m: <a href=\"https:\/\/www.em.com.br\/emfoco\/2026\/04\/02\/arvores-liquidas-sao-a-nova-aposta-das-cidades-modernas-para-limpar-o-ar-e-combater-a-poluicao\/\" target=\"_blank\" rel=\"noreferrer noopener\">\u00c1rvores l\u00edquidas s\u00e3o a nova aposta das cidades modernas para limpar o ar e combater a polui\u00e7\u00e3o<\/a><\/p>\n\n\n\n<h2 class=\"wp-block-heading\">O perigo real dos frutos gigantes da \u00e1rvore de jaca<\/h2>\n\n\n\n<p>A caracter\u00edstica mais marcante dessa planta \u00e9 justamente o tamanho desproporcional dos seus frutos pesados que nascem diretamente no tronco principal. Uma unidade madura pode atingir facilmente os trinta quilos e <strong>causar ferimentos<\/strong> fatais caso atinja uma pessoa ou animal de estima\u00e7\u00e3o distra\u00eddo. Consequentemente, torna-se imposs\u00edvel <strong>garantir a prote\u00e7\u00e3o<\/strong> total de quem transita embaixo da sombra fresca durante o per\u00edodo de colheita anual.<\/p>\n\n\n\n<p>A queda livre dessas frutas tamb\u00e9m provoca danos materiais significativos em telhados de cer\u00e2mica, ve\u00edculos estacionados e outras estruturas fr\u00e1geis do jardim. O peso de um impacto direto desses pode destruir calhas e amassar o cap\u00f4 de um carro de forma permanente. Antes de decidir pelo cultivo, considere atentamente os seguintes pontos cr\u00edticos sobre a conviv\u00eancia com esses gigantes da natureza:<\/p>\n\n\n\n<ul class=\"wp-block-list\">\n<li>Risco iminente de <strong>danos ao telhado<\/strong> da garagem ou da resid\u00eancia principal.<\/li>\n\n\n\n<li>Ac\u00famulo de <strong>res\u00edduos pegajosos<\/strong> e de dif\u00edcil limpeza no piso externo.<\/li>\n\n\n\n<li>Necessidade de <strong>equipamentos especiais<\/strong> para colher os frutos com seguran\u00e7a.<\/li>\n\n\n\n<li>Atra\u00e7\u00e3o indesejada de <strong>grandes insetos<\/strong> e animais silvestres em busca de comida.<\/li>\n<\/ul>\n\n\n\n<figure class=\"wp-block-embed is-type-rich is-provider-pinterest wp-block-embed-pinterest\"><div class=\"wp-block-embed__wrapper\">\n<iframe loading=\"lazy\" title=\"jac\u00e1 de Bras\u00edlia\" src=\"https:\/\/assets.pinterest.com\/ext\/embed.html?id=1125196288137727938&#038;src=oembed\" height=\"899\" width=\"450\" frameborder=\"0\" scrolling=\"no\" ><\/iframe>\n<\/div><\/figure>\n\n\n\n<h2 class=\"wp-block-heading\">Inconvenientes pr\u00e1ticos ao cultivar uma \u00e1rvore de jaca<\/h2>\n\n\n\n<p>Quando o fruto amadurece e cai no ch\u00e3o, ele libera um aroma extremamente doce e penetrante que costuma <strong>incomodar vizinhos<\/strong> pr\u00f3ximos. Essa fragr\u00e2ncia intensa acaba por <strong>atrair moscas<\/strong> varejeiras e outros animais que buscam alimento f\u00e1cil no solo \u00famido e sombreado. A limpeza di\u00e1ria das sobras org\u00e2nicas torna-se uma <strong>tarefa exaustiva<\/strong> para qualquer morador que valorize a higiene constante do seu ambiente externo.<\/p>\n\n\n\n<p>Adicionalmente, a planta possui uma subst\u00e2ncia resinosa chamada l\u00e1tex que gruda em qualquer superf\u00edcie e \u00e9 muito dif\u00edcil de remover sem produtos qu\u00edmicos. Essa cola natural pode <strong>manchar pisos<\/strong> caros e estragar as roupas de quem tenta manusear o vegetal sem o preparo adequado. Por isso, \u00e9 fundamental <strong>escolher esp\u00e9cies<\/strong> mais adequadas para o conv\u00edvio pr\u00f3ximo com as \u00e1reas de lazer da sua fam\u00edlia.<\/p>\n\n\n\n<p>Para voc\u00ea que gosta de plantas, separamos um v\u00eddeo do canal <a href=\"https:\/\/www.youtube.com\/@PetePlantasUniversoCaipira\" target=\"_blank\" rel=\"noreferrer noopener\">Universo Caipira<\/a> com dicas para cuidar da jaqueira e evitar dores de cabe\u00e7a:<\/p>\n\n\n\n<figure class=\"wp-block-embed is-type-video is-provider-youtube wp-block-embed-youtube wp-embed-aspect-16-9 wp-has-aspect-ratio\"><div class=\"wp-block-embed__wrapper\">\n<div class=\"jeg_video_container jeg_video_content\"><iframe loading=\"lazy\" title=\"A \u00e1rvore JAQUEIRA pode DERRUBAR a sua casa - Como podar galhos e ra\u00edzes #dicas\" width=\"500\" height=\"281\" src=\"https:\/\/www.youtube.com\/embed\/Igqk9mKZJ5M?feature=oembed\" frameborder=\"0\" allow=\"accelerometer; autoplay; clipboard-write; encrypted-media; gyroscope; picture-in-picture; web-share\" referrerpolicy=\"strict-origin-when-cross-origin\" allowfullscreen><\/iframe><\/div>\n<\/div><\/figure>\n\n\n\n<h2 class=\"wp-block-heading\">Impacto na biodiversidade e nos encanamentos dom\u00e9sticos<\/h2>\n\n\n\n<p>A busca incessante por \u00e1gua faz com que os capilares das ra\u00edzes invadam tubula\u00e7\u00f5es de esgoto e caixas de gordura com facilidade. Esse movimento natural provoca <strong>entupimentos severos<\/strong> que exigem reformas dr\u00e1sticas e quebras de pisos para o conserto definitivo do sistema hidr\u00e1ulico. Voc\u00ea deve <strong>prever gastos<\/strong> extras com encanadores profissionais se decidir ignorar esses alertas biol\u00f3gicos importantes sobre o crescimento da planta.<\/p>\n\n\n\n<p>O sombreamento excessivo causado pelas folhas largas impede que outras plantas menores e gramados consigam realizar a fotoss\u00edntese de maneira correta. O jardim ao redor acaba ficando com a <strong>terra nua<\/strong> e propensa a sofrer com a eros\u00e3o constante durante as chuvas de ver\u00e3o. Observe cuidadosamente alguns sinais t\u00edpicos de que as estruturas do seu im\u00f3vel podem estar sofrendo com a press\u00e3o subterr\u00e2nea:<\/p>\n\n\n\n<ol class=\"wp-block-list\">\n<li>Surgimento de <strong>fissuras profundas<\/strong> em muros lim\u00edtrofes e cal\u00e7adas externas.<\/li>\n\n\n\n<li>Lentid\u00e3o excessiva no <strong>escoamento da \u00e1gua<\/strong> das pias e vasos sanit\u00e1rios.<\/li>\n\n\n\n<li>Eleva\u00e7\u00e3o irregular do <strong>piso de cer\u00e2mica<\/strong> ou concreto no quintal.<\/li>\n\n\n\n<li>Ru\u00eddos estranhos nas <strong>tubula\u00e7\u00f5es hidr\u00e1ulicas<\/strong> durante o uso comum da casa.<\/li>\n<\/ol>\n\n\n\n<figure class=\"wp-block-embed is-type-rich is-provider-pinterest wp-block-embed-pinterest\"><div class=\"wp-block-embed__wrapper\">\n<iframe loading=\"lazy\" title=\" \" src=\"https:\/\/assets.pinterest.com\/ext\/embed.html?id=182888434852358738&#038;src=oembed\" height=\"775\" width=\"450\" frameborder=\"0\" scrolling=\"no\" ><\/iframe>\n<\/div><\/figure>\n\n\n\n<h2 class=\"wp-block-heading\">Responsabilidades legais e dificuldades na colheita<\/h2>\n\n\n\n<p>Caso um galho ou fruto caia na propriedade vizinha, o dono do terreno torna-se o \u00fanico respons\u00e1vel jur\u00eddico pelos preju\u00edzos causados. \u00c9 preciso <strong>evitar conflitos<\/strong> desnecess\u00e1rios mantendo a vegeta\u00e7\u00e3o sempre dentro dos limites permitidos pela legisla\u00e7\u00e3o ambiental municipal vigente. O propriet\u00e1rio deve <strong>zelar pelo espa\u00e7o<\/strong> comum para n\u00e3o gerar multas pesadas ou reclama\u00e7\u00f5es formais nos \u00f3rg\u00e3os de fiscaliza\u00e7\u00e3o.<\/p>\n\n\n\n<p>Da mesma forma, a colheita manual exige o uso de escadas altas e ferramentas de corte pesadas que podem causar acidentes dom\u00e9sticos s\u00e9rios. Manusear uma unidade t\u00e3o grande e pegajosa requer <strong>habilidade f\u00edsica<\/strong> e um tempo consider\u00e1vel de dedica\u00e7\u00e3o exclusiva para o preparo. Muitas pessoas acabam por <strong>desperdi\u00e7ar o alimento<\/strong> pela simples dificuldade log\u00edstica de retir\u00e1-lo com seguran\u00e7a absoluta do alto da copa frondosa.<\/p>\n\n\n\n<h2 class=\"wp-block-heading\">Como escolher a melhor op\u00e7\u00e3o para o seu jardim urbano<\/h2>\n\n\n\n<p>Priorize sempre o plantio de \u00e1rvores frut\u00edferas de pequeno porte que n\u00e3o ofere\u00e7am riscos estruturais aos moradores da resid\u00eancia. Busque <strong>orienta\u00e7\u00e3o t\u00e9cnica<\/strong> com especialistas em paisagismo funcional para planejar corretamente sua \u00e1rea verde privativa. Uma escolha consciente vai <strong>garantir tranquilidade<\/strong> absoluta para voc\u00ea e para os seus familiares queridos.<\/p>\n\n\n\n<p>Valorize a seguran\u00e7a do seu patrim\u00f4nio f\u00edsico ao selecionar as esp\u00e9cies vegetais que v\u00e3o compor o seu cen\u00e1rio externo. Prefira <strong>frutas menores<\/strong> que sejam f\u00e1ceis de colher e n\u00e3o exijam manuten\u00e7\u00f5es pesadas ou podas radicais constantes. A natureza deve <strong>trazer alegria<\/strong> e n\u00e3o preocupa\u00e7\u00f5es financeiras desnecess\u00e1rias para o seu dia a dia agitado.<\/p>\n","protected":false},"excerpt":{"rendered":"<p>Ter uma \u00e1rvore de jaca no quintal parece uma ideia sustent\u00e1vel para quem aprecia frutas frescas direto do p\u00e9 e deseja sombra natural. No entanto, as consequ\u00eancias estruturais e os riscos f\u00edsicos envolvidos nessa escolha podem transformar o sonho do pomar dom\u00e9stico em um verdadeiro pesadelo para os moradores desavisados. Por que a \u00e1rvore de [&hellip;]<\/p>\n","protected":false},"author":9,"featured_media":201787,"comment_status":"open","ping_status":"open","sticky":false,"template":"","format":"standard","meta":{"jnews-multi-image_gallery":[],"jnews_single_post":{"format":"standard"},"jnews_primary_category":[],"jnews_social_meta":[],"jnews_override_counter":[],"footnotes":""},"categories":[8691,29],"tags":[8257,7748,29007],"class_list":["post-201701","post","type-post","status-publish","format-standard","has-post-thumbnail","hentry","category-bem-estar","category-entretenimento","tag-jardinagem-urbana","tag-pomar-domestico","tag-riscos-estruturais"],"yoast_head":"<!-- This site is optimized with the Yoast SEO plugin v23.8 - https:\/\/yoast.com\/wordpress\/plugins\/seo\/ -->\n<title>A \u00e1rvore que pode derrubar sua casa e matar seu jardim - Estado de Minas - Em foco<\/title>\n<meta name=\"description\" content=\"Cultivar a \u00e1rvore de jaca em casa traz muitos desafios inesperados para os propriet\u00e1rios. Aprenda os perigos reais para sua resid\u00eancia.\" \/>\n<meta name=\"robots\" content=\"index, follow, max-snippet:-1, max-image-preview:large, max-video-preview:-1\" \/>\n<link rel=\"canonical\" href=\"https:\/\/www.em.com.br\/emfoco\/2026\/04\/30\/a-arvore-que-pode-derrubar-sua-casa-e-matar-seu-jardim\/\" \/>\n<meta property=\"og:locale\" content=\"pt_BR\" \/>\n<meta property=\"og:type\" content=\"article\" \/>\n<meta property=\"og:title\" content=\"A \u00e1rvore que pode derrubar sua casa e matar seu jardim - Estado de Minas - Em foco\" \/>\n<meta property=\"og:description\" content=\"Cultivar a \u00e1rvore de jaca em casa traz muitos desafios inesperados para os propriet\u00e1rios. Aprenda os perigos reais para sua resid\u00eancia.\" \/>\n<meta property=\"og:url\" content=\"https:\/\/www.em.com.br\/emfoco\/2026\/04\/30\/a-arvore-que-pode-derrubar-sua-casa-e-matar-seu-jardim\/\" \/>\n<meta property=\"og:site_name\" content=\"Estado de Minas - Em foco\" \/>\n<meta property=\"article:published_time\" content=\"2026-04-30T20:55:00+00:00\" \/>\n<meta property=\"article:modified_time\" content=\"2026-04-29T22:42:36+00:00\" \/>\n<meta property=\"og:image\" content=\"https:\/\/www.em.com.br\/emfoco\/wp-content\/uploads\/2026\/04\/EmFoco_66-5.jpg\" \/>\n\t<meta property=\"og:image:width\" content=\"1280\" \/>\n\t<meta property=\"og:image:height\" content=\"720\" \/>\n\t<meta property=\"og:image:type\" content=\"image\/jpeg\" \/>\n<meta name=\"author\" content=\"Daniely Cardoso\" \/>\n<meta name=\"twitter:card\" content=\"summary_large_image\" \/>\n<meta name=\"twitter:label1\" content=\"Escrito por\" \/>\n\t<meta name=\"twitter:data1\" content=\"Daniely Cardoso\" \/>\n\t<meta name=\"twitter:label2\" content=\"Est. tempo de leitura\" \/>\n\t<meta name=\"twitter:data2\" content=\"6 minutos\" \/>\n<!-- \/ Yoast SEO plugin. -->","yoast_head_json":{"title":"A \u00e1rvore que pode derrubar sua casa e matar seu jardim - Estado de Minas - Em foco","description":"Cultivar a \u00e1rvore de jaca em casa traz muitos desafios inesperados para os propriet\u00e1rios. Aprenda os perigos reais para sua resid\u00eancia.","robots":{"index":"index","follow":"follow","max-snippet":"max-snippet:-1","max-image-preview":"max-image-preview:large","max-video-preview":"max-video-preview:-1"},"canonical":"https:\/\/www.em.com.br\/emfoco\/2026\/04\/30\/a-arvore-que-pode-derrubar-sua-casa-e-matar-seu-jardim\/","og_locale":"pt_BR","og_type":"article","og_title":"A \u00e1rvore que pode derrubar sua casa e matar seu jardim - Estado de Minas - Em foco","og_description":"Cultivar a \u00e1rvore de jaca em casa traz muitos desafios inesperados para os propriet\u00e1rios. Aprenda os perigos reais para sua resid\u00eancia.","og_url":"https:\/\/www.em.com.br\/emfoco\/2026\/04\/30\/a-arvore-que-pode-derrubar-sua-casa-e-matar-seu-jardim\/","og_site_name":"Estado de Minas - Em foco","article_published_time":"2026-04-30T20:55:00+00:00","article_modified_time":"2026-04-29T22:42:36+00:00","og_image":[{"width":1280,"height":720,"url":"https:\/\/www.em.com.br\/emfoco\/wp-content\/uploads\/2026\/04\/EmFoco_66-5.jpg","type":"image\/jpeg"}],"author":"Daniely Cardoso","twitter_card":"summary_large_image","twitter_misc":{"Escrito por":"Daniely Cardoso","Est. tempo de leitura":"6 minutos"},"schema":{"@context":"https:\/\/schema.org","@graph":[{"@type":"WebPage","@id":"https:\/\/www.em.com.br\/emfoco\/2026\/04\/30\/a-arvore-que-pode-derrubar-sua-casa-e-matar-seu-jardim\/","url":"https:\/\/www.em.com.br\/emfoco\/2026\/04\/30\/a-arvore-que-pode-derrubar-sua-casa-e-matar-seu-jardim\/","name":"A \u00e1rvore que pode derrubar sua casa e matar seu jardim - Estado de Minas - Em foco","isPartOf":{"@id":"https:\/\/www.em.com.br\/emfoco\/#website"},"primaryImageOfPage":{"@id":"https:\/\/www.em.com.br\/emfoco\/2026\/04\/30\/a-arvore-que-pode-derrubar-sua-casa-e-matar-seu-jardim\/#primaryimage"},"image":{"@id":"https:\/\/www.em.com.br\/emfoco\/2026\/04\/30\/a-arvore-que-pode-derrubar-sua-casa-e-matar-seu-jardim\/#primaryimage"},"thumbnailUrl":"https:\/\/www.em.com.br\/emfoco\/wp-content\/uploads\/2026\/04\/EmFoco_66-5.jpg","datePublished":"2026-04-30T20:55:00+00:00","dateModified":"2026-04-29T22:42:36+00:00","author":{"@id":"https:\/\/www.em.com.br\/emfoco\/#\/schema\/person\/0a8186d72f2c3a5c6276d90b41f271a0"},"description":"Cultivar a \u00e1rvore de jaca em casa traz muitos desafios inesperados para os propriet\u00e1rios. Aprenda os perigos reais para sua resid\u00eancia.","breadcrumb":{"@id":"https:\/\/www.em.com.br\/emfoco\/2026\/04\/30\/a-arvore-que-pode-derrubar-sua-casa-e-matar-seu-jardim\/#breadcrumb"},"inLanguage":"pt-BR","potentialAction":[{"@type":"ReadAction","target":["https:\/\/www.em.com.br\/emfoco\/2026\/04\/30\/a-arvore-que-pode-derrubar-sua-casa-e-matar-seu-jardim\/"]}]},{"@type":"ImageObject","inLanguage":"pt-BR","@id":"https:\/\/www.em.com.br\/emfoco\/2026\/04\/30\/a-arvore-que-pode-derrubar-sua-casa-e-matar-seu-jardim\/#primaryimage","url":"https:\/\/www.em.com.br\/emfoco\/wp-content\/uploads\/2026\/04\/EmFoco_66-5.jpg","contentUrl":"https:\/\/www.em.com.br\/emfoco\/wp-content\/uploads\/2026\/04\/EmFoco_66-5.jpg","width":1280,"height":720,"caption":"Ra\u00edzes agressivas e frutos pesados representam riscos estruturais e f\u00edsicos em \u00e1reas urbanas"},{"@type":"BreadcrumbList","@id":"https:\/\/www.em.com.br\/emfoco\/2026\/04\/30\/a-arvore-que-pode-derrubar-sua-casa-e-matar-seu-jardim\/#breadcrumb","itemListElement":[{"@type":"ListItem","position":1,"name":"In\u00edcio","item":"https:\/\/www.em.com.br\/emfoco\/"},{"@type":"ListItem","position":2,"name":"A \u00e1rvore que pode derrubar sua casa e matar seu jardim"}]},{"@type":"WebSite","@id":"https:\/\/www.em.com.br\/emfoco\/#website","url":"https:\/\/www.em.com.br\/emfoco\/","name":"Estado de Minas - Em foco","description":"Acompanhe as \u00faltimas not\u00edcias e fique bem informado sobre tudo o que acontece em Minas Gerais, Brasil e no mundo.","potentialAction":[{"@type":"SearchAction","target":{"@type":"EntryPoint","urlTemplate":"https:\/\/www.em.com.br\/emfoco\/?s={search_term_string}"},"query-input":{"@type":"PropertyValueSpecification","valueRequired":true,"valueName":"search_term_string"}}],"inLanguage":"pt-BR"},{"@type":"Person","@id":"https:\/\/www.em.com.br\/emfoco\/#\/schema\/person\/0a8186d72f2c3a5c6276d90b41f271a0","name":"Daniely Cardoso","image":{"@type":"ImageObject","inLanguage":"pt-BR","@id":"https:\/\/www.em.com.br\/emfoco\/#\/schema\/person\/image\/","url":"https:\/\/secure.gravatar.com\/avatar\/4b80ddbd124d1f071b626d52d62e5dff?s=96&d=mm&r=g","contentUrl":"https:\/\/secure.gravatar.com\/avatar\/4b80ddbd124d1f071b626d52d62e5dff?s=96&d=mm&r=g","caption":"Daniely Cardoso"},"url":"https:\/\/www.em.com.br\/emfoco\/author\/danielymyth\/"}]}},"_links":{"self":[{"href":"https:\/\/www.em.com.br\/emfoco\/wp-json\/wp\/v2\/posts\/201701","targetHints":{"allow":["GET"]}}],"collection":[{"href":"https:\/\/www.em.com.br\/emfoco\/wp-json\/wp\/v2\/posts"}],"about":[{"href":"https:\/\/www.em.com.br\/emfoco\/wp-json\/wp\/v2\/types\/post"}],"author":[{"embeddable":true,"href":"https:\/\/www.em.com.br\/emfoco\/wp-json\/wp\/v2\/users\/9"}],"replies":[{"embeddable":true,"href":"https:\/\/www.em.com.br\/emfoco\/wp-json\/wp\/v2\/comments?post=201701"}],"version-history":[{"count":1,"href":"https:\/\/www.em.com.br\/emfoco\/wp-json\/wp\/v2\/posts\/201701\/revisions"}],"predecessor-version":[{"id":201706,"href":"https:\/\/www.em.com.br\/emfoco\/wp-json\/wp\/v2\/posts\/201701\/revisions\/201706"}],"wp:featuredmedia":[{"embeddable":true,"href":"https:\/\/www.em.com.br\/emfoco\/wp-json\/wp\/v2\/media\/201787"}],"wp:attachment":[{"href":"https:\/\/www.em.com.br\/emfoco\/wp-json\/wp\/v2\/media?parent=201701"}],"wp:term":[{"taxonomy":"category","embeddable":true,"href":"https:\/\/www.em.com.br\/emfoco\/wp-json\/wp\/v2\/categories?post=201701"},{"taxonomy":"post_tag","embeddable":true,"href":"https:\/\/www.em.com.br\/emfoco\/wp-json\/wp\/v2\/tags?post=201701"}],"curies":[{"name":"wp","href":"https:\/\/api.w.org\/{rel}","templated":true}]}}