{"id":201697,"date":"2026-05-01T14:20:00","date_gmt":"2026-05-01T17:20:00","guid":{"rendered":"https:\/\/www.em.com.br\/emfoco\/?p=201697"},"modified":"2026-05-01T08:18:23","modified_gmt":"2026-05-01T11:18:23","slug":"foi-definido-limite-de-idade-para-motoristas-idosos-nao-e-sobre-tirar-direitos-e-sobre-salvar-vidas","status":"publish","type":"post","link":"https:\/\/www.em.com.br\/emfoco\/2026\/05\/01\/foi-definido-limite-de-idade-para-motoristas-idosos-nao-e-sobre-tirar-direitos-e-sobre-salvar-vidas\/","title":{"rendered":"Foi definido limite de idade para motoristas idosos? &#8220;N\u00e3o \u00e9 sobre tirar direitos, \u00e9 sobre salvar vidas'&#8221;"},"content":{"rendered":"\n<p>A discuss\u00e3o sobre motoristas idosos voltou ao centro do notici\u00e1rio porque a&nbsp;<strong>Uni\u00e3o Europeia<\/strong>&nbsp;avan\u00e7ou na revis\u00e3o das regras de habilita\u00e7\u00e3o, com foco em reduzir riscos e padronizar procedimentos entre os pa\u00edses do bloco. O ponto mais importante n\u00e3o \u00e9 proibir ningu\u00e9m de dirigir por causa da idade, mas criar mecanismos de renova\u00e7\u00e3o e avalia\u00e7\u00e3o de aptid\u00e3o que os estados possam aplicar com mais rigor, especialmente a partir de faixas et\u00e1rias mais altas. Entender essa mudan\u00e7a ajuda a separar boatos de altera\u00e7\u00f5es reais e ilumina como pol\u00edticas de tr\u00e2nsito podem equilibrar seguran\u00e7a e mobilidade.<\/p>\n\n\n\n<h2 class=\"wp-block-heading\">O que a Uni\u00e3o Europeia decidiu sobre habilita\u00e7\u00e3o e renova\u00e7\u00e3o?<\/h2>\n\n\n\n<p>No acordo aprovado entre o&nbsp;<strong>Parlamento Europeu<\/strong>&nbsp;e o Conselho, publicado como Diretiva 2025\/2205 em outubro de 2025, as licen\u00e7as para carros e motos passam a ter validade padr\u00e3o de at\u00e9 15 anos, com possibilidade de redu\u00e7\u00e3o para 10 anos em alguns casos, al\u00e9m de prazos menores para categorias profissionais. A inten\u00e7\u00e3o \u00e9 tornar a renova\u00e7\u00e3o um momento de checagem real, n\u00e3o apenas um ato burocr\u00e1tico. A diretiva tamb\u00e9m introduz a&nbsp;<strong>carteira de habilita\u00e7\u00e3o digital<\/strong>, dispon\u00edvel em smartphones, que deve se tornar o formato principal ap\u00f3s um per\u00edodo de transi\u00e7\u00e3o nos pa\u00edses-membros.<\/p>\n\n\n\n<p>Outro eixo central \u00e9 o formato da verifica\u00e7\u00e3o de aptid\u00e3o: a renova\u00e7\u00e3o pode envolver exame m\u00e9dico, com itens como acuidade visual e condi\u00e7\u00f5es cardiovasculares, mas tamb\u00e9m pode ser substitu\u00edda por modelos definidos por cada pa\u00eds, como formul\u00e1rios de autoavalia\u00e7\u00e3o. Em outras palavras, h\u00e1 diretrizes comuns, mas a execu\u00e7\u00e3o concreta varia de estado para estado, conforme confirma a&nbsp;<a href=\"https:\/\/prp.pt\/europa-valida-novas-regras-para-cartas-de-conducao\/\" target=\"_blank\" rel=\"noreferrer noopener\"><strong>Preven\u00e7\u00e3o Rodovi\u00e1ria Portuguesa<\/strong><\/a>.<\/p>\n\n\n\n<figure class=\"wp-block-image size-large\"><img loading=\"lazy\" decoding=\"async\" width=\"1024\" height=\"572\" src=\"https:\/\/www.em.com.br\/emfoco\/wp-content\/uploads\/2026\/04\/magnific_motorista-idoso-europeu-d_2902748697-1024x572.jpeg\" alt=\"\" class=\"wp-image-202608\" srcset=\"https:\/\/www.em.com.br\/emfoco\/wp-content\/uploads\/2026\/04\/magnific_motorista-idoso-europeu-d_2902748697-1024x572.jpeg 1024w, https:\/\/www.em.com.br\/emfoco\/wp-content\/uploads\/2026\/04\/magnific_motorista-idoso-europeu-d_2902748697-300x167.jpeg 300w, https:\/\/www.em.com.br\/emfoco\/wp-content\/uploads\/2026\/04\/magnific_motorista-idoso-europeu-d_2902748697-768x429.jpeg 768w, https:\/\/www.em.com.br\/emfoco\/wp-content\/uploads\/2026\/04\/magnific_motorista-idoso-europeu-d_2902748697-750x419.jpeg 750w, https:\/\/www.em.com.br\/emfoco\/wp-content\/uploads\/2026\/04\/magnific_motorista-idoso-europeu-d_2902748697-1140x636.jpeg 1140w, https:\/\/www.em.com.br\/emfoco\/wp-content\/uploads\/2026\/04\/magnific_motorista-idoso-europeu-d_2902748697.jpeg 1376w\" sizes=\"auto, (max-width: 1024px) 100vw, 1024px\" \/><figcaption class=\"wp-element-caption\">Uni\u00e3o Europeia muda regras da CNH e aumenta validade da habilita\u00e7\u00e3o com foco em seguran\u00e7a e renova\u00e7\u00e3o de motoristas<\/figcaption><\/figure>\n\n\n\n<h2 class=\"wp-block-heading\">Existe um limite de idade obrigat\u00f3rio para parar de dirigir?<\/h2>\n\n\n\n<p>N\u00e3o h\u00e1 uma idade m\u00e1xima \u00fanica decretada para todos os motoristas do bloco. O que muda \u00e9 a possibilidade de os pa\u00edses encurtarem a validade da habilita\u00e7\u00e3o para condutores mais velhos, o que aumenta a frequ\u00eancia de avalia\u00e7\u00f5es, reciclagem ou verifica\u00e7\u00f5es de aptid\u00e3o ao volante, sem criar um corte autom\u00e1tico por anivers\u00e1rio. O pr\u00f3prio Parlamento Europeu rejeitou a proposta da Comiss\u00e3o de reduzir a validade das licen\u00e7as para idosos de forma generalizada, justamente para evitar discrimina\u00e7\u00e3o e garantir o direito \u00e0 livre circula\u00e7\u00e3o.<\/p>\n\n\n\n<p>Na pr\u00e1tica, isso significa que a idade pode funcionar como gatilho administrativo para revisar a habilita\u00e7\u00e3o com mais regularidade, e n\u00e3o como senten\u00e7a de perda do direito de dirigir. O efeito real depende das escolhas de cada pa\u00eds ao transformar as diretrizes em regras internas. A It\u00e1lia, por exemplo, j\u00e1 pro\u00edbe a renova\u00e7\u00e3o de categorias profissionais pesadas acima dos 68 anos, uma regra anterior que voltou ao debate recentemente.<\/p>\n\n\n\n<h2 class=\"wp-block-heading\">Como exames m\u00e9dicos e autoavalia\u00e7\u00e3o entram nessa hist\u00f3ria?<\/h2>\n\n\n\n<p>O debate gira em torno de como comprovar que o condutor segue apto para dirigir e quais instrumentos s\u00e3o mais justos e eficientes. Para contextualizar o que pode aparecer nos modelos europeus, vale observar os caminhos que v\u00eam sendo discutidos para renova\u00e7\u00e3o e verifica\u00e7\u00e3o de condi\u00e7\u00f5es de sa\u00fade:<\/p>\n\n\n\n<ul class=\"wp-block-list\">\n<li>Exame m\u00e9dico na renova\u00e7\u00e3o, com foco em aspectos como acuidade visual e condi\u00e7\u00f5es cl\u00ednicas que podem afetar o controle do ve\u00edculo<\/li>\n\n\n\n<li>Autoavalia\u00e7\u00e3o estruturada, com perguntas padronizadas para o motorista reportar limita\u00e7\u00f5es, uso de medicamentos e sinais de alerta<\/li>\n\n\n\n<li>Sistemas nacionais equivalentes, nos quais cada pa\u00eds define protocolos, periodicidade e eventuais exig\u00eancias adicionais<\/li>\n\n\n\n<li>Maior frequ\u00eancia de renova\u00e7\u00e3o ap\u00f3s certa faixa et\u00e1ria, quando a regra interna encurta o prazo de validade e exige revis\u00f5es mais pr\u00f3ximas<\/li>\n<\/ul>\n\n\n\n<p>Para quem l\u00ea manchetes alarmistas, o ponto-chave \u00e9 este: a checagem tende a ser um processo, n\u00e3o um r\u00f3tulo. O objetivo declarado \u00e9 reduzir sinistros ligados a incapacidades n\u00e3o percebidas, preservando a habilita\u00e7\u00e3o de quem est\u00e1 apto e criando barreiras para situa\u00e7\u00f5es de risco comprovado.<\/p>\n\n\n\n<h2 class=\"wp-block-heading\">Brasil x Uni\u00e3o Europeia: o que muda na pr\u00e1tica para quem dirige?<\/h2>\n\n\n\n<p>A tabela abaixo resume as principais diferen\u00e7as entre os dois modelos de renova\u00e7\u00e3o e avalia\u00e7\u00e3o de aptid\u00e3o ao volante:<\/p>\n\n\n\n<figure class=\"wp-block-table\"><table class=\"has-fixed-layout\"><thead><tr><th>Aspecto<\/th><th>Uni\u00e3o Europeia (nova diretiva)<\/th><th>Brasil (modelo atual)<\/th><\/tr><\/thead><tbody><tr><td>Validade da habilita\u00e7\u00e3o<\/td><td>At\u00e9 15 anos (padr\u00e3o), menor para profissionais<\/td><td>Varia por idade e categoria<\/td><\/tr><tr><td>Avalia\u00e7\u00e3o de aptid\u00e3o<\/td><td>Autoavalia\u00e7\u00e3o ou exame m\u00e9dico (por pa\u00eds)<\/td><td>Exame m\u00e9dico obrigat\u00f3rio na renova\u00e7\u00e3o<\/td><\/tr><tr><td>Corte por idade<\/td><td>N\u00e3o h\u00e1 corte autom\u00e1tico<\/td><td>N\u00e3o h\u00e1 corte autom\u00e1tico<\/td><\/tr><tr><td>Habilita\u00e7\u00e3o digital<\/td><td>Prevista como formato principal<\/td><td>Em implanta\u00e7\u00e3o gradual<\/td><\/tr><tr><td>San\u00e7\u00f5es transfronteiri\u00e7as<\/td><td>Infra\u00e7\u00f5es graves notificadas entre pa\u00edses<\/td><td>N\u00e3o se aplica<\/td><\/tr><\/tbody><\/table><\/figure>\n\n\n\n<h2 class=\"wp-block-heading\">O que esse movimento ensina para a realidade brasileira da CNH?<\/h2>\n\n\n\n<p>No Brasil, a renova\u00e7\u00e3o da&nbsp;<strong>CNH<\/strong>&nbsp;j\u00e1 envolve avalia\u00e7\u00e3o de aptid\u00e3o e pode ter prazos diferentes conforme a idade e a categoria, o que torna o tema familiar. O debate europeu refor\u00e7a uma ideia \u00fatil para qualquer sistema de tr\u00e2nsito: regras precisam ser previs\u00edveis, baseadas em crit\u00e9rios t\u00e9cnicos e comunicadas com clareza para evitar p\u00e2nico e interpreta\u00e7\u00f5es equivocadas sobre perda autom\u00e1tica do direito de dirigir. Se a discuss\u00e3o ganhar for\u00e7a por aqui, os argumentos tendem a se organizar em torno de medidas que aumentem seguran\u00e7a sem punir o envelhecimento:<\/p>\n\n\n\n<ul class=\"wp-block-list\">\n<li>Refor\u00e7ar exames focados em fun\u00e7\u00e3o, como vis\u00e3o, reflexos e aten\u00e7\u00e3o, em vez de usar apenas a idade como filtro<\/li>\n\n\n\n<li>Estimular reciclagem volunt\u00e1ria, com atualiza\u00e7\u00e3o de regras, sinaliza\u00e7\u00e3o e dire\u00e7\u00e3o defensiva para todas as faixas et\u00e1rias<\/li>\n\n\n\n<li>Criar alertas objetivos, com base em hist\u00f3rico de infra\u00e7\u00f5es graves, acidentes e condi\u00e7\u00f5es m\u00e9dicas relevantes, para orientar reavalia\u00e7\u00f5es<\/li>\n\n\n\n<li>Ampliar alternativas de mobilidade, reduzindo a depend\u00eancia do carro quando dirigir n\u00e3o for a op\u00e7\u00e3o mais segura<\/li>\n<\/ul>\n\n\n\n<figure class=\"wp-block-image size-large\"><img loading=\"lazy\" decoding=\"async\" width=\"1024\" height=\"572\" src=\"https:\/\/www.em.com.br\/emfoco\/wp-content\/uploads\/2026\/05\/magnific_homem-idoso-em-clinica-de_2902749266-1024x572.jpeg\" alt=\"\" class=\"wp-image-202611\" srcset=\"https:\/\/www.em.com.br\/emfoco\/wp-content\/uploads\/2026\/05\/magnific_homem-idoso-em-clinica-de_2902749266-1024x572.jpeg 1024w, https:\/\/www.em.com.br\/emfoco\/wp-content\/uploads\/2026\/05\/magnific_homem-idoso-em-clinica-de_2902749266-300x167.jpeg 300w, https:\/\/www.em.com.br\/emfoco\/wp-content\/uploads\/2026\/05\/magnific_homem-idoso-em-clinica-de_2902749266-768x429.jpeg 768w, https:\/\/www.em.com.br\/emfoco\/wp-content\/uploads\/2026\/05\/magnific_homem-idoso-em-clinica-de_2902749266-750x419.jpeg 750w, https:\/\/www.em.com.br\/emfoco\/wp-content\/uploads\/2026\/05\/magnific_homem-idoso-em-clinica-de_2902749266-1140x636.jpeg 1140w, https:\/\/www.em.com.br\/emfoco\/wp-content\/uploads\/2026\/05\/magnific_homem-idoso-em-clinica-de_2902749266.jpeg 1376w\" sizes=\"auto, (max-width: 1024px) 100vw, 1024px\" \/><figcaption class=\"wp-element-caption\">CNH na Uni\u00e3o Europeia passa a ter regras de renova\u00e7\u00e3o mais r\u00edgidas sem limite de idade e com foco em aptid\u00e3o do motorista<\/figcaption><\/figure>\n\n\n\n<h2 class=\"wp-block-heading\">Pronto para encarar a renova\u00e7\u00e3o como aliada, n\u00e3o como amea\u00e7a?<\/h2>\n\n\n\n<p>Quando o tr\u00e2nsito trata a renova\u00e7\u00e3o como etapa de preven\u00e7\u00e3o, e n\u00e3o como puni\u00e7\u00e3o, o sistema ganha em seguran\u00e7a e o motorista ganha em tranquilidade. Acompanhamento oftalmol\u00f3gico regular, aten\u00e7\u00e3o ao uso de medicamentos que afetam reflexos e sono, e cuidados com condi\u00e7\u00f5es como press\u00e3o alta e diabetes s\u00e3o atitudes que protegem o pr\u00f3prio condutor muito antes de qualquer avalia\u00e7\u00e3o formal.&nbsp;<strong>Encarar a checagem como rotina \u00e9 a melhor forma de manter o volante por mais tempo com autonomia e responsabilidade.<\/strong><\/p>\n","protected":false},"excerpt":{"rendered":"<p>A discuss\u00e3o sobre motoristas idosos voltou ao centro do notici\u00e1rio porque a&nbsp;Uni\u00e3o Europeia&nbsp;avan\u00e7ou na revis\u00e3o das regras de habilita\u00e7\u00e3o, com foco em reduzir riscos e padronizar procedimentos entre os pa\u00edses do bloco. O ponto mais importante n\u00e3o \u00e9 proibir ningu\u00e9m de dirigir por causa da idade, mas criar mecanismos de renova\u00e7\u00e3o e avalia\u00e7\u00e3o de aptid\u00e3o [&hellip;]<\/p>\n","protected":false},"author":19,"featured_media":202609,"comment_status":"open","ping_status":"open","sticky":false,"template":"","format":"standard","meta":{"jnews-multi-image_gallery":[],"jnews_single_post":{"format":"standard"},"jnews_primary_category":[],"jnews_social_meta":[],"jnews_override_counter":[],"footnotes":""},"categories":[1],"tags":[2384,260,24496],"class_list":["post-201697","post","type-post","status-publish","format-standard","has-post-thumbnail","hentry","category-noticias","tag-habilitacao","tag-idosos","tag-motoristas-acima-de-60-anos"],"yoast_head":"<!-- This site is optimized with the Yoast SEO plugin v23.8 - https:\/\/yoast.com\/wordpress\/plugins\/seo\/ -->\n<title>Foi definido limite de idade para motoristas idosos? &quot;N\u00e3o \u00e9 sobre tirar direitos, \u00e9 sobre salvar vidas&#039;&quot; - Estado de Minas - Em foco<\/title>\n<meta name=\"description\" content=\"Nova regulamenta\u00e7\u00e3o da habilita\u00e7\u00e3o na Uni\u00e3o Europeia aposta em exames e autoavalia\u00e7\u00e3o para refor\u00e7ar seguran\u00e7a no tr\u00e2nsito entre pa\u00edses do bloco\" \/>\n<meta name=\"robots\" content=\"index, follow, max-snippet:-1, max-image-preview:large, max-video-preview:-1\" \/>\n<link rel=\"canonical\" href=\"https:\/\/www.em.com.br\/emfoco\/2026\/05\/01\/foi-definido-limite-de-idade-para-motoristas-idosos-nao-e-sobre-tirar-direitos-e-sobre-salvar-vidas\/\" \/>\n<meta property=\"og:locale\" content=\"pt_BR\" \/>\n<meta property=\"og:type\" content=\"article\" \/>\n<meta property=\"og:title\" content=\"Foi definido limite de idade para motoristas idosos? &quot;N\u00e3o \u00e9 sobre tirar direitos, \u00e9 sobre salvar vidas&#039;&quot; - Estado de Minas - Em foco\" \/>\n<meta property=\"og:description\" content=\"Nova regulamenta\u00e7\u00e3o da habilita\u00e7\u00e3o na Uni\u00e3o Europeia aposta em exames e autoavalia\u00e7\u00e3o para refor\u00e7ar seguran\u00e7a no tr\u00e2nsito entre pa\u00edses do bloco\" \/>\n<meta property=\"og:url\" content=\"https:\/\/www.em.com.br\/emfoco\/2026\/05\/01\/foi-definido-limite-de-idade-para-motoristas-idosos-nao-e-sobre-tirar-direitos-e-sobre-salvar-vidas\/\" \/>\n<meta property=\"og:site_name\" content=\"Estado de Minas - Em foco\" \/>\n<meta property=\"article:published_time\" content=\"2026-05-01T17:20:00+00:00\" \/>\n<meta property=\"article:modified_time\" content=\"2026-05-01T11:18:23+00:00\" \/>\n<meta property=\"og:image\" content=\"https:\/\/www.em.com.br\/emfoco\/wp-content\/uploads\/2026\/05\/magnific_motorista-idoso-dentro-de_2902752436.jpeg\" \/>\n\t<meta property=\"og:image:width\" content=\"1376\" \/>\n\t<meta property=\"og:image:height\" content=\"768\" \/>\n\t<meta property=\"og:image:type\" content=\"image\/jpeg\" \/>\n<meta name=\"author\" content=\"Vanessa Tavares\" \/>\n<meta name=\"twitter:card\" content=\"summary_large_image\" \/>\n<meta name=\"twitter:label1\" content=\"Escrito por\" \/>\n\t<meta name=\"twitter:data1\" content=\"Vanessa Tavares\" \/>\n\t<meta name=\"twitter:label2\" content=\"Est. tempo de leitura\" \/>\n\t<meta name=\"twitter:data2\" content=\"7 minutos\" \/>\n<!-- \/ Yoast SEO plugin. -->","yoast_head_json":{"title":"Foi definido limite de idade para motoristas idosos? \"N\u00e3o \u00e9 sobre tirar direitos, \u00e9 sobre salvar vidas'\" - Estado de Minas - Em foco","description":"Nova regulamenta\u00e7\u00e3o da habilita\u00e7\u00e3o na Uni\u00e3o Europeia aposta em exames e autoavalia\u00e7\u00e3o para refor\u00e7ar seguran\u00e7a no tr\u00e2nsito entre pa\u00edses do bloco","robots":{"index":"index","follow":"follow","max-snippet":"max-snippet:-1","max-image-preview":"max-image-preview:large","max-video-preview":"max-video-preview:-1"},"canonical":"https:\/\/www.em.com.br\/emfoco\/2026\/05\/01\/foi-definido-limite-de-idade-para-motoristas-idosos-nao-e-sobre-tirar-direitos-e-sobre-salvar-vidas\/","og_locale":"pt_BR","og_type":"article","og_title":"Foi definido limite de idade para motoristas idosos? \"N\u00e3o \u00e9 sobre tirar direitos, \u00e9 sobre salvar vidas'\" - Estado de Minas - Em foco","og_description":"Nova regulamenta\u00e7\u00e3o da habilita\u00e7\u00e3o na Uni\u00e3o Europeia aposta em exames e autoavalia\u00e7\u00e3o para refor\u00e7ar seguran\u00e7a no tr\u00e2nsito entre pa\u00edses do bloco","og_url":"https:\/\/www.em.com.br\/emfoco\/2026\/05\/01\/foi-definido-limite-de-idade-para-motoristas-idosos-nao-e-sobre-tirar-direitos-e-sobre-salvar-vidas\/","og_site_name":"Estado de Minas - Em foco","article_published_time":"2026-05-01T17:20:00+00:00","article_modified_time":"2026-05-01T11:18:23+00:00","og_image":[{"width":1376,"height":768,"url":"https:\/\/www.em.com.br\/emfoco\/wp-content\/uploads\/2026\/05\/magnific_motorista-idoso-dentro-de_2902752436.jpeg","type":"image\/jpeg"}],"author":"Vanessa Tavares","twitter_card":"summary_large_image","twitter_misc":{"Escrito por":"Vanessa Tavares","Est. tempo de leitura":"7 minutos"},"schema":{"@context":"https:\/\/schema.org","@graph":[{"@type":"WebPage","@id":"https:\/\/www.em.com.br\/emfoco\/2026\/05\/01\/foi-definido-limite-de-idade-para-motoristas-idosos-nao-e-sobre-tirar-direitos-e-sobre-salvar-vidas\/","url":"https:\/\/www.em.com.br\/emfoco\/2026\/05\/01\/foi-definido-limite-de-idade-para-motoristas-idosos-nao-e-sobre-tirar-direitos-e-sobre-salvar-vidas\/","name":"Foi definido limite de idade para motoristas idosos? \"N\u00e3o \u00e9 sobre tirar direitos, \u00e9 sobre salvar vidas'\" - Estado de Minas - Em foco","isPartOf":{"@id":"https:\/\/www.em.com.br\/emfoco\/#website"},"primaryImageOfPage":{"@id":"https:\/\/www.em.com.br\/emfoco\/2026\/05\/01\/foi-definido-limite-de-idade-para-motoristas-idosos-nao-e-sobre-tirar-direitos-e-sobre-salvar-vidas\/#primaryimage"},"image":{"@id":"https:\/\/www.em.com.br\/emfoco\/2026\/05\/01\/foi-definido-limite-de-idade-para-motoristas-idosos-nao-e-sobre-tirar-direitos-e-sobre-salvar-vidas\/#primaryimage"},"thumbnailUrl":"https:\/\/www.em.com.br\/emfoco\/wp-content\/uploads\/2026\/05\/magnific_motorista-idoso-dentro-de_2902752436.jpeg","datePublished":"2026-05-01T17:20:00+00:00","dateModified":"2026-05-01T11:18:23+00:00","author":{"@id":"https:\/\/www.em.com.br\/emfoco\/#\/schema\/person\/4a7a157aac450b98edc86f15a7434f0b"},"description":"Nova regulamenta\u00e7\u00e3o da habilita\u00e7\u00e3o na Uni\u00e3o Europeia aposta em exames e autoavalia\u00e7\u00e3o para refor\u00e7ar seguran\u00e7a no tr\u00e2nsito entre pa\u00edses do bloco","breadcrumb":{"@id":"https:\/\/www.em.com.br\/emfoco\/2026\/05\/01\/foi-definido-limite-de-idade-para-motoristas-idosos-nao-e-sobre-tirar-direitos-e-sobre-salvar-vidas\/#breadcrumb"},"inLanguage":"pt-BR","potentialAction":[{"@type":"ReadAction","target":["https:\/\/www.em.com.br\/emfoco\/2026\/05\/01\/foi-definido-limite-de-idade-para-motoristas-idosos-nao-e-sobre-tirar-direitos-e-sobre-salvar-vidas\/"]}]},{"@type":"ImageObject","inLanguage":"pt-BR","@id":"https:\/\/www.em.com.br\/emfoco\/2026\/05\/01\/foi-definido-limite-de-idade-para-motoristas-idosos-nao-e-sobre-tirar-direitos-e-sobre-salvar-vidas\/#primaryimage","url":"https:\/\/www.em.com.br\/emfoco\/wp-content\/uploads\/2026\/05\/magnific_motorista-idoso-dentro-de_2902752436.jpeg","contentUrl":"https:\/\/www.em.com.br\/emfoco\/wp-content\/uploads\/2026\/05\/magnific_motorista-idoso-dentro-de_2902752436.jpeg","width":1376,"height":768,"caption":"Nova diretiva da Uni\u00e3o Europeia altera habilita\u00e7\u00e3o e cria modelo de renova\u00e7\u00e3o com exames e autoavalia\u00e7\u00e3o entre pa\u00edses"},{"@type":"BreadcrumbList","@id":"https:\/\/www.em.com.br\/emfoco\/2026\/05\/01\/foi-definido-limite-de-idade-para-motoristas-idosos-nao-e-sobre-tirar-direitos-e-sobre-salvar-vidas\/#breadcrumb","itemListElement":[{"@type":"ListItem","position":1,"name":"In\u00edcio","item":"https:\/\/www.em.com.br\/emfoco\/"},{"@type":"ListItem","position":2,"name":"Foi definido limite de idade para motoristas idosos? &#8220;N\u00e3o \u00e9 sobre tirar direitos, \u00e9 sobre salvar vidas'&#8221;"}]},{"@type":"WebSite","@id":"https:\/\/www.em.com.br\/emfoco\/#website","url":"https:\/\/www.em.com.br\/emfoco\/","name":"Estado de Minas - Em foco","description":"Acompanhe as \u00faltimas not\u00edcias e fique bem informado sobre tudo o que acontece em Minas Gerais, Brasil e no mundo.","potentialAction":[{"@type":"SearchAction","target":{"@type":"EntryPoint","urlTemplate":"https:\/\/www.em.com.br\/emfoco\/?s={search_term_string}"},"query-input":{"@type":"PropertyValueSpecification","valueRequired":true,"valueName":"search_term_string"}}],"inLanguage":"pt-BR"},{"@type":"Person","@id":"https:\/\/www.em.com.br\/emfoco\/#\/schema\/person\/4a7a157aac450b98edc86f15a7434f0b","name":"Vanessa Tavares","image":{"@type":"ImageObject","inLanguage":"pt-BR","@id":"https:\/\/www.em.com.br\/emfoco\/#\/schema\/person\/image\/","url":"https:\/\/secure.gravatar.com\/avatar\/088c9372da58da00f00f8e508f13d635?s=96&d=mm&r=g","contentUrl":"https:\/\/secure.gravatar.com\/avatar\/088c9372da58da00f00f8e508f13d635?s=96&d=mm&r=g","caption":"Vanessa Tavares"},"sameAs":["https:\/\/www.em.com.br\/emfoco"],"url":"https:\/\/www.em.com.br\/emfoco\/author\/vanessamyth\/"}]}},"_links":{"self":[{"href":"https:\/\/www.em.com.br\/emfoco\/wp-json\/wp\/v2\/posts\/201697","targetHints":{"allow":["GET"]}}],"collection":[{"href":"https:\/\/www.em.com.br\/emfoco\/wp-json\/wp\/v2\/posts"}],"about":[{"href":"https:\/\/www.em.com.br\/emfoco\/wp-json\/wp\/v2\/types\/post"}],"author":[{"embeddable":true,"href":"https:\/\/www.em.com.br\/emfoco\/wp-json\/wp\/v2\/users\/19"}],"replies":[{"embeddable":true,"href":"https:\/\/www.em.com.br\/emfoco\/wp-json\/wp\/v2\/comments?post=201697"}],"version-history":[{"count":5,"href":"https:\/\/www.em.com.br\/emfoco\/wp-json\/wp\/v2\/posts\/201697\/revisions"}],"predecessor-version":[{"id":202627,"href":"https:\/\/www.em.com.br\/emfoco\/wp-json\/wp\/v2\/posts\/201697\/revisions\/202627"}],"wp:featuredmedia":[{"embeddable":true,"href":"https:\/\/www.em.com.br\/emfoco\/wp-json\/wp\/v2\/media\/202609"}],"wp:attachment":[{"href":"https:\/\/www.em.com.br\/emfoco\/wp-json\/wp\/v2\/media?parent=201697"}],"wp:term":[{"taxonomy":"category","embeddable":true,"href":"https:\/\/www.em.com.br\/emfoco\/wp-json\/wp\/v2\/categories?post=201697"},{"taxonomy":"post_tag","embeddable":true,"href":"https:\/\/www.em.com.br\/emfoco\/wp-json\/wp\/v2\/tags?post=201697"}],"curies":[{"name":"wp","href":"https:\/\/api.w.org\/{rel}","templated":true}]}}