{"id":201696,"date":"2026-05-01T17:40:00","date_gmt":"2026-05-01T20:40:00","guid":{"rendered":"https:\/\/www.em.com.br\/emfoco\/?p=201696"},"modified":"2026-05-01T17:48:53","modified_gmt":"2026-05-01T20:48:53","slug":"os-2-lugares-no-quarto-onde-a-cama-jamais-deveria-estar-se-voce-deseja-criar-um-ambiente-mais-equilibrado-e-relaxante","status":"publish","type":"post","link":"https:\/\/www.em.com.br\/emfoco\/2026\/05\/01\/os-2-lugares-no-quarto-onde-a-cama-jamais-deveria-estar-se-voce-deseja-criar-um-ambiente-mais-equilibrado-e-relaxante\/","title":{"rendered":"Os 2 lugares no quarto onde a cama jamais deveria estar, se voc\u00ea deseja criar um ambiente mais equilibrado e relaxante"},"content":{"rendered":"\n<p>Voc\u00ea sabia que a posi\u00e7\u00e3o da sua cama pode ser a raz\u00e3o de noites mal dormidas e aquela sensa\u00e7\u00e3o de cansa\u00e7o que n\u00e3o passa? Para criar um ambiente mais equilibrado e relaxante, existem 2 lugares onde voc\u00ea nunca deve colocar sua cama, e a diferen\u00e7a \u00e9 sentida j\u00e1 na primeira noite. Bora l\u00e1 reorganizar seu quarto com inten\u00e7\u00e3o?<\/p>\n\n\n\n<h2 class=\"wp-block-heading\">Por que a posi\u00e7\u00e3o da cama afeta seu sono e bem-estar?<\/h2>\n\n\n\n<p>Segundo um <a href=\"https:\/\/www.sleepfoundation.org\" target=\"_blank\" rel=\"noreferrer noopener\">levantamento da Sleep Foundation<\/a>, a disposi\u00e7\u00e3o dos m\u00f3veis no quarto influencia diretamente a qualidade do sono, os n\u00edveis de estresse e at\u00e9 a sensa\u00e7\u00e3o de seguran\u00e7a durante o descanso. Al\u00e9m disso, especialistas em arquitetura biof\u00edlica e Feng Shui convergem no mesmo ponto: o posicionamento errado da cama ativa inconscientemente o estado de alerta no c\u00e9rebro.<\/p>\n\n\n\n<p>Por isso, antes de investir em colch\u00e3o novo ou travesseiro especial, vale muito revisar onde sua cama est\u00e1 posicionada agora. Contudo, a maioria das pessoas nunca para para pensar nisso, e \u00e9 exatamente a\u00ed que mora o problema.<\/p>\n\n\n\n<h2 class=\"wp-block-heading\">Quais s\u00e3o os 2 lugares onde voc\u00ea nunca deve colocar sua cama?<\/h2>\n\n\n\n<ul class=\"wp-block-list\">\n<li><strong>Em frente \u00e0 porta do quarto:<\/strong> dormir com os p\u00e9s ou a cabe\u00e7a diretamente alinhados \u00e0 porta ativa o sistema nervoso, pois o c\u00e9rebro permanece em estado de vigil\u00e2ncia esperando amea\u00e7as pelo corredor.<\/li>\n\n\n\n<li><strong>Embaixo de uma janela:<\/strong> al\u00e9m da entrada de correntes de ar frias e ru\u00eddos externos, a aus\u00eancia de uma parede s\u00f3lida atr\u00e1s da cabe\u00e7a gera sensa\u00e7\u00e3o inconsciente de vulnerabilidade e prejudica o sono profundo.<\/li>\n\n\n\n<li><strong>B\u00f4nus \u2014 contra uma parede de banheiro:<\/strong> a vibra\u00e7\u00e3o de canos e o fluxo constante de \u00e1gua perturbam o sono, especialmente nas fases mais leves do ciclo noturno.<\/li>\n\n\n\n<li><strong>B\u00f4nus \u2014 pr\u00f3xima ao quadro de energia el\u00e9trica:<\/strong> a exposi\u00e7\u00e3o a campos eletromagn\u00e9ticos durante horas de sono pode interferir na produ\u00e7\u00e3o de melatonina e na qualidade do descanso.<\/li>\n\n\n\n<li><strong>B\u00f4nus \u2014 no centro do quarto sem apoio de parede:<\/strong> a falta de uma parede s\u00f3lida atr\u00e1s da cabeceira elimina a sensa\u00e7\u00e3o de prote\u00e7\u00e3o e \u00e2ncora emocional necess\u00e1ria para relaxar completamente.<\/li>\n<\/ul>\n\n\n\n<figure class=\"wp-block-image size-large\"><img loading=\"lazy\" decoding=\"async\" width=\"1024\" height=\"572\" src=\"https:\/\/www.em.com.br\/emfoco\/wp-content\/uploads\/2026\/05\/magnific_cama-de-casal-com-cabecei_2904611580-1024x572.jpeg\" alt=\"\" class=\"wp-image-202810\" srcset=\"https:\/\/www.em.com.br\/emfoco\/wp-content\/uploads\/2026\/05\/magnific_cama-de-casal-com-cabecei_2904611580-1024x572.jpeg 1024w, https:\/\/www.em.com.br\/emfoco\/wp-content\/uploads\/2026\/05\/magnific_cama-de-casal-com-cabecei_2904611580-300x167.jpeg 300w, https:\/\/www.em.com.br\/emfoco\/wp-content\/uploads\/2026\/05\/magnific_cama-de-casal-com-cabecei_2904611580-768x429.jpeg 768w, https:\/\/www.em.com.br\/emfoco\/wp-content\/uploads\/2026\/05\/magnific_cama-de-casal-com-cabecei_2904611580-750x419.jpeg 750w, https:\/\/www.em.com.br\/emfoco\/wp-content\/uploads\/2026\/05\/magnific_cama-de-casal-com-cabecei_2904611580-1140x636.jpeg 1140w, https:\/\/www.em.com.br\/emfoco\/wp-content\/uploads\/2026\/05\/magnific_cama-de-casal-com-cabecei_2904611580.jpeg 1376w\" sizes=\"auto, (max-width: 1024px) 100vw, 1024px\" \/><figcaption class=\"wp-element-caption\">Colocar a cama em frente \u00e0 porta ou embaixo da janela pode prejudicar o sono e mudar isso transforma suas noites<\/figcaption><\/figure>\n\n\n\n<h2 class=\"wp-block-heading\">Por que dormir com a cama em frente \u00e0 porta cria um ambiente menos relaxante?<\/h2>\n\n\n\n<p>Quando sua cama fica alinhada diretamente com a porta, o c\u00e9rebro interpreta esse posicionamento como exposi\u00e7\u00e3o. Ent\u00e3o, mesmo dormindo, o sistema nervoso aut\u00f4nomo mant\u00e9m um n\u00edvel baixo de vigil\u00e2ncia a noite toda, impedindo que voc\u00ea entre nas fases mais profundas e restauradoras do sono.<\/p>\n\n\n\n<p>Al\u00e9m disso, qualquer movimento no corredor, luz que entra pela fresta ou som pr\u00f3ximo \u00e0 porta chega diretamente ao seu campo de percep\u00e7\u00e3o. Por isso, quem dorme assim costuma acordar com mais frequ\u00eancia, ter sonhos agitados e sentir aquela exaust\u00e3o que persiste mesmo ap\u00f3s horas na cama.<\/p>\n\n\n\n<h2 class=\"wp-block-heading\">Como a cama embaixo da janela afeta um ambiente mais equilibrado e relaxante?<\/h2>\n\n\n\n<p>Amei entender a ci\u00eancia por tr\u00e1s disso! A janela, por mais bonita que seja, representa uma aus\u00eancia de estrutura f\u00edsica s\u00f3lida. Contudo, o que parece inofensivo durante o dia se torna um fator real de perturba\u00e7\u00e3o do sono \u00e0 noite, especialmente em regi\u00f5es com muito barulho externo ou varia\u00e7\u00e3o de temperatura.<\/p>\n\n\n\n<p>Por isso, mesmo que o espa\u00e7o do quarto pare\u00e7a limitado, vale muito reposicionar a cama para que a cabeceira fique apoiada em uma parede s\u00f3lida, longe de janelas e portas. Essa simples mudan\u00e7a j\u00e1 transforma a qualidade do seu descanso de forma percept\u00edvel.<\/p>\n\n\n<style>\n  .tabela-rose-wrapper {<br \/>\n    overflow-x: auto;<br \/>\n    margin: 24px 0;<br \/>\n  }<br \/>\n  .tabela-rose {<br \/>\n    width: 100%;<br \/>\n    border: 2px solid #e63946;<br \/>\n    border-radius: 12px;<br \/>\n    border-collapse: separate;<br \/>\n    border-spacing: 0;<br \/>\n    box-shadow: 0 10px 30px rgba(0,0,0,0.08);<br \/>\n    font-family: sans-serif;<br \/>\n    font-size: 15px;<br \/>\n    overflow: hidden;<br \/>\n  }<br \/>\n  .tabela-rose thead tr th {<br \/>\n    background-color: #c1121f;<br \/>\n    color: #ffffff;<br \/>\n    padding: 14px 18px;<br \/>\n    text-align: left;<br \/>\n    border: 1px solid #e63946;<br \/>\n  }<br \/>\n  .tabela-rose tbody tr td {<br \/>\n    padding: 12px 18px;<br \/>\n    border: 1px solid #f0d0d3;<br \/>\n    color: #333;<br \/>\n  }<br \/>\n  .tabela-rose tbody tr:nth-child(even) td {<br \/>\n    background-color: #fff5f5;<br \/>\n  }<br \/>\n<\/style>\n<div class=\"tabela-rose-wrapper\">\n<table class=\"tabela-rose\">\n<thead>\n<tr>\n<th>Posi\u00e7\u00e3o da Cama<\/th>\n<th>Impacto no Sono<\/th>\n<th>Sensa\u00e7\u00e3o de Seguran\u00e7a<\/th>\n<th>Recomendada?<\/th>\n<\/tr>\n<\/thead>\n<tbody>\n<tr>\n<td>Em frente \u00e0 porta<\/td>\n<td>\u2b50\u2b50<\/td>\n<td>\u2b50<\/td>\n<td>\u274c Nunca<\/td>\n<\/tr>\n<tr>\n<td>Embaixo da janela<\/td>\n<td>\u2b50\u2b50<\/td>\n<td>\u2b50\u2b50<\/td>\n<td>\u274c Evitar<\/td>\n<\/tr>\n<tr>\n<td>Centro do quarto sem apoio<\/td>\n<td>\u2b50\u2b50\u2b50<\/td>\n<td>\u2b50\u2b50<\/td>\n<td>\u26a0\ufe0f N\u00e3o ideal<\/td>\n<\/tr>\n<tr>\n<td><strong>Cabeceira em parede s\u00f3lida, lateral \u00e0 porta<\/strong><\/td>\n<td><strong>\u2b50\u2b50\u2b50\u2b50\u2b50<\/strong><\/td>\n<td><strong>\u2b50\u2b50\u2b50\u2b50\u2b50<\/strong><\/td>\n<td><strong>\u2705 Ideal<\/strong><\/td>\n<\/tr>\n<\/tbody>\n<\/table>\n<\/div>\n\n\n\n<h2 class=\"wp-block-heading\">Qual \u00e9 a posi\u00e7\u00e3o ideal da cama para um quarto equilibrado e relaxante?<\/h2>\n\n\n\n<p>A posi\u00e7\u00e3o chamada de &#8220;comando&#8221; pelos especialistas em design de interiores \u00e9 a mais indicada: cabeceira apoiada em uma parede s\u00f3lida, com vis\u00e3o da porta sem estar diretamente alinhada a ela. Al\u00e9m disso, manter pelo menos um lado da cama com espa\u00e7o de circula\u00e7\u00e3o favorece a sensa\u00e7\u00e3o de liberdade e fluidez no ambiente.<\/p>\n\n\n\n<p>Contudo, se o layout do seu quarto limitar as op\u00e7\u00f5es, pequenos ajustes j\u00e1 fazem diferen\u00e7a. Ent\u00e3o, use um biombo, uma estante baixa ou at\u00e9 plantas para criar uma barreira simb\u00f3lica entre a cama e a porta, sinalizando ao c\u00e9rebro que aquele \u00e9 um espa\u00e7o protegido e seguro para descansar.<\/p>\n\n\n\n<figure class=\"wp-block-image size-large\"><img loading=\"lazy\" decoding=\"async\" width=\"1024\" height=\"572\" src=\"https:\/\/www.em.com.br\/emfoco\/wp-content\/uploads\/2026\/05\/magnific_cama-de-casal-posicionada_2904612883-1024x572.jpeg\" alt=\"\" class=\"wp-image-202811\" srcset=\"https:\/\/www.em.com.br\/emfoco\/wp-content\/uploads\/2026\/05\/magnific_cama-de-casal-posicionada_2904612883-1024x572.jpeg 1024w, https:\/\/www.em.com.br\/emfoco\/wp-content\/uploads\/2026\/05\/magnific_cama-de-casal-posicionada_2904612883-300x167.jpeg 300w, https:\/\/www.em.com.br\/emfoco\/wp-content\/uploads\/2026\/05\/magnific_cama-de-casal-posicionada_2904612883-768x429.jpeg 768w, https:\/\/www.em.com.br\/emfoco\/wp-content\/uploads\/2026\/05\/magnific_cama-de-casal-posicionada_2904612883-750x419.jpeg 750w, https:\/\/www.em.com.br\/emfoco\/wp-content\/uploads\/2026\/05\/magnific_cama-de-casal-posicionada_2904612883-1140x636.jpeg 1140w, https:\/\/www.em.com.br\/emfoco\/wp-content\/uploads\/2026\/05\/magnific_cama-de-casal-posicionada_2904612883.jpeg 1376w\" sizes=\"auto, (max-width: 1024px) 100vw, 1024px\" \/><figcaption class=\"wp-element-caption\">Posi\u00e7\u00e3o da cama no quarto pode afetar seu sono e dois lugares comuns deixam o corpo em alerta durante a noite<\/figcaption><\/figure>\n\n\n\n<h2 class=\"wp-block-heading\">Ser\u00e1 que a posi\u00e7\u00e3o da sua cama est\u00e1 sabotando seu descanso hoje?<\/h2>\n\n\n\n<p>Se voc\u00ea chegou at\u00e9 aqui, as chances s\u00e3o grandes de que algo no seu quarto precise de aten\u00e7\u00e3o. Al\u00e9m disso, a beleza dessa mudan\u00e7a \u00e9 que ela n\u00e3o custa nada: basta mover a cama, testar por alguns dias e perceber a diferen\u00e7a no seu corpo e na sua mente. Um quarto que abra\u00e7a \u00e9 um quarto que cura, e voc\u00ea merece dormir assim todas as noites.<\/p>\n\n\n\n<p>Por isso, antes de dormir hoje, olhe para o seu quarto com novos olhos. Pergunte-se: esse ambiente est\u00e1 me protegendo ou me deixando em alerta? Pequenas mudan\u00e7as no espa\u00e7o criam grandes transforma\u00e7\u00f5es na vida. Bora criar um cantinho que realmente te faz bem?<\/p>\n\n\n\n<p><\/p>\n","protected":false},"excerpt":{"rendered":"<p>Voc\u00ea sabia que a posi\u00e7\u00e3o da sua cama pode ser a raz\u00e3o de noites mal dormidas e aquela sensa\u00e7\u00e3o de cansa\u00e7o que n\u00e3o passa? Para criar um ambiente mais equilibrado e relaxante, existem 2 lugares onde voc\u00ea nunca deve colocar sua cama, e a diferen\u00e7a \u00e9 sentida j\u00e1 na primeira noite. Bora l\u00e1 reorganizar seu [&hellip;]<\/p>\n","protected":false},"author":19,"featured_media":202906,"comment_status":"open","ping_status":"open","sticky":false,"template":"","format":"standard","meta":{"jnews-multi-image_gallery":[],"jnews_single_post":{"format":"standard"},"jnews_primary_category":[],"jnews_social_meta":[],"jnews_override_counter":[],"footnotes":""},"categories":[8819],"tags":[29184,711,6131,21878,29185,5847,29183,28192,12803,13874,29186],"class_list":["post-201696","post","type-post","status-publish","format-standard","has-post-thumbnail","hentry","category-curiosidades","tag-arquitetura-biofilica","tag-bem-estar","tag-cansaco","tag-disposicao-dos-moveis","tag-estado-de-alerta","tag-feng-shui","tag-noites-mal-dormidas","tag-posicao-da-cama","tag-qualidade-do-sono","tag-quarto","tag-sensacao-de-seguranca"],"yoast_head":"<!-- This site is optimized with the Yoast SEO plugin v23.8 - https:\/\/yoast.com\/wordpress\/plugins\/seo\/ -->\n<title>Os 2 lugares no quarto onde a cama jamais deveria estar, se voc\u00ea deseja criar um ambiente mais equilibrado e relaxante - Estado de Minas - Em foco<\/title>\n<meta name=\"description\" content=\"Saiba os 2 lugares onde nunca colocar sua cama e crie um ambiente mais equilibrado e relaxante para dormir melhor hoje!\" \/>\n<meta name=\"robots\" content=\"index, follow, max-snippet:-1, max-image-preview:large, max-video-preview:-1\" \/>\n<link rel=\"canonical\" href=\"https:\/\/www.em.com.br\/emfoco\/2026\/05\/01\/os-2-lugares-no-quarto-onde-a-cama-jamais-deveria-estar-se-voce-deseja-criar-um-ambiente-mais-equilibrado-e-relaxante\/\" \/>\n<meta property=\"og:locale\" content=\"pt_BR\" \/>\n<meta property=\"og:type\" content=\"article\" \/>\n<meta property=\"og:title\" content=\"Os 2 lugares no quarto onde a cama jamais deveria estar, se voc\u00ea deseja criar um ambiente mais equilibrado e relaxante - Estado de Minas - Em foco\" \/>\n<meta property=\"og:description\" content=\"Saiba os 2 lugares onde nunca colocar sua cama e crie um ambiente mais equilibrado e relaxante para dormir melhor hoje!\" \/>\n<meta property=\"og:url\" content=\"https:\/\/www.em.com.br\/emfoco\/2026\/05\/01\/os-2-lugares-no-quarto-onde-a-cama-jamais-deveria-estar-se-voce-deseja-criar-um-ambiente-mais-equilibrado-e-relaxante\/\" \/>\n<meta property=\"og:site_name\" content=\"Estado de Minas - Em foco\" \/>\n<meta property=\"article:published_time\" content=\"2026-05-01T20:40:00+00:00\" \/>\n<meta property=\"article:modified_time\" content=\"2026-05-01T20:48:53+00:00\" \/>\n<meta property=\"og:image\" content=\"https:\/\/www.em.com.br\/emfoco\/wp-content\/uploads\/2026\/05\/magnific_cama-de-casal-alinhada-di_2904876612-1.jpeg\" \/>\n\t<meta property=\"og:image:width\" content=\"1376\" \/>\n\t<meta property=\"og:image:height\" content=\"768\" \/>\n\t<meta property=\"og:image:type\" content=\"image\/jpeg\" \/>\n<meta name=\"author\" content=\"Vanessa Tavares\" \/>\n<meta name=\"twitter:card\" content=\"summary_large_image\" \/>\n<meta name=\"twitter:label1\" content=\"Escrito por\" \/>\n\t<meta name=\"twitter:data1\" content=\"Vanessa Tavares\" \/>\n\t<meta name=\"twitter:label2\" content=\"Est. tempo de leitura\" \/>\n\t<meta name=\"twitter:data2\" content=\"6 minutos\" \/>\n<!-- \/ Yoast SEO plugin. -->","yoast_head_json":{"title":"Os 2 lugares no quarto onde a cama jamais deveria estar, se voc\u00ea deseja criar um ambiente mais equilibrado e relaxante - Estado de Minas - Em foco","description":"Saiba os 2 lugares onde nunca colocar sua cama e crie um ambiente mais equilibrado e relaxante para dormir melhor hoje!","robots":{"index":"index","follow":"follow","max-snippet":"max-snippet:-1","max-image-preview":"max-image-preview:large","max-video-preview":"max-video-preview:-1"},"canonical":"https:\/\/www.em.com.br\/emfoco\/2026\/05\/01\/os-2-lugares-no-quarto-onde-a-cama-jamais-deveria-estar-se-voce-deseja-criar-um-ambiente-mais-equilibrado-e-relaxante\/","og_locale":"pt_BR","og_type":"article","og_title":"Os 2 lugares no quarto onde a cama jamais deveria estar, se voc\u00ea deseja criar um ambiente mais equilibrado e relaxante - Estado de Minas - Em foco","og_description":"Saiba os 2 lugares onde nunca colocar sua cama e crie um ambiente mais equilibrado e relaxante para dormir melhor hoje!","og_url":"https:\/\/www.em.com.br\/emfoco\/2026\/05\/01\/os-2-lugares-no-quarto-onde-a-cama-jamais-deveria-estar-se-voce-deseja-criar-um-ambiente-mais-equilibrado-e-relaxante\/","og_site_name":"Estado de Minas - Em foco","article_published_time":"2026-05-01T20:40:00+00:00","article_modified_time":"2026-05-01T20:48:53+00:00","og_image":[{"width":1376,"height":768,"url":"https:\/\/www.em.com.br\/emfoco\/wp-content\/uploads\/2026\/05\/magnific_cama-de-casal-alinhada-di_2904876612-1.jpeg","type":"image\/jpeg"}],"author":"Vanessa Tavares","twitter_card":"summary_large_image","twitter_misc":{"Escrito por":"Vanessa Tavares","Est. tempo de leitura":"6 minutos"},"schema":{"@context":"https:\/\/schema.org","@graph":[{"@type":"WebPage","@id":"https:\/\/www.em.com.br\/emfoco\/2026\/05\/01\/os-2-lugares-no-quarto-onde-a-cama-jamais-deveria-estar-se-voce-deseja-criar-um-ambiente-mais-equilibrado-e-relaxante\/","url":"https:\/\/www.em.com.br\/emfoco\/2026\/05\/01\/os-2-lugares-no-quarto-onde-a-cama-jamais-deveria-estar-se-voce-deseja-criar-um-ambiente-mais-equilibrado-e-relaxante\/","name":"Os 2 lugares no quarto onde a cama jamais deveria estar, se voc\u00ea deseja criar um ambiente mais equilibrado e relaxante - Estado de Minas - Em foco","isPartOf":{"@id":"https:\/\/www.em.com.br\/emfoco\/#website"},"primaryImageOfPage":{"@id":"https:\/\/www.em.com.br\/emfoco\/2026\/05\/01\/os-2-lugares-no-quarto-onde-a-cama-jamais-deveria-estar-se-voce-deseja-criar-um-ambiente-mais-equilibrado-e-relaxante\/#primaryimage"},"image":{"@id":"https:\/\/www.em.com.br\/emfoco\/2026\/05\/01\/os-2-lugares-no-quarto-onde-a-cama-jamais-deveria-estar-se-voce-deseja-criar-um-ambiente-mais-equilibrado-e-relaxante\/#primaryimage"},"thumbnailUrl":"https:\/\/www.em.com.br\/emfoco\/wp-content\/uploads\/2026\/05\/magnific_cama-de-casal-alinhada-di_2904876612-1.jpeg","datePublished":"2026-05-01T20:40:00+00:00","dateModified":"2026-05-01T20:48:53+00:00","author":{"@id":"https:\/\/www.em.com.br\/emfoco\/#\/schema\/person\/4a7a157aac450b98edc86f15a7434f0b"},"description":"Saiba os 2 lugares onde nunca colocar sua cama e crie um ambiente mais equilibrado e relaxante para dormir melhor hoje!","breadcrumb":{"@id":"https:\/\/www.em.com.br\/emfoco\/2026\/05\/01\/os-2-lugares-no-quarto-onde-a-cama-jamais-deveria-estar-se-voce-deseja-criar-um-ambiente-mais-equilibrado-e-relaxante\/#breadcrumb"},"inLanguage":"pt-BR","potentialAction":[{"@type":"ReadAction","target":["https:\/\/www.em.com.br\/emfoco\/2026\/05\/01\/os-2-lugares-no-quarto-onde-a-cama-jamais-deveria-estar-se-voce-deseja-criar-um-ambiente-mais-equilibrado-e-relaxante\/"]}]},{"@type":"ImageObject","inLanguage":"pt-BR","@id":"https:\/\/www.em.com.br\/emfoco\/2026\/05\/01\/os-2-lugares-no-quarto-onde-a-cama-jamais-deveria-estar-se-voce-deseja-criar-um-ambiente-mais-equilibrado-e-relaxante\/#primaryimage","url":"https:\/\/www.em.com.br\/emfoco\/wp-content\/uploads\/2026\/05\/magnific_cama-de-casal-alinhada-di_2904876612-1.jpeg","contentUrl":"https:\/\/www.em.com.br\/emfoco\/wp-content\/uploads\/2026\/05\/magnific_cama-de-casal-alinhada-di_2904876612-1.jpeg","width":1376,"height":768,"caption":"A posi\u00e7\u00e3o da cama interfere no seu sono e pode explicar o cansa\u00e7o di\u00e1rio"},{"@type":"BreadcrumbList","@id":"https:\/\/www.em.com.br\/emfoco\/2026\/05\/01\/os-2-lugares-no-quarto-onde-a-cama-jamais-deveria-estar-se-voce-deseja-criar-um-ambiente-mais-equilibrado-e-relaxante\/#breadcrumb","itemListElement":[{"@type":"ListItem","position":1,"name":"In\u00edcio","item":"https:\/\/www.em.com.br\/emfoco\/"},{"@type":"ListItem","position":2,"name":"Os 2 lugares no quarto onde a cama jamais deveria estar, se voc\u00ea deseja criar um ambiente mais equilibrado e relaxante"}]},{"@type":"WebSite","@id":"https:\/\/www.em.com.br\/emfoco\/#website","url":"https:\/\/www.em.com.br\/emfoco\/","name":"Estado de Minas - Em foco","description":"Acompanhe as \u00faltimas not\u00edcias e fique bem informado sobre tudo o que acontece em Minas Gerais, Brasil e no mundo.","potentialAction":[{"@type":"SearchAction","target":{"@type":"EntryPoint","urlTemplate":"https:\/\/www.em.com.br\/emfoco\/?s={search_term_string}"},"query-input":{"@type":"PropertyValueSpecification","valueRequired":true,"valueName":"search_term_string"}}],"inLanguage":"pt-BR"},{"@type":"Person","@id":"https:\/\/www.em.com.br\/emfoco\/#\/schema\/person\/4a7a157aac450b98edc86f15a7434f0b","name":"Vanessa Tavares","image":{"@type":"ImageObject","inLanguage":"pt-BR","@id":"https:\/\/www.em.com.br\/emfoco\/#\/schema\/person\/image\/","url":"https:\/\/secure.gravatar.com\/avatar\/088c9372da58da00f00f8e508f13d635?s=96&d=mm&r=g","contentUrl":"https:\/\/secure.gravatar.com\/avatar\/088c9372da58da00f00f8e508f13d635?s=96&d=mm&r=g","caption":"Vanessa Tavares"},"sameAs":["https:\/\/www.em.com.br\/emfoco"],"url":"https:\/\/www.em.com.br\/emfoco\/author\/vanessamyth\/"}]}},"_links":{"self":[{"href":"https:\/\/www.em.com.br\/emfoco\/wp-json\/wp\/v2\/posts\/201696","targetHints":{"allow":["GET"]}}],"collection":[{"href":"https:\/\/www.em.com.br\/emfoco\/wp-json\/wp\/v2\/posts"}],"about":[{"href":"https:\/\/www.em.com.br\/emfoco\/wp-json\/wp\/v2\/types\/post"}],"author":[{"embeddable":true,"href":"https:\/\/www.em.com.br\/emfoco\/wp-json\/wp\/v2\/users\/19"}],"replies":[{"embeddable":true,"href":"https:\/\/www.em.com.br\/emfoco\/wp-json\/wp\/v2\/comments?post=201696"}],"version-history":[{"count":4,"href":"https:\/\/www.em.com.br\/emfoco\/wp-json\/wp\/v2\/posts\/201696\/revisions"}],"predecessor-version":[{"id":202816,"href":"https:\/\/www.em.com.br\/emfoco\/wp-json\/wp\/v2\/posts\/201696\/revisions\/202816"}],"wp:featuredmedia":[{"embeddable":true,"href":"https:\/\/www.em.com.br\/emfoco\/wp-json\/wp\/v2\/media\/202906"}],"wp:attachment":[{"href":"https:\/\/www.em.com.br\/emfoco\/wp-json\/wp\/v2\/media?parent=201696"}],"wp:term":[{"taxonomy":"category","embeddable":true,"href":"https:\/\/www.em.com.br\/emfoco\/wp-json\/wp\/v2\/categories?post=201696"},{"taxonomy":"post_tag","embeddable":true,"href":"https:\/\/www.em.com.br\/emfoco\/wp-json\/wp\/v2\/tags?post=201696"}],"curies":[{"name":"wp","href":"https:\/\/api.w.org\/{rel}","templated":true}]}}