{"id":201694,"date":"2026-04-30T20:05:00","date_gmt":"2026-04-30T23:05:00","guid":{"rendered":"https:\/\/www.em.com.br\/emfoco\/?p=201694"},"modified":"2026-04-29T19:42:09","modified_gmt":"2026-04-29T22:42:09","slug":"a-folha-verde-da-horta-que-pode-ajudar-seu-figado-visao-e-ate-controlar-a-glicose","status":"publish","type":"post","link":"https:\/\/www.em.com.br\/emfoco\/2026\/04\/30\/a-folha-verde-da-horta-que-pode-ajudar-seu-figado-visao-e-ate-controlar-a-glicose\/","title":{"rendered":"A folha verde da horta que pode ajudar seu f\u00edgado, vis\u00e3o e at\u00e9 controlar a glicose"},"content":{"rendered":"\n<p>Muitas pessoas ignoram o potencial biol\u00f3gico escondido em folhas picantes que frequentemente decoram as saladas cotidianas. O <strong>consumo de r\u00facula<\/strong> guarda propriedades bioativas capazes de transformar o funcionamento do organismo de formas surpreendentes para quem busca longevidade.<\/p>\n\n\n\n<h2 class=\"wp-block-heading\">Quais as vantagens diretas do consumo de r\u00facula para o cora\u00e7\u00e3o<\/h2>\n\n\n\n<p>A sa\u00fade cardiovascular depende de uma ingest\u00e3o constante de nitratos naturais encontrados em abund\u00e2ncia nesse vegetal cruc\u00edfero espec\u00edfico. Esses compostos ajudam a <strong>relaxar os vasos<\/strong> sangu\u00edneos e promovem uma circula\u00e7\u00e3o muito mais eficiente em todo o sistema. Voc\u00ea consegue <strong>reduzir a press\u00e3o<\/strong> arterial ao incluir essa hortali\u00e7a verde nas suas principais refei\u00e7\u00f5es do dia.<\/p>\n\n\n\n<p>Al\u00e9m disso, a presen\u00e7a de pot\u00e1ssio auxilia no equil\u00edbrio eletrol\u00edtico necess\u00e1rio para manter o batimento card\u00edaco sempre regular. O corpo passa a <strong>bombear o sangue<\/strong> com menor esfor\u00e7o mec\u00e2nico durante as atividades f\u00edsicas mais intensas. Manter esse h\u00e1bito alimentar saud\u00e1vel contribui para <strong>proteger as art\u00e9rias<\/strong> contra o ac\u00famulo de gorduras indesejadas no longo prazo.<\/p>\n\n\n<div class=\"wp-block-image\">\n<figure class=\"aligncenter size-large\"><img loading=\"lazy\" decoding=\"async\" width=\"1024\" height=\"576\" src=\"https:\/\/www.em.com.br\/emfoco\/wp-content\/uploads\/2025\/12\/rucula_1766078922469-1024x576.jpg\" alt=\"consumo de r\u00facula\" class=\"wp-image-142536\" srcset=\"https:\/\/www.em.com.br\/emfoco\/wp-content\/uploads\/2025\/12\/rucula_1766078922469-1024x576.jpg 1024w, https:\/\/www.em.com.br\/emfoco\/wp-content\/uploads\/2025\/12\/rucula_1766078922469-300x169.jpg 300w, https:\/\/www.em.com.br\/emfoco\/wp-content\/uploads\/2025\/12\/rucula_1766078922469-768x432.jpg 768w, https:\/\/www.em.com.br\/emfoco\/wp-content\/uploads\/2025\/12\/rucula_1766078922469-750x422.jpg 750w, https:\/\/www.em.com.br\/emfoco\/wp-content\/uploads\/2025\/12\/rucula_1766078922469-1140x641.jpg 1140w, https:\/\/www.em.com.br\/emfoco\/wp-content\/uploads\/2025\/12\/rucula_1766078922469.jpg 1280w\" sizes=\"auto, (max-width: 1024px) 100vw, 1024px\" \/><figcaption class=\"wp-element-caption\">Al\u00e9m disso, a presen\u00e7a de pot\u00e1ssio auxilia no equil\u00edbrio eletrol\u00edtico necess\u00e1rio para manter o batimento card\u00edaco sempre regular &#8211; Cr\u00e9ditos: depositphotos.com \/ AntonMatyukha<\/figcaption><\/figure><\/div>\n\n\n<h2 class=\"wp-block-heading\">Como o consumo de r\u00facula fortalece a estrutura \u00f3ssea<\/h2>\n\n\n\n<p>A vitamina K presente nestas folhas desempenha um papel crucial na fixa\u00e7\u00e3o do c\u00e1lcio dentro da matriz \u00f3ssea humana. Esse processo biol\u00f3gico \u00e9 fundamental para <strong>evitar fraturas<\/strong> graves e manter a densidade do esqueleto em perfeitas condi\u00e7\u00f5es. Quem deseja <strong>fortalecer os <\/strong><a href=\"https:\/\/www.em.com.br\/emfoco\/2026\/04\/17\/o-alimento-perfeito-para-saude-ossea-que-nao-pode-faltar-na-sua-dieta\/\" target=\"_blank\" rel=\"noreferrer noopener\"><strong>ossos<\/strong> <\/a>encontra nesta planta uma fonte acess\u00edvel e extremamente poderosa de nutrientes fundamentais.<\/p>\n\n\n\n<p>Para garantir que o organismo aproveite todos os minerais dispon\u00edveis, alguns cuidados na prepara\u00e7\u00e3o potencializam a absor\u00e7\u00e3o org\u00e2nica dos nutrientes. Siga estas recomenda\u00e7\u00f5es pr\u00e1ticas para elevar o valor biol\u00f3gico do seu prato vegetariano diariamente:<\/p>\n\n\n\n<ul class=\"wp-block-list\">\n<li>Consumir as folhas cruas para <strong>preservar as enzimas<\/strong> naturais.<\/li>\n\n\n\n<li>Adicionar uma fonte de gordura saud\u00e1vel como <strong>azeite de oliva<\/strong> extravirgem.<\/li>\n\n\n\n<li>Combinar com alimentos ricos em vitamina C para <strong>melhorar a absor\u00e7\u00e3o<\/strong> de ferro.<\/li>\n\n\n\n<li>Higienizar bem as folhas em <strong>\u00e1gua corrente<\/strong> filtrada antes do preparo.<\/li>\n<\/ul>\n\n\n\n<p>O magn\u00e9sio presente na composi\u00e7\u00e3o qu\u00edmica da planta tamb\u00e9m atua na modula\u00e7\u00e3o da contra\u00e7\u00e3o muscular e na regenera\u00e7\u00e3o dos tecidos. Esse mineral trabalha em conjunto com a vitamina K para <strong>solidificar a estrutura<\/strong> interna de sustenta\u00e7\u00e3o do corpo. \u00c9 poss\u00edvel <strong>prevenir doen\u00e7as<\/strong> degenerativas nos ossos ao manter uma ingest\u00e3o frequente deste alimento funcional.<\/p>\n\n\n\n<figure class=\"wp-block-embed is-type-rich is-provider-pinterest wp-block-embed-pinterest\"><div class=\"wp-block-embed__wrapper\">\n<iframe loading=\"lazy\" title=\"#belezafeminina#belezanatural#esteticafacil#pelesaudavel#peleperfeita#sa\u00fade#beleza#pele#pelelinda #emegrecimento#belezapura#belezadamulher\" src=\"https:\/\/assets.pinterest.com\/ext\/embed.html?id=789396640955780871&#038;src=oembed\" height=\"775\" width=\"450\" frameborder=\"0\" scrolling=\"no\" ><\/iframe>\n<\/div><\/figure>\n\n\n\n<h2 class=\"wp-block-heading\">Por que o consumo de r\u00facula auxilia no controle glic\u00eamico<\/h2>\n\n\n\n<p>O baixo \u00edndice glic\u00eamico deste vegetal ajuda a manter os n\u00edveis de a\u00e7\u00facar no sangue sob controle rigoroso e constante. Suas fibras sol\u00faveis retardam a absor\u00e7\u00e3o de carboidratos complexos e <strong>evitam picos de insulina<\/strong> prejudiciais \u00e0 sa\u00fade metab\u00f3lica geral. Ingerir essas folhas verdes escuras permite <strong>estabilizar a energia<\/strong> ao longo de todo o seu dia produtivo.<\/p>\n\n\n\n<p>Estudos indicam que os antioxidantes naturais protegem as c\u00e9lulas do p\u00e2ncreas contra o estresse oxidativo causado pelos radicais livres. Voc\u00ea pode <strong>melhorar a sensibilidade<\/strong> das c\u00e9lulas ao horm\u00f4nio que regula a glicose de maneira totalmente natural. Escolher vegetais frescos e crocantes ajuda a <strong>blindar o metabolismo<\/strong> contra desequil\u00edbrios qu\u00edmicos comuns na vida moderna.<\/p>\n\n\n\n<h2 class=\"wp-block-heading\">O papel das folhas verdes na desintoxica\u00e7\u00e3o do f\u00edgado<\/h2>\n\n\n\n<p>A planta cont\u00e9m clorofila e compostos sulfurosos que auxiliam as enzimas hep\u00e1ticas no complexo processo de limpeza interna. Essas subst\u00e2ncias conseguem <strong>neutralizar metais pesados<\/strong> e toxinas ambientais que se acumulam perigosamente no tecido glandular. Adotar este vegetal na dieta ajuda a <strong>limpar o organismo<\/strong> de forma natural e muito eficiente.<\/p>\n\n\n\n<p>O sistema digestivo tamb\u00e9m se beneficia da leve acidez que estimula a produ\u00e7\u00e3o de sucos g\u00e1stricos extremamente saud\u00e1veis. O metabolismo processa as gorduras com <strong>maior velocidade<\/strong> e evita aquela sensa\u00e7\u00e3o desagrad\u00e1vel de incha\u00e7o ap\u00f3s o almo\u00e7o. \u00c9 perfeitamente poss\u00edvel <strong>otimizar a digest\u00e3o<\/strong> apenas diversificando as hortali\u00e7as presentes no seu card\u00e1pio semanal variado.<\/p>\n\n\n\n<p>Para voc\u00ea que gosta de se cuidar, separamos um v\u00eddeo do canal da <a href=\"https:\/\/www.youtube.com\/@NutricionistaPatriciaLeite\" target=\"_blank\" rel=\"noreferrer noopener\">Nutricionista Patricia Leite<\/a> com mais benef\u00edcios dessa folha:<\/p>\n\n\n\n<figure class=\"wp-block-embed is-type-video is-provider-youtube wp-block-embed-youtube wp-embed-aspect-16-9 wp-has-aspect-ratio\"><div class=\"wp-block-embed__wrapper\">\n<div class=\"jeg_video_container jeg_video_content\"><iframe loading=\"lazy\" title=\"Benef\u00edcios da R\u00facula - Para Que Serve e Como Usar [EMAGRECE?]\" width=\"500\" height=\"281\" src=\"https:\/\/www.youtube.com\/embed\/CSSpi7QUvew?start=1&#038;feature=oembed\" frameborder=\"0\" allow=\"accelerometer; autoplay; clipboard-write; encrypted-media; gyroscope; picture-in-picture; web-share\" referrerpolicy=\"strict-origin-when-cross-origin\" allowfullscreen><\/iframe><\/div>\n<\/div><\/figure>\n\n\n\n<h2 class=\"wp-block-heading\">Prote\u00e7\u00e3o visual com pigmentos naturais e antioxidantes<\/h2>\n\n\n\n<p>A presen\u00e7a de lute\u00edna e zeaxantina nestas folhas protege os tecidos oculares contra os danos causados pela luz azul. Estes pigmentos agem como um <strong>escudo protetor<\/strong> contra a degenera\u00e7\u00e3o macular relacionada ao avan\u00e7o da idade. Voc\u00ea pode <strong>preservar a vis\u00e3o<\/strong> n\u00edtida por muito mais tempo ao diversificar sua ingest\u00e3o de vegetais escuros.<\/p>\n\n\n\n<p>O organismo humano n\u00e3o produz esses compostos sozinho e depende totalmente da alimenta\u00e7\u00e3o para manter os estoques adequados. \u00c9 poss\u00edvel <strong>combater a fadiga<\/strong> visual causada pelo uso excessivo de telas digitais no seu trabalho. Manter o prato colorido e vibrante ajuda a <strong>garantir o bem-estar<\/strong> dos olhos com praticidade e muito sabor.<\/p>\n\n\n\n<h2 class=\"wp-block-heading\">H\u00e1bitos saud\u00e1veis para incluir mais vegetais na rotina<\/h2>\n\n\n\n<p>Comece adicionando pequenas por\u00e7\u00f5es em sandu\u00edches ou omeletes para acostumar o paladar ao sabor marcante. Procure <strong>comprar ma\u00e7os frescos<\/strong> em feiras org\u00e2nicas para garantir o m\u00e1ximo de nutrientes dispon\u00edveis. O segredo est\u00e1 em <strong>manter a const\u00e2ncia<\/strong> nas escolhas alimentares inteligentes todos os dias.<\/p>\n\n\n\n<p>Experimente temperos naturais para real\u00e7ar o picante caracter\u00edstico dessa folha t\u00e3o especial e nutritiva. Busque sempre <strong>variar as receitas<\/strong> para n\u00e3o cair na monotonia culin\u00e1ria durante a semana. Invista agora no seu bem-estar e <strong>colha os resultados<\/strong> positivos em sua disposi\u00e7\u00e3o f\u00edsica.<\/p>\n","protected":false},"excerpt":{"rendered":"<p>Muitas pessoas ignoram o potencial biol\u00f3gico escondido em folhas picantes que frequentemente decoram as saladas cotidianas. O consumo de r\u00facula guarda propriedades bioativas capazes de transformar o funcionamento do organismo de formas surpreendentes para quem busca longevidade. Quais as vantagens diretas do consumo de r\u00facula para o cora\u00e7\u00e3o A sa\u00fade cardiovascular depende de uma ingest\u00e3o [&hellip;]<\/p>\n","protected":false},"author":9,"featured_media":201796,"comment_status":"open","ping_status":"open","sticky":false,"template":"","format":"standard","meta":{"jnews-multi-image_gallery":[],"jnews_single_post":{"format":"standard"},"jnews_primary_category":[],"jnews_social_meta":[],"jnews_override_counter":[],"footnotes":""},"categories":[8691,29],"tags":[911,29006,28689],"class_list":["post-201694","post","type-post","status-publish","format-standard","has-post-thumbnail","hentry","category-bem-estar","category-entretenimento","tag-alimentacao-saudavel","tag-beneficios-dos-vegetais","tag-nutricao-funcional"],"yoast_head":"<!-- This site is optimized with the Yoast SEO plugin v23.8 - https:\/\/yoast.com\/wordpress\/plugins\/seo\/ -->\n<title>A folha verde da horta que pode ajudar seu f\u00edgado, vis\u00e3o e at\u00e9 controlar a glicose - Estado de Minas - Em foco<\/title>\n<meta name=\"description\" content=\"Aprenda como o consumo de r\u00facula impacta o vigor f\u00edsico e a sa\u00fade do cora\u00e7\u00e3o. Saiba por que esta folha picante \u00e9 valiosa para sua dieta.\" \/>\n<meta name=\"robots\" content=\"index, follow, max-snippet:-1, max-image-preview:large, max-video-preview:-1\" \/>\n<link rel=\"canonical\" href=\"https:\/\/www.em.com.br\/emfoco\/2026\/04\/30\/a-folha-verde-da-horta-que-pode-ajudar-seu-figado-visao-e-ate-controlar-a-glicose\/\" \/>\n<meta property=\"og:locale\" content=\"pt_BR\" \/>\n<meta property=\"og:type\" content=\"article\" \/>\n<meta property=\"og:title\" content=\"A folha verde da horta que pode ajudar seu f\u00edgado, vis\u00e3o e at\u00e9 controlar a glicose - Estado de Minas - Em foco\" \/>\n<meta property=\"og:description\" content=\"Aprenda como o consumo de r\u00facula impacta o vigor f\u00edsico e a sa\u00fade do cora\u00e7\u00e3o. Saiba por que esta folha picante \u00e9 valiosa para sua dieta.\" \/>\n<meta property=\"og:url\" content=\"https:\/\/www.em.com.br\/emfoco\/2026\/04\/30\/a-folha-verde-da-horta-que-pode-ajudar-seu-figado-visao-e-ate-controlar-a-glicose\/\" \/>\n<meta property=\"og:site_name\" content=\"Estado de Minas - Em foco\" \/>\n<meta property=\"article:published_time\" content=\"2026-04-30T23:05:00+00:00\" \/>\n<meta property=\"article:modified_time\" content=\"2026-04-29T22:42:09+00:00\" \/>\n<meta property=\"og:image\" content=\"https:\/\/www.em.com.br\/emfoco\/wp-content\/uploads\/2026\/04\/EmFoco_68-5.jpg\" \/>\n\t<meta property=\"og:image:width\" content=\"1280\" \/>\n\t<meta property=\"og:image:height\" content=\"720\" \/>\n\t<meta property=\"og:image:type\" content=\"image\/jpeg\" \/>\n<meta name=\"author\" content=\"Daniely Cardoso\" \/>\n<meta name=\"twitter:card\" content=\"summary_large_image\" \/>\n<meta name=\"twitter:label1\" content=\"Escrito por\" \/>\n\t<meta name=\"twitter:data1\" content=\"Daniely Cardoso\" \/>\n\t<meta name=\"twitter:label2\" content=\"Est. tempo de leitura\" \/>\n\t<meta name=\"twitter:data2\" content=\"5 minutos\" \/>\n<!-- \/ Yoast SEO plugin. -->","yoast_head_json":{"title":"A folha verde da horta que pode ajudar seu f\u00edgado, vis\u00e3o e at\u00e9 controlar a glicose - Estado de Minas - Em foco","description":"Aprenda como o consumo de r\u00facula impacta o vigor f\u00edsico e a sa\u00fade do cora\u00e7\u00e3o. Saiba por que esta folha picante \u00e9 valiosa para sua dieta.","robots":{"index":"index","follow":"follow","max-snippet":"max-snippet:-1","max-image-preview":"max-image-preview:large","max-video-preview":"max-video-preview:-1"},"canonical":"https:\/\/www.em.com.br\/emfoco\/2026\/04\/30\/a-folha-verde-da-horta-que-pode-ajudar-seu-figado-visao-e-ate-controlar-a-glicose\/","og_locale":"pt_BR","og_type":"article","og_title":"A folha verde da horta que pode ajudar seu f\u00edgado, vis\u00e3o e at\u00e9 controlar a glicose - Estado de Minas - Em foco","og_description":"Aprenda como o consumo de r\u00facula impacta o vigor f\u00edsico e a sa\u00fade do cora\u00e7\u00e3o. Saiba por que esta folha picante \u00e9 valiosa para sua dieta.","og_url":"https:\/\/www.em.com.br\/emfoco\/2026\/04\/30\/a-folha-verde-da-horta-que-pode-ajudar-seu-figado-visao-e-ate-controlar-a-glicose\/","og_site_name":"Estado de Minas - Em foco","article_published_time":"2026-04-30T23:05:00+00:00","article_modified_time":"2026-04-29T22:42:09+00:00","og_image":[{"width":1280,"height":720,"url":"https:\/\/www.em.com.br\/emfoco\/wp-content\/uploads\/2026\/04\/EmFoco_68-5.jpg","type":"image\/jpeg"}],"author":"Daniely Cardoso","twitter_card":"summary_large_image","twitter_misc":{"Escrito por":"Daniely Cardoso","Est. tempo de leitura":"5 minutos"},"schema":{"@context":"https:\/\/schema.org","@graph":[{"@type":"WebPage","@id":"https:\/\/www.em.com.br\/emfoco\/2026\/04\/30\/a-folha-verde-da-horta-que-pode-ajudar-seu-figado-visao-e-ate-controlar-a-glicose\/","url":"https:\/\/www.em.com.br\/emfoco\/2026\/04\/30\/a-folha-verde-da-horta-que-pode-ajudar-seu-figado-visao-e-ate-controlar-a-glicose\/","name":"A folha verde da horta que pode ajudar seu f\u00edgado, vis\u00e3o e at\u00e9 controlar a glicose - Estado de Minas - Em foco","isPartOf":{"@id":"https:\/\/www.em.com.br\/emfoco\/#website"},"primaryImageOfPage":{"@id":"https:\/\/www.em.com.br\/emfoco\/2026\/04\/30\/a-folha-verde-da-horta-que-pode-ajudar-seu-figado-visao-e-ate-controlar-a-glicose\/#primaryimage"},"image":{"@id":"https:\/\/www.em.com.br\/emfoco\/2026\/04\/30\/a-folha-verde-da-horta-que-pode-ajudar-seu-figado-visao-e-ate-controlar-a-glicose\/#primaryimage"},"thumbnailUrl":"https:\/\/www.em.com.br\/emfoco\/wp-content\/uploads\/2026\/04\/EmFoco_68-5.jpg","datePublished":"2026-04-30T23:05:00+00:00","dateModified":"2026-04-29T22:42:09+00:00","author":{"@id":"https:\/\/www.em.com.br\/emfoco\/#\/schema\/person\/0a8186d72f2c3a5c6276d90b41f271a0"},"description":"Aprenda como o consumo de r\u00facula impacta o vigor f\u00edsico e a sa\u00fade do cora\u00e7\u00e3o. Saiba por que esta folha picante \u00e9 valiosa para sua dieta.","breadcrumb":{"@id":"https:\/\/www.em.com.br\/emfoco\/2026\/04\/30\/a-folha-verde-da-horta-que-pode-ajudar-seu-figado-visao-e-ate-controlar-a-glicose\/#breadcrumb"},"inLanguage":"pt-BR","potentialAction":[{"@type":"ReadAction","target":["https:\/\/www.em.com.br\/emfoco\/2026\/04\/30\/a-folha-verde-da-horta-que-pode-ajudar-seu-figado-visao-e-ate-controlar-a-glicose\/"]}]},{"@type":"ImageObject","inLanguage":"pt-BR","@id":"https:\/\/www.em.com.br\/emfoco\/2026\/04\/30\/a-folha-verde-da-horta-que-pode-ajudar-seu-figado-visao-e-ate-controlar-a-glicose\/#primaryimage","url":"https:\/\/www.em.com.br\/emfoco\/wp-content\/uploads\/2026\/04\/EmFoco_68-5.jpg","contentUrl":"https:\/\/www.em.com.br\/emfoco\/wp-content\/uploads\/2026\/04\/EmFoco_68-5.jpg","width":1280,"height":720,"caption":"Consumo regular de r\u00facula fortalece os ossos e auxilia no controle da press\u00e3o"},{"@type":"BreadcrumbList","@id":"https:\/\/www.em.com.br\/emfoco\/2026\/04\/30\/a-folha-verde-da-horta-que-pode-ajudar-seu-figado-visao-e-ate-controlar-a-glicose\/#breadcrumb","itemListElement":[{"@type":"ListItem","position":1,"name":"In\u00edcio","item":"https:\/\/www.em.com.br\/emfoco\/"},{"@type":"ListItem","position":2,"name":"A folha verde da horta que pode ajudar seu f\u00edgado, vis\u00e3o e at\u00e9 controlar a glicose"}]},{"@type":"WebSite","@id":"https:\/\/www.em.com.br\/emfoco\/#website","url":"https:\/\/www.em.com.br\/emfoco\/","name":"Estado de Minas - Em foco","description":"Acompanhe as \u00faltimas not\u00edcias e fique bem informado sobre tudo o que acontece em Minas Gerais, Brasil e no mundo.","potentialAction":[{"@type":"SearchAction","target":{"@type":"EntryPoint","urlTemplate":"https:\/\/www.em.com.br\/emfoco\/?s={search_term_string}"},"query-input":{"@type":"PropertyValueSpecification","valueRequired":true,"valueName":"search_term_string"}}],"inLanguage":"pt-BR"},{"@type":"Person","@id":"https:\/\/www.em.com.br\/emfoco\/#\/schema\/person\/0a8186d72f2c3a5c6276d90b41f271a0","name":"Daniely Cardoso","image":{"@type":"ImageObject","inLanguage":"pt-BR","@id":"https:\/\/www.em.com.br\/emfoco\/#\/schema\/person\/image\/","url":"https:\/\/secure.gravatar.com\/avatar\/4b80ddbd124d1f071b626d52d62e5dff?s=96&d=mm&r=g","contentUrl":"https:\/\/secure.gravatar.com\/avatar\/4b80ddbd124d1f071b626d52d62e5dff?s=96&d=mm&r=g","caption":"Daniely Cardoso"},"url":"https:\/\/www.em.com.br\/emfoco\/author\/danielymyth\/"}]}},"_links":{"self":[{"href":"https:\/\/www.em.com.br\/emfoco\/wp-json\/wp\/v2\/posts\/201694","targetHints":{"allow":["GET"]}}],"collection":[{"href":"https:\/\/www.em.com.br\/emfoco\/wp-json\/wp\/v2\/posts"}],"about":[{"href":"https:\/\/www.em.com.br\/emfoco\/wp-json\/wp\/v2\/types\/post"}],"author":[{"embeddable":true,"href":"https:\/\/www.em.com.br\/emfoco\/wp-json\/wp\/v2\/users\/9"}],"replies":[{"embeddable":true,"href":"https:\/\/www.em.com.br\/emfoco\/wp-json\/wp\/v2\/comments?post=201694"}],"version-history":[{"count":2,"href":"https:\/\/www.em.com.br\/emfoco\/wp-json\/wp\/v2\/posts\/201694\/revisions"}],"predecessor-version":[{"id":201748,"href":"https:\/\/www.em.com.br\/emfoco\/wp-json\/wp\/v2\/posts\/201694\/revisions\/201748"}],"wp:featuredmedia":[{"embeddable":true,"href":"https:\/\/www.em.com.br\/emfoco\/wp-json\/wp\/v2\/media\/201796"}],"wp:attachment":[{"href":"https:\/\/www.em.com.br\/emfoco\/wp-json\/wp\/v2\/media?parent=201694"}],"wp:term":[{"taxonomy":"category","embeddable":true,"href":"https:\/\/www.em.com.br\/emfoco\/wp-json\/wp\/v2\/categories?post=201694"},{"taxonomy":"post_tag","embeddable":true,"href":"https:\/\/www.em.com.br\/emfoco\/wp-json\/wp\/v2\/tags?post=201694"}],"curies":[{"name":"wp","href":"https:\/\/api.w.org\/{rel}","templated":true}]}}