{"id":201678,"date":"2026-04-30T22:05:00","date_gmt":"2026-05-01T01:05:00","guid":{"rendered":"https:\/\/www.em.com.br\/emfoco\/?p=201678"},"modified":"2026-04-29T19:40:38","modified_gmt":"2026-04-29T22:40:38","slug":"adeus-ao-loiro-platinado-os-tres-tons-que-estao-dominando-as-tendencias-desse-outono","status":"publish","type":"post","link":"https:\/\/www.em.com.br\/emfoco\/2026\/04\/30\/adeus-ao-loiro-platinado-os-tres-tons-que-estao-dominando-as-tendencias-desse-outono\/","title":{"rendered":"Adeus ao loiro platinado, os tr\u00eas tons que est\u00e3o dominando as tend\u00eancias desse outono"},"content":{"rendered":"\n<p>A tend\u00eancia do clareamento extremo est\u00e1 cedendo espa\u00e7o para nuances mais naturais que preservam a sa\u00fade da fibra capilar com sofistica\u00e7\u00e3o. Muitas mulheres buscam agora <strong>tons de loiro<\/strong> que ofere\u00e7am baixa manuten\u00e7\u00e3o e um brilho multidimensional imposs\u00edvel de alcan\u00e7ar com o branco total.<\/p>\n\n\n\n<h2 class=\"wp-block-heading\">O charme atemporal do loiro mel para iluminar o rosto<\/h2>\n\n\n\n<p>Esta tonalidade quente consegue <strong>aquecer a fisionomia<\/strong> de forma imediata e natural, funcionando perfeitamente em diversos tipos de pele. A cor mescla reflexos dourados com bases levemente mais escuras para <strong>criar profundidade visual<\/strong> ao longo de todo o comprimento dos fios. Essa transi\u00e7\u00e3o suave permite que o crescimento da raiz seja muito menos percept\u00edvel durante as semanas de intervalo entre as visitas ao sal\u00e3o.<\/p>\n\n\n\n<p>Para quem deseja adotar essa cor, o segredo reside na aplica\u00e7\u00e3o de t\u00e9cnicas de mechas que respeitem o fundo de clareamento natural. Os cabeleireiros especialistas utilizam tonalizantes que conseguem <strong>devolver a vivacidade<\/strong> e o movimento para cabelos que antes pareciam opacos ou porosos devido \u00e0 descolora\u00e7\u00e3o excessiva. Escolher os tons de loiro corretos exige observar alguns pontos fundamentais para o sucesso da mudan\u00e7a.<\/p>\n\n\n\n<ul class=\"wp-block-list\">\n<li>Analise o subtom da sua pele antes da aplica\u00e7\u00e3o qu\u00edmica.<\/li>\n\n\n\n<li>Priorize produtos que combatam o desbotamento causado pelo sol.<\/li>\n\n\n\n<li>Fa\u00e7a um teste de mecha para garantir a integridade do fio.<\/li>\n\n\n\n<li>Utilize \u00f3leos finalizadores para ressaltar os reflexos dourados.<\/li>\n<\/ul>\n\n\n<div class=\"wp-block-image\">\n<figure class=\"aligncenter size-large\"><img loading=\"lazy\" decoding=\"async\" width=\"1024\" height=\"576\" src=\"https:\/\/www.em.com.br\/emfoco\/wp-content\/uploads\/2026\/04\/cabelo-loiro-1024x576.jpg\" alt=\"cabelo loiro\" class=\"wp-image-191544\" srcset=\"https:\/\/www.em.com.br\/emfoco\/wp-content\/uploads\/2026\/04\/cabelo-loiro-1024x576.jpg 1024w, https:\/\/www.em.com.br\/emfoco\/wp-content\/uploads\/2026\/04\/cabelo-loiro-300x169.jpg 300w, https:\/\/www.em.com.br\/emfoco\/wp-content\/uploads\/2026\/04\/cabelo-loiro-768x432.jpg 768w, https:\/\/www.em.com.br\/emfoco\/wp-content\/uploads\/2026\/04\/cabelo-loiro-750x422.jpg 750w, https:\/\/www.em.com.br\/emfoco\/wp-content\/uploads\/2026\/04\/cabelo-loiro-1140x641.jpg 1140w, https:\/\/www.em.com.br\/emfoco\/wp-content\/uploads\/2026\/04\/cabelo-loiro.jpg 1280w\" sizes=\"auto, (max-width: 1024px) 100vw, 1024px\" \/><figcaption class=\"wp-element-caption\">Para quem deseja adotar essa cor, o segredo reside na aplica\u00e7\u00e3o de t\u00e9cnicas de mechas que respeitem o fundo de clareamento natural<\/figcaption><\/figure><\/div>\n\n\n<p>Leia tamb\u00e9m: <a href=\"https:\/\/www.em.com.br\/emfoco\/2026\/04\/23\/cortes-de-cabelo-que-valorizam-mulheres-40-e-deixam-o-visual-leve-e-sofisticado\/\" target=\"_blank\" rel=\"noreferrer noopener\">Cortes de cabelo que valorizam mulheres 40+ e deixam o visual leve e sofisticado<\/a><\/p>\n\n\n\n<h2 class=\"wp-block-heading\">A eleg\u00e2ncia neutra do loiro areia em alta no momento<\/h2>\n\n\n\n<p>O bege arenoso representa o equil\u00edbrio perfeito para quem n\u00e3o deseja reflexos nem t\u00e3o quentes e nem excessivamente acinzentados. Essa nuance proporciona uma <strong>apar\u00eancia extremamente elegante<\/strong> e moderna, sendo uma das escolhas favoritas nas passarelas internacionais de moda este ano. Ao optar por essa cor, voc\u00ea consegue <strong>manter a claridade<\/strong> desejada sem os danos agressivos que o processo de platinado costuma causar.<\/p>\n\n\n\n<p>A t\u00e9cnica geralmente envolve uma raiz levemente esfumada para garantir que o contraste com o couro cabeludo seja o mais org\u00e2nico poss\u00edvel. Os tons de loiro com pegada neutra <strong>facilitam a rotina<\/strong> de cuidados dom\u00e9sticos, exigindo menos matiza\u00e7\u00f5es corretivas para evitar o aspecto amarelado indesejado. Manter o brilho dessa cor requer apenas uma hidrata\u00e7\u00e3o constante e o uso de protetores t\u00e9rmicos de boa qualidade diariamente.<\/p>\n\n\n\n<ol class=\"wp-block-list\">\n<li>Aplique m\u00e1scaras de reconstru\u00e7\u00e3o quinzenalmente para fortalecer a queratina.<\/li>\n\n\n\n<li>Evite lavagens com \u00e1gua em temperaturas muito elevadas no chuveiro.<\/li>\n\n\n\n<li>Use shampoos espec\u00edficos para cabelos coloridos e sem sulfatos agressivos.<\/li>\n<\/ol>\n\n\n\n<p>Para voc\u00ea que gosta de se cuidar, separamos um v\u00eddeo do canal da <a href=\"https:\/\/www.youtube.com\/@Luiiizamaia\" target=\"_blank\" rel=\"noreferrer noopener\">Luiza Maia <\/a>com dicas para achar seu tom de loiro ideal:<\/p>\n\n\n\n<figure class=\"wp-block-embed is-type-video is-provider-youtube wp-block-embed-youtube wp-embed-aspect-16-9 wp-has-aspect-ratio\"><div class=\"wp-block-embed__wrapper\">\n<div class=\"jeg_video_container jeg_video_content\"><iframe loading=\"lazy\" title=\"APRENDA QUAL \u00c9 O SEU TOM DE LOIRO IDEAL e nunca mais erre ao FAZER LUZES NO CABELO!!\" width=\"500\" height=\"281\" src=\"https:\/\/www.youtube.com\/embed\/KuIGd3qotbM?feature=oembed\" frameborder=\"0\" allow=\"accelerometer; autoplay; clipboard-write; encrypted-media; gyroscope; picture-in-picture; web-share\" referrerpolicy=\"strict-origin-when-cross-origin\" allowfullscreen><\/iframe><\/div>\n<\/div><\/figure>\n\n\n\n<h2 class=\"wp-block-heading\">Como o loiro manteiga traz suavidade ao visual feminino<\/h2>\n\n\n\n<p>Esta cor se destaca por apresentar reflexos levemente cremosos que conferem um aspecto saud\u00e1vel e luxuoso para as pontas do cabelo. O visual amanteigado consegue <strong>refletir a luz<\/strong> com intensidade, garantindo que o semblante pare\u00e7a sempre descansado e iluminado sob qualquer tipo de ilumina\u00e7\u00e3o. Diferente das vers\u00f5es frias, essa tonalidade ajuda a <strong>esconder pequenas imperfei\u00e7\u00f5es<\/strong> e pontas duplas que costumam aparecer em fios fragilizados.<\/p>\n\n\n\n<p>Adotar esse estilo significa abra\u00e7ar uma est\u00e9tica mais vibrante que combina perfeitamente com acess\u00f3rios dourados e maquiagens em tons terrosos. \u00c9 fundamental que a cliente e o profissional selecionem <strong>pigmentos de alta fixa\u00e7\u00e3o<\/strong> para garantir que a luminosidade permane\u00e7a intensa por muito mais tempo. Os tons de loiro com essa caracter\u00edstica s\u00e3o ideais para quem ama cabelos claros, mas valoriza a resist\u00eancia mec\u00e2nica dos fios.<\/p>\n\n\n\n<figure class=\"wp-block-embed is-type-rich is-provider-pinterest wp-block-embed-pinterest\"><div class=\"wp-block-embed__wrapper\">\n<iframe loading=\"lazy\" title=\"LOIRO PEROLADO  \u2728 Inspira\u00e7\u00e3o de Cabelo Loiro Perolado para Brilhar! \ud83d\udc87\u200d\u2640\ufe0f\ud83d\udc8e Se voc\u00ea ama um cabelo loiro que exala eleg\u00e2ncia e sofistica\u00e7\u00e3o, o tom perolado \u00e9 a escolha perfeita! \ud83c\udf1f Nesse v\u00eddeo, voc\u00ea vai se encantar com o brilho, a suavidade e a leveza desse visual que est\u00e1 conquistando cora\u00e7\u00f5es.  \u2728 O loiro perolado \u00e9 ideal pra quem busca um toque iluminado e moderno, destacando a beleza natural de cada fio. Ele combina perfeitamente com todos os estilos e \u00e9 a aposta certeira para quem quer renova...\" src=\"https:\/\/assets.pinterest.com\/ext\/embed.html?id=22025485674291967&#038;src=oembed\" height=\"899\" width=\"450\" frameborder=\"0\" scrolling=\"no\" ><\/iframe>\n<\/div><\/figure>\n\n\n\n<h2 class=\"wp-block-heading\">Dicas pr\u00e1ticas para manter a sa\u00fade dos novos fios iluminados<\/h2>\n\n\n\n<p>A mudan\u00e7a de cor exige que voc\u00ea adote novos h\u00e1bitos de beleza para prolongar o resultado obtido na cadeira do profissional. Invista em cronogramas capilares que priorizem a nutri\u00e7\u00e3o profunda para <strong>selar as cut\u00edculas<\/strong> e evitar a perda de massa. Cabelos bem cuidados conseguem <strong>exibir a cor<\/strong> com muito mais fidelidade e beleza natural todos os dias.<\/p>\n\n\n\n<p>Lembre-se que a transi\u00e7\u00e3o do platinado para cores mais ricas deve ser feita de maneira gradual e planejada cuidadosamente. Busque sempre inspira\u00e7\u00f5es que <strong>valorizem sua beleza<\/strong> \u00fanica e tragam praticidade para sua vida agitada. O seu novo visual certamente vai <strong>proporcionar uma confian\u00e7a<\/strong> renovada e um brilho inigual\u00e1vel em qualquer ocasi\u00e3o.<\/p>\n","protected":false},"excerpt":{"rendered":"<p>A tend\u00eancia do clareamento extremo est\u00e1 cedendo espa\u00e7o para nuances mais naturais que preservam a sa\u00fade da fibra capilar com sofistica\u00e7\u00e3o. Muitas mulheres buscam agora tons de loiro que ofere\u00e7am baixa manuten\u00e7\u00e3o e um brilho multidimensional imposs\u00edvel de alcan\u00e7ar com o branco total. O charme atemporal do loiro mel para iluminar o rosto Esta tonalidade [&hellip;]<\/p>\n","protected":false},"author":9,"featured_media":201794,"comment_status":"open","ping_status":"open","sticky":false,"template":"","format":"standard","meta":{"jnews-multi-image_gallery":[],"jnews_single_post":{"format":"standard"},"jnews_primary_category":[],"jnews_social_meta":[],"jnews_override_counter":[],"footnotes":""},"categories":[8691,29],"tags":[5143,6768,6717],"class_list":["post-201678","post","type-post","status-publish","format-standard","has-post-thumbnail","hentry","category-bem-estar","category-entretenimento","tag-cabelos","tag-coloracao-capilar","tag-tendencias-de-beleza"],"yoast_head":"<!-- This site is optimized with the Yoast SEO plugin v23.8 - https:\/\/yoast.com\/wordpress\/plugins\/seo\/ -->\n<title>Adeus ao loiro platinado, os tr\u00eas tons que est\u00e3o dominando as tend\u00eancias desse outono - Estado de Minas - Em foco<\/title>\n<meta name=\"description\" content=\"Se voc\u00ea quer abandonar o platinado, os novos tons de loiro oferecem brilho e sa\u00fade para os fios. Veja op\u00e7\u00f5es modernas para mudar o visual.\" \/>\n<meta name=\"robots\" content=\"index, follow, max-snippet:-1, max-image-preview:large, max-video-preview:-1\" \/>\n<link rel=\"canonical\" href=\"https:\/\/www.em.com.br\/emfoco\/2026\/04\/30\/adeus-ao-loiro-platinado-os-tres-tons-que-estao-dominando-as-tendencias-desse-outono\/\" \/>\n<meta property=\"og:locale\" content=\"pt_BR\" \/>\n<meta property=\"og:type\" content=\"article\" \/>\n<meta property=\"og:title\" content=\"Adeus ao loiro platinado, os tr\u00eas tons que est\u00e3o dominando as tend\u00eancias desse outono - Estado de Minas - Em foco\" \/>\n<meta property=\"og:description\" content=\"Se voc\u00ea quer abandonar o platinado, os novos tons de loiro oferecem brilho e sa\u00fade para os fios. Veja op\u00e7\u00f5es modernas para mudar o visual.\" \/>\n<meta property=\"og:url\" content=\"https:\/\/www.em.com.br\/emfoco\/2026\/04\/30\/adeus-ao-loiro-platinado-os-tres-tons-que-estao-dominando-as-tendencias-desse-outono\/\" \/>\n<meta property=\"og:site_name\" content=\"Estado de Minas - Em foco\" \/>\n<meta property=\"article:published_time\" content=\"2026-05-01T01:05:00+00:00\" \/>\n<meta property=\"article:modified_time\" content=\"2026-04-29T22:40:38+00:00\" \/>\n<meta property=\"og:image\" content=\"https:\/\/www.em.com.br\/emfoco\/wp-content\/uploads\/2026\/04\/EmFoco_59-8.jpg\" \/>\n\t<meta property=\"og:image:width\" content=\"1280\" \/>\n\t<meta property=\"og:image:height\" content=\"720\" \/>\n\t<meta property=\"og:image:type\" content=\"image\/jpeg\" \/>\n<meta name=\"author\" content=\"Daniely Cardoso\" \/>\n<meta name=\"twitter:card\" content=\"summary_large_image\" \/>\n<meta name=\"twitter:label1\" content=\"Escrito por\" \/>\n\t<meta name=\"twitter:data1\" content=\"Daniely Cardoso\" \/>\n\t<meta name=\"twitter:label2\" content=\"Est. tempo de leitura\" \/>\n\t<meta name=\"twitter:data2\" content=\"5 minutos\" \/>\n<!-- \/ Yoast SEO plugin. -->","yoast_head_json":{"title":"Adeus ao loiro platinado, os tr\u00eas tons que est\u00e3o dominando as tend\u00eancias desse outono - Estado de Minas - Em foco","description":"Se voc\u00ea quer abandonar o platinado, os novos tons de loiro oferecem brilho e sa\u00fade para os fios. Veja op\u00e7\u00f5es modernas para mudar o visual.","robots":{"index":"index","follow":"follow","max-snippet":"max-snippet:-1","max-image-preview":"max-image-preview:large","max-video-preview":"max-video-preview:-1"},"canonical":"https:\/\/www.em.com.br\/emfoco\/2026\/04\/30\/adeus-ao-loiro-platinado-os-tres-tons-que-estao-dominando-as-tendencias-desse-outono\/","og_locale":"pt_BR","og_type":"article","og_title":"Adeus ao loiro platinado, os tr\u00eas tons que est\u00e3o dominando as tend\u00eancias desse outono - Estado de Minas - Em foco","og_description":"Se voc\u00ea quer abandonar o platinado, os novos tons de loiro oferecem brilho e sa\u00fade para os fios. Veja op\u00e7\u00f5es modernas para mudar o visual.","og_url":"https:\/\/www.em.com.br\/emfoco\/2026\/04\/30\/adeus-ao-loiro-platinado-os-tres-tons-que-estao-dominando-as-tendencias-desse-outono\/","og_site_name":"Estado de Minas - Em foco","article_published_time":"2026-05-01T01:05:00+00:00","article_modified_time":"2026-04-29T22:40:38+00:00","og_image":[{"width":1280,"height":720,"url":"https:\/\/www.em.com.br\/emfoco\/wp-content\/uploads\/2026\/04\/EmFoco_59-8.jpg","type":"image\/jpeg"}],"author":"Daniely Cardoso","twitter_card":"summary_large_image","twitter_misc":{"Escrito por":"Daniely Cardoso","Est. tempo de leitura":"5 minutos"},"schema":{"@context":"https:\/\/schema.org","@graph":[{"@type":"WebPage","@id":"https:\/\/www.em.com.br\/emfoco\/2026\/04\/30\/adeus-ao-loiro-platinado-os-tres-tons-que-estao-dominando-as-tendencias-desse-outono\/","url":"https:\/\/www.em.com.br\/emfoco\/2026\/04\/30\/adeus-ao-loiro-platinado-os-tres-tons-que-estao-dominando-as-tendencias-desse-outono\/","name":"Adeus ao loiro platinado, os tr\u00eas tons que est\u00e3o dominando as tend\u00eancias desse outono - Estado de Minas - Em foco","isPartOf":{"@id":"https:\/\/www.em.com.br\/emfoco\/#website"},"primaryImageOfPage":{"@id":"https:\/\/www.em.com.br\/emfoco\/2026\/04\/30\/adeus-ao-loiro-platinado-os-tres-tons-que-estao-dominando-as-tendencias-desse-outono\/#primaryimage"},"image":{"@id":"https:\/\/www.em.com.br\/emfoco\/2026\/04\/30\/adeus-ao-loiro-platinado-os-tres-tons-que-estao-dominando-as-tendencias-desse-outono\/#primaryimage"},"thumbnailUrl":"https:\/\/www.em.com.br\/emfoco\/wp-content\/uploads\/2026\/04\/EmFoco_59-8.jpg","datePublished":"2026-05-01T01:05:00+00:00","dateModified":"2026-04-29T22:40:38+00:00","author":{"@id":"https:\/\/www.em.com.br\/emfoco\/#\/schema\/person\/0a8186d72f2c3a5c6276d90b41f271a0"},"description":"Se voc\u00ea quer abandonar o platinado, os novos tons de loiro oferecem brilho e sa\u00fade para os fios. Veja op\u00e7\u00f5es modernas para mudar o visual.","breadcrumb":{"@id":"https:\/\/www.em.com.br\/emfoco\/2026\/04\/30\/adeus-ao-loiro-platinado-os-tres-tons-que-estao-dominando-as-tendencias-desse-outono\/#breadcrumb"},"inLanguage":"pt-BR","potentialAction":[{"@type":"ReadAction","target":["https:\/\/www.em.com.br\/emfoco\/2026\/04\/30\/adeus-ao-loiro-platinado-os-tres-tons-que-estao-dominando-as-tendencias-desse-outono\/"]}]},{"@type":"ImageObject","inLanguage":"pt-BR","@id":"https:\/\/www.em.com.br\/emfoco\/2026\/04\/30\/adeus-ao-loiro-platinado-os-tres-tons-que-estao-dominando-as-tendencias-desse-outono\/#primaryimage","url":"https:\/\/www.em.com.br\/emfoco\/wp-content\/uploads\/2026\/04\/EmFoco_59-8.jpg","contentUrl":"https:\/\/www.em.com.br\/emfoco\/wp-content\/uploads\/2026\/04\/EmFoco_59-8.jpg","width":1280,"height":720,"caption":"Nuances naturais e multidimensionais preservam a sa\u00fade capilar com sofistica\u00e7\u00e3o e brilho"},{"@type":"BreadcrumbList","@id":"https:\/\/www.em.com.br\/emfoco\/2026\/04\/30\/adeus-ao-loiro-platinado-os-tres-tons-que-estao-dominando-as-tendencias-desse-outono\/#breadcrumb","itemListElement":[{"@type":"ListItem","position":1,"name":"In\u00edcio","item":"https:\/\/www.em.com.br\/emfoco\/"},{"@type":"ListItem","position":2,"name":"Adeus ao loiro platinado, os tr\u00eas tons que est\u00e3o dominando as tend\u00eancias desse outono"}]},{"@type":"WebSite","@id":"https:\/\/www.em.com.br\/emfoco\/#website","url":"https:\/\/www.em.com.br\/emfoco\/","name":"Estado de Minas - Em foco","description":"Acompanhe as \u00faltimas not\u00edcias e fique bem informado sobre tudo o que acontece em Minas Gerais, Brasil e no mundo.","potentialAction":[{"@type":"SearchAction","target":{"@type":"EntryPoint","urlTemplate":"https:\/\/www.em.com.br\/emfoco\/?s={search_term_string}"},"query-input":{"@type":"PropertyValueSpecification","valueRequired":true,"valueName":"search_term_string"}}],"inLanguage":"pt-BR"},{"@type":"Person","@id":"https:\/\/www.em.com.br\/emfoco\/#\/schema\/person\/0a8186d72f2c3a5c6276d90b41f271a0","name":"Daniely Cardoso","image":{"@type":"ImageObject","inLanguage":"pt-BR","@id":"https:\/\/www.em.com.br\/emfoco\/#\/schema\/person\/image\/","url":"https:\/\/secure.gravatar.com\/avatar\/4b80ddbd124d1f071b626d52d62e5dff?s=96&d=mm&r=g","contentUrl":"https:\/\/secure.gravatar.com\/avatar\/4b80ddbd124d1f071b626d52d62e5dff?s=96&d=mm&r=g","caption":"Daniely Cardoso"},"url":"https:\/\/www.em.com.br\/emfoco\/author\/danielymyth\/"}]}},"_links":{"self":[{"href":"https:\/\/www.em.com.br\/emfoco\/wp-json\/wp\/v2\/posts\/201678","targetHints":{"allow":["GET"]}}],"collection":[{"href":"https:\/\/www.em.com.br\/emfoco\/wp-json\/wp\/v2\/posts"}],"about":[{"href":"https:\/\/www.em.com.br\/emfoco\/wp-json\/wp\/v2\/types\/post"}],"author":[{"embeddable":true,"href":"https:\/\/www.em.com.br\/emfoco\/wp-json\/wp\/v2\/users\/9"}],"replies":[{"embeddable":true,"href":"https:\/\/www.em.com.br\/emfoco\/wp-json\/wp\/v2\/comments?post=201678"}],"version-history":[{"count":1,"href":"https:\/\/www.em.com.br\/emfoco\/wp-json\/wp\/v2\/posts\/201678\/revisions"}],"predecessor-version":[{"id":201690,"href":"https:\/\/www.em.com.br\/emfoco\/wp-json\/wp\/v2\/posts\/201678\/revisions\/201690"}],"wp:featuredmedia":[{"embeddable":true,"href":"https:\/\/www.em.com.br\/emfoco\/wp-json\/wp\/v2\/media\/201794"}],"wp:attachment":[{"href":"https:\/\/www.em.com.br\/emfoco\/wp-json\/wp\/v2\/media?parent=201678"}],"wp:term":[{"taxonomy":"category","embeddable":true,"href":"https:\/\/www.em.com.br\/emfoco\/wp-json\/wp\/v2\/categories?post=201678"},{"taxonomy":"post_tag","embeddable":true,"href":"https:\/\/www.em.com.br\/emfoco\/wp-json\/wp\/v2\/tags?post=201678"}],"curies":[{"name":"wp","href":"https:\/\/api.w.org\/{rel}","templated":true}]}}