{"id":201666,"date":"2026-04-30T19:45:00","date_gmt":"2026-04-30T22:45:00","guid":{"rendered":"https:\/\/www.em.com.br\/emfoco\/?p=201666"},"modified":"2026-04-29T19:41:15","modified_gmt":"2026-04-29T22:41:15","slug":"o-filosofo-que-acreditava-que-feijoes-tinham-almas","status":"publish","type":"post","link":"https:\/\/www.em.com.br\/emfoco\/2026\/04\/30\/o-filosofo-que-acreditava-que-feijoes-tinham-almas\/","title":{"rendered":"O fil\u00f3sofo que acreditava que feij\u00f5es tinham almas"},"content":{"rendered":"\n<p>A hist\u00f3ria da humanidade guarda mist\u00e9rios sobre as mentes brilhantes da antiguidade, mas a rela\u00e7\u00e3o entre <strong>Pit\u00e1goras e os feij\u00f5es<\/strong> permanece como um epis\u00f3dio intrigante da filosofia cl\u00e1ssica. Muitas pessoas conhecem seus c\u00e1lculos matem\u00e1ticos complexos, mas raros leitores imaginam os <strong>dogmas ex\u00f3ticos<\/strong> que efetivamente <strong>direcionavam a rotina<\/strong> privada do mestre.<\/p>\n\n\n\n<h2 class=\"wp-block-heading\">O mist\u00e9rio por tr\u00e1s da avers\u00e3o de Pit\u00e1goras e os feij\u00f5es<\/h2>\n\n\n\n<p>O famoso matem\u00e1tico grego fundou uma irmandade que misturava conhecimentos num\u00e9ricos avan\u00e7ados com cren\u00e7as m\u00edsticas rigorosas sobre a vida. Os adeptos dessa seita precisavam obrigatoriamente <strong>seguir regras estritas<\/strong> para manter a t\u00e3o desejada harmonia espiritual em suas atividades cotidianas. Uma das proibi\u00e7\u00f5es mais absolutas determinava que nenhum seguidor poderia jamais <strong>consumir leguminosas espec\u00edficas<\/strong> durante as refei\u00e7\u00f5es comunit\u00e1rias.<\/p>\n\n\n\n<p>A principal explica\u00e7\u00e3o para essa dieta restritiva baseava-se em uma <strong>vis\u00e3o c\u00f3smica profunda<\/strong> sobre o longo ciclo da vida terrena. O s\u00e1bio pensador observava a natureza minuciosamente e costumava <strong>estabelecer conex\u00f5es surpreendentes<\/strong> entre diferentes formas de exist\u00eancia biol\u00f3gica ao seu redor. Essa linha de racioc\u00ednio peculiar fez com que a hist\u00f3ria de Pit\u00e1goras e os feij\u00f5es ganhasse contornos quase sobrenaturais.<\/p>\n\n\n<div class=\"wp-block-image\">\n<figure class=\"aligncenter size-large\"><img loading=\"lazy\" decoding=\"async\" width=\"1024\" height=\"576\" src=\"https:\/\/www.em.com.br\/emfoco\/wp-content\/uploads\/2026\/04\/Pitagoras-e-os-feijoes-1024x576.jpg\" alt=\"Pit\u00e1goras e os feij\u00f5es\" class=\"wp-image-201671\" srcset=\"https:\/\/www.em.com.br\/emfoco\/wp-content\/uploads\/2026\/04\/Pitagoras-e-os-feijoes-1024x576.jpg 1024w, https:\/\/www.em.com.br\/emfoco\/wp-content\/uploads\/2026\/04\/Pitagoras-e-os-feijoes-300x169.jpg 300w, https:\/\/www.em.com.br\/emfoco\/wp-content\/uploads\/2026\/04\/Pitagoras-e-os-feijoes-768x432.jpg 768w, https:\/\/www.em.com.br\/emfoco\/wp-content\/uploads\/2026\/04\/Pitagoras-e-os-feijoes-750x422.jpg 750w, https:\/\/www.em.com.br\/emfoco\/wp-content\/uploads\/2026\/04\/Pitagoras-e-os-feijoes-1140x641.jpg 1140w, https:\/\/www.em.com.br\/emfoco\/wp-content\/uploads\/2026\/04\/Pitagoras-e-os-feijoes.jpg 1280w\" sizes=\"auto, (max-width: 1024px) 100vw, 1024px\" \/><figcaption class=\"wp-element-caption\">A principal explica\u00e7\u00e3o para essa dieta restritiva baseava-se em uma vis\u00e3o c\u00f3smica profunda sobre o longo ciclo da vida terrena.<\/figcaption><\/figure><\/div>\n\n\n<p>Leia tamb\u00e9m: <a href=\"https:\/\/www.em.com.br\/emfoco\/2026\/04\/21\/as-tumbas-mais-misteriosas-ja-encontradas-no-egito-guardam-segredos-fascinantes\/\" target=\"_blank\" rel=\"noreferrer noopener\">As tumbas mais misteriosas j\u00e1 encontradas no Egito guardam segredos fascinantes<\/a><\/p>\n\n\n\n<h2 class=\"wp-block-heading\">A teoria das almas presas nos alimentos vegetais<\/h2>\n\n\n\n<p>De acordo com enigm\u00e1ticas escrituras, o mestre realizou um experimento peculiar ao observar sementes germinando no solo f\u00e9rtil. Ele decidiu ativamente <strong>desenterrar brotos recentes<\/strong> para analisar cuidadosamente o formato exato de cada parte do vegetal crescendo na terra. Esse processo anal\u00edtico detalhado ajudou a <strong>fundamentar a cren\u00e7a<\/strong> de que aquelas estruturas bot\u00e2nicas se assemelhavam a fetos humanos em desenvolvimento.<\/p>\n\n\n\n<p>A partir dessa semelhan\u00e7a visual inquietante, o dedicado pensador chegou \u00e0 conclus\u00e3o l\u00f3gica de que as almas dos mortos migravam para essas plantas. Portanto, comer esse tipo de alimento significaria inevitavelmente <strong>cometer um ato terr\u00edvel<\/strong> contra os ancestrais falecidos de sua pr\u00f3pria comunidade. Para conseguir <strong>evitar a contamina\u00e7\u00e3o<\/strong> espiritual, os seguidores precisavam respeitar alguns preceitos da doutrina pitag\u00f3rica.<\/p>\n\n\n\n<ul class=\"wp-block-list\">\n<li>Rejeitar pratos caseiros que contivessem a semente proibida.<\/li>\n\n\n\n<li>Afastar-se das planta\u00e7\u00f5es durante o per\u00edodo de flora\u00e7\u00e3o.<\/li>\n\n\n\n<li>Manter sil\u00eancio absoluto sobre os segredos da dieta.<\/li>\n\n\n\n<li>Purificar o corpo com pr\u00e1ticas meditativas intensas.<\/li>\n<\/ul>\n\n\n\n<p>Para voc\u00ea que gosta de curiosidades, separamos um v\u00eddeo do canal <a href=\"https:\/\/www.youtube.com\/@andersoncoitino3588\" target=\"_blank\" rel=\"noreferrer noopener\">Anderson Coiti\u00f1o <\/a>aprofundando na hist\u00f3ria desse g\u00eanio:<\/p>\n\n\n\n<figure class=\"wp-block-embed is-type-video is-provider-youtube wp-block-embed-youtube wp-embed-aspect-16-9 wp-has-aspect-ratio\"><div class=\"wp-block-embed__wrapper\">\n<div class=\"jeg_video_container jeg_video_content\"><iframe loading=\"lazy\" title=\"10 Curiosidades Incr\u00edveis sobre Pit\u00e1goras\" width=\"500\" height=\"281\" src=\"https:\/\/www.youtube.com\/embed\/ZaS-q6rt9BU?feature=oembed\" frameborder=\"0\" allow=\"accelerometer; autoplay; clipboard-write; encrypted-media; gyroscope; picture-in-picture; web-share\" referrerpolicy=\"strict-origin-when-cross-origin\" allowfullscreen><\/iframe><\/div>\n<\/div><\/figure>\n\n\n\n<h2 class=\"wp-block-heading\">Como a doutrina de Pit\u00e1goras e os feij\u00f5es afetava os disc\u00edpulos<\/h2>\n\n\n\n<p>A vida di\u00e1ria dentro da famosa escola pitag\u00f3rica exigia um sacrif\u00edcio pessoal que ia muito al\u00e9m do simples estudo matem\u00e1tico cont\u00ednuo. Os novatos precisavam constantemente <strong>demonstrar obedi\u00eancia cega<\/strong> aos princ\u00edpios estabelecidos pelo fundador antes de acessarem os cobi\u00e7ados conhecimentos secretos. O banimento absoluto desse tipo de comida ajudava a <strong>testar a lealdade inabal\u00e1vel<\/strong> dos membros dedicados da irmandade filos\u00f3fica.<\/p>\n\n\n\n<p>Os relatos hist\u00f3ricos documentados mostram que essa estranha restri\u00e7\u00e3o alimentar <strong>provocava espanto<\/strong> nas popula\u00e7\u00f5es das grandes cidades vizinhas da Magna Gr\u00e9cia. Consequentemente, muitas lendas urbanas surgiram sobre a ex\u00f3tica conex\u00e3o entre Pit\u00e1goras e os feij\u00f5es ao longo das gera\u00e7\u00f5es subsequentes. Apesar da constante zombaria alheia, os iniciados continuavam a <strong>proteger seus h\u00e1bitos<\/strong> alimentares com firmeza admir\u00e1vel perante toda a sociedade.<\/p>\n\n\n\n<figure class=\"wp-block-embed is-type-rich is-provider-pinterest wp-block-embed-pinterest\"><div class=\"wp-block-embed__wrapper\">\n<iframe loading=\"lazy\" title=\"Curiosidade matem\u00e1tica: Quem foi Pit\u00e1goras?\" src=\"https:\/\/assets.pinterest.com\/ext\/embed.html?id=1112600282962104553&#038;src=oembed\" height=\"775\" width=\"450\" frameborder=\"0\" scrolling=\"no\" ><\/iframe>\n<\/div><\/figure>\n\n\n\n<h2 class=\"wp-block-heading\">O impacto da lenda de Pit\u00e1goras e os feij\u00f5es no pensamento antigo<\/h2>\n\n\n\n<p>O complexo pensamento pitag\u00f3rico influenciou outras correntes filos\u00f3ficas importantes que tamb\u00e9m valorizavam muito a reencarna\u00e7\u00e3o e a pureza absoluta da alma. O curioso tabu alimentar deixou de ser uma mera peculiaridade exc\u00eantrica para se <strong>tornar um poderoso s\u00edmbolo<\/strong> de intensa disciplina espiritual. Os pensadores posteriores costumavam frequentemente <strong>debater as met\u00e1foras ocultas<\/strong> por tr\u00e1s dessa regra para encontrar significados morais profundos.<\/p>\n\n\n\n<p>Alguns influentes estudiosos modernos argumentam que o medo dessas plantas tamb\u00e9m poderia ter bases m\u00e9dicas reais relacionadas \u00e0 doen\u00e7a do favismo. Independentemente da verdadeira origem da lenda, a hist\u00f3ria maravilhosa continua a <strong>fascinar muitos pesquisadores contempor\u00e2neos<\/strong> sobre os curiosos costumes antigos. Algumas valiosas li\u00e7\u00f5es pr\u00e1ticas podem nos <strong>inspirar a analisar<\/strong> os fatos hist\u00f3ricos que cercam o denso pensamento ocidental.<\/p>\n\n\n\n<ol class=\"wp-block-list\">\n<li>Questionar as narrativas tradicionais constru\u00eddas sobre grandes g\u00eanios.<\/li>\n\n\n\n<li>Analisar o vasto contexto cultural das sociedades antigas.<\/li>\n\n\n\n<li>Reconhecer a uni\u00e3o hist\u00f3rica entre matem\u00e1tica e espiritualidade.<\/li>\n<\/ol>\n\n\n\n<h2 class=\"wp-block-heading\">Li\u00e7\u00f5es sobre o lado humano dos mestres da filosofia ocidental<\/h2>\n\n\n\n<p>A avalia\u00e7\u00e3o das antigas cren\u00e7as exc\u00eantricas exige uma nova postura focada na compreens\u00e3o ampla do passado. Precisamos <strong>analisar os vultos hist\u00f3ricos<\/strong> com mais profundidade e verdadeira empatia. Reconhecer essas caracter\u00edsticas peculiares ajuda a <strong>humanizar os gigantes intelectuais<\/strong> da nossa sociedade.<\/p>\n\n\n\n<p>As lendas antigas oferecem chances \u00fanicas de aprendizado cont\u00ednuo para qualquer pesquisador. Tente <strong>expandir seus horizontes culturais<\/strong> de uma maneira divertida e bastante inusitada. O conhecimento verdadeiro floresce quando ousamos <strong>explorar os conceitos filos\u00f3ficos<\/strong> que desafiam as conven\u00e7\u00f5es.<\/p>\n\n\n\n<p><\/p>\n","protected":false},"excerpt":{"rendered":"<p>A hist\u00f3ria da humanidade guarda mist\u00e9rios sobre as mentes brilhantes da antiguidade, mas a rela\u00e7\u00e3o entre Pit\u00e1goras e os feij\u00f5es permanece como um epis\u00f3dio intrigante da filosofia cl\u00e1ssica. Muitas pessoas conhecem seus c\u00e1lculos matem\u00e1ticos complexos, mas raros leitores imaginam os dogmas ex\u00f3ticos que efetivamente direcionavam a rotina privada do mestre. O mist\u00e9rio por tr\u00e1s da [&hellip;]<\/p>\n","protected":false},"author":9,"featured_media":201790,"comment_status":"open","ping_status":"open","sticky":false,"template":"","format":"standard","meta":{"jnews-multi-image_gallery":[],"jnews_single_post":{"format":"standard"},"jnews_primary_category":[],"jnews_social_meta":[],"jnews_override_counter":[],"footnotes":""},"categories":[8819,29],"tags":[11255,29003,29005],"class_list":["post-201666","post","type-post","status-publish","format-standard","has-post-thumbnail","hentry","category-curiosidades","category-entretenimento","tag-curiosidades-historicas","tag-filosofia-grega","tag-matematica-antiga"],"yoast_head":"<!-- This site is optimized with the Yoast SEO plugin v23.8 - https:\/\/yoast.com\/wordpress\/plugins\/seo\/ -->\n<title>O fil\u00f3sofo que acreditava que feij\u00f5es tinham almas - Estado de Minas - Em foco<\/title>\n<meta name=\"description\" content=\"A rela\u00e7\u00e3o entre Pit\u00e1goras e os feij\u00f5es guarda um segredo oculto da antiguidade. Leia como a dieta bizarra impactou os adeptos gregos.\" \/>\n<meta name=\"robots\" content=\"index, follow, max-snippet:-1, max-image-preview:large, max-video-preview:-1\" \/>\n<link rel=\"canonical\" href=\"https:\/\/www.em.com.br\/emfoco\/2026\/04\/30\/o-filosofo-que-acreditava-que-feijoes-tinham-almas\/\" \/>\n<meta property=\"og:locale\" content=\"pt_BR\" \/>\n<meta property=\"og:type\" content=\"article\" \/>\n<meta property=\"og:title\" content=\"O fil\u00f3sofo que acreditava que feij\u00f5es tinham almas - Estado de Minas - Em foco\" \/>\n<meta property=\"og:description\" content=\"A rela\u00e7\u00e3o entre Pit\u00e1goras e os feij\u00f5es guarda um segredo oculto da antiguidade. Leia como a dieta bizarra impactou os adeptos gregos.\" \/>\n<meta property=\"og:url\" content=\"https:\/\/www.em.com.br\/emfoco\/2026\/04\/30\/o-filosofo-que-acreditava-que-feijoes-tinham-almas\/\" \/>\n<meta property=\"og:site_name\" content=\"Estado de Minas - Em foco\" \/>\n<meta property=\"article:published_time\" content=\"2026-04-30T22:45:00+00:00\" \/>\n<meta property=\"article:modified_time\" content=\"2026-04-29T22:41:15+00:00\" \/>\n<meta property=\"og:image\" content=\"https:\/\/www.em.com.br\/emfoco\/wp-content\/uploads\/2026\/04\/EmFoco_63-4.jpg\" \/>\n\t<meta property=\"og:image:width\" content=\"1280\" \/>\n\t<meta property=\"og:image:height\" content=\"720\" \/>\n\t<meta property=\"og:image:type\" content=\"image\/jpeg\" \/>\n<meta name=\"author\" content=\"Daniely Cardoso\" \/>\n<meta name=\"twitter:card\" content=\"summary_large_image\" \/>\n<meta name=\"twitter:label1\" content=\"Escrito por\" \/>\n\t<meta name=\"twitter:data1\" content=\"Daniely Cardoso\" \/>\n\t<meta name=\"twitter:label2\" content=\"Est. tempo de leitura\" \/>\n\t<meta name=\"twitter:data2\" content=\"5 minutos\" \/>\n<!-- \/ Yoast SEO plugin. -->","yoast_head_json":{"title":"O fil\u00f3sofo que acreditava que feij\u00f5es tinham almas - Estado de Minas - Em foco","description":"A rela\u00e7\u00e3o entre Pit\u00e1goras e os feij\u00f5es guarda um segredo oculto da antiguidade. Leia como a dieta bizarra impactou os adeptos gregos.","robots":{"index":"index","follow":"follow","max-snippet":"max-snippet:-1","max-image-preview":"max-image-preview:large","max-video-preview":"max-video-preview:-1"},"canonical":"https:\/\/www.em.com.br\/emfoco\/2026\/04\/30\/o-filosofo-que-acreditava-que-feijoes-tinham-almas\/","og_locale":"pt_BR","og_type":"article","og_title":"O fil\u00f3sofo que acreditava que feij\u00f5es tinham almas - Estado de Minas - Em foco","og_description":"A rela\u00e7\u00e3o entre Pit\u00e1goras e os feij\u00f5es guarda um segredo oculto da antiguidade. Leia como a dieta bizarra impactou os adeptos gregos.","og_url":"https:\/\/www.em.com.br\/emfoco\/2026\/04\/30\/o-filosofo-que-acreditava-que-feijoes-tinham-almas\/","og_site_name":"Estado de Minas - Em foco","article_published_time":"2026-04-30T22:45:00+00:00","article_modified_time":"2026-04-29T22:41:15+00:00","og_image":[{"width":1280,"height":720,"url":"https:\/\/www.em.com.br\/emfoco\/wp-content\/uploads\/2026\/04\/EmFoco_63-4.jpg","type":"image\/jpeg"}],"author":"Daniely Cardoso","twitter_card":"summary_large_image","twitter_misc":{"Escrito por":"Daniely Cardoso","Est. tempo de leitura":"5 minutos"},"schema":{"@context":"https:\/\/schema.org","@graph":[{"@type":"WebPage","@id":"https:\/\/www.em.com.br\/emfoco\/2026\/04\/30\/o-filosofo-que-acreditava-que-feijoes-tinham-almas\/","url":"https:\/\/www.em.com.br\/emfoco\/2026\/04\/30\/o-filosofo-que-acreditava-que-feijoes-tinham-almas\/","name":"O fil\u00f3sofo que acreditava que feij\u00f5es tinham almas - Estado de Minas - Em foco","isPartOf":{"@id":"https:\/\/www.em.com.br\/emfoco\/#website"},"primaryImageOfPage":{"@id":"https:\/\/www.em.com.br\/emfoco\/2026\/04\/30\/o-filosofo-que-acreditava-que-feijoes-tinham-almas\/#primaryimage"},"image":{"@id":"https:\/\/www.em.com.br\/emfoco\/2026\/04\/30\/o-filosofo-que-acreditava-que-feijoes-tinham-almas\/#primaryimage"},"thumbnailUrl":"https:\/\/www.em.com.br\/emfoco\/wp-content\/uploads\/2026\/04\/EmFoco_63-4.jpg","datePublished":"2026-04-30T22:45:00+00:00","dateModified":"2026-04-29T22:41:15+00:00","author":{"@id":"https:\/\/www.em.com.br\/emfoco\/#\/schema\/person\/0a8186d72f2c3a5c6276d90b41f271a0"},"description":"A rela\u00e7\u00e3o entre Pit\u00e1goras e os feij\u00f5es guarda um segredo oculto da antiguidade. Leia como a dieta bizarra impactou os adeptos gregos.","breadcrumb":{"@id":"https:\/\/www.em.com.br\/emfoco\/2026\/04\/30\/o-filosofo-que-acreditava-que-feijoes-tinham-almas\/#breadcrumb"},"inLanguage":"pt-BR","potentialAction":[{"@type":"ReadAction","target":["https:\/\/www.em.com.br\/emfoco\/2026\/04\/30\/o-filosofo-que-acreditava-que-feijoes-tinham-almas\/"]}]},{"@type":"ImageObject","inLanguage":"pt-BR","@id":"https:\/\/www.em.com.br\/emfoco\/2026\/04\/30\/o-filosofo-que-acreditava-que-feijoes-tinham-almas\/#primaryimage","url":"https:\/\/www.em.com.br\/emfoco\/wp-content\/uploads\/2026\/04\/EmFoco_63-4.jpg","contentUrl":"https:\/\/www.em.com.br\/emfoco\/wp-content\/uploads\/2026\/04\/EmFoco_63-4.jpg","width":1280,"height":720,"caption":"Dogmas m\u00edsticos do fil\u00f3sofo grego proibiam o consumo de feij\u00f5es por raz\u00f5es espirituais"},{"@type":"BreadcrumbList","@id":"https:\/\/www.em.com.br\/emfoco\/2026\/04\/30\/o-filosofo-que-acreditava-que-feijoes-tinham-almas\/#breadcrumb","itemListElement":[{"@type":"ListItem","position":1,"name":"In\u00edcio","item":"https:\/\/www.em.com.br\/emfoco\/"},{"@type":"ListItem","position":2,"name":"O fil\u00f3sofo que acreditava que feij\u00f5es tinham almas"}]},{"@type":"WebSite","@id":"https:\/\/www.em.com.br\/emfoco\/#website","url":"https:\/\/www.em.com.br\/emfoco\/","name":"Estado de Minas - Em foco","description":"Acompanhe as \u00faltimas not\u00edcias e fique bem informado sobre tudo o que acontece em Minas Gerais, Brasil e no mundo.","potentialAction":[{"@type":"SearchAction","target":{"@type":"EntryPoint","urlTemplate":"https:\/\/www.em.com.br\/emfoco\/?s={search_term_string}"},"query-input":{"@type":"PropertyValueSpecification","valueRequired":true,"valueName":"search_term_string"}}],"inLanguage":"pt-BR"},{"@type":"Person","@id":"https:\/\/www.em.com.br\/emfoco\/#\/schema\/person\/0a8186d72f2c3a5c6276d90b41f271a0","name":"Daniely Cardoso","image":{"@type":"ImageObject","inLanguage":"pt-BR","@id":"https:\/\/www.em.com.br\/emfoco\/#\/schema\/person\/image\/","url":"https:\/\/secure.gravatar.com\/avatar\/4b80ddbd124d1f071b626d52d62e5dff?s=96&d=mm&r=g","contentUrl":"https:\/\/secure.gravatar.com\/avatar\/4b80ddbd124d1f071b626d52d62e5dff?s=96&d=mm&r=g","caption":"Daniely Cardoso"},"url":"https:\/\/www.em.com.br\/emfoco\/author\/danielymyth\/"}]}},"_links":{"self":[{"href":"https:\/\/www.em.com.br\/emfoco\/wp-json\/wp\/v2\/posts\/201666","targetHints":{"allow":["GET"]}}],"collection":[{"href":"https:\/\/www.em.com.br\/emfoco\/wp-json\/wp\/v2\/posts"}],"about":[{"href":"https:\/\/www.em.com.br\/emfoco\/wp-json\/wp\/v2\/types\/post"}],"author":[{"embeddable":true,"href":"https:\/\/www.em.com.br\/emfoco\/wp-json\/wp\/v2\/users\/9"}],"replies":[{"embeddable":true,"href":"https:\/\/www.em.com.br\/emfoco\/wp-json\/wp\/v2\/comments?post=201666"}],"version-history":[{"count":1,"href":"https:\/\/www.em.com.br\/emfoco\/wp-json\/wp\/v2\/posts\/201666\/revisions"}],"predecessor-version":[{"id":201675,"href":"https:\/\/www.em.com.br\/emfoco\/wp-json\/wp\/v2\/posts\/201666\/revisions\/201675"}],"wp:featuredmedia":[{"embeddable":true,"href":"https:\/\/www.em.com.br\/emfoco\/wp-json\/wp\/v2\/media\/201790"}],"wp:attachment":[{"href":"https:\/\/www.em.com.br\/emfoco\/wp-json\/wp\/v2\/media?parent=201666"}],"wp:term":[{"taxonomy":"category","embeddable":true,"href":"https:\/\/www.em.com.br\/emfoco\/wp-json\/wp\/v2\/categories?post=201666"},{"taxonomy":"post_tag","embeddable":true,"href":"https:\/\/www.em.com.br\/emfoco\/wp-json\/wp\/v2\/tags?post=201666"}],"curies":[{"name":"wp","href":"https:\/\/api.w.org\/{rel}","templated":true}]}}