{"id":201650,"date":"2026-04-30T21:25:00","date_gmt":"2026-05-01T00:25:00","guid":{"rendered":"https:\/\/www.em.com.br\/emfoco\/?p=201650"},"modified":"2026-04-29T19:40:45","modified_gmt":"2026-04-29T22:40:45","slug":"os-3-fatores-cruciais-que-voce-jamais-deve-ignorar-ao-plantar-berinjelas-no-quintal","status":"publish","type":"post","link":"https:\/\/www.em.com.br\/emfoco\/2026\/04\/30\/os-3-fatores-cruciais-que-voce-jamais-deve-ignorar-ao-plantar-berinjelas-no-quintal\/","title":{"rendered":"Os 3 fatores cruciais que voc\u00ea jamais deve ignorar ao plantar berinjelas no quintal"},"content":{"rendered":"\n<p>Muitas pessoas sonham em colher vegetais frescos no pr\u00f3prio quintal, mas desconhecem os segredos pr\u00e1ticos de <strong>como plantar berinjela<\/strong> e obter <strong>frutos vistosos<\/strong> e nutritivos. Esse processo bot\u00e2nico envolve etapas fascinantes que podem transformar qualquer pequeno espa\u00e7o de terra em uma horta caseira farta e altamente produtiva o ano inteiro.<\/p>\n\n\n\n<h2 class=\"wp-block-heading\">O momento ideal para aprender como plantar berinjela na sua horta<\/h2>\n\n\n\n<p>O cultivo dessa esp\u00e9cie exige aten\u00e7\u00e3o redobrada aos fatores clim\u00e1ticos da regi\u00e3o antes de colocar as sementes na terra. O clima quente favorece o <strong>crescimento saud\u00e1vel<\/strong> das pequenas mudas logo nas primeiras semanas vitais ap\u00f3s o plantio inicial definitivo. Sendo assim, planeje o in\u00edcio do seu trabalho agr\u00edcola para os meses de temperatura mais elevada visando <strong>garantir ra\u00edzes fortes<\/strong>.<\/p>\n\n\n\n<p>O local escolhido para o plantio precisa receber luz solar direta durante boa parte do dia para estimular o desenvolvimento foliar. Uma ilumina\u00e7\u00e3o natural abundante ajuda a <strong>acelerar a fotoss\u00edntese<\/strong> natural e previne o surgimento agressivo de fungos no substrato. Prepare o seu canteiro de forma estrat\u00e9gica observando os tr\u00eas fatores fundamentais abaixo listados para <strong>obter colheitas fartas<\/strong> ao longo dos meses.<\/p>\n\n\n\n<ul class=\"wp-block-list\">\n<li>Luz solar incidindo sobre a \u00e1rea de cultivo por pelo menos seis horas ininterruptas e di\u00e1rias.<\/li>\n\n\n\n<li>Prote\u00e7\u00e3o f\u00edsica adequada contra ventos fortes que podem quebrar os caules ainda muito jovens e fr\u00e1geis.<\/li>\n\n\n\n<li>Acesso facilitado a uma fonte de \u00e1gua limpa para facilitar as regas frequentes no fim da tarde.<\/li>\n<\/ul>\n\n\n<div class=\"wp-block-image\">\n<figure class=\"aligncenter size-large\"><img loading=\"lazy\" decoding=\"async\" width=\"1024\" height=\"576\" src=\"https:\/\/www.em.com.br\/emfoco\/wp-content\/uploads\/2026\/04\/como-plantar-berinjela-1024x576.jpg\" alt=\"como plantar berinjela\" class=\"wp-image-201660\" srcset=\"https:\/\/www.em.com.br\/emfoco\/wp-content\/uploads\/2026\/04\/como-plantar-berinjela-1024x576.jpg 1024w, https:\/\/www.em.com.br\/emfoco\/wp-content\/uploads\/2026\/04\/como-plantar-berinjela-300x169.jpg 300w, https:\/\/www.em.com.br\/emfoco\/wp-content\/uploads\/2026\/04\/como-plantar-berinjela-768x432.jpg 768w, https:\/\/www.em.com.br\/emfoco\/wp-content\/uploads\/2026\/04\/como-plantar-berinjela-750x422.jpg 750w, https:\/\/www.em.com.br\/emfoco\/wp-content\/uploads\/2026\/04\/como-plantar-berinjela-1140x641.jpg 1140w, https:\/\/www.em.com.br\/emfoco\/wp-content\/uploads\/2026\/04\/como-plantar-berinjela.jpg 1280w\" sizes=\"auto, (max-width: 1024px) 100vw, 1024px\" \/><figcaption class=\"wp-element-caption\">O local escolhido para o plantio precisa receber luz solar direta durante boa parte do dia para estimular o desenvolvimento foliar.<\/figcaption><\/figure><\/div>\n\n\n<p>Leia tamb\u00e9m: <a href=\"https:\/\/www.em.com.br\/emfoco\/2026\/04\/11\/aprenda-a-como-plantar-cravo-da-india-e-cultivar-flores-aromaticas-em-casa\/\" target=\"_blank\" rel=\"noreferrer noopener\">Aprenda a como plantar cravo-da-\u00edndia e cultivar flores arom\u00e1ticas em casa<\/a><\/p>\n\n\n\n<h2 class=\"wp-block-heading\">O passo a passo de como plantar berinjela no solo correto<\/h2>\n\n\n\n<p>A base do sucesso da sua horta reside na riqueza nutricional da terra que receber\u00e1 as sementes ou mudas. A incorpora\u00e7\u00e3o de mat\u00e9ria org\u00e2nica funciona perfeitamente para <strong>nutrir a planta<\/strong> durante todas as fases de intensa expans\u00e3o vegetal. Por isso, misture h\u00famus de minhoca puro e esterco curtido ao substrato para <strong>fortalecer a estrutura<\/strong> geral do seu canteiro.<\/p>\n\n\n\n<p>A drenagem eficiente da \u00e1gua evita o apodrecimento r\u00e1pido das ra\u00edzes sens\u00edveis que ficam escondidas debaixo da superf\u00edcie da terra. Um solo leve e aerado permite que o oxig\u00eanio circule livremente para <strong>favorecer o enraizamento<\/strong> vigoroso da sua esp\u00e9cie. Abaixo apresentamos algumas a\u00e7\u00f5es pr\u00e1ticas obrigat\u00f3rias para <strong>preparar a terra<\/strong> adequadamente antes de iniciar a transi\u00e7\u00e3o para o local definitivo.<\/p>\n\n\n\n<ul class=\"wp-block-list\">\n<li>Remover rigorosamente todos os detritos f\u00edsicos e ervas daninhas que competem por nutrientes preciosos do solo.<\/li>\n\n\n\n<li>Revolver a terra superficial at\u00e9 atingir uma textura bem solta e livre de torr\u00f5es compactados.<\/li>\n\n\n\n<li>Adicionar areia grossa de constru\u00e7\u00e3o na mistura do vaso para facilitar o escoamento cont\u00ednuo da irriga\u00e7\u00e3o di\u00e1ria.<\/li>\n<\/ul>\n\n\n\n<p>Para voc\u00ea que gosta de plantar, separamos um v\u00eddeo do canal do <a href=\"https:\/\/www.youtube.com\/@victorhortanavaranda\" target=\"_blank\" rel=\"noreferrer noopener\">Victor Horta na Varanda<\/a> com dicas para plantar berinjela em casa:<\/p>\n\n\n\n<figure class=\"wp-block-embed is-type-video is-provider-youtube wp-block-embed-youtube wp-embed-aspect-16-9 wp-has-aspect-ratio\"><div class=\"wp-block-embed__wrapper\">\n<div class=\"jeg_video_container jeg_video_content\"><iframe loading=\"lazy\" title=\"COMO PLANTAR BERINJELA PASSO A PASSO (Colha em 70 dias)\" width=\"500\" height=\"281\" src=\"https:\/\/www.youtube.com\/embed\/RNgynNtasik?feature=oembed\" frameborder=\"0\" allow=\"accelerometer; autoplay; clipboard-write; encrypted-media; gyroscope; picture-in-picture; web-share\" referrerpolicy=\"strict-origin-when-cross-origin\" allowfullscreen><\/iframe><\/div>\n<\/div><\/figure>\n\n\n\n<h2 class=\"wp-block-heading\">As t\u00e9cnicas precisas sobre como plantar berinjela e evitar pragas<\/h2>\n\n\n\n<p>Insetos oportunistas costumam atacar as folhas macias logo nos primeiros est\u00e1gios de crescimento da sua horta caseira. A aplica\u00e7\u00e3o preventiva de \u00f3leo de neem ajuda a <strong>afastar os pulg\u00f5es<\/strong> insistentes sem contaminar o seu alimento com venenos sint\u00e9ticos. Dessa forma inteligente, voc\u00ea consegue <strong>proteger o cultivo<\/strong> mantendo um ambiente ecologicamente equilibrado e totalmente seguro para o consumo familiar.<\/p>\n\n\n\n<p>A irriga\u00e7\u00e3o manual necessita de cuidados espec\u00edficos para n\u00e3o molhar as folhas e acabar favorecendo doen\u00e7as f\u00fangicas severas. O direcionamento exato da \u00e1gua fresca deve focar estritamente na base do caule maduro para <strong>hidratar o sistema radicular<\/strong> com precis\u00e3o. Mantenha uma boa camada de cobertura morta protetora sobre a terra para conseguir <strong>preservar a umidade<\/strong> por per\u00edodos muito mais longos.<\/p>\n\n\n\n<figure class=\"wp-block-embed is-type-rich is-provider-pinterest wp-block-embed-pinterest\"><div class=\"wp-block-embed__wrapper\">\n<iframe loading=\"lazy\" title=\"Aprenda a ter uma horta produtiva na sua casa - Acesse o site do meu perfil\" src=\"https:\/\/assets.pinterest.com\/ext\/embed.html?id=1097048790458478884&#038;src=oembed\" height=\"899\" width=\"450\" frameborder=\"0\" scrolling=\"no\" ><\/iframe>\n<\/div><\/figure>\n\n\n\n<h2 class=\"wp-block-heading\">O processo de manuten\u00e7\u00e3o para garantir frutos grandes e vistosos<\/h2>\n\n\n\n<p>O acompanhamento visual semanal permite realizar podas de limpeza que direcionam a energia da planta para a forma\u00e7\u00e3o de alimento. A retirada manual das folhas amarelas inferiores ajuda a <strong>melhorar a ventila\u00e7\u00e3o<\/strong> cruzada entre as hastes densas do vegetal. Consequentemente, essa simples a\u00e7\u00e3o manual consegue <strong>estimular o florescimento<\/strong> abundante do organismo em um per\u00edodo de tempo muito mais curto.<\/p>\n\n\n\n<p>O suporte estrutural se torna indispens\u00e1vel quando os caules come\u00e7am a envergar sob o peso das floradas e frutos maduros. O uso cuidadoso de estacas de bambu amarradas com barbante evita que os galhos quebrem para <strong>preservar a integridade<\/strong> bot\u00e2nica. Realize o tutoramento firme de forma bastante gentil para <strong>guiar o crescimento<\/strong> vertical sadio sem ferir a casca verde.<\/p>\n\n\n<div class=\"wp-block-image\">\n<figure class=\"aligncenter size-large\"><img loading=\"lazy\" decoding=\"async\" width=\"1024\" height=\"576\" src=\"https:\/\/www.em.com.br\/emfoco\/wp-content\/uploads\/2026\/02\/beringela_1771970368719-1024x576.jpg\" alt=\"como plantar berinjela\" class=\"wp-image-173563\" srcset=\"https:\/\/www.em.com.br\/emfoco\/wp-content\/uploads\/2026\/02\/beringela_1771970368719-1024x576.jpg 1024w, https:\/\/www.em.com.br\/emfoco\/wp-content\/uploads\/2026\/02\/beringela_1771970368719-300x169.jpg 300w, https:\/\/www.em.com.br\/emfoco\/wp-content\/uploads\/2026\/02\/beringela_1771970368719-768x432.jpg 768w, https:\/\/www.em.com.br\/emfoco\/wp-content\/uploads\/2026\/02\/beringela_1771970368719-750x422.jpg 750w, https:\/\/www.em.com.br\/emfoco\/wp-content\/uploads\/2026\/02\/beringela_1771970368719-1140x641.jpg 1140w, https:\/\/www.em.com.br\/emfoco\/wp-content\/uploads\/2026\/02\/beringela_1771970368719.jpg 1280w\" sizes=\"auto, (max-width: 1024px) 100vw, 1024px\" \/><figcaption class=\"wp-element-caption\">O acompanhamento visual semanal permite realizar podas de limpeza que direcionam a energia da planta para a forma\u00e7\u00e3o de aliment &#8211; Cr\u00e9ditos: depositphotos.com \/ pklimenko<\/figcaption><\/figure><\/div>\n\n\n<h2 class=\"wp-block-heading\">Os cuidados finais para aproveitar uma colheita totalmente farta<\/h2>\n\n\n\n<p>O momento aguardado da colheita exige observa\u00e7\u00e3o cont\u00ednua da colora\u00e7\u00e3o brilhante na casca externa. Um corte preciso no ped\u00fanculo ajuda a <strong>proteger a haste<\/strong> principal de poss\u00edveis ferimentos mec\u00e2nicos. Mantenha essa dedica\u00e7\u00e3o cont\u00ednua para <strong>multiplicar os resultados<\/strong> na sua pr\u00f3xima safra.<\/p>\n\n\n\n<p>O cultivo org\u00e2nico traz uma enorme satisfa\u00e7\u00e3o pessoal para quem gosta de mexer com a terra. A paci\u00eancia desenvolvida durante as semanas de crescimento ajuda a <strong>construir um h\u00e1bito<\/strong> mentalmente calmo e terap\u00eautico. Continue investindo seu tempo livre para <strong>cultivar alimentos limpos<\/strong> e transformar de vez sua rotina alimentar.<\/p>\n","protected":false},"excerpt":{"rendered":"<p>Muitas pessoas sonham em colher vegetais frescos no pr\u00f3prio quintal, mas desconhecem os segredos pr\u00e1ticos de como plantar berinjela e obter frutos vistosos e nutritivos. Esse processo bot\u00e2nico envolve etapas fascinantes que podem transformar qualquer pequeno espa\u00e7o de terra em uma horta caseira farta e altamente produtiva o ano inteiro. O momento ideal para aprender [&hellip;]<\/p>\n","protected":false},"author":9,"featured_media":201793,"comment_status":"open","ping_status":"open","sticky":false,"template":"","format":"standard","meta":{"jnews-multi-image_gallery":[],"jnews_single_post":{"format":"standard"},"jnews_primary_category":[],"jnews_social_meta":[],"jnews_override_counter":[],"footnotes":""},"categories":[8691,8819],"tags":[5465,3818,10482],"class_list":["post-201650","post","type-post","status-publish","format-standard","has-post-thumbnail","hentry","category-bem-estar","category-curiosidades","tag-cultivo-organico","tag-horta-caseira","tag-jardinagem-pratica"],"yoast_head":"<!-- This site is optimized with the Yoast SEO plugin v23.8 - https:\/\/yoast.com\/wordpress\/plugins\/seo\/ -->\n<title>Os 3 fatores cruciais que voc\u00ea jamais deve ignorar ao plantar berinjelas no quintal - Estado de Minas - Em foco<\/title>\n<meta name=\"description\" content=\"Aprender como plantar berinjela transforma o seu pequeno quintal em uma horta farta. Veja os m\u00e9todos para garantir colheitas maravilhosas.\" \/>\n<meta name=\"robots\" content=\"index, follow, max-snippet:-1, max-image-preview:large, max-video-preview:-1\" \/>\n<link rel=\"canonical\" href=\"https:\/\/www.em.com.br\/emfoco\/2026\/04\/30\/os-3-fatores-cruciais-que-voce-jamais-deve-ignorar-ao-plantar-berinjelas-no-quintal\/\" \/>\n<meta property=\"og:locale\" content=\"pt_BR\" \/>\n<meta property=\"og:type\" content=\"article\" \/>\n<meta property=\"og:title\" content=\"Os 3 fatores cruciais que voc\u00ea jamais deve ignorar ao plantar berinjelas no quintal - Estado de Minas - Em foco\" \/>\n<meta property=\"og:description\" content=\"Aprender como plantar berinjela transforma o seu pequeno quintal em uma horta farta. Veja os m\u00e9todos para garantir colheitas maravilhosas.\" \/>\n<meta property=\"og:url\" content=\"https:\/\/www.em.com.br\/emfoco\/2026\/04\/30\/os-3-fatores-cruciais-que-voce-jamais-deve-ignorar-ao-plantar-berinjelas-no-quintal\/\" \/>\n<meta property=\"og:site_name\" content=\"Estado de Minas - Em foco\" \/>\n<meta property=\"article:published_time\" content=\"2026-05-01T00:25:00+00:00\" \/>\n<meta property=\"article:modified_time\" content=\"2026-04-29T22:40:45+00:00\" \/>\n<meta property=\"og:image\" content=\"https:\/\/www.em.com.br\/emfoco\/wp-content\/uploads\/2026\/04\/EmFoco_60-8.jpg\" \/>\n\t<meta property=\"og:image:width\" content=\"1280\" \/>\n\t<meta property=\"og:image:height\" content=\"720\" \/>\n\t<meta property=\"og:image:type\" content=\"image\/jpeg\" \/>\n<meta name=\"author\" content=\"Daniely Cardoso\" \/>\n<meta name=\"twitter:card\" content=\"summary_large_image\" \/>\n<meta name=\"twitter:label1\" content=\"Escrito por\" \/>\n\t<meta name=\"twitter:data1\" content=\"Daniely Cardoso\" \/>\n\t<meta name=\"twitter:label2\" content=\"Est. tempo de leitura\" \/>\n\t<meta name=\"twitter:data2\" content=\"6 minutos\" \/>\n<!-- \/ Yoast SEO plugin. -->","yoast_head_json":{"title":"Os 3 fatores cruciais que voc\u00ea jamais deve ignorar ao plantar berinjelas no quintal - Estado de Minas - Em foco","description":"Aprender como plantar berinjela transforma o seu pequeno quintal em uma horta farta. Veja os m\u00e9todos para garantir colheitas maravilhosas.","robots":{"index":"index","follow":"follow","max-snippet":"max-snippet:-1","max-image-preview":"max-image-preview:large","max-video-preview":"max-video-preview:-1"},"canonical":"https:\/\/www.em.com.br\/emfoco\/2026\/04\/30\/os-3-fatores-cruciais-que-voce-jamais-deve-ignorar-ao-plantar-berinjelas-no-quintal\/","og_locale":"pt_BR","og_type":"article","og_title":"Os 3 fatores cruciais que voc\u00ea jamais deve ignorar ao plantar berinjelas no quintal - Estado de Minas - Em foco","og_description":"Aprender como plantar berinjela transforma o seu pequeno quintal em uma horta farta. Veja os m\u00e9todos para garantir colheitas maravilhosas.","og_url":"https:\/\/www.em.com.br\/emfoco\/2026\/04\/30\/os-3-fatores-cruciais-que-voce-jamais-deve-ignorar-ao-plantar-berinjelas-no-quintal\/","og_site_name":"Estado de Minas - Em foco","article_published_time":"2026-05-01T00:25:00+00:00","article_modified_time":"2026-04-29T22:40:45+00:00","og_image":[{"width":1280,"height":720,"url":"https:\/\/www.em.com.br\/emfoco\/wp-content\/uploads\/2026\/04\/EmFoco_60-8.jpg","type":"image\/jpeg"}],"author":"Daniely Cardoso","twitter_card":"summary_large_image","twitter_misc":{"Escrito por":"Daniely Cardoso","Est. tempo de leitura":"6 minutos"},"schema":{"@context":"https:\/\/schema.org","@graph":[{"@type":"WebPage","@id":"https:\/\/www.em.com.br\/emfoco\/2026\/04\/30\/os-3-fatores-cruciais-que-voce-jamais-deve-ignorar-ao-plantar-berinjelas-no-quintal\/","url":"https:\/\/www.em.com.br\/emfoco\/2026\/04\/30\/os-3-fatores-cruciais-que-voce-jamais-deve-ignorar-ao-plantar-berinjelas-no-quintal\/","name":"Os 3 fatores cruciais que voc\u00ea jamais deve ignorar ao plantar berinjelas no quintal - Estado de Minas - Em foco","isPartOf":{"@id":"https:\/\/www.em.com.br\/emfoco\/#website"},"primaryImageOfPage":{"@id":"https:\/\/www.em.com.br\/emfoco\/2026\/04\/30\/os-3-fatores-cruciais-que-voce-jamais-deve-ignorar-ao-plantar-berinjelas-no-quintal\/#primaryimage"},"image":{"@id":"https:\/\/www.em.com.br\/emfoco\/2026\/04\/30\/os-3-fatores-cruciais-que-voce-jamais-deve-ignorar-ao-plantar-berinjelas-no-quintal\/#primaryimage"},"thumbnailUrl":"https:\/\/www.em.com.br\/emfoco\/wp-content\/uploads\/2026\/04\/EmFoco_60-8.jpg","datePublished":"2026-05-01T00:25:00+00:00","dateModified":"2026-04-29T22:40:45+00:00","author":{"@id":"https:\/\/www.em.com.br\/emfoco\/#\/schema\/person\/0a8186d72f2c3a5c6276d90b41f271a0"},"description":"Aprender como plantar berinjela transforma o seu pequeno quintal em uma horta farta. Veja os m\u00e9todos para garantir colheitas maravilhosas.","breadcrumb":{"@id":"https:\/\/www.em.com.br\/emfoco\/2026\/04\/30\/os-3-fatores-cruciais-que-voce-jamais-deve-ignorar-ao-plantar-berinjelas-no-quintal\/#breadcrumb"},"inLanguage":"pt-BR","potentialAction":[{"@type":"ReadAction","target":["https:\/\/www.em.com.br\/emfoco\/2026\/04\/30\/os-3-fatores-cruciais-que-voce-jamais-deve-ignorar-ao-plantar-berinjelas-no-quintal\/"]}]},{"@type":"ImageObject","inLanguage":"pt-BR","@id":"https:\/\/www.em.com.br\/emfoco\/2026\/04\/30\/os-3-fatores-cruciais-que-voce-jamais-deve-ignorar-ao-plantar-berinjelas-no-quintal\/#primaryimage","url":"https:\/\/www.em.com.br\/emfoco\/wp-content\/uploads\/2026\/04\/EmFoco_60-8.jpg","contentUrl":"https:\/\/www.em.com.br\/emfoco\/wp-content\/uploads\/2026\/04\/EmFoco_60-8.jpg","width":1280,"height":720,"caption":"Clima quente e solo rico em nutrientes garantem colheitas fartas de berinjela"},{"@type":"BreadcrumbList","@id":"https:\/\/www.em.com.br\/emfoco\/2026\/04\/30\/os-3-fatores-cruciais-que-voce-jamais-deve-ignorar-ao-plantar-berinjelas-no-quintal\/#breadcrumb","itemListElement":[{"@type":"ListItem","position":1,"name":"In\u00edcio","item":"https:\/\/www.em.com.br\/emfoco\/"},{"@type":"ListItem","position":2,"name":"Os 3 fatores cruciais que voc\u00ea jamais deve ignorar ao plantar berinjelas no quintal"}]},{"@type":"WebSite","@id":"https:\/\/www.em.com.br\/emfoco\/#website","url":"https:\/\/www.em.com.br\/emfoco\/","name":"Estado de Minas - Em foco","description":"Acompanhe as \u00faltimas not\u00edcias e fique bem informado sobre tudo o que acontece em Minas Gerais, Brasil e no mundo.","potentialAction":[{"@type":"SearchAction","target":{"@type":"EntryPoint","urlTemplate":"https:\/\/www.em.com.br\/emfoco\/?s={search_term_string}"},"query-input":{"@type":"PropertyValueSpecification","valueRequired":true,"valueName":"search_term_string"}}],"inLanguage":"pt-BR"},{"@type":"Person","@id":"https:\/\/www.em.com.br\/emfoco\/#\/schema\/person\/0a8186d72f2c3a5c6276d90b41f271a0","name":"Daniely Cardoso","image":{"@type":"ImageObject","inLanguage":"pt-BR","@id":"https:\/\/www.em.com.br\/emfoco\/#\/schema\/person\/image\/","url":"https:\/\/secure.gravatar.com\/avatar\/4b80ddbd124d1f071b626d52d62e5dff?s=96&d=mm&r=g","contentUrl":"https:\/\/secure.gravatar.com\/avatar\/4b80ddbd124d1f071b626d52d62e5dff?s=96&d=mm&r=g","caption":"Daniely Cardoso"},"url":"https:\/\/www.em.com.br\/emfoco\/author\/danielymyth\/"}]}},"_links":{"self":[{"href":"https:\/\/www.em.com.br\/emfoco\/wp-json\/wp\/v2\/posts\/201650","targetHints":{"allow":["GET"]}}],"collection":[{"href":"https:\/\/www.em.com.br\/emfoco\/wp-json\/wp\/v2\/posts"}],"about":[{"href":"https:\/\/www.em.com.br\/emfoco\/wp-json\/wp\/v2\/types\/post"}],"author":[{"embeddable":true,"href":"https:\/\/www.em.com.br\/emfoco\/wp-json\/wp\/v2\/users\/9"}],"replies":[{"embeddable":true,"href":"https:\/\/www.em.com.br\/emfoco\/wp-json\/wp\/v2\/comments?post=201650"}],"version-history":[{"count":1,"href":"https:\/\/www.em.com.br\/emfoco\/wp-json\/wp\/v2\/posts\/201650\/revisions"}],"predecessor-version":[{"id":201663,"href":"https:\/\/www.em.com.br\/emfoco\/wp-json\/wp\/v2\/posts\/201650\/revisions\/201663"}],"wp:featuredmedia":[{"embeddable":true,"href":"https:\/\/www.em.com.br\/emfoco\/wp-json\/wp\/v2\/media\/201793"}],"wp:attachment":[{"href":"https:\/\/www.em.com.br\/emfoco\/wp-json\/wp\/v2\/media?parent=201650"}],"wp:term":[{"taxonomy":"category","embeddable":true,"href":"https:\/\/www.em.com.br\/emfoco\/wp-json\/wp\/v2\/categories?post=201650"},{"taxonomy":"post_tag","embeddable":true,"href":"https:\/\/www.em.com.br\/emfoco\/wp-json\/wp\/v2\/tags?post=201650"}],"curies":[{"name":"wp","href":"https:\/\/api.w.org\/{rel}","templated":true}]}}