{"id":201634,"date":"2026-04-30T16:35:00","date_gmt":"2026-04-30T19:35:00","guid":{"rendered":"https:\/\/www.em.com.br\/emfoco\/?p=201634"},"modified":"2026-04-29T19:42:38","modified_gmt":"2026-04-29T22:42:38","slug":"adeus-as-bolsas-sinteticas-a-peca-de-camurca-essencial-que-transforma-os-looks-de-outono","status":"publish","type":"post","link":"https:\/\/www.em.com.br\/emfoco\/2026\/04\/30\/adeus-as-bolsas-sinteticas-a-peca-de-camurca-essencial-que-transforma-os-looks-de-outono\/","title":{"rendered":"Adeus as bolsas sint\u00e9ticas, a pe\u00e7a de camur\u00e7a essencial que transforma os looks de outono"},"content":{"rendered":"\n<p>A temporada de baixas temperaturas que se aproxima promete elevar o n\u00edvel das produ\u00e7\u00f5es com um acess\u00f3rio que une sofistica\u00e7\u00e3o e textura t\u00e1til extraordin\u00e1ria. Muitas mulheres ainda ignoram qual item espec\u00edfico da <strong>bolsa de camur\u00e7a marrom<\/strong> ser\u00e1 o verdadeiro divisor de \u00e1guas nos looks mais elegantes do ano.<\/p>\n\n\n\n<h2 class=\"wp-block-heading\">Por que a bolsa de camur\u00e7a marrom \u00e9 o destaque da esta\u00e7\u00e3o<\/h2>\n\n\n\n<p>O couro invertido traz uma profundidade visual extraordin\u00e1ria que outros materiais sint\u00e9ticos produzidos em larga escala dificilmente conseguem reproduzir com a mesma fidelidade est\u00e9tica necess\u00e1ria. A <strong>bolsa de camur\u00e7a marrom<\/strong> oferece um equil\u00edbrio perfeito e extremamente refinado entre o r\u00fastico campestre e o <strong>estilo luxuoso<\/strong> exigido nas grandes metr\u00f3poles globais contempor\u00e2neas. Al\u00e9m disso, a tonalidade terrosa profunda combina harmoniosamente com as <strong>cores neutras<\/strong> e s\u00f3brias que costumam dominar os guarda-roupas femininos durante os meses de ventos constantes.<\/p>\n\n\n\n<p>Designers internacionais renomados apostaram fortemente em silhuetas inovadoras que priorizam o <strong>conforto ergon\u00f4mico<\/strong> absoluto sem abrir m\u00e3o da presen\u00e7a marcante exigida em eventos sociais noturnos. O toque aveludado e macio da pe\u00e7a desperta uma sensa\u00e7\u00e3o imediata de <strong>aconchego t\u00e9rmico<\/strong> reconfortante em dias tipicamente cinzentos e chuvosos da esta\u00e7\u00e3o. Sendo assim, o mercado da moda atual est\u00e1 sendo inundado por vers\u00f5es variadas que atendem perfeitamente desde o <strong>minimalismo cl\u00e1ssico<\/strong> at\u00e9 propostas art\u00edsticas muito mais ousadas.<\/p>\n\n\n<div class=\"wp-block-image\">\n<figure class=\"aligncenter size-large\"><img loading=\"lazy\" decoding=\"async\" width=\"1024\" height=\"576\" src=\"https:\/\/www.em.com.br\/emfoco\/wp-content\/uploads\/2026\/04\/bolsa-de-camurca-marrom-1024x576.jpg\" alt=\"bolsa de camur\u00e7a marrom\" class=\"wp-image-201647\" srcset=\"https:\/\/www.em.com.br\/emfoco\/wp-content\/uploads\/2026\/04\/bolsa-de-camurca-marrom-1024x576.jpg 1024w, https:\/\/www.em.com.br\/emfoco\/wp-content\/uploads\/2026\/04\/bolsa-de-camurca-marrom-300x169.jpg 300w, https:\/\/www.em.com.br\/emfoco\/wp-content\/uploads\/2026\/04\/bolsa-de-camurca-marrom-768x432.jpg 768w, https:\/\/www.em.com.br\/emfoco\/wp-content\/uploads\/2026\/04\/bolsa-de-camurca-marrom-750x422.jpg 750w, https:\/\/www.em.com.br\/emfoco\/wp-content\/uploads\/2026\/04\/bolsa-de-camurca-marrom-1140x641.jpg 1140w, https:\/\/www.em.com.br\/emfoco\/wp-content\/uploads\/2026\/04\/bolsa-de-camurca-marrom.jpg 1280w\" sizes=\"auto, (max-width: 1024px) 100vw, 1024px\" \/><figcaption class=\"wp-element-caption\">O couro invertido traz uma profundidade visual extraordin\u00e1ria que outros materiais sint\u00e9ticos produzidos<\/figcaption><\/figure><\/div>\n\n\n<p>Leia tamb\u00e9m: <a href=\"https:\/\/www.em.com.br\/emfoco\/2026\/04\/26\/os-3-modelos-de-bolsa-ideal-para-o-trabalho-que-unem-elegancia-e-funcionalidade\/\" target=\"_blank\" rel=\"noreferrer noopener\">Os 3 modelos de bolsa ideal para o trabalho que unem eleg\u00e2ncia e funcionalidade<\/a><\/p>\n\n\n\n<h2 class=\"wp-block-heading\">Quais modelos de bolsa de camur\u00e7a marrom valem o investimento<\/h2>\n\n\n\n<p>A escolha do design ideal para o seu perfil pessoal depende diretamente da sua <strong>rotina produtiva<\/strong> e das necessidades b\u00e1sicas de transporte de objetos pessoais indispens\u00e1veis. Modelos com formatos geom\u00e9tricos bem definidos e r\u00edgidos transmitem uma imagem de <strong>autoridade feminina<\/strong> inabal\u00e1vel e seriedade profissional em ambientes corporativos extremamente formais. Entretanto, as vers\u00f5es mais male\u00e1veis e amplas garantem uma <strong>versatilidade incr\u00edvel<\/strong> para viagens r\u00e1pidas de final de semana ou compromissos informais de lazer.<\/p>\n\n\n\n<p>A durabilidade longa do material nobre depende exclusivamente da qualidade da mat\u00e9ria-prima selecionada criteriosamente pelas marcas de <strong>marroquinaria artesanal<\/strong> de alto prest\u00edgio. Antes de finalizar sua compra definitiva, observe atentamente o refor\u00e7o das costuras externas e os <strong>acabamentos met\u00e1licos<\/strong> presentes em cada detalhe funcional da pe\u00e7a escolhida. Abaixo listamos as caracter\u00edsticas fundamentais e t\u00e9cnicas que definem uma <strong>pe\u00e7a atemporal<\/strong> capaz de atravessar v\u00e1rias temporadas anuais com eleg\u00e2ncia m\u00e1xima garantida.<\/p>\n\n\n\n<ul class=\"wp-block-list\">\n<li>Al\u00e7as refor\u00e7adas com costura dupla para suportar o peso de itens eletr\u00f4nicos sem deformar a silhueta original do acess\u00f3rio.<\/li>\n\n\n\n<li>Forro interno em tecidos nobres que evitam o desgaste acelerado da parte interna do couro tratado com pigmentos naturais.<\/li>\n\n\n\n<li>Fechos magn\u00e9ticos ocultos que mant\u00eam o design limpo e facilitam o acesso r\u00e1pido aos seus pertences mais utilizados diariamente.<\/li>\n<\/ul>\n\n\n\n<p>Para voc\u00ea que gosta de se cuidar, separamos um v\u00eddeo do canal da <a href=\"https:\/\/www.youtube.com\/@LucianeCachinski\" target=\"_blank\" rel=\"noreferrer noopener\">Luciane Cachinski<\/a> com dicas de bolsas para o inverno:<\/p>\n\n\n\n<figure class=\"wp-block-embed is-type-video is-provider-youtube wp-block-embed-youtube wp-embed-aspect-16-9 wp-has-aspect-ratio\"><div class=\"wp-block-embed__wrapper\">\n<div class=\"jeg_video_container jeg_video_content\"><iframe loading=\"lazy\" title=\"BOLSAS DO INVERNO 2026 | Tend\u00eancia - Luciane Cachinski\" width=\"500\" height=\"281\" src=\"https:\/\/www.youtube.com\/embed\/O3RmaTS3iPI?feature=oembed\" frameborder=\"0\" allow=\"accelerometer; autoplay; clipboard-write; encrypted-media; gyroscope; picture-in-picture; web-share\" referrerpolicy=\"strict-origin-when-cross-origin\" allowfullscreen><\/iframe><\/div>\n<\/div><\/figure>\n\n\n\n<h2 class=\"wp-block-heading\">Como combinar a bolsa de camur\u00e7a marrom com diferentes tecidos<\/h2>\n\n\n\n<p>Misturar diferentes pesos de materiais t\u00eaxteis cria um <strong>contraste sofisticado<\/strong> e moderno que valoriza instantaneamente qualquer composi\u00e7\u00e3o de roupa b\u00e1sica escolhida para o dia. A textura fosca e opaca desse acess\u00f3rio espec\u00edfico funciona como um <strong>ponto de equil\u00edbrio<\/strong> visual estrat\u00e9gico quando utilizada com roupas de cetim fluido ou seda brilhante. Por esse motivo, as principais fashionistas globais est\u00e3o abusando das <strong>sobreposi\u00e7\u00f5es pesadas<\/strong> para criar visuais complexos dignos de grandes passarelas internacionais de alta costura.<\/p>\n\n\n\n<figure class=\"wp-block-embed is-type-rich is-provider-pinterest wp-block-embed-pinterest\"><div class=\"wp-block-embed__wrapper\">\n<iframe loading=\"lazy\" title=\" \" src=\"https:\/\/assets.pinterest.com\/ext\/embed.html?id=115404809194457966&#038;src=oembed\" height=\"663\" width=\"450\" frameborder=\"0\" scrolling=\"no\" ><\/iframe>\n<\/div><\/figure>\n\n\n\n<p>O uso coordenado de botas de cano longo no mesmo tom exato cria uma <strong>unidade visual<\/strong> poderosa que alonga a silhueta de forma natural e muito discreta. Voc\u00ea tamb\u00e9m pode experimentar usar o acess\u00f3rio com pe\u00e7as de alfaiataria estruturada em <strong>tons de cinza<\/strong> ou bege para atingir um visual clean impactante. Observe as combina\u00e7\u00f5es crom\u00e1ticas ideais e as harmonias sugeridas que v\u00e3o <strong>elevar o patamar<\/strong> das suas produ\u00e7\u00f5es di\u00e1rias de maneira muito pr\u00e1tica e extremamente r\u00e1pida.<\/p>\n\n\n\n<ul class=\"wp-block-list\">\n<li>Casacos de l\u00e3 batida em cores s\u00f3brias criam uma moldura perfeita para destacar o brilho discreto da camur\u00e7a bem cuidada.<\/li>\n\n\n\n<li>Cal\u00e7as jeans de lavagem escura proporcionam um fundo neutro ideal para que a tonalidade terrosa do couro ganhe o merecido protagonismo.<\/li>\n\n\n\n<li>Acess\u00f3rios dourados ou em ouro velho complementam a temperatura quente da cor marrom e adicionam um brilho extra ao conjunto final.<\/li>\n<\/ul>\n\n\n<div class=\"wp-block-image\">\n<figure class=\"aligncenter size-large\"><img loading=\"lazy\" decoding=\"async\" width=\"1024\" height=\"576\" src=\"https:\/\/www.em.com.br\/emfoco\/wp-content\/uploads\/2026\/04\/bolsa-de-camurca-marrom-1-1024x576.jpg\" alt=\"bolsa de camur\u00e7a marrom (1)\" class=\"wp-image-201648\" srcset=\"https:\/\/www.em.com.br\/emfoco\/wp-content\/uploads\/2026\/04\/bolsa-de-camurca-marrom-1-1024x576.jpg 1024w, https:\/\/www.em.com.br\/emfoco\/wp-content\/uploads\/2026\/04\/bolsa-de-camurca-marrom-1-300x169.jpg 300w, https:\/\/www.em.com.br\/emfoco\/wp-content\/uploads\/2026\/04\/bolsa-de-camurca-marrom-1-768x432.jpg 768w, https:\/\/www.em.com.br\/emfoco\/wp-content\/uploads\/2026\/04\/bolsa-de-camurca-marrom-1-750x422.jpg 750w, https:\/\/www.em.com.br\/emfoco\/wp-content\/uploads\/2026\/04\/bolsa-de-camurca-marrom-1-1140x641.jpg 1140w, https:\/\/www.em.com.br\/emfoco\/wp-content\/uploads\/2026\/04\/bolsa-de-camurca-marrom-1.jpg 1280w\" sizes=\"auto, (max-width: 1024px) 100vw, 1024px\" \/><figcaption class=\"wp-element-caption\">O uso coordenado de botas de cano longo no mesmo tom exato cria uma unidade visual poderosa que alonga a silhueta <\/figcaption><\/figure><\/div>\n\n\n<h2 class=\"wp-block-heading\">Dicas pr\u00e1ticas para manter o seu acess\u00f3rio sempre impec\u00e1vel<\/h2>\n\n\n\n<p>A manuten\u00e7\u00e3o preventiva peri\u00f3dica protege as fibras org\u00e2nicas sens\u00edveis contra a <strong>umidade excessiva<\/strong> prejudicial presente no ar frio da nova esta\u00e7\u00e3o que se inicia. Use produtos espec\u00edficos e certificados de <strong>impermeabiliza\u00e7\u00e3o t\u00eaxtil<\/strong> logo ap\u00f3s realizar a sua nova aquisi\u00e7\u00e3o de luxo para o guarda-roupa de outono. Essa camada protetora invis\u00edvel evitar\u00e1 eficazmente que <strong>manchas de gordura<\/strong> ou l\u00edquidos penetrem profundamente na superf\u00edcie do material delicado.<\/p>\n\n\n\n<p>Guarde sempre o seu novo item de moda dentro de <strong>sacos de algod\u00e3o<\/strong> respir\u00e1veis para evitar o ac\u00famulo indesejado de poeira nociva nas prateleiras. Evite o contato direto e constante com <strong>perfumes alco\u00f3licos<\/strong> fortes que podem desbotar a colora\u00e7\u00e3o original de forma permanente e bastante desagrad\u00e1vel. Siga essas orienta\u00e7\u00f5es simples e pr\u00e1ticas para <strong>preservar o investimento<\/strong> valioso feito na constru\u00e7\u00e3o da sua imagem pessoal e profissional hoje.<\/p>\n","protected":false},"excerpt":{"rendered":"<p>A temporada de baixas temperaturas que se aproxima promete elevar o n\u00edvel das produ\u00e7\u00f5es com um acess\u00f3rio que une sofistica\u00e7\u00e3o e textura t\u00e1til extraordin\u00e1ria. Muitas mulheres ainda ignoram qual item espec\u00edfico da bolsa de camur\u00e7a marrom ser\u00e1 o verdadeiro divisor de \u00e1guas nos looks mais elegantes do ano. Por que a bolsa de camur\u00e7a marrom [&hellip;]<\/p>\n","protected":false},"author":9,"featured_media":201786,"comment_status":"open","ping_status":"open","sticky":false,"template":"","format":"standard","meta":{"jnews-multi-image_gallery":[],"jnews_single_post":{"format":"standard"},"jnews_primary_category":[],"jnews_social_meta":[],"jnews_override_counter":[],"footnotes":""},"categories":[8819,29],"tags":[29002,7062,27866],"class_list":["post-201634","post","type-post","status-publish","format-standard","has-post-thumbnail","hentry","category-curiosidades","category-entretenimento","tag-acessorios-de-luxo","tag-moda-feminina","tag-tendencias-outono-2026"],"yoast_head":"<!-- This site is optimized with the Yoast SEO plugin v23.8 - https:\/\/yoast.com\/wordpress\/plugins\/seo\/ -->\n<title>Adeus as bolsas sint\u00e9ticas, a pe\u00e7a de camur\u00e7a essencial que transforma os looks de outono - Estado de Minas - Em foco<\/title>\n<meta name=\"description\" content=\"A bolsa de camur\u00e7a marrom promete ser o \u00edcone m\u00e1ximo de luxo na temporada fria de 2026. Saiba como este acess\u00f3rio eleva o visual feminino.\" \/>\n<meta name=\"robots\" content=\"index, follow, max-snippet:-1, max-image-preview:large, max-video-preview:-1\" \/>\n<link rel=\"canonical\" href=\"https:\/\/www.em.com.br\/emfoco\/2026\/04\/30\/adeus-as-bolsas-sinteticas-a-peca-de-camurca-essencial-que-transforma-os-looks-de-outono\/\" \/>\n<meta property=\"og:locale\" content=\"pt_BR\" \/>\n<meta property=\"og:type\" content=\"article\" \/>\n<meta property=\"og:title\" content=\"Adeus as bolsas sint\u00e9ticas, a pe\u00e7a de camur\u00e7a essencial que transforma os looks de outono - Estado de Minas - Em foco\" \/>\n<meta property=\"og:description\" content=\"A bolsa de camur\u00e7a marrom promete ser o \u00edcone m\u00e1ximo de luxo na temporada fria de 2026. Saiba como este acess\u00f3rio eleva o visual feminino.\" \/>\n<meta property=\"og:url\" content=\"https:\/\/www.em.com.br\/emfoco\/2026\/04\/30\/adeus-as-bolsas-sinteticas-a-peca-de-camurca-essencial-que-transforma-os-looks-de-outono\/\" \/>\n<meta property=\"og:site_name\" content=\"Estado de Minas - Em foco\" \/>\n<meta property=\"article:published_time\" content=\"2026-04-30T19:35:00+00:00\" \/>\n<meta property=\"article:modified_time\" content=\"2026-04-29T22:42:38+00:00\" \/>\n<meta property=\"og:image\" content=\"https:\/\/www.em.com.br\/emfoco\/wp-content\/uploads\/2026\/04\/EmFoco_67-5.jpg\" \/>\n\t<meta property=\"og:image:width\" content=\"1280\" \/>\n\t<meta property=\"og:image:height\" content=\"720\" \/>\n\t<meta property=\"og:image:type\" content=\"image\/jpeg\" \/>\n<meta name=\"author\" content=\"Daniely Cardoso\" \/>\n<meta name=\"twitter:card\" content=\"summary_large_image\" \/>\n<meta name=\"twitter:label1\" content=\"Escrito por\" \/>\n\t<meta name=\"twitter:data1\" content=\"Daniely Cardoso\" \/>\n\t<meta name=\"twitter:label2\" content=\"Est. tempo de leitura\" \/>\n\t<meta name=\"twitter:data2\" content=\"6 minutos\" \/>\n<!-- \/ Yoast SEO plugin. -->","yoast_head_json":{"title":"Adeus as bolsas sint\u00e9ticas, a pe\u00e7a de camur\u00e7a essencial que transforma os looks de outono - Estado de Minas - Em foco","description":"A bolsa de camur\u00e7a marrom promete ser o \u00edcone m\u00e1ximo de luxo na temporada fria de 2026. Saiba como este acess\u00f3rio eleva o visual feminino.","robots":{"index":"index","follow":"follow","max-snippet":"max-snippet:-1","max-image-preview":"max-image-preview:large","max-video-preview":"max-video-preview:-1"},"canonical":"https:\/\/www.em.com.br\/emfoco\/2026\/04\/30\/adeus-as-bolsas-sinteticas-a-peca-de-camurca-essencial-que-transforma-os-looks-de-outono\/","og_locale":"pt_BR","og_type":"article","og_title":"Adeus as bolsas sint\u00e9ticas, a pe\u00e7a de camur\u00e7a essencial que transforma os looks de outono - Estado de Minas - Em foco","og_description":"A bolsa de camur\u00e7a marrom promete ser o \u00edcone m\u00e1ximo de luxo na temporada fria de 2026. Saiba como este acess\u00f3rio eleva o visual feminino.","og_url":"https:\/\/www.em.com.br\/emfoco\/2026\/04\/30\/adeus-as-bolsas-sinteticas-a-peca-de-camurca-essencial-que-transforma-os-looks-de-outono\/","og_site_name":"Estado de Minas - Em foco","article_published_time":"2026-04-30T19:35:00+00:00","article_modified_time":"2026-04-29T22:42:38+00:00","og_image":[{"width":1280,"height":720,"url":"https:\/\/www.em.com.br\/emfoco\/wp-content\/uploads\/2026\/04\/EmFoco_67-5.jpg","type":"image\/jpeg"}],"author":"Daniely Cardoso","twitter_card":"summary_large_image","twitter_misc":{"Escrito por":"Daniely Cardoso","Est. tempo de leitura":"6 minutos"},"schema":{"@context":"https:\/\/schema.org","@graph":[{"@type":"WebPage","@id":"https:\/\/www.em.com.br\/emfoco\/2026\/04\/30\/adeus-as-bolsas-sinteticas-a-peca-de-camurca-essencial-que-transforma-os-looks-de-outono\/","url":"https:\/\/www.em.com.br\/emfoco\/2026\/04\/30\/adeus-as-bolsas-sinteticas-a-peca-de-camurca-essencial-que-transforma-os-looks-de-outono\/","name":"Adeus as bolsas sint\u00e9ticas, a pe\u00e7a de camur\u00e7a essencial que transforma os looks de outono - Estado de Minas - Em foco","isPartOf":{"@id":"https:\/\/www.em.com.br\/emfoco\/#website"},"primaryImageOfPage":{"@id":"https:\/\/www.em.com.br\/emfoco\/2026\/04\/30\/adeus-as-bolsas-sinteticas-a-peca-de-camurca-essencial-que-transforma-os-looks-de-outono\/#primaryimage"},"image":{"@id":"https:\/\/www.em.com.br\/emfoco\/2026\/04\/30\/adeus-as-bolsas-sinteticas-a-peca-de-camurca-essencial-que-transforma-os-looks-de-outono\/#primaryimage"},"thumbnailUrl":"https:\/\/www.em.com.br\/emfoco\/wp-content\/uploads\/2026\/04\/EmFoco_67-5.jpg","datePublished":"2026-04-30T19:35:00+00:00","dateModified":"2026-04-29T22:42:38+00:00","author":{"@id":"https:\/\/www.em.com.br\/emfoco\/#\/schema\/person\/0a8186d72f2c3a5c6276d90b41f271a0"},"description":"A bolsa de camur\u00e7a marrom promete ser o \u00edcone m\u00e1ximo de luxo na temporada fria de 2026. Saiba como este acess\u00f3rio eleva o visual feminino.","breadcrumb":{"@id":"https:\/\/www.em.com.br\/emfoco\/2026\/04\/30\/adeus-as-bolsas-sinteticas-a-peca-de-camurca-essencial-que-transforma-os-looks-de-outono\/#breadcrumb"},"inLanguage":"pt-BR","potentialAction":[{"@type":"ReadAction","target":["https:\/\/www.em.com.br\/emfoco\/2026\/04\/30\/adeus-as-bolsas-sinteticas-a-peca-de-camurca-essencial-que-transforma-os-looks-de-outono\/"]}]},{"@type":"ImageObject","inLanguage":"pt-BR","@id":"https:\/\/www.em.com.br\/emfoco\/2026\/04\/30\/adeus-as-bolsas-sinteticas-a-peca-de-camurca-essencial-que-transforma-os-looks-de-outono\/#primaryimage","url":"https:\/\/www.em.com.br\/emfoco\/wp-content\/uploads\/2026\/04\/EmFoco_67-5.jpg","contentUrl":"https:\/\/www.em.com.br\/emfoco\/wp-content\/uploads\/2026\/04\/EmFoco_67-5.jpg","width":1280,"height":720,"caption":"Acess\u00f3rio de textura aveludada une sofistica\u00e7\u00e3o e versatilidade nos looks de baixas temperaturas"},{"@type":"BreadcrumbList","@id":"https:\/\/www.em.com.br\/emfoco\/2026\/04\/30\/adeus-as-bolsas-sinteticas-a-peca-de-camurca-essencial-que-transforma-os-looks-de-outono\/#breadcrumb","itemListElement":[{"@type":"ListItem","position":1,"name":"In\u00edcio","item":"https:\/\/www.em.com.br\/emfoco\/"},{"@type":"ListItem","position":2,"name":"Adeus as bolsas sint\u00e9ticas, a pe\u00e7a de camur\u00e7a essencial que transforma os looks de outono"}]},{"@type":"WebSite","@id":"https:\/\/www.em.com.br\/emfoco\/#website","url":"https:\/\/www.em.com.br\/emfoco\/","name":"Estado de Minas - Em foco","description":"Acompanhe as \u00faltimas not\u00edcias e fique bem informado sobre tudo o que acontece em Minas Gerais, Brasil e no mundo.","potentialAction":[{"@type":"SearchAction","target":{"@type":"EntryPoint","urlTemplate":"https:\/\/www.em.com.br\/emfoco\/?s={search_term_string}"},"query-input":{"@type":"PropertyValueSpecification","valueRequired":true,"valueName":"search_term_string"}}],"inLanguage":"pt-BR"},{"@type":"Person","@id":"https:\/\/www.em.com.br\/emfoco\/#\/schema\/person\/0a8186d72f2c3a5c6276d90b41f271a0","name":"Daniely Cardoso","image":{"@type":"ImageObject","inLanguage":"pt-BR","@id":"https:\/\/www.em.com.br\/emfoco\/#\/schema\/person\/image\/","url":"https:\/\/secure.gravatar.com\/avatar\/4b80ddbd124d1f071b626d52d62e5dff?s=96&d=mm&r=g","contentUrl":"https:\/\/secure.gravatar.com\/avatar\/4b80ddbd124d1f071b626d52d62e5dff?s=96&d=mm&r=g","caption":"Daniely Cardoso"},"url":"https:\/\/www.em.com.br\/emfoco\/author\/danielymyth\/"}]}},"_links":{"self":[{"href":"https:\/\/www.em.com.br\/emfoco\/wp-json\/wp\/v2\/posts\/201634","targetHints":{"allow":["GET"]}}],"collection":[{"href":"https:\/\/www.em.com.br\/emfoco\/wp-json\/wp\/v2\/posts"}],"about":[{"href":"https:\/\/www.em.com.br\/emfoco\/wp-json\/wp\/v2\/types\/post"}],"author":[{"embeddable":true,"href":"https:\/\/www.em.com.br\/emfoco\/wp-json\/wp\/v2\/users\/9"}],"replies":[{"embeddable":true,"href":"https:\/\/www.em.com.br\/emfoco\/wp-json\/wp\/v2\/comments?post=201634"}],"version-history":[{"count":2,"href":"https:\/\/www.em.com.br\/emfoco\/wp-json\/wp\/v2\/posts\/201634\/revisions"}],"predecessor-version":[{"id":201649,"href":"https:\/\/www.em.com.br\/emfoco\/wp-json\/wp\/v2\/posts\/201634\/revisions\/201649"}],"wp:featuredmedia":[{"embeddable":true,"href":"https:\/\/www.em.com.br\/emfoco\/wp-json\/wp\/v2\/media\/201786"}],"wp:attachment":[{"href":"https:\/\/www.em.com.br\/emfoco\/wp-json\/wp\/v2\/media?parent=201634"}],"wp:term":[{"taxonomy":"category","embeddable":true,"href":"https:\/\/www.em.com.br\/emfoco\/wp-json\/wp\/v2\/categories?post=201634"},{"taxonomy":"post_tag","embeddable":true,"href":"https:\/\/www.em.com.br\/emfoco\/wp-json\/wp\/v2\/tags?post=201634"}],"curies":[{"name":"wp","href":"https:\/\/api.w.org\/{rel}","templated":true}]}}