{"id":201617,"date":"2026-04-30T21:15:00","date_gmt":"2026-05-01T00:15:00","guid":{"rendered":"https:\/\/www.em.com.br\/emfoco\/?p=201617"},"modified":"2026-04-29T16:59:10","modified_gmt":"2026-04-29T19:59:10","slug":"as-cores-que-podem-influenciar-a-forma-como-as-pessoas-te-percebem-segundo-a-psicologia","status":"publish","type":"post","link":"https:\/\/www.em.com.br\/emfoco\/2026\/04\/30\/as-cores-que-podem-influenciar-a-forma-como-as-pessoas-te-percebem-segundo-a-psicologia\/","title":{"rendered":"As cores que podem influenciar a forma como as pessoas te percebem, segundo a psicologia"},"content":{"rendered":"\n<p>Imagine entrar em uma sala cheia de gente desconhecida e, antes mesmo de falar qualquer coisa, j\u00e1 estar sendo <b>avaliado<\/b> pela cor da sua <b>roupa<\/b>. Parece injusto, mas \u00e9 exatamente assim que nosso <b>c\u00e9rebro<\/b> funciona: ele faz leituras r\u00e1pidas com base em sinais visuais, como os tons que escolhemos para vestir ou colocar ao nosso redor no dia a dia.<\/p>\n\n\n\n<h2 class=\"wp-block-heading\">O que a psicologia das cores realmente observa nas nossas escolhas<\/h2>\n\n\n\n<p>A <b>psicologia<\/b> das cores n\u00e3o mede intelig\u00eancia, mas observa como determinados tons podem influenciar a forma como uma pessoa \u00e9 percebida no conv\u00edvio <b>social<\/b> e profissional. O foco n\u00e3o \u00e9 o quanto algu\u00e9m sabe, e sim a <b>impress\u00e3o<\/b> que a apar\u00eancia transmite em intera\u00e7\u00f5es r\u00e1pidas.<\/p>\n\n\n\n<p>Em um mundo cada vez mais <b>visual<\/b>, a cor das roupas e dos objetos funciona como um sinal silencioso. Especialistas em percep\u00e7\u00e3o visual apontam que certos tons, quando usados de forma predominante, podem sugerir <b>apatia<\/b>, falta de iniciativa ou rigidez de <b>pensamento<\/b>.<\/p>\n\n\n<div class=\"wp-block-image\">\n<figure class=\"aligncenter size-large is-resized\"><img loading=\"lazy\" decoding=\"async\" width=\"1024\" height=\"576\" src=\"https:\/\/www.em.com.br\/emfoco\/wp-content\/uploads\/2026\/01\/Gemini_Generated_Image_inaw43inaw43inaw-2-1024x576.png\" alt=\"\" class=\"wp-image-159916\" style=\"width:1024px;height:auto\" srcset=\"https:\/\/www.em.com.br\/emfoco\/wp-content\/uploads\/2026\/01\/Gemini_Generated_Image_inaw43inaw43inaw-2-1024x576.png 1024w, https:\/\/www.em.com.br\/emfoco\/wp-content\/uploads\/2026\/01\/Gemini_Generated_Image_inaw43inaw43inaw-2-300x169.png 300w, https:\/\/www.em.com.br\/emfoco\/wp-content\/uploads\/2026\/01\/Gemini_Generated_Image_inaw43inaw43inaw-2-768x432.png 768w, https:\/\/www.em.com.br\/emfoco\/wp-content\/uploads\/2026\/01\/Gemini_Generated_Image_inaw43inaw43inaw-2-750x422.png 750w, https:\/\/www.em.com.br\/emfoco\/wp-content\/uploads\/2026\/01\/Gemini_Generated_Image_inaw43inaw43inaw-2-1140x641.png 1140w, https:\/\/www.em.com.br\/emfoco\/wp-content\/uploads\/2026\/01\/Gemini_Generated_Image_inaw43inaw43inaw-2.png 1280w\" sizes=\"auto, (max-width: 1024px) 100vw, 1024px\" \/><figcaption class=\"wp-element-caption\">A psicologia das cores n\u00e3o mede intelig\u00eancia, mas observa como determinados tons podem influenciar<\/figcaption><\/figure><\/div>\n\n\n<p>Leia tamb\u00e9m:&nbsp;<a href=\"https:\/\/www.em.com.br\/emfoco\/2026\/02\/28\/o-que-significa-pegar-o-celular-assim-que-acorda-segundo-a-psicologia\/\" target=\"_blank\" rel=\"noopener\">O que significa pegar o celular assim que acorda, segundo a psicologia<\/a><\/p>\n\n\n\n<h2 class=\"wp-block-heading\">Quais s\u00e3o as tr\u00eas cores mais associadas a menor flexibilidade intelectual<\/h2>\n\n\n\n<p>A express\u00e3o \u201ccores que usam as pessoas menos inteligentes\u201d, muito usada em conte\u00fados <b>populares<\/b>, fala de impress\u00e3o social, n\u00e3o de QI. De acordo com estudos e observa\u00e7\u00f5es de especialistas, tr\u00eas cores costumam aparecer nesse tipo de discuss\u00e3o por transmitirem menor <b>dinamismo<\/b>.<\/p>\n\n\n\n<p>De forma geral, s\u00e3o tons ligados \u00e0 <b>neutralidade<\/b> extrema, ao distanciamento ou ao desejo de passar despercebido. Entre eles, destacam-se:<\/p>\n\n\n\n<ul class=\"wp-block-list\">\n<li><b>Cinza<\/b>, ligado \u00e0 neutralidade extrema e \u00e0 aus\u00eancia de <b>est\u00edmulo<\/b>;<\/li>\n\n\n\n<li><b>Preto<\/b>, associado \u00e0 rigidez e ao fechamento emocional quando usado em <b>excesso<\/b>;<\/li>\n\n\n\n<li><b>Bege<\/b> e tons terrosos, frequentemente vinculados ao conformismo e \u00e0 baixa <b>express\u00e3o<\/b> pessoal.<\/li>\n<\/ul>\n\n\n\n<h2 class=\"wp-block-heading\">Como o cinza pode transmitir falta de curiosidade<\/h2>\n\n\n\n<p>O <b>cinza<\/b> \u00e9 visto como um dos maiores s\u00edmbolos de neutralidade. Ele fica no meio do caminho entre claro e escuro, sem grande contraste ou impacto emocional, e quando domina o guarda-roupa ou o ambiente pode passar uma ideia de baixa <b>energia<\/b> e pouca participa\u00e7\u00e3o. Se voc\u00ea gosta de curiosidades, separamos esse v\u00eddeo do canal <a href=\"https:\/\/www.youtube.com\/@antonioevolucao\" target=\"_blank\" rel=\"noreferrer noopener\">Evolu\u00e7\u00e3o<\/a> falando mais sobre a psicologia ds cores:<\/p>\n\n\n\n<figure class=\"wp-block-embed is-type-video is-provider-youtube wp-block-embed-youtube wp-embed-aspect-16-9 wp-has-aspect-ratio\"><div class=\"wp-block-embed__wrapper\">\n<div class=\"jeg_video_container jeg_video_content\"><iframe loading=\"lazy\" title=\"A Psicologia das Cores (Entenda Como as Cores Influenciam o Nosso Comportamento)\" width=\"500\" height=\"281\" src=\"https:\/\/www.youtube.com\/embed\/5xPYDWt6rZ8?feature=oembed\" frameborder=\"0\" allow=\"accelerometer; autoplay; clipboard-write; encrypted-media; gyroscope; picture-in-picture; web-share\" referrerpolicy=\"strict-origin-when-cross-origin\" allowfullscreen><\/iframe><\/div>\n<\/div><\/figure>\n\n\n\n<p>Na leitura psicol\u00f3gica, esse excesso de neutralidade pode ser entendido como escassez de <b>curiosidade<\/b> intelectual e pouca disposi\u00e7\u00e3o para explorar novidades. Em ambientes que valorizam inova\u00e7\u00e3o, o uso constante de cinza pode sugerir um estilo mental mais <b>passivo<\/b>, mesmo que isso n\u00e3o corresponda \u00e0 realidade.<\/p>\n\n\n\n<ol class=\"wp-block-list\">\n<li><b>Evitar<\/b> protagonismo, preferindo ficar em segundo <b>plano<\/b>;<\/li>\n\n\n\n<li><b>Reduzir<\/b> contraste, o que diminui a aten\u00e7\u00e3o <b>recebida<\/b>;<\/li>\n\n\n\n<li><b>Comunicar<\/b> distanciamento emocional, por falta de calor ou <b>cor<\/b>.<\/li>\n<\/ol>\n\n\n\n<h2 class=\"wp-block-heading\">De que forma o preto e o bege interferem na imagem intelectual<\/h2>\n\n\n\n<p>O <b>preto<\/b> costuma ser associado \u00e0 eleg\u00e2ncia, formalidade e autoridade, mas quando domina o visual pode transmitir rigidez e fechamento emocional. De acordo com a psicologia das cores, o preto em excesso cria uma esp\u00e9cie de <b>barreira<\/b> visual que afasta, o que pode ser lido como resist\u00eancia ao novo em contextos <b>criativos<\/b>.<\/p>\n\n\n<div class=\"wp-block-image\">\n<figure class=\"aligncenter size-large\"><img loading=\"lazy\" decoding=\"async\" width=\"1024\" height=\"576\" src=\"https:\/\/www.em.com.br\/emfoco\/wp-content\/uploads\/2026\/01\/Gemini_Generated_Image_v5qc5rv5qc5rv5qc-2-1024x576.png\" alt=\"\" class=\"wp-image-159490\" srcset=\"https:\/\/www.em.com.br\/emfoco\/wp-content\/uploads\/2026\/01\/Gemini_Generated_Image_v5qc5rv5qc5rv5qc-2-1024x576.png 1024w, https:\/\/www.em.com.br\/emfoco\/wp-content\/uploads\/2026\/01\/Gemini_Generated_Image_v5qc5rv5qc5rv5qc-2-300x169.png 300w, https:\/\/www.em.com.br\/emfoco\/wp-content\/uploads\/2026\/01\/Gemini_Generated_Image_v5qc5rv5qc5rv5qc-2-768x432.png 768w, https:\/\/www.em.com.br\/emfoco\/wp-content\/uploads\/2026\/01\/Gemini_Generated_Image_v5qc5rv5qc5rv5qc-2-750x422.png 750w, https:\/\/www.em.com.br\/emfoco\/wp-content\/uploads\/2026\/01\/Gemini_Generated_Image_v5qc5rv5qc5rv5qc-2-1140x641.png 1140w, https:\/\/www.em.com.br\/emfoco\/wp-content\/uploads\/2026\/01\/Gemini_Generated_Image_v5qc5rv5qc5rv5qc-2.png 1280w\" sizes=\"auto, (max-width: 1024px) 100vw, 1024px\" \/><figcaption class=\"wp-element-caption\">Para que o preto funcione bem no calor, o segredo est\u00e1 menos na cor e mais no tipo de pe\u00e7a que voc\u00ea escolhe<\/figcaption><\/figure><\/div>\n\n\n<p>J\u00e1 o <b>bege<\/b> e os tons terra aparecem ligados \u00e0 discri\u00e7\u00e3o e ao desejo de n\u00e3o chamar aten\u00e7\u00e3o. Quando s\u00e3o a escolha quase exclusiva, podem sugerir pouco investimento em <b>express\u00e3o<\/b> pessoal e aceita\u00e7\u00e3o do que j\u00e1 est\u00e1 estabelecido, refor\u00e7ando a ideia de um perfil mais <b>conformado<\/b>.<\/p>\n\n\n\n<ul class=\"wp-block-list\">\n<li>No <b>preto<\/b>: sensa\u00e7\u00e3o de controle, mas tamb\u00e9m de inflexibilidade e <b>dist\u00e2ncia<\/b>;<\/li>\n\n\n\n<li>No <b>bege<\/b> e terrosos: conforto visual, por\u00e9m com pouca sinaliza\u00e7\u00e3o de <b>criatividade<\/b> ou ousadia;<\/li>\n\n\n\n<li>No conjunto dos tr\u00eas tons: imagem de baixo <b>dinamismo<\/b> intelectual e menor motiva\u00e7\u00e3o para explorar o <b>desconhecido<\/b>.<\/li>\n<\/ul>\n\n\n\n<h2 class=\"wp-block-heading\">Percep\u00e7\u00e3o visual significa ser visto como menos inteligente<\/h2>\n\n\n\n<p>Especialistas em psicologia das cores refor\u00e7am um ponto <b>central<\/b>: cor n\u00e3o mede QI, talento ou capacidade de racioc\u00ednio. Vestir-se de cinza, preto ou bege n\u00e3o torna ningu\u00e9m menos inteligente; o que existe \u00e9 um processo de interpreta\u00e7\u00e3o <b>social<\/b> r\u00e1pida, em que o c\u00e9rebro faz julgamentos com base em sinais visuais <b>simplificados<\/b>.<\/p>\n\n\n\n<p>Em situa\u00e7\u00f5es como entrevistas, reuni\u00f5es ou apresenta\u00e7\u00f5es, esses sinais podem influenciar, ainda que de forma sutil, as expectativas sobre <b>criatividade<\/b> e flexibilidade mental. Saber disso ajuda cada pessoa a escolher conscientemente quando refor\u00e7ar a <b>neutralidade<\/b> e quando incluir cores que comuniquem mais abertura, curiosidade e <b>energia<\/b>.<\/p>\n","protected":false},"excerpt":{"rendered":"<p>Imagine entrar em uma sala cheia de gente desconhecida e, antes mesmo de falar qualquer coisa, j\u00e1 estar sendo avaliado pela cor da sua roupa. Parece injusto, mas \u00e9 exatamente assim que nosso c\u00e9rebro funciona: ele faz leituras r\u00e1pidas com base em sinais visuais, como os tons que escolhemos para vestir ou colocar ao nosso [&hellip;]<\/p>\n","protected":false},"author":9,"featured_media":201658,"comment_status":"open","ping_status":"open","sticky":false,"template":"","format":"standard","meta":{"jnews-multi-image_gallery":[],"jnews_single_post":{"format":"standard"},"jnews_primary_category":[],"jnews_social_meta":[],"jnews_override_counter":[],"footnotes":""},"categories":[8819,1],"tags":[1110,2898,8896],"class_list":["post-201617","post","type-post","status-publish","format-standard","has-post-thumbnail","hentry","category-curiosidades","category-noticias","tag-cores","tag-inteligente","tag-psicologia-da-cor"],"yoast_head":"<!-- This site is optimized with the Yoast SEO plugin v23.8 - https:\/\/yoast.com\/wordpress\/plugins\/seo\/ -->\n<title>As cores que podem influenciar a forma como as pessoas te percebem, segundo a psicologia - Estado de Minas - Em foco<\/title>\n<meta name=\"description\" content=\"Veja como a psicologia das cores explica a percep\u00e7\u00e3o sobre essas tr\u00eas cores em ambientes sociais e profissionais.\" \/>\n<meta name=\"robots\" content=\"index, follow, max-snippet:-1, max-image-preview:large, max-video-preview:-1\" \/>\n<link rel=\"canonical\" href=\"https:\/\/www.em.com.br\/emfoco\/2026\/04\/30\/as-cores-que-podem-influenciar-a-forma-como-as-pessoas-te-percebem-segundo-a-psicologia\/\" \/>\n<meta property=\"og:locale\" content=\"pt_BR\" \/>\n<meta property=\"og:type\" content=\"article\" \/>\n<meta property=\"og:title\" content=\"As cores que podem influenciar a forma como as pessoas te percebem, segundo a psicologia - Estado de Minas - Em foco\" \/>\n<meta property=\"og:description\" content=\"Veja como a psicologia das cores explica a percep\u00e7\u00e3o sobre essas tr\u00eas cores em ambientes sociais e profissionais.\" \/>\n<meta property=\"og:url\" content=\"https:\/\/www.em.com.br\/emfoco\/2026\/04\/30\/as-cores-que-podem-influenciar-a-forma-como-as-pessoas-te-percebem-segundo-a-psicologia\/\" \/>\n<meta property=\"og:site_name\" content=\"Estado de Minas - Em foco\" \/>\n<meta property=\"article:published_time\" content=\"2026-05-01T00:15:00+00:00\" \/>\n<meta property=\"article:modified_time\" content=\"2026-04-29T19:59:10+00:00\" \/>\n<meta property=\"og:image\" content=\"https:\/\/www.em.com.br\/emfoco\/wp-content\/uploads\/2026\/04\/EmFoco_39-8.jpg\" \/>\n\t<meta property=\"og:image:width\" content=\"1280\" \/>\n\t<meta property=\"og:image:height\" content=\"720\" \/>\n\t<meta property=\"og:image:type\" content=\"image\/jpeg\" \/>\n<meta name=\"author\" content=\"Daniely Cardoso\" \/>\n<meta name=\"twitter:card\" content=\"summary_large_image\" \/>\n<meta name=\"twitter:label1\" content=\"Escrito por\" \/>\n\t<meta name=\"twitter:data1\" content=\"Daniely Cardoso\" \/>\n\t<meta name=\"twitter:label2\" content=\"Est. tempo de leitura\" \/>\n\t<meta name=\"twitter:data2\" content=\"5 minutos\" \/>\n<!-- \/ Yoast SEO plugin. -->","yoast_head_json":{"title":"As cores que podem influenciar a forma como as pessoas te percebem, segundo a psicologia - Estado de Minas - Em foco","description":"Veja como a psicologia das cores explica a percep\u00e7\u00e3o sobre essas tr\u00eas cores em ambientes sociais e profissionais.","robots":{"index":"index","follow":"follow","max-snippet":"max-snippet:-1","max-image-preview":"max-image-preview:large","max-video-preview":"max-video-preview:-1"},"canonical":"https:\/\/www.em.com.br\/emfoco\/2026\/04\/30\/as-cores-que-podem-influenciar-a-forma-como-as-pessoas-te-percebem-segundo-a-psicologia\/","og_locale":"pt_BR","og_type":"article","og_title":"As cores que podem influenciar a forma como as pessoas te percebem, segundo a psicologia - Estado de Minas - Em foco","og_description":"Veja como a psicologia das cores explica a percep\u00e7\u00e3o sobre essas tr\u00eas cores em ambientes sociais e profissionais.","og_url":"https:\/\/www.em.com.br\/emfoco\/2026\/04\/30\/as-cores-que-podem-influenciar-a-forma-como-as-pessoas-te-percebem-segundo-a-psicologia\/","og_site_name":"Estado de Minas - Em foco","article_published_time":"2026-05-01T00:15:00+00:00","article_modified_time":"2026-04-29T19:59:10+00:00","og_image":[{"width":1280,"height":720,"url":"https:\/\/www.em.com.br\/emfoco\/wp-content\/uploads\/2026\/04\/EmFoco_39-8.jpg","type":"image\/jpeg"}],"author":"Daniely Cardoso","twitter_card":"summary_large_image","twitter_misc":{"Escrito por":"Daniely Cardoso","Est. tempo de leitura":"5 minutos"},"schema":{"@context":"https:\/\/schema.org","@graph":[{"@type":"WebPage","@id":"https:\/\/www.em.com.br\/emfoco\/2026\/04\/30\/as-cores-que-podem-influenciar-a-forma-como-as-pessoas-te-percebem-segundo-a-psicologia\/","url":"https:\/\/www.em.com.br\/emfoco\/2026\/04\/30\/as-cores-que-podem-influenciar-a-forma-como-as-pessoas-te-percebem-segundo-a-psicologia\/","name":"As cores que podem influenciar a forma como as pessoas te percebem, segundo a psicologia - Estado de Minas - Em foco","isPartOf":{"@id":"https:\/\/www.em.com.br\/emfoco\/#website"},"primaryImageOfPage":{"@id":"https:\/\/www.em.com.br\/emfoco\/2026\/04\/30\/as-cores-que-podem-influenciar-a-forma-como-as-pessoas-te-percebem-segundo-a-psicologia\/#primaryimage"},"image":{"@id":"https:\/\/www.em.com.br\/emfoco\/2026\/04\/30\/as-cores-que-podem-influenciar-a-forma-como-as-pessoas-te-percebem-segundo-a-psicologia\/#primaryimage"},"thumbnailUrl":"https:\/\/www.em.com.br\/emfoco\/wp-content\/uploads\/2026\/04\/EmFoco_39-8.jpg","datePublished":"2026-05-01T00:15:00+00:00","dateModified":"2026-04-29T19:59:10+00:00","author":{"@id":"https:\/\/www.em.com.br\/emfoco\/#\/schema\/person\/0a8186d72f2c3a5c6276d90b41f271a0"},"description":"Veja como a psicologia das cores explica a percep\u00e7\u00e3o sobre essas tr\u00eas cores em ambientes sociais e profissionais.","breadcrumb":{"@id":"https:\/\/www.em.com.br\/emfoco\/2026\/04\/30\/as-cores-que-podem-influenciar-a-forma-como-as-pessoas-te-percebem-segundo-a-psicologia\/#breadcrumb"},"inLanguage":"pt-BR","potentialAction":[{"@type":"ReadAction","target":["https:\/\/www.em.com.br\/emfoco\/2026\/04\/30\/as-cores-que-podem-influenciar-a-forma-como-as-pessoas-te-percebem-segundo-a-psicologia\/"]}]},{"@type":"ImageObject","inLanguage":"pt-BR","@id":"https:\/\/www.em.com.br\/emfoco\/2026\/04\/30\/as-cores-que-podem-influenciar-a-forma-como-as-pessoas-te-percebem-segundo-a-psicologia\/#primaryimage","url":"https:\/\/www.em.com.br\/emfoco\/wp-content\/uploads\/2026\/04\/EmFoco_39-8.jpg","contentUrl":"https:\/\/www.em.com.br\/emfoco\/wp-content\/uploads\/2026\/04\/EmFoco_39-8.jpg","width":1280,"height":720,"caption":"Cores neutras comunicam passividade e podem influenciar a percep\u00e7\u00e3o sobre dinamismo intelectual"},{"@type":"BreadcrumbList","@id":"https:\/\/www.em.com.br\/emfoco\/2026\/04\/30\/as-cores-que-podem-influenciar-a-forma-como-as-pessoas-te-percebem-segundo-a-psicologia\/#breadcrumb","itemListElement":[{"@type":"ListItem","position":1,"name":"In\u00edcio","item":"https:\/\/www.em.com.br\/emfoco\/"},{"@type":"ListItem","position":2,"name":"As cores que podem influenciar a forma como as pessoas te percebem, segundo a psicologia"}]},{"@type":"WebSite","@id":"https:\/\/www.em.com.br\/emfoco\/#website","url":"https:\/\/www.em.com.br\/emfoco\/","name":"Estado de Minas - Em foco","description":"Acompanhe as \u00faltimas not\u00edcias e fique bem informado sobre tudo o que acontece em Minas Gerais, Brasil e no mundo.","potentialAction":[{"@type":"SearchAction","target":{"@type":"EntryPoint","urlTemplate":"https:\/\/www.em.com.br\/emfoco\/?s={search_term_string}"},"query-input":{"@type":"PropertyValueSpecification","valueRequired":true,"valueName":"search_term_string"}}],"inLanguage":"pt-BR"},{"@type":"Person","@id":"https:\/\/www.em.com.br\/emfoco\/#\/schema\/person\/0a8186d72f2c3a5c6276d90b41f271a0","name":"Daniely Cardoso","image":{"@type":"ImageObject","inLanguage":"pt-BR","@id":"https:\/\/www.em.com.br\/emfoco\/#\/schema\/person\/image\/","url":"https:\/\/secure.gravatar.com\/avatar\/4b80ddbd124d1f071b626d52d62e5dff?s=96&d=mm&r=g","contentUrl":"https:\/\/secure.gravatar.com\/avatar\/4b80ddbd124d1f071b626d52d62e5dff?s=96&d=mm&r=g","caption":"Daniely Cardoso"},"url":"https:\/\/www.em.com.br\/emfoco\/author\/danielymyth\/"}]}},"_links":{"self":[{"href":"https:\/\/www.em.com.br\/emfoco\/wp-json\/wp\/v2\/posts\/201617","targetHints":{"allow":["GET"]}}],"collection":[{"href":"https:\/\/www.em.com.br\/emfoco\/wp-json\/wp\/v2\/posts"}],"about":[{"href":"https:\/\/www.em.com.br\/emfoco\/wp-json\/wp\/v2\/types\/post"}],"author":[{"embeddable":true,"href":"https:\/\/www.em.com.br\/emfoco\/wp-json\/wp\/v2\/users\/9"}],"replies":[{"embeddable":true,"href":"https:\/\/www.em.com.br\/emfoco\/wp-json\/wp\/v2\/comments?post=201617"}],"version-history":[{"count":1,"href":"https:\/\/www.em.com.br\/emfoco\/wp-json\/wp\/v2\/posts\/201617\/revisions"}],"predecessor-version":[{"id":201619,"href":"https:\/\/www.em.com.br\/emfoco\/wp-json\/wp\/v2\/posts\/201617\/revisions\/201619"}],"wp:featuredmedia":[{"embeddable":true,"href":"https:\/\/www.em.com.br\/emfoco\/wp-json\/wp\/v2\/media\/201658"}],"wp:attachment":[{"href":"https:\/\/www.em.com.br\/emfoco\/wp-json\/wp\/v2\/media?parent=201617"}],"wp:term":[{"taxonomy":"category","embeddable":true,"href":"https:\/\/www.em.com.br\/emfoco\/wp-json\/wp\/v2\/categories?post=201617"},{"taxonomy":"post_tag","embeddable":true,"href":"https:\/\/www.em.com.br\/emfoco\/wp-json\/wp\/v2\/tags?post=201617"}],"curies":[{"name":"wp","href":"https:\/\/api.w.org\/{rel}","templated":true}]}}