{"id":201612,"date":"2026-04-30T17:35:00","date_gmt":"2026-04-30T20:35:00","guid":{"rendered":"https:\/\/www.em.com.br\/emfoco\/?p=201612"},"modified":"2026-04-29T16:59:17","modified_gmt":"2026-04-29T19:59:17","slug":"o-motivo-pelo-qual-podar-as-arvores-na-epoca-do-ano-errada-pode-matar-a-planta","status":"publish","type":"post","link":"https:\/\/www.em.com.br\/emfoco\/2026\/04\/30\/o-motivo-pelo-qual-podar-as-arvores-na-epoca-do-ano-errada-pode-matar-a-planta\/","title":{"rendered":"O motivo pelo qual podar as \u00e1rvores na \u00e9poca do ano errada pode matar a planta"},"content":{"rendered":"\n<p>Muitas pessoas sofrem com galhos invasivos atingindo fia\u00e7\u00f5es e telhados residenciais por n\u00e3o saberem a maneira exata de <strong>podar \u00e1rvore<\/strong> no pr\u00f3prio quintal. Aplicar a t\u00e9cnica correta no momento clim\u00e1tico adequado garante um <strong>crescimento saud\u00e1vel<\/strong> e evita acidentes f\u00edsicos perigosos com a rede de energia.<\/p>\n\n\n\n<h2 class=\"wp-block-heading\">Como podar \u00e1rvore respeitando o formato natural da planta<\/h2>\n\n\n\n<p>O primeiro passo fundamental para conter o volume da copa exige uma observa\u00e7\u00e3o cuidadosa da estrutura original da planta em quest\u00e3o. Cortes mec\u00e2nicos precipitados destroem a simetria natural desenvolvida e causam um <strong>estresse bot\u00e2nico<\/strong> totalmente desnecess\u00e1rio para a esp\u00e9cie urbana. Portanto, o jardineiro amador precisa sempre <strong>remover galhos mortos<\/strong> preventivamente antes de planejar a redu\u00e7\u00e3o definitiva do tamanho do organismo.<\/p>\n\n\n\n<p>A t\u00e9cnica profissional de redu\u00e7\u00e3o de copa surge como a solu\u00e7\u00e3o paisag\u00edstica mais inteligente para diminuir a altura sem danificar o tronco principal. Esse m\u00e9todo minucioso consiste em cortar a extremidade longa at\u00e9 alcan\u00e7ar um <strong>ramo lateral menor<\/strong> que assumir\u00e1 a nova ponta de crescimento. Aplique esse conhecimento pr\u00e1tico diariamente para <strong>proteger a sa\u00fade<\/strong> estrutural do seu exemplar bot\u00e2nico durante todas as esta\u00e7\u00f5es do ano.<\/p>\n\n\n<div class=\"wp-block-image\">\n<figure class=\"aligncenter size-large\"><img loading=\"lazy\" decoding=\"async\" width=\"1024\" height=\"576\" src=\"https:\/\/www.em.com.br\/emfoco\/wp-content\/uploads\/2026\/04\/podar-arvore-1024x576.jpg\" alt=\"podar \u00e1rvore\" class=\"wp-image-201625\" srcset=\"https:\/\/www.em.com.br\/emfoco\/wp-content\/uploads\/2026\/04\/podar-arvore-1024x576.jpg 1024w, https:\/\/www.em.com.br\/emfoco\/wp-content\/uploads\/2026\/04\/podar-arvore-300x169.jpg 300w, https:\/\/www.em.com.br\/emfoco\/wp-content\/uploads\/2026\/04\/podar-arvore-768x432.jpg 768w, https:\/\/www.em.com.br\/emfoco\/wp-content\/uploads\/2026\/04\/podar-arvore-750x422.jpg 750w, https:\/\/www.em.com.br\/emfoco\/wp-content\/uploads\/2026\/04\/podar-arvore-1140x641.jpg 1140w, https:\/\/www.em.com.br\/emfoco\/wp-content\/uploads\/2026\/04\/podar-arvore.jpg 1280w\" sizes=\"auto, (max-width: 1024px) 100vw, 1024px\" \/><figcaption class=\"wp-element-caption\">A t\u00e9cnica profissional de redu\u00e7\u00e3o de copa surge como a solu\u00e7\u00e3o paisag\u00edstica mais inteligente para diminuir a altura sem danificar o tronco principal.<\/figcaption><\/figure><\/div>\n\n\n<p>Leia tamb\u00e9m: <a href=\"https:\/\/www.em.com.br\/emfoco\/2026\/04\/11\/aprenda-a-como-plantar-cravo-da-india-e-cultivar-flores-aromaticas-em-casa\/\" target=\"_blank\" rel=\"noreferrer noopener\">Aprenda a como plantar cravo-da-\u00edndia e cultivar flores arom\u00e1ticas em casa<\/a><\/p>\n\n\n\n<h2 class=\"wp-block-heading\">Qual a ferramenta ideal para podar \u00e1rvore com total seguran\u00e7a<\/h2>\n\n\n\n<p>A escolha detalhada do instrumento cortante correto faz total diferen\u00e7a na cicatriza\u00e7\u00e3o celular r\u00e1pida dos cortes profundos nos galhos mais grossos e pesados. Ferramentas manuais cegas esmagam as fibras da madeira exposta e abrem portas perigosas para terr\u00edveis <strong>infec\u00e7\u00f5es por fungos<\/strong> agressivos na natureza. Sendo assim, o propriet\u00e1rio respons\u00e1vel deve sempre <strong>afiar as tesouras<\/strong> rigorosamente antes de iniciar qualquer tipo de interven\u00e7\u00e3o manual pesada no local.<\/p>\n\n\n\n<p>O uso adequado de serras perfeitamente limpas garante um acabamento liso impec\u00e1vel e seguro nas \u00e1reas espessas da madeira tratada. A higieniza\u00e7\u00e3o qu\u00edmica do equipamento met\u00e1lico com \u00e1lcool et\u00edlico entre os cortes evita a perigosa <strong>transmiss\u00e3o de doen\u00e7as<\/strong> severas entre plantas do quintal. Abaixo listamos detalhadamente os maravilhosos equipamentos obrigat\u00f3rios que ajudam a <strong>facilitar o trabalho<\/strong> de manuten\u00e7\u00e3o verde rotineira nos finais de semana.<\/p>\n\n\n\n<ul class=\"wp-block-list\">\n<li>Tesouras de desvio afiadas e lubrificadas para realizar cortes extremamente precisos em caules muito finos.<\/li>\n\n\n\n<li>Serras curvas ergon\u00f4micas de dentes duplos projetadas para serrar rapidamente os troncos r\u00fasticos com facilidade.<\/li>\n\n\n\n<li>\u00d3culos de prote\u00e7\u00e3o resistentes de pol\u00edmero para evitar acidentes oculares graves com farpas pontiagudas voando.<\/li>\n<\/ul>\n\n\n\n<p>Para voc\u00ea que gosta de plantas, separamos um v\u00eddeo do canal <a href=\"https:\/\/www.youtube.com\/@MinhasPlantas\" target=\"_blank\" rel=\"noreferrer noopener\">Minhas Plantas<\/a> com dicas para podar \u00e1rvores:<\/p>\n\n\n\n<figure class=\"wp-block-embed is-type-video is-provider-youtube wp-block-embed-youtube wp-embed-aspect-16-9 wp-has-aspect-ratio\"><div class=\"wp-block-embed__wrapper\">\n<div class=\"jeg_video_container jeg_video_content\"><iframe loading=\"lazy\" title=\"Como PODAR \u00c1RVORE do JEITO CERTO em 3 PASSOS\" width=\"500\" height=\"281\" src=\"https:\/\/www.youtube.com\/embed\/tVMwHNfIOl8?feature=oembed\" frameborder=\"0\" allow=\"accelerometer; autoplay; clipboard-write; encrypted-media; gyroscope; picture-in-picture; web-share\" referrerpolicy=\"strict-origin-when-cross-origin\" allowfullscreen><\/iframe><\/div>\n<\/div><\/figure>\n\n\n\n<h2 class=\"wp-block-heading\">O momento certo para cortar os galhos longos no seu quintal<\/h2>\n\n\n\n<p>O per\u00edodo fisiol\u00f3gico de dorm\u00eancia vegetativa anual representa a melhor fase clim\u00e1tica para interferir no volume estrutural das plantas lenhosas residenciais. O fluxo natural de seiva diminui bastante durante os meses muito frios e minimiza consideravelmente o <strong>desgaste energ\u00e9tico<\/strong> causado pelos cortes profundos necess\u00e1rios. Dessa forma fant\u00e1stica, a planta consegue <strong>cicatrizar as feridas<\/strong> expostas muito mais rapidamente antes da grande explos\u00e3o de crescimento da nova primavera.<\/p>\n\n\n\n<p>Interven\u00e7\u00f5es dr\u00e1sticas realizadas durante os dias excessivamente quentes do ver\u00e3o enfraquecem o organismo vegetal complexo de maneira quase irrevers\u00edvel e letal. A exposi\u00e7\u00e3o direta e prolongada do tronco ao sol forte queima as cascas sens\u00edveis e atrai in\u00fameras <strong>pragas destrutivas<\/strong> altamente oportunistas. Preste bastante aten\u00e7\u00e3o nos alertas visuais abaixo para saber exatamente quando voc\u00ea precisa <strong>interromper o corte<\/strong> manual imediatamente para salvar a esp\u00e9cie.<\/p>\n\n\n\n<ul class=\"wp-block-list\">\n<li>Vazamento pegajoso de seiva transparente pelos cortes rec\u00e9m-feitos nos ramos superiores mais expostos ao forte calor.<\/li>\n\n\n\n<li>Murchamento vis\u00edvel das folhas verdes delicadas logo ap\u00f3s a remo\u00e7\u00e3o f\u00edsica dos imensos galhos mais antigos.<\/li>\n\n\n\n<li>Aparecimento f\u00fangico de manchas escuras preocupantes ao redor da grande ferida aberta pela serra altamente afiada.<\/li>\n<\/ul>\n\n\n\n<figure class=\"wp-block-embed is-type-rich is-provider-pinterest wp-block-embed-pinterest\"><div class=\"wp-block-embed__wrapper\">\n<iframe loading=\"lazy\" title=\"\ud83c\udf4a\ud83c\udf3f Voc\u00ea j\u00e1 se perguntou se deve podar suas frutas c\u00edtricas ou deix\u00e1-las crescer livremente? Neste v\u00eddeo esclarecedor, exploramos os pr\u00f3s e contras da poda de \u00e1rvores frut\u00edferas c\u00edtricas.\ud83c\udf33\ud83c\udf4b N\u00e3o perca as informa\u00e7\u00f5es essenciais para garantir uma colheita suculenta e saud\u00e1vel.\ud83c\udf4a M\u00e3os a Terra com a Plantei!!\ud83e\udeb4 #Frutiferas #podasdeArvores #LojaPlantei #GardenCenter\" src=\"https:\/\/assets.pinterest.com\/ext\/embed.html?id=419890365272570650&#038;src=oembed\" height=\"899\" width=\"450\" frameborder=\"0\" scrolling=\"no\" ><\/iframe>\n<\/div><\/figure>\n\n\n\n<h2 class=\"wp-block-heading\">Os erros mais perigosos ao podar \u00e1rvore sem uma orienta\u00e7\u00e3o<\/h2>\n\n\n\n<p>Cortar impiedosamente o topo principal da estrutura para limitar a altura m\u00e1xima destr\u00f3i permanentemente a bela arquitetura de sustenta\u00e7\u00e3o da copa alta. Essa pr\u00e1tica agressiva gera brotos alongados muito fracos que quebram com enorme facilidade durante as perigosas <strong>tempestades com ventos<\/strong> intensos e destrutivos. Logo, o respons\u00e1vel dedicado pelo jardim dom\u00e9stico deve <strong>evitar a poda radical<\/strong> absurda para conseguir manter a vizinhan\u00e7a totalmente protegida de acidentes imprevis\u00edveis.<\/p>\n\n\n\n<p>Outro equ\u00edvoco t\u00e9cnico muito comum envolve deixar enormes tocos compridos sobrando logo ap\u00f3s a remo\u00e7\u00e3o bra\u00e7al do galho principal extremamente pesado. Essa por\u00e7\u00e3o de madeira in\u00fatil apodrece lentamente e permite que a umidade profunda cause a terr\u00edvel <strong>morte do tronco<\/strong> matriz com o tempo. Sempre realize o corte cir\u00fargico bem rente \u00e0 base anelar para <strong>acelerar a regenera\u00e7\u00e3o<\/strong> celular focada na poderosa casca externa de prote\u00e7\u00e3o.<\/p>\n\n\n<div class=\"wp-block-image\">\n<figure class=\"aligncenter size-large\"><img loading=\"lazy\" decoding=\"async\" width=\"1024\" height=\"576\" src=\"https:\/\/www.em.com.br\/emfoco\/wp-content\/uploads\/2026\/03\/limao-em-vaso-1024x576.jpg\" alt=\"lim\u00e3o em vaso\" class=\"wp-image-185695\" srcset=\"https:\/\/www.em.com.br\/emfoco\/wp-content\/uploads\/2026\/03\/limao-em-vaso-1024x576.jpg 1024w, https:\/\/www.em.com.br\/emfoco\/wp-content\/uploads\/2026\/03\/limao-em-vaso-300x169.jpg 300w, https:\/\/www.em.com.br\/emfoco\/wp-content\/uploads\/2026\/03\/limao-em-vaso-768x432.jpg 768w, https:\/\/www.em.com.br\/emfoco\/wp-content\/uploads\/2026\/03\/limao-em-vaso-750x422.jpg 750w, https:\/\/www.em.com.br\/emfoco\/wp-content\/uploads\/2026\/03\/limao-em-vaso-1140x641.jpg 1140w, https:\/\/www.em.com.br\/emfoco\/wp-content\/uploads\/2026\/03\/limao-em-vaso.jpg 1280w\" sizes=\"auto, (max-width: 1024px) 100vw, 1024px\" \/><figcaption class=\"wp-element-caption\">Outro equ\u00edvoco t\u00e9cnico muito comum envolve deixar enormes tocos compridos sobrando logo ap\u00f3s a remo\u00e7\u00e3o bra\u00e7al do galho principal extremamente pesado<\/figcaption><\/figure><\/div>\n\n\n<h2 class=\"wp-block-heading\">O segredo para manter o seu lindo jardim bonito e seguro<\/h2>\n\n\n\n<p>O cuidado constante com o quintal exige paci\u00eancia para observar o tempo de cada planta. Fazer <strong>pequenos ajustes frequentes<\/strong> funciona muito melhor do que promover grandes interven\u00e7\u00f5es anuais. Mantenha sempre as ferramentas manuais limpas para <strong>preservar o vigor<\/strong> das suas esp\u00e9cies bot\u00e2nicas favoritas.<\/p>\n\n\n\n<p>A complexa natureza responde de forma incrivelmente positiva quando recebe aten\u00e7\u00e3o cuidadosa. Estude o comportamento biol\u00f3gico natural das suas mudas para <strong>aplicar t\u00e9cnicas seguras<\/strong> de manejo urbano correto. Valorize diariamente o espa\u00e7o verde oxigenado para <strong>desfrutar da sombra<\/strong> fresca por longos anos.<\/p>\n","protected":false},"excerpt":{"rendered":"<p>Muitas pessoas sofrem com galhos invasivos atingindo fia\u00e7\u00f5es e telhados residenciais por n\u00e3o saberem a maneira exata de podar \u00e1rvore no pr\u00f3prio quintal. Aplicar a t\u00e9cnica correta no momento clim\u00e1tico adequado garante um crescimento saud\u00e1vel e evita acidentes f\u00edsicos perigosos com a rede de energia. Como podar \u00e1rvore respeitando o formato natural da planta O [&hellip;]<\/p>\n","protected":false},"author":9,"featured_media":201657,"comment_status":"open","ping_status":"open","sticky":false,"template":"","format":"standard","meta":{"jnews-multi-image_gallery":[],"jnews_single_post":{"format":"standard"},"jnews_primary_category":[],"jnews_social_meta":[],"jnews_override_counter":[],"footnotes":""},"categories":[8819],"tags":[16172,3358,29001],"class_list":["post-201612","post","type-post","status-publish","format-standard","has-post-thumbnail","hentry","category-curiosidades","tag-cuidados-com-as-plantas","tag-jardinagem","tag-manutencao-de-areas-verdes"],"yoast_head":"<!-- This site is optimized with the Yoast SEO plugin v23.8 - https:\/\/yoast.com\/wordpress\/plugins\/seo\/ -->\n<title>O motivo pelo qual podar as \u00e1rvores na \u00e9poca do ano errada pode matar a planta - Estado de Minas - Em foco<\/title>\n<meta name=\"description\" content=\"Aprenda a melhor forma de podar \u00e1rvore sem causar danos graves \u00e0 sa\u00fade da planta. Proteja o seu quintal evitando o crescimento desordenado.\" \/>\n<meta name=\"robots\" content=\"index, follow, max-snippet:-1, max-image-preview:large, max-video-preview:-1\" \/>\n<link rel=\"canonical\" href=\"https:\/\/www.em.com.br\/emfoco\/2026\/04\/30\/o-motivo-pelo-qual-podar-as-arvores-na-epoca-do-ano-errada-pode-matar-a-planta\/\" \/>\n<meta property=\"og:locale\" content=\"pt_BR\" \/>\n<meta property=\"og:type\" content=\"article\" \/>\n<meta property=\"og:title\" content=\"O motivo pelo qual podar as \u00e1rvores na \u00e9poca do ano errada pode matar a planta - Estado de Minas - Em foco\" \/>\n<meta property=\"og:description\" content=\"Aprenda a melhor forma de podar \u00e1rvore sem causar danos graves \u00e0 sa\u00fade da planta. Proteja o seu quintal evitando o crescimento desordenado.\" \/>\n<meta property=\"og:url\" content=\"https:\/\/www.em.com.br\/emfoco\/2026\/04\/30\/o-motivo-pelo-qual-podar-as-arvores-na-epoca-do-ano-errada-pode-matar-a-planta\/\" \/>\n<meta property=\"og:site_name\" content=\"Estado de Minas - Em foco\" \/>\n<meta property=\"article:published_time\" content=\"2026-04-30T20:35:00+00:00\" \/>\n<meta property=\"article:modified_time\" content=\"2026-04-29T19:59:17+00:00\" \/>\n<meta property=\"og:image\" content=\"https:\/\/www.em.com.br\/emfoco\/wp-content\/uploads\/2026\/04\/EmFoco_40-8.jpg\" \/>\n\t<meta property=\"og:image:width\" content=\"1280\" \/>\n\t<meta property=\"og:image:height\" content=\"720\" \/>\n\t<meta property=\"og:image:type\" content=\"image\/jpeg\" \/>\n<meta name=\"author\" content=\"Daniely Cardoso\" \/>\n<meta name=\"twitter:card\" content=\"summary_large_image\" \/>\n<meta name=\"twitter:label1\" content=\"Escrito por\" \/>\n\t<meta name=\"twitter:data1\" content=\"Daniely Cardoso\" \/>\n\t<meta name=\"twitter:label2\" content=\"Est. tempo de leitura\" \/>\n\t<meta name=\"twitter:data2\" content=\"6 minutos\" \/>\n<!-- \/ Yoast SEO plugin. -->","yoast_head_json":{"title":"O motivo pelo qual podar as \u00e1rvores na \u00e9poca do ano errada pode matar a planta - Estado de Minas - Em foco","description":"Aprenda a melhor forma de podar \u00e1rvore sem causar danos graves \u00e0 sa\u00fade da planta. Proteja o seu quintal evitando o crescimento desordenado.","robots":{"index":"index","follow":"follow","max-snippet":"max-snippet:-1","max-image-preview":"max-image-preview:large","max-video-preview":"max-video-preview:-1"},"canonical":"https:\/\/www.em.com.br\/emfoco\/2026\/04\/30\/o-motivo-pelo-qual-podar-as-arvores-na-epoca-do-ano-errada-pode-matar-a-planta\/","og_locale":"pt_BR","og_type":"article","og_title":"O motivo pelo qual podar as \u00e1rvores na \u00e9poca do ano errada pode matar a planta - Estado de Minas - Em foco","og_description":"Aprenda a melhor forma de podar \u00e1rvore sem causar danos graves \u00e0 sa\u00fade da planta. Proteja o seu quintal evitando o crescimento desordenado.","og_url":"https:\/\/www.em.com.br\/emfoco\/2026\/04\/30\/o-motivo-pelo-qual-podar-as-arvores-na-epoca-do-ano-errada-pode-matar-a-planta\/","og_site_name":"Estado de Minas - Em foco","article_published_time":"2026-04-30T20:35:00+00:00","article_modified_time":"2026-04-29T19:59:17+00:00","og_image":[{"width":1280,"height":720,"url":"https:\/\/www.em.com.br\/emfoco\/wp-content\/uploads\/2026\/04\/EmFoco_40-8.jpg","type":"image\/jpeg"}],"author":"Daniely Cardoso","twitter_card":"summary_large_image","twitter_misc":{"Escrito por":"Daniely Cardoso","Est. tempo de leitura":"6 minutos"},"schema":{"@context":"https:\/\/schema.org","@graph":[{"@type":"WebPage","@id":"https:\/\/www.em.com.br\/emfoco\/2026\/04\/30\/o-motivo-pelo-qual-podar-as-arvores-na-epoca-do-ano-errada-pode-matar-a-planta\/","url":"https:\/\/www.em.com.br\/emfoco\/2026\/04\/30\/o-motivo-pelo-qual-podar-as-arvores-na-epoca-do-ano-errada-pode-matar-a-planta\/","name":"O motivo pelo qual podar as \u00e1rvores na \u00e9poca do ano errada pode matar a planta - Estado de Minas - Em foco","isPartOf":{"@id":"https:\/\/www.em.com.br\/emfoco\/#website"},"primaryImageOfPage":{"@id":"https:\/\/www.em.com.br\/emfoco\/2026\/04\/30\/o-motivo-pelo-qual-podar-as-arvores-na-epoca-do-ano-errada-pode-matar-a-planta\/#primaryimage"},"image":{"@id":"https:\/\/www.em.com.br\/emfoco\/2026\/04\/30\/o-motivo-pelo-qual-podar-as-arvores-na-epoca-do-ano-errada-pode-matar-a-planta\/#primaryimage"},"thumbnailUrl":"https:\/\/www.em.com.br\/emfoco\/wp-content\/uploads\/2026\/04\/EmFoco_40-8.jpg","datePublished":"2026-04-30T20:35:00+00:00","dateModified":"2026-04-29T19:59:17+00:00","author":{"@id":"https:\/\/www.em.com.br\/emfoco\/#\/schema\/person\/0a8186d72f2c3a5c6276d90b41f271a0"},"description":"Aprenda a melhor forma de podar \u00e1rvore sem causar danos graves \u00e0 sa\u00fade da planta. Proteja o seu quintal evitando o crescimento desordenado.","breadcrumb":{"@id":"https:\/\/www.em.com.br\/emfoco\/2026\/04\/30\/o-motivo-pelo-qual-podar-as-arvores-na-epoca-do-ano-errada-pode-matar-a-planta\/#breadcrumb"},"inLanguage":"pt-BR","potentialAction":[{"@type":"ReadAction","target":["https:\/\/www.em.com.br\/emfoco\/2026\/04\/30\/o-motivo-pelo-qual-podar-as-arvores-na-epoca-do-ano-errada-pode-matar-a-planta\/"]}]},{"@type":"ImageObject","inLanguage":"pt-BR","@id":"https:\/\/www.em.com.br\/emfoco\/2026\/04\/30\/o-motivo-pelo-qual-podar-as-arvores-na-epoca-do-ano-errada-pode-matar-a-planta\/#primaryimage","url":"https:\/\/www.em.com.br\/emfoco\/wp-content\/uploads\/2026\/04\/EmFoco_40-8.jpg","contentUrl":"https:\/\/www.em.com.br\/emfoco\/wp-content\/uploads\/2026\/04\/EmFoco_40-8.jpg","width":1280,"height":720,"caption":"T\u00e9cnicas adequadas de corte e ferramentas afiadas preservam a sa\u00fade estrutural das plantas"},{"@type":"BreadcrumbList","@id":"https:\/\/www.em.com.br\/emfoco\/2026\/04\/30\/o-motivo-pelo-qual-podar-as-arvores-na-epoca-do-ano-errada-pode-matar-a-planta\/#breadcrumb","itemListElement":[{"@type":"ListItem","position":1,"name":"In\u00edcio","item":"https:\/\/www.em.com.br\/emfoco\/"},{"@type":"ListItem","position":2,"name":"O motivo pelo qual podar as \u00e1rvores na \u00e9poca do ano errada pode matar a planta"}]},{"@type":"WebSite","@id":"https:\/\/www.em.com.br\/emfoco\/#website","url":"https:\/\/www.em.com.br\/emfoco\/","name":"Estado de Minas - Em foco","description":"Acompanhe as \u00faltimas not\u00edcias e fique bem informado sobre tudo o que acontece em Minas Gerais, Brasil e no mundo.","potentialAction":[{"@type":"SearchAction","target":{"@type":"EntryPoint","urlTemplate":"https:\/\/www.em.com.br\/emfoco\/?s={search_term_string}"},"query-input":{"@type":"PropertyValueSpecification","valueRequired":true,"valueName":"search_term_string"}}],"inLanguage":"pt-BR"},{"@type":"Person","@id":"https:\/\/www.em.com.br\/emfoco\/#\/schema\/person\/0a8186d72f2c3a5c6276d90b41f271a0","name":"Daniely Cardoso","image":{"@type":"ImageObject","inLanguage":"pt-BR","@id":"https:\/\/www.em.com.br\/emfoco\/#\/schema\/person\/image\/","url":"https:\/\/secure.gravatar.com\/avatar\/4b80ddbd124d1f071b626d52d62e5dff?s=96&d=mm&r=g","contentUrl":"https:\/\/secure.gravatar.com\/avatar\/4b80ddbd124d1f071b626d52d62e5dff?s=96&d=mm&r=g","caption":"Daniely Cardoso"},"url":"https:\/\/www.em.com.br\/emfoco\/author\/danielymyth\/"}]}},"_links":{"self":[{"href":"https:\/\/www.em.com.br\/emfoco\/wp-json\/wp\/v2\/posts\/201612","targetHints":{"allow":["GET"]}}],"collection":[{"href":"https:\/\/www.em.com.br\/emfoco\/wp-json\/wp\/v2\/posts"}],"about":[{"href":"https:\/\/www.em.com.br\/emfoco\/wp-json\/wp\/v2\/types\/post"}],"author":[{"embeddable":true,"href":"https:\/\/www.em.com.br\/emfoco\/wp-json\/wp\/v2\/users\/9"}],"replies":[{"embeddable":true,"href":"https:\/\/www.em.com.br\/emfoco\/wp-json\/wp\/v2\/comments?post=201612"}],"version-history":[{"count":1,"href":"https:\/\/www.em.com.br\/emfoco\/wp-json\/wp\/v2\/posts\/201612\/revisions"}],"predecessor-version":[{"id":201630,"href":"https:\/\/www.em.com.br\/emfoco\/wp-json\/wp\/v2\/posts\/201612\/revisions\/201630"}],"wp:featuredmedia":[{"embeddable":true,"href":"https:\/\/www.em.com.br\/emfoco\/wp-json\/wp\/v2\/media\/201657"}],"wp:attachment":[{"href":"https:\/\/www.em.com.br\/emfoco\/wp-json\/wp\/v2\/media?parent=201612"}],"wp:term":[{"taxonomy":"category","embeddable":true,"href":"https:\/\/www.em.com.br\/emfoco\/wp-json\/wp\/v2\/categories?post=201612"},{"taxonomy":"post_tag","embeddable":true,"href":"https:\/\/www.em.com.br\/emfoco\/wp-json\/wp\/v2\/tags?post=201612"}],"curies":[{"name":"wp","href":"https:\/\/api.w.org\/{rel}","templated":true}]}}