{"id":2016,"date":"2024-11-30T11:20:00","date_gmt":"2024-11-30T14:20:00","guid":{"rendered":"https:\/\/www.em.com.br\/emfoco\/?p=2016"},"modified":"2024-11-29T17:17:22","modified_gmt":"2024-11-29T20:17:22","slug":"populacao-em-festa-feriado-do-dia-13-de-dezembro-foi-confirmado","status":"publish","type":"post","link":"https:\/\/www.em.com.br\/emfoco\/2024\/11\/30\/populacao-em-festa-feriado-do-dia-13-de-dezembro-foi-confirmado\/","title":{"rendered":"Popula\u00e7\u00e3o em Festa! Feriado do Dia 13 de Dezembro Foi Confirmado"},"content":{"rendered":"\n<p>O m\u00eas de dezembro est\u00e1 recheado de <a href=\"https:\/\/www.em.com.br\/emfoco\/categoria\/noticias\/\" target=\"_blank\" rel=\"noreferrer noopener\"><strong>festividades <\/strong><\/a>e, para os moradores do Amap\u00e1, o dia 13 \u00e9 uma data de grande significado. O feriado <a href=\"https:\/\/www.em.com.br\/emfoco\/2024\/11\/28\/belo-horizonte-comemora-2-feriados-em-dezembro-saiba-quais-sao\/\" target=\"_blank\" rel=\"noreferrer noopener\"><strong>estadual<\/strong><\/a>, que comemora a cria\u00e7\u00e3o do ex-Territ\u00f3rio Federal do Amap\u00e1, foi oficialmente confirmado, trazendo alegria e expectativa para a popula\u00e7\u00e3o local. Vamos explorar a import\u00e2ncia desta data, sua origem hist\u00f3rica e como os amapaenses celebram essa ocasi\u00e3o especial.<\/p>\n\n\n\n<p>O dia 13 de dezembro \u00e9 um marco na hist\u00f3ria do <a href=\"https:\/\/www.portal.ap.gov.br\/conheca\/amapa\" target=\"_blank\" rel=\"noreferrer noopener\"><strong>Amap\u00e1<\/strong><\/a>, celebrando a data em que o territ\u00f3rio foi desmembrado do Estado do Par\u00e1 pelo presidente Get\u00falio Vargas. Esse desmembramento ocorreu atrav\u00e9s do Decreto-lei n\u00ba 5.812, que estabeleceu o Amap\u00e1 como um Territ\u00f3rio Federal em 1943. Na \u00e9poca de sua cria\u00e7\u00e3o, o Amap\u00e1 contava apenas com tr\u00eas munic\u00edpios: Macap\u00e1, Mazag\u00e3o e Amap\u00e1, que foram os primeiros a ser administrados na nova unidade federativa.<\/p>\n\n\n\n<p>Essa transforma\u00e7\u00e3o pol\u00edtica foi significativa, uma vez que buscava promover um desenvolvimento mais organizado e direcionado para a regi\u00e3o. O territ\u00f3rio foi posteriormente elevado \u00e0 condi\u00e7\u00e3o de estado em 15 de agosto de 1990, mas a data de 13 de dezembro ficou marcada como um s\u00edmbolo da identidade amapaense.<\/p>\n\n\n\n<p>A promulga\u00e7\u00e3o da data magna do Amap\u00e1 ocorreu em 20 de dezembro de 1991, consolidando a import\u00e2ncia do dia e garantindo que a popula\u00e7\u00e3o tivesse um momento espec\u00edfico para celebrar sua hist\u00f3ria e cultura.<\/p>\n\n\n\n<h2 class=\"wp-block-heading\">Import\u00e2ncia do Feriado para a Popula\u00e7\u00e3o<\/h2>\n\n\n\n<p>O feriado do dia 13 de dezembro \u00e9 mais do que uma simples pausa no calend\u00e1rio; \u00e9 um momento de reflex\u00e3o e celebra\u00e7\u00e3o do passado e da identidade estadual. Para muitos amapaenses, a data \u00e9 uma oportunidade de reconhecer as conquistas e os desafios enfrentados ao longo da hist\u00f3ria do Amap\u00e1.<\/p>\n\n\n\n<p>Al\u00e9m disso, o feriado \u00e9 um momento prop\u00edcio para a promo\u00e7\u00e3o da cultura local. Festas, eventos culturais e atividades comunit\u00e1rias tomam conta das ruas, reunindo fam\u00edlias e amigos em celebra\u00e7\u00f5es que fortalecem os la\u00e7os sociais e comunit\u00e1rios. A m\u00fasica, a dan\u00e7a e as tradi\u00e7\u00f5es culin\u00e1rias s\u00e3o exaltadas, criando um ambiente festivo que ressalta a rica diversidade cultural do estado.<\/p>\n\n\n\n<h2 class=\"wp-block-heading\">Celebra\u00e7\u00f5es Tradicionais<\/h2>\n\n\n\n<p>Os amapaenses costumam celebrar o feriado do dia 13 de dezembro de diversas formas. Festivais culturais, shows, exposi\u00e7\u00f5es de arte e feiras gastron\u00f4micas s\u00e3o algumas das atividades realizadas. Esses eventos n\u00e3o apenas proporcionam entretenimento, mas tamb\u00e9m servem como uma plataforma para que os artistas e empreendedores locais mostrem seu talento e produtos.<\/p>\n\n\n\n<p>A tradi\u00e7\u00e3o culin\u00e1ria \u00e9 uma parte significativa das comemora\u00e7\u00f5es. Pratos t\u00edpicos da gastronomia amapaense s\u00e3o preparados e compartilhados em fam\u00edlia e com amigos. Ingredientes regionais, como a mani\u00e7oba, o a\u00e7a\u00ed, o pirarucu e o camar\u00e3o, s\u00e3o destaque nas ceias, celebrando a riqueza da biodiversidade local.<\/p>\n\n\n\n<p>As comunidades tamb\u00e9m costumam organizar eventos esportivos, promovendo a pr\u00e1tica de atividades f\u00edsicas e o conv\u00edvio social. Esses encontros fortalecem o esp\u00edrito comunit\u00e1rio e incentivam uma vida ativa, promovendo sa\u00fade e bem-estar entre os participantes.<\/p>\n\n\n\n<h2 class=\"wp-block-heading\">A Preserva\u00e7\u00e3o da Mem\u00f3ria Hist\u00f3rica no feriado<\/h2>\n\n\n\n<p>\u00c9 fundamental que as novas gera\u00e7\u00f5es conhe\u00e7am a hist\u00f3ria do Amap\u00e1 e a import\u00e2ncia da data comemorativa do dia 13 de dezembro. Para isso, escolas e institui\u00e7\u00f5es culturais frequentemente realizam atividades educativas, como palestras, exposi\u00e7\u00f5es e concursos de reda\u00e7\u00e3o, que incentivam os jovens a aprender sobre suas ra\u00edzes e a valorizar a identidade amapaense.<\/p>\n\n\n\n<p>A preserva\u00e7\u00e3o da mem\u00f3ria \u00e9 vital para o fortalecimento da cultura local. Saber de onde v\u00eam e as lutas enfrentadas por seus antepassados d\u00e1 aos jovens uma base mais s\u00f3lida para entender sua participa\u00e7\u00e3o no mundo contempor\u00e2neo e no futuro de sua comunidade.<\/p>\n\n\n\n<h2 class=\"wp-block-heading\">Reflex\u00f5es sobre o Futuro do Amap\u00e1<\/h2>\n\n\n\n<figure class=\"wp-block-image size-large\"><img loading=\"lazy\" decoding=\"async\" width=\"1024\" height=\"576\" src=\"https:\/\/www.em.com.br\/emfoco\/wp-content\/uploads\/2024\/11\/amapa-feriado-Creditos-depositphotos.com-Lesniewski-1024x576.jpg\" alt=\"amap\u00e1 - feriado - Cr\u00e9ditos depositphotos.com Lesniewski\" class=\"wp-image-2076\" srcset=\"https:\/\/www.em.com.br\/emfoco\/wp-content\/uploads\/2024\/11\/amapa-feriado-Creditos-depositphotos.com-Lesniewski-1024x576.jpg 1024w, https:\/\/www.em.com.br\/emfoco\/wp-content\/uploads\/2024\/11\/amapa-feriado-Creditos-depositphotos.com-Lesniewski-300x169.jpg 300w, https:\/\/www.em.com.br\/emfoco\/wp-content\/uploads\/2024\/11\/amapa-feriado-Creditos-depositphotos.com-Lesniewski-768x432.jpg 768w, https:\/\/www.em.com.br\/emfoco\/wp-content\/uploads\/2024\/11\/amapa-feriado-Creditos-depositphotos.com-Lesniewski-750x422.jpg 750w, https:\/\/www.em.com.br\/emfoco\/wp-content\/uploads\/2024\/11\/amapa-feriado-Creditos-depositphotos.com-Lesniewski-1140x641.jpg 1140w, https:\/\/www.em.com.br\/emfoco\/wp-content\/uploads\/2024\/11\/amapa-feriado-Creditos-depositphotos.com-Lesniewski.jpg 1280w\" sizes=\"auto, (max-width: 1024px) 100vw, 1024px\" \/><figcaption class=\"wp-element-caption\">amap\u00e1 &#8211; feriado &#8211; Cr\u00e9ditos depositphotos.com Lesniewski<\/figcaption><\/figure>\n\n\n\n<p>Enquanto os amapaenses celebram o dia 13 de dezembro, \u00e9 um momento prop\u00edcio para refletir sobre o futuro do estado. O Amap\u00e1 enfrenta desafios como a falta de infraestrutura, a necessidade de desenvolvimento econ\u00f4mico sustent\u00e1vel e a preserva\u00e7\u00e3o ambiental. As celebra\u00e7\u00f5es podem servir como um impulso para que a popula\u00e7\u00e3o se envolva ativamente na busca por solu\u00e7\u00f5es que promovam o progresso e a qualidade de vida na regi\u00e3o.<\/p>\n\n\n\n<p>Al\u00e9m disso, o fortalecimento da identidade e da cultura local pode contribuir para o turismo sustent\u00e1vel, atraindo visitantes que desejam conhecer as belezas naturais e a cultura vibrante do Amap\u00e1. Isso poderia gerar oportunidades econ\u00f4micas e promover o desenvolvimento local.<\/p>\n\n\n\n<p>A confirma\u00e7\u00e3o do feriado do dia 13 de dezembro \u00e9 uma grande alegria para a popula\u00e7\u00e3o do Amap\u00e1, proporcionando um momento de celebra\u00e7\u00e3o e reflex\u00e3o sobre a hist\u00f3ria do estado. A data representa muito mais do que uma pausa nas obriga\u00e7\u00f5es di\u00e1rias; \u00e9 um momento para homenagear os antepassados, celebrar a cultura local e promover a unidade entre os moradores.<\/p>\n\n\n\n<p>\u00c0 medida que a popula\u00e7\u00e3o se prepara para as festividades deste ano, que cada amapaense possa n\u00e3o apenas aproveitar as celebra\u00e7\u00f5es, mas tamb\u00e9m se inspirar na hist\u00f3ria do estado para contribuir por um Amap\u00e1 cada vez melhor. \u00c9 tempo de festa, mas tamb\u00e9m de compromisso com o futuro e com a preserva\u00e7\u00e3o dos valores que tornam o Amap\u00e1 um lugar t\u00e3o especial.<\/p>\n","protected":false},"excerpt":{"rendered":"<p>O feriado estadual do dia 13 de dezembro foi confirmado no Amap\u00e1, comemorando a cria\u00e7\u00e3o do ex-Territ\u00f3rio Federal. Celebrar \u00e9 reconhecer a hist\u00f3ria e fortalecer a identidade local.<\/p>\n","protected":false},"author":3,"featured_media":2075,"comment_status":"open","ping_status":"open","sticky":false,"template":"","format":"standard","meta":{"jnews-multi-image_gallery":[],"jnews_single_post":{"format":"standard"},"jnews_primary_category":[],"jnews_social_meta":[],"jnews_override_counter":[],"footnotes":""},"categories":[1],"tags":[158,1122,713,715,1121,264],"class_list":["post-2016","post","type-post","status-publish","format-standard","has-post-thumbnail","hentry","category-noticias","tag-brasil","tag-haddad","tag-imposto-de-renda","tag-isencao","tag-salarios","tag-trabalhadores"],"yoast_head":"<!-- This site is optimized with the Yoast SEO plugin v23.8 - https:\/\/yoast.com\/wordpress\/plugins\/seo\/ -->\n<title>Popula\u00e7\u00e3o em Festa! Feriado do Dia 13 de Dezembro Foi Confirmado - Estado de Minas - Em foco<\/title>\n<meta name=\"description\" content=\"O feriado estadual do dia 13 de dezembro foi confirmado, comemorando a cria\u00e7\u00e3o do ex-Territ\u00f3rio Federal. Celebrar \u00e9 reconhecer a hist\u00f3ria\" \/>\n<meta name=\"robots\" content=\"index, follow, max-snippet:-1, max-image-preview:large, max-video-preview:-1\" \/>\n<link rel=\"canonical\" href=\"https:\/\/www.em.com.br\/emfoco\/2024\/11\/30\/populacao-em-festa-feriado-do-dia-13-de-dezembro-foi-confirmado\/\" \/>\n<meta property=\"og:locale\" content=\"pt_BR\" \/>\n<meta property=\"og:type\" content=\"article\" \/>\n<meta property=\"og:title\" content=\"Popula\u00e7\u00e3o em Festa! Feriado do Dia 13 de Dezembro Foi Confirmado - Estado de Minas - Em foco\" \/>\n<meta property=\"og:description\" content=\"O feriado estadual do dia 13 de dezembro foi confirmado, comemorando a cria\u00e7\u00e3o do ex-Territ\u00f3rio Federal. Celebrar \u00e9 reconhecer a hist\u00f3ria\" \/>\n<meta property=\"og:url\" content=\"https:\/\/www.em.com.br\/emfoco\/2024\/11\/30\/populacao-em-festa-feriado-do-dia-13-de-dezembro-foi-confirmado\/\" \/>\n<meta property=\"og:site_name\" content=\"Estado de Minas - Em foco\" \/>\n<meta property=\"article:published_time\" content=\"2024-11-30T14:20:00+00:00\" \/>\n<meta property=\"article:modified_time\" content=\"2024-11-29T20:17:22+00:00\" \/>\n<meta property=\"og:image\" content=\"https:\/\/www.em.com.br\/emfoco\/wp-content\/uploads\/2024\/11\/feriado-lula-Creditos-depositphotos.com-thenews2.com_.jpg\" \/>\n\t<meta property=\"og:image:width\" content=\"1280\" \/>\n\t<meta property=\"og:image:height\" content=\"720\" \/>\n\t<meta property=\"og:image:type\" content=\"image\/jpeg\" \/>\n<meta name=\"author\" content=\"Helen Palma\" \/>\n<meta name=\"twitter:card\" content=\"summary_large_image\" \/>\n<meta name=\"twitter:label1\" content=\"Escrito por\" \/>\n\t<meta name=\"twitter:data1\" content=\"Helen Palma\" \/>\n\t<meta name=\"twitter:label2\" content=\"Est. tempo de leitura\" \/>\n\t<meta name=\"twitter:data2\" content=\"5 minutos\" \/>\n<!-- \/ Yoast SEO plugin. -->","yoast_head_json":{"title":"Popula\u00e7\u00e3o em Festa! Feriado do Dia 13 de Dezembro Foi Confirmado - Estado de Minas - Em foco","description":"O feriado estadual do dia 13 de dezembro foi confirmado, comemorando a cria\u00e7\u00e3o do ex-Territ\u00f3rio Federal. Celebrar \u00e9 reconhecer a hist\u00f3ria","robots":{"index":"index","follow":"follow","max-snippet":"max-snippet:-1","max-image-preview":"max-image-preview:large","max-video-preview":"max-video-preview:-1"},"canonical":"https:\/\/www.em.com.br\/emfoco\/2024\/11\/30\/populacao-em-festa-feriado-do-dia-13-de-dezembro-foi-confirmado\/","og_locale":"pt_BR","og_type":"article","og_title":"Popula\u00e7\u00e3o em Festa! Feriado do Dia 13 de Dezembro Foi Confirmado - Estado de Minas - Em foco","og_description":"O feriado estadual do dia 13 de dezembro foi confirmado, comemorando a cria\u00e7\u00e3o do ex-Territ\u00f3rio Federal. Celebrar \u00e9 reconhecer a hist\u00f3ria","og_url":"https:\/\/www.em.com.br\/emfoco\/2024\/11\/30\/populacao-em-festa-feriado-do-dia-13-de-dezembro-foi-confirmado\/","og_site_name":"Estado de Minas - Em foco","article_published_time":"2024-11-30T14:20:00+00:00","article_modified_time":"2024-11-29T20:17:22+00:00","og_image":[{"width":1280,"height":720,"url":"https:\/\/www.em.com.br\/emfoco\/wp-content\/uploads\/2024\/11\/feriado-lula-Creditos-depositphotos.com-thenews2.com_.jpg","type":"image\/jpeg"}],"author":"Helen Palma","twitter_card":"summary_large_image","twitter_misc":{"Escrito por":"Helen Palma","Est. tempo de leitura":"5 minutos"},"schema":{"@context":"https:\/\/schema.org","@graph":[{"@type":"WebPage","@id":"https:\/\/www.em.com.br\/emfoco\/2024\/11\/30\/populacao-em-festa-feriado-do-dia-13-de-dezembro-foi-confirmado\/","url":"https:\/\/www.em.com.br\/emfoco\/2024\/11\/30\/populacao-em-festa-feriado-do-dia-13-de-dezembro-foi-confirmado\/","name":"Popula\u00e7\u00e3o em Festa! Feriado do Dia 13 de Dezembro Foi Confirmado - Estado de Minas - Em foco","isPartOf":{"@id":"https:\/\/www.em.com.br\/emfoco\/#website"},"primaryImageOfPage":{"@id":"https:\/\/www.em.com.br\/emfoco\/2024\/11\/30\/populacao-em-festa-feriado-do-dia-13-de-dezembro-foi-confirmado\/#primaryimage"},"image":{"@id":"https:\/\/www.em.com.br\/emfoco\/2024\/11\/30\/populacao-em-festa-feriado-do-dia-13-de-dezembro-foi-confirmado\/#primaryimage"},"thumbnailUrl":"https:\/\/www.em.com.br\/emfoco\/wp-content\/uploads\/2024\/11\/feriado-lula-Creditos-depositphotos.com-thenews2.com_.jpg","datePublished":"2024-11-30T14:20:00+00:00","dateModified":"2024-11-29T20:17:22+00:00","author":{"@id":"https:\/\/www.em.com.br\/emfoco\/#\/schema\/person\/d79d5c83ee37ab7ca6781d92bd406eac"},"description":"O feriado estadual do dia 13 de dezembro foi confirmado, comemorando a cria\u00e7\u00e3o do ex-Territ\u00f3rio Federal. Celebrar \u00e9 reconhecer a hist\u00f3ria","breadcrumb":{"@id":"https:\/\/www.em.com.br\/emfoco\/2024\/11\/30\/populacao-em-festa-feriado-do-dia-13-de-dezembro-foi-confirmado\/#breadcrumb"},"inLanguage":"pt-BR","potentialAction":[{"@type":"ReadAction","target":["https:\/\/www.em.com.br\/emfoco\/2024\/11\/30\/populacao-em-festa-feriado-do-dia-13-de-dezembro-foi-confirmado\/"]}]},{"@type":"ImageObject","inLanguage":"pt-BR","@id":"https:\/\/www.em.com.br\/emfoco\/2024\/11\/30\/populacao-em-festa-feriado-do-dia-13-de-dezembro-foi-confirmado\/#primaryimage","url":"https:\/\/www.em.com.br\/emfoco\/wp-content\/uploads\/2024\/11\/feriado-lula-Creditos-depositphotos.com-thenews2.com_.jpg","contentUrl":"https:\/\/www.em.com.br\/emfoco\/wp-content\/uploads\/2024\/11\/feriado-lula-Creditos-depositphotos.com-thenews2.com_.jpg","width":1280,"height":720,"caption":"feriado - lula - Cr\u00e9ditos depositphotos.com thenews2.com"},{"@type":"BreadcrumbList","@id":"https:\/\/www.em.com.br\/emfoco\/2024\/11\/30\/populacao-em-festa-feriado-do-dia-13-de-dezembro-foi-confirmado\/#breadcrumb","itemListElement":[{"@type":"ListItem","position":1,"name":"In\u00edcio","item":"https:\/\/www.em.com.br\/emfoco\/"},{"@type":"ListItem","position":2,"name":"Popula\u00e7\u00e3o em Festa! Feriado do Dia 13 de Dezembro Foi Confirmado"}]},{"@type":"WebSite","@id":"https:\/\/www.em.com.br\/emfoco\/#website","url":"https:\/\/www.em.com.br\/emfoco\/","name":"Estado de Minas - Em foco","description":"Acompanhe as \u00faltimas not\u00edcias e fique bem informado sobre tudo o que acontece em Minas Gerais, Brasil e no mundo.","potentialAction":[{"@type":"SearchAction","target":{"@type":"EntryPoint","urlTemplate":"https:\/\/www.em.com.br\/emfoco\/?s={search_term_string}"},"query-input":{"@type":"PropertyValueSpecification","valueRequired":true,"valueName":"search_term_string"}}],"inLanguage":"pt-BR"},{"@type":"Person","@id":"https:\/\/www.em.com.br\/emfoco\/#\/schema\/person\/d79d5c83ee37ab7ca6781d92bd406eac","name":"Helen Palma","image":{"@type":"ImageObject","inLanguage":"pt-BR","@id":"https:\/\/www.em.com.br\/emfoco\/#\/schema\/person\/image\/","url":"https:\/\/secure.gravatar.com\/avatar\/c657d9266c25fd5b35a8a6274fb730cd?s=96&d=mm&r=g","contentUrl":"https:\/\/secure.gravatar.com\/avatar\/c657d9266c25fd5b35a8a6274fb730cd?s=96&d=mm&r=g","caption":"Helen Palma"},"url":"https:\/\/www.em.com.br\/emfoco\/author\/helenmyth\/"}]}},"_links":{"self":[{"href":"https:\/\/www.em.com.br\/emfoco\/wp-json\/wp\/v2\/posts\/2016","targetHints":{"allow":["GET"]}}],"collection":[{"href":"https:\/\/www.em.com.br\/emfoco\/wp-json\/wp\/v2\/posts"}],"about":[{"href":"https:\/\/www.em.com.br\/emfoco\/wp-json\/wp\/v2\/types\/post"}],"author":[{"embeddable":true,"href":"https:\/\/www.em.com.br\/emfoco\/wp-json\/wp\/v2\/users\/3"}],"replies":[{"embeddable":true,"href":"https:\/\/www.em.com.br\/emfoco\/wp-json\/wp\/v2\/comments?post=2016"}],"version-history":[{"count":2,"href":"https:\/\/www.em.com.br\/emfoco\/wp-json\/wp\/v2\/posts\/2016\/revisions"}],"predecessor-version":[{"id":2078,"href":"https:\/\/www.em.com.br\/emfoco\/wp-json\/wp\/v2\/posts\/2016\/revisions\/2078"}],"wp:featuredmedia":[{"embeddable":true,"href":"https:\/\/www.em.com.br\/emfoco\/wp-json\/wp\/v2\/media\/2075"}],"wp:attachment":[{"href":"https:\/\/www.em.com.br\/emfoco\/wp-json\/wp\/v2\/media?parent=2016"}],"wp:term":[{"taxonomy":"category","embeddable":true,"href":"https:\/\/www.em.com.br\/emfoco\/wp-json\/wp\/v2\/categories?post=2016"},{"taxonomy":"post_tag","embeddable":true,"href":"https:\/\/www.em.com.br\/emfoco\/wp-json\/wp\/v2\/tags?post=2016"}],"curies":[{"name":"wp","href":"https:\/\/api.w.org\/{rel}","templated":true}]}}