{"id":201523,"date":"2026-04-30T12:05:00","date_gmt":"2026-04-30T15:05:00","guid":{"rendered":"https:\/\/www.em.com.br\/emfoco\/?p=201523"},"modified":"2026-04-29T17:35:01","modified_gmt":"2026-04-29T20:35:01","slug":"a-fruta-tropical-que-melhora-digestao-fortalece-imunidade-e-ajuda-na-recuperacao-muscular-apos-treinos","status":"publish","type":"post","link":"https:\/\/www.em.com.br\/emfoco\/2026\/04\/30\/a-fruta-tropical-que-melhora-digestao-fortalece-imunidade-e-ajuda-na-recuperacao-muscular-apos-treinos\/","title":{"rendered":"A fruta tropical que melhora digest\u00e3o, fortalece imunidade e ajuda na recupera\u00e7\u00e3o muscular ap\u00f3s treinos"},"content":{"rendered":"\n<p>Muitas pessoas buscam op\u00e7\u00f5es naturais para <strong>elevar a sa\u00fade<\/strong> sem conhecer os profundos <strong>benef\u00edcios do abacaxi<\/strong> para o organismo humano em geral. Essa fruta tropical guarda propriedades enzim\u00e1ticas fascinantes que prometem <strong>revolucionar o metabolismo<\/strong> de uma forma bastante positiva e surpreendente.<\/p>\n\n\n\n<h2 class=\"wp-block-heading\">Como os benef\u00edcios do abacaxi melhoram a sua digest\u00e3o di\u00e1ria?<\/h2>\n\n\n\n<p>A presen\u00e7a da enzima bromelina ajuda a quebrar prote\u00ednas pesadas durante o processo de absor\u00e7\u00e3o de nutrientes no est\u00f4mago. <strong>Aliviar a digest\u00e3o<\/strong> ap\u00f3s refei\u00e7\u00f5es volumosas torna-se uma tarefa simples com o consumo de fatias frescas desta fruta deliciosa. <strong>Combater a sensa\u00e7\u00e3o<\/strong> de incha\u00e7o abdominal \u00e9 uma vantagem imediata sentida por todos que incluem a polpa amarela na dieta.<\/p>\n\n\n\n<p>As fibras alimentares presentes na coroa e na base da fruta auxiliam no tr\u00e2nsito intestinal cont\u00ednuo e evitam a constipa\u00e7\u00e3o cr\u00f4nica. <strong>Regular o intestino<\/strong> garante que as toxinas nocivas sejam eliminadas rapidamente antes de causarem inflama\u00e7\u00f5es nas paredes do trato digestivo. <strong>Promover a leveza<\/strong> corporal logo ap\u00f3s o almo\u00e7o melhora consideravelmente a disposi\u00e7\u00e3o f\u00edsica para enfrentar as atividades da tarde de trabalho.<\/p>\n\n\n<div class=\"wp-block-image\">\n<figure class=\"aligncenter size-large\"><img loading=\"lazy\" decoding=\"async\" width=\"1024\" height=\"576\" src=\"https:\/\/www.em.com.br\/emfoco\/wp-content\/uploads\/2026\/04\/beneficios-abacaxi-1024x576.jpg\" alt=\"benef\u00edcios abacaxi\" class=\"wp-image-201532\" srcset=\"https:\/\/www.em.com.br\/emfoco\/wp-content\/uploads\/2026\/04\/beneficios-abacaxi-1024x576.jpg 1024w, https:\/\/www.em.com.br\/emfoco\/wp-content\/uploads\/2026\/04\/beneficios-abacaxi-300x169.jpg 300w, https:\/\/www.em.com.br\/emfoco\/wp-content\/uploads\/2026\/04\/beneficios-abacaxi-768x432.jpg 768w, https:\/\/www.em.com.br\/emfoco\/wp-content\/uploads\/2026\/04\/beneficios-abacaxi-750x422.jpg 750w, https:\/\/www.em.com.br\/emfoco\/wp-content\/uploads\/2026\/04\/beneficios-abacaxi-1140x641.jpg 1140w, https:\/\/www.em.com.br\/emfoco\/wp-content\/uploads\/2026\/04\/beneficios-abacaxi.jpg 1280w\" sizes=\"auto, (max-width: 1024px) 100vw, 1024px\" \/><figcaption class=\"wp-element-caption\">As fibras alimentares presentes na coroa e na base da fruta auxiliam no tr\u00e2nsito intestinal cont\u00ednuo e evitam a constipa\u00e7\u00e3o cr\u00f4nica<\/figcaption><\/figure><\/div>\n\n\n<p>Leia tamb\u00e9m: <a href=\"https:\/\/www.em.com.br\/emfoco\/2026\/04\/25\/confirmado-despesas-oftalmologicas-podem-ser-deduzidas-no-imposto-de-renda-e-medida-pode-aumentar-a-restituicao-de-muitos-contribuintes\/\" target=\"_blank\" rel=\"noreferrer noopener\">Confirmado: despesas oftalmol\u00f3gicas podem ser deduzidas no Imposto de Renda e medida pode aumentar a restitui\u00e7\u00e3o de muitos contribuintes<\/a><\/p>\n\n\n\n<h2 class=\"wp-block-heading\">Quais os benef\u00edcios do abacaxi para a imunidade e musculatura?<\/h2>\n\n\n\n<p>As altas concentra\u00e7\u00f5es de vitamina C atuam no fortalecimento das defesas naturais do corpo contra agentes invasores e bact\u00e9rias. <strong>Aumentar a prote\u00e7\u00e3o<\/strong> celular previne gripes sazonais fortes e ajuda a manter a imunidade alta em per\u00edodos de baixas temperaturas. <strong>Bloquear infec\u00e7\u00f5es<\/strong> recorrentes exige uma nutri\u00e7\u00e3o inteligente baseada em alimentos que estimulam a produ\u00e7\u00e3o de gl\u00f3bulos brancos de forma constante.<\/p>\n\n\n\n<p>Atletas amadores e profissionais aproveitam as propriedades anti-inflamat\u00f3rias da fruta doce para <strong>acelerar a regenera\u00e7\u00e3o<\/strong> celular ap\u00f3s treinos f\u00edsicos intensos. <strong>Reduzir dores<\/strong> musculares tardias torna-se poss\u00edvel devido aos compostos bot\u00e2nicos que agem nas \u00e1reas lesionadas como verdadeiros medicamentos naturais. Para aproveitar esse potencial m\u00e1ximo de recupera\u00e7\u00e3o tecidual, existem m\u00e9todos pr\u00e1ticos de inserir a fruta no card\u00e1pio esportivo todas as manh\u00e3s.<\/p>\n\n\n\n<ul class=\"wp-block-list\">\n<li>Adicionar peda\u00e7os congelados em vitaminas matinais para preservar as enzimas ativas intactas.<\/li>\n\n\n\n<li>Consumir uma fatia suculenta junto com fontes de ferro para facilitar a absor\u00e7\u00e3o mineral no sangue.<\/li>\n\n\n\n<li>Preparar ch\u00e1s quentes com a casca higienizada para relaxar a musculatura tensa ap\u00f3s o esfor\u00e7o f\u00edsico.<\/li>\n<\/ul>\n\n\n\n<p>Para voc\u00ea que gosta de se cudiar, separamos um v\u00eddeo do canal <a href=\"https:\/\/www.youtube.com\/@saudavelcomigo\" target=\"_blank\" rel=\"noreferrer noopener\">Saudavel Comigo<\/a> com dicas de consumo e os benef\u00edcios do abacaxi:<\/p>\n\n\n\n<figure class=\"wp-block-embed is-type-video is-provider-youtube wp-block-embed-youtube wp-embed-aspect-16-9 wp-has-aspect-ratio\"><div class=\"wp-block-embed__wrapper\">\n<div class=\"jeg_video_container jeg_video_content\"><iframe loading=\"lazy\" title=\"DESCUBRA OS 7 SUPER BENEF\u00cdCIOS DO ABACAXI | SAUD\u00c1VEL COMIGO | [DICAS + CUIDADOS]\" width=\"500\" height=\"281\" src=\"https:\/\/www.youtube.com\/embed\/0hWQp7lZu6U?feature=oembed\" frameborder=\"0\" allow=\"accelerometer; autoplay; clipboard-write; encrypted-media; gyroscope; picture-in-picture; web-share\" referrerpolicy=\"strict-origin-when-cross-origin\" allowfullscreen><\/iframe><\/div>\n<\/div><\/figure>\n\n\n\n<h2 class=\"wp-block-heading\">Por que os benef\u00edcios do abacaxi ajudam no emagrecimento r\u00e1pido?<\/h2>\n\n\n\n<p>A fruta c\u00edtrica possui uma quantidade baix\u00edssima de calorias combinada com uma alta concentra\u00e7\u00e3o de \u00e1gua pura em sua estrutura fibrosa. <strong>Aumentar a saciedade<\/strong> entre as refei\u00e7\u00f5es principais impede lanchinhos fora de hora que prejudicam qualquer planejamento alimentar feito por um nutricionista. <strong>Controlar o apetite<\/strong> com alimentos doces diminui a compuls\u00e3o incontrol\u00e1vel por a\u00e7\u00facares refinados e sobremesas ricas em gorduras nocivas.<\/p>\n\n\n\n<p>O efeito diur\u00e9tico potente atua na elimina\u00e7\u00e3o de l\u00edquidos retidos que costumam marcar falsamente um peso muito maior na balan\u00e7a. <strong>Desinchar o corpo<\/strong> favorece a defini\u00e7\u00e3o muscular subcut\u00e2nea e melhora o contorno da silhueta em poucas semanas de consumo disciplinado. <strong>Acelerar o metabolismo<\/strong> levemente ap\u00f3s as refei\u00e7\u00f5es ajuda na queima passiva de calorias ao longo do dia inteiro de forma segura.<\/p>\n\n\n\n<figure class=\"wp-block-embed is-type-rich is-provider-pinterest wp-block-embed-pinterest\"><div class=\"wp-block-embed__wrapper\">\n<iframe loading=\"lazy\" title=\"Ch\u00e1 de Casca de Abacaxi com Canela _ 5 fatias da casca do abacaxi _ 2 unidades de canela em pau _ 3 colheres de a\u00e7\u00facar demerara (opcional) _ 50 ml de agua Deixe ferver por aproximadamente 20 minutos. #aservascuram #savrebrasil #horadocha #abacaxi\" src=\"https:\/\/assets.pinterest.com\/ext\/embed.html?id=904449537643801569&#038;src=oembed\" height=\"899\" width=\"450\" frameborder=\"0\" scrolling=\"no\" ><\/iframe>\n<\/div><\/figure>\n\n\n\n<h2 class=\"wp-block-heading\">O incr\u00edvel impacto desta fruta c\u00edtrica na sa\u00fade da pele madura<\/h2>\n\n\n\n<p>A produ\u00e7\u00e3o de col\u00e1geno natural no organismo depende diretamente de nutrientes antioxidantes presentes na composi\u00e7\u00e3o qu\u00edmica dessa poderosa fruta tropical. <strong>Fortalecer a pele<\/strong> do rosto previne a flacidez indesejada e o envelhecimento precoce causado pela exposi\u00e7\u00e3o di\u00e1ria aos raios solares intensos. <strong>Garantir a elasticidade<\/strong> facial duradoura promove uma apar\u00eancia muito mais jovem e radiante sem a necessidade de interven\u00e7\u00f5es est\u00e9ticas caras.<\/p>\n\n\n\n<p>O couro cabeludo sens\u00edvel tamb\u00e9m recebe vitaminas antioxidantes que nutrem os fol\u00edculos e evitam a queda acentuada em \u00e9pocas de estresse. <strong>Estimular o crescimento<\/strong> capilar acelerado ocorre de dentro para fora atrav\u00e9s de uma vasculariza\u00e7\u00e3o rica e nutrida pela circula\u00e7\u00e3o sangu\u00ednea. A lista impressionante de vantagens est\u00e9ticas atrai quem deseja <strong>manter a vitalidade<\/strong> facial de forma org\u00e2nica conforme os exemplos descritos abaixo.<\/p>\n\n\n\n<ul class=\"wp-block-list\">\n<li>Diminui\u00e7\u00e3o vis\u00edvel de marcas profundas gra\u00e7as \u00e0 renova\u00e7\u00e3o celular acelerada pelos antioxidantes c\u00edtricos.<\/li>\n\n\n\n<li>Fios capilares com brilho intenso devido ao controle rigoroso da oleosidade na raiz.<\/li>\n\n\n\n<li>Unhas muito mais firmes e resistentes \u00e0 quebra devido ao aporte constante de vitaminas ricas.<\/li>\n<\/ul>\n\n\n<div class=\"wp-block-image\">\n<figure class=\"aligncenter size-large\"><img loading=\"lazy\" decoding=\"async\" width=\"1024\" height=\"576\" src=\"https:\/\/www.em.com.br\/emfoco\/wp-content\/uploads\/2025\/03\/abacaxi-_1743080139057-1024x576.jpg\" alt=\"Benef\u00edcios do abacaxi\" class=\"wp-image-32865\" srcset=\"https:\/\/www.em.com.br\/emfoco\/wp-content\/uploads\/2025\/03\/abacaxi-_1743080139057-1024x576.jpg 1024w, https:\/\/www.em.com.br\/emfoco\/wp-content\/uploads\/2025\/03\/abacaxi-_1743080139057-300x169.jpg 300w, https:\/\/www.em.com.br\/emfoco\/wp-content\/uploads\/2025\/03\/abacaxi-_1743080139057-768x432.jpg 768w, https:\/\/www.em.com.br\/emfoco\/wp-content\/uploads\/2025\/03\/abacaxi-_1743080139057-750x422.jpg 750w, https:\/\/www.em.com.br\/emfoco\/wp-content\/uploads\/2025\/03\/abacaxi-_1743080139057-1140x641.jpg 1140w, https:\/\/www.em.com.br\/emfoco\/wp-content\/uploads\/2025\/03\/abacaxi-_1743080139057.jpg 1280w\" sizes=\"auto, (max-width: 1024px) 100vw, 1024px\" \/><figcaption class=\"wp-element-caption\">Um dos aspectos mais importantes do abacaxi \u00e9 o seu conte\u00fado de vitamina C &#8211; Cr\u00e9ditos: depositphotos.com \/ VadimVasenin<\/figcaption><\/figure><\/div>\n\n\n<h2 class=\"wp-block-heading\">Caminhos pr\u00e1ticos para preservar o seu vigor f\u00edsico constante<\/h2>\n\n\n\n<p>Mantenha uma alimenta\u00e7\u00e3o equilibrada e muito colorida ao longo dos dias \u00fateis. <strong>Valorizar escolhas<\/strong> ricas em nutrientes eleva a sua energia de forma duradoura. <strong>Priorizar o cuidado<\/strong> pessoal transforma completamente a sua percep\u00e7\u00e3o de qualidade de vida.<\/p>\n\n\n\n<p>Saboreie ingredientes frescos e deliciosos em todas as suas refei\u00e7\u00f5es principais. <strong>Nutrir o organismo<\/strong> com intelig\u00eancia evita o surgimento precoce de doen\u00e7as oportunistas. <strong>Viva com vitalidade<\/strong> e aproveite o vigor f\u00edsico para realizar grandes conquistas di\u00e1rias.<\/p>\n\n\n\n<p><\/p>\n","protected":false},"excerpt":{"rendered":"<p>Muitas pessoas buscam op\u00e7\u00f5es naturais para elevar a sa\u00fade sem conhecer os profundos benef\u00edcios do abacaxi para o organismo humano em geral. Essa fruta tropical guarda propriedades enzim\u00e1ticas fascinantes que prometem revolucionar o metabolismo de uma forma bastante positiva e surpreendente. Como os benef\u00edcios do abacaxi melhoram a sua digest\u00e3o di\u00e1ria? A presen\u00e7a da enzima [&hellip;]<\/p>\n","protected":false},"author":9,"featured_media":201685,"comment_status":"open","ping_status":"open","sticky":false,"template":"","format":"standard","meta":{"jnews-multi-image_gallery":[],"jnews_single_post":{"format":"standard"},"jnews_primary_category":[],"jnews_social_meta":[],"jnews_override_counter":[],"footnotes":""},"categories":[8691,8819],"tags":[911,6256,27288],"class_list":["post-201523","post","type-post","status-publish","format-standard","has-post-thumbnail","hentry","category-bem-estar","category-curiosidades","tag-alimentacao-saudavel","tag-frutas-tropicais","tag-nutricao-natural"],"yoast_head":"<!-- This site is optimized with the Yoast SEO plugin v23.8 - https:\/\/yoast.com\/wordpress\/plugins\/seo\/ -->\n<title>A fruta tropical que melhora digest\u00e3o, fortalece imunidade e ajuda na recupera\u00e7\u00e3o muscular ap\u00f3s treinos - Estado de Minas - Em foco<\/title>\n<meta name=\"description\" content=\"Muitas pessoas ignoram como os benef\u00edcios do abacaxi agem na rotina. Veja como uma simples mudan\u00e7a alimentar eleva a sua energia.\" \/>\n<meta name=\"robots\" content=\"index, follow, max-snippet:-1, max-image-preview:large, max-video-preview:-1\" \/>\n<link rel=\"canonical\" href=\"https:\/\/www.em.com.br\/emfoco\/2026\/04\/30\/a-fruta-tropical-que-melhora-digestao-fortalece-imunidade-e-ajuda-na-recuperacao-muscular-apos-treinos\/\" \/>\n<meta property=\"og:locale\" content=\"pt_BR\" \/>\n<meta property=\"og:type\" content=\"article\" \/>\n<meta property=\"og:title\" content=\"A fruta tropical que melhora digest\u00e3o, fortalece imunidade e ajuda na recupera\u00e7\u00e3o muscular ap\u00f3s treinos - Estado de Minas - Em foco\" \/>\n<meta property=\"og:description\" content=\"Muitas pessoas ignoram como os benef\u00edcios do abacaxi agem na rotina. Veja como uma simples mudan\u00e7a alimentar eleva a sua energia.\" \/>\n<meta property=\"og:url\" content=\"https:\/\/www.em.com.br\/emfoco\/2026\/04\/30\/a-fruta-tropical-que-melhora-digestao-fortalece-imunidade-e-ajuda-na-recuperacao-muscular-apos-treinos\/\" \/>\n<meta property=\"og:site_name\" content=\"Estado de Minas - Em foco\" \/>\n<meta property=\"article:published_time\" content=\"2026-04-30T15:05:00+00:00\" \/>\n<meta property=\"article:modified_time\" content=\"2026-04-29T20:35:01+00:00\" \/>\n<meta property=\"og:image\" content=\"https:\/\/www.em.com.br\/emfoco\/wp-content\/uploads\/2026\/04\/EmFoco_50-9.jpg\" \/>\n\t<meta property=\"og:image:width\" content=\"1280\" \/>\n\t<meta property=\"og:image:height\" content=\"720\" \/>\n\t<meta property=\"og:image:type\" content=\"image\/jpeg\" \/>\n<meta name=\"author\" content=\"Daniely Cardoso\" \/>\n<meta name=\"twitter:card\" content=\"summary_large_image\" \/>\n<meta name=\"twitter:label1\" content=\"Escrito por\" \/>\n\t<meta name=\"twitter:data1\" content=\"Daniely Cardoso\" \/>\n\t<meta name=\"twitter:label2\" content=\"Est. tempo de leitura\" \/>\n\t<meta name=\"twitter:data2\" content=\"6 minutos\" \/>\n<!-- \/ Yoast SEO plugin. -->","yoast_head_json":{"title":"A fruta tropical que melhora digest\u00e3o, fortalece imunidade e ajuda na recupera\u00e7\u00e3o muscular ap\u00f3s treinos - Estado de Minas - Em foco","description":"Muitas pessoas ignoram como os benef\u00edcios do abacaxi agem na rotina. Veja como uma simples mudan\u00e7a alimentar eleva a sua energia.","robots":{"index":"index","follow":"follow","max-snippet":"max-snippet:-1","max-image-preview":"max-image-preview:large","max-video-preview":"max-video-preview:-1"},"canonical":"https:\/\/www.em.com.br\/emfoco\/2026\/04\/30\/a-fruta-tropical-que-melhora-digestao-fortalece-imunidade-e-ajuda-na-recuperacao-muscular-apos-treinos\/","og_locale":"pt_BR","og_type":"article","og_title":"A fruta tropical que melhora digest\u00e3o, fortalece imunidade e ajuda na recupera\u00e7\u00e3o muscular ap\u00f3s treinos - Estado de Minas - Em foco","og_description":"Muitas pessoas ignoram como os benef\u00edcios do abacaxi agem na rotina. Veja como uma simples mudan\u00e7a alimentar eleva a sua energia.","og_url":"https:\/\/www.em.com.br\/emfoco\/2026\/04\/30\/a-fruta-tropical-que-melhora-digestao-fortalece-imunidade-e-ajuda-na-recuperacao-muscular-apos-treinos\/","og_site_name":"Estado de Minas - Em foco","article_published_time":"2026-04-30T15:05:00+00:00","article_modified_time":"2026-04-29T20:35:01+00:00","og_image":[{"width":1280,"height":720,"url":"https:\/\/www.em.com.br\/emfoco\/wp-content\/uploads\/2026\/04\/EmFoco_50-9.jpg","type":"image\/jpeg"}],"author":"Daniely Cardoso","twitter_card":"summary_large_image","twitter_misc":{"Escrito por":"Daniely Cardoso","Est. tempo de leitura":"6 minutos"},"schema":{"@context":"https:\/\/schema.org","@graph":[{"@type":"WebPage","@id":"https:\/\/www.em.com.br\/emfoco\/2026\/04\/30\/a-fruta-tropical-que-melhora-digestao-fortalece-imunidade-e-ajuda-na-recuperacao-muscular-apos-treinos\/","url":"https:\/\/www.em.com.br\/emfoco\/2026\/04\/30\/a-fruta-tropical-que-melhora-digestao-fortalece-imunidade-e-ajuda-na-recuperacao-muscular-apos-treinos\/","name":"A fruta tropical que melhora digest\u00e3o, fortalece imunidade e ajuda na recupera\u00e7\u00e3o muscular ap\u00f3s treinos - Estado de Minas - Em foco","isPartOf":{"@id":"https:\/\/www.em.com.br\/emfoco\/#website"},"primaryImageOfPage":{"@id":"https:\/\/www.em.com.br\/emfoco\/2026\/04\/30\/a-fruta-tropical-que-melhora-digestao-fortalece-imunidade-e-ajuda-na-recuperacao-muscular-apos-treinos\/#primaryimage"},"image":{"@id":"https:\/\/www.em.com.br\/emfoco\/2026\/04\/30\/a-fruta-tropical-que-melhora-digestao-fortalece-imunidade-e-ajuda-na-recuperacao-muscular-apos-treinos\/#primaryimage"},"thumbnailUrl":"https:\/\/www.em.com.br\/emfoco\/wp-content\/uploads\/2026\/04\/EmFoco_50-9.jpg","datePublished":"2026-04-30T15:05:00+00:00","dateModified":"2026-04-29T20:35:01+00:00","author":{"@id":"https:\/\/www.em.com.br\/emfoco\/#\/schema\/person\/0a8186d72f2c3a5c6276d90b41f271a0"},"description":"Muitas pessoas ignoram como os benef\u00edcios do abacaxi agem na rotina. Veja como uma simples mudan\u00e7a alimentar eleva a sua energia.","breadcrumb":{"@id":"https:\/\/www.em.com.br\/emfoco\/2026\/04\/30\/a-fruta-tropical-que-melhora-digestao-fortalece-imunidade-e-ajuda-na-recuperacao-muscular-apos-treinos\/#breadcrumb"},"inLanguage":"pt-BR","potentialAction":[{"@type":"ReadAction","target":["https:\/\/www.em.com.br\/emfoco\/2026\/04\/30\/a-fruta-tropical-que-melhora-digestao-fortalece-imunidade-e-ajuda-na-recuperacao-muscular-apos-treinos\/"]}]},{"@type":"ImageObject","inLanguage":"pt-BR","@id":"https:\/\/www.em.com.br\/emfoco\/2026\/04\/30\/a-fruta-tropical-que-melhora-digestao-fortalece-imunidade-e-ajuda-na-recuperacao-muscular-apos-treinos\/#primaryimage","url":"https:\/\/www.em.com.br\/emfoco\/wp-content\/uploads\/2026\/04\/EmFoco_50-9.jpg","contentUrl":"https:\/\/www.em.com.br\/emfoco\/wp-content\/uploads\/2026\/04\/EmFoco_50-9.jpg","width":1280,"height":720,"caption":"Enzima bromelina acelera digest\u00e3o de prote\u00ednas e fortalece o sistema imunol\u00f3gico natural"},{"@type":"BreadcrumbList","@id":"https:\/\/www.em.com.br\/emfoco\/2026\/04\/30\/a-fruta-tropical-que-melhora-digestao-fortalece-imunidade-e-ajuda-na-recuperacao-muscular-apos-treinos\/#breadcrumb","itemListElement":[{"@type":"ListItem","position":1,"name":"In\u00edcio","item":"https:\/\/www.em.com.br\/emfoco\/"},{"@type":"ListItem","position":2,"name":"A fruta tropical que melhora digest\u00e3o, fortalece imunidade e ajuda na recupera\u00e7\u00e3o muscular ap\u00f3s treinos"}]},{"@type":"WebSite","@id":"https:\/\/www.em.com.br\/emfoco\/#website","url":"https:\/\/www.em.com.br\/emfoco\/","name":"Estado de Minas - Em foco","description":"Acompanhe as \u00faltimas not\u00edcias e fique bem informado sobre tudo o que acontece em Minas Gerais, Brasil e no mundo.","potentialAction":[{"@type":"SearchAction","target":{"@type":"EntryPoint","urlTemplate":"https:\/\/www.em.com.br\/emfoco\/?s={search_term_string}"},"query-input":{"@type":"PropertyValueSpecification","valueRequired":true,"valueName":"search_term_string"}}],"inLanguage":"pt-BR"},{"@type":"Person","@id":"https:\/\/www.em.com.br\/emfoco\/#\/schema\/person\/0a8186d72f2c3a5c6276d90b41f271a0","name":"Daniely Cardoso","image":{"@type":"ImageObject","inLanguage":"pt-BR","@id":"https:\/\/www.em.com.br\/emfoco\/#\/schema\/person\/image\/","url":"https:\/\/secure.gravatar.com\/avatar\/4b80ddbd124d1f071b626d52d62e5dff?s=96&d=mm&r=g","contentUrl":"https:\/\/secure.gravatar.com\/avatar\/4b80ddbd124d1f071b626d52d62e5dff?s=96&d=mm&r=g","caption":"Daniely Cardoso"},"url":"https:\/\/www.em.com.br\/emfoco\/author\/danielymyth\/"}]}},"_links":{"self":[{"href":"https:\/\/www.em.com.br\/emfoco\/wp-json\/wp\/v2\/posts\/201523","targetHints":{"allow":["GET"]}}],"collection":[{"href":"https:\/\/www.em.com.br\/emfoco\/wp-json\/wp\/v2\/posts"}],"about":[{"href":"https:\/\/www.em.com.br\/emfoco\/wp-json\/wp\/v2\/types\/post"}],"author":[{"embeddable":true,"href":"https:\/\/www.em.com.br\/emfoco\/wp-json\/wp\/v2\/users\/9"}],"replies":[{"embeddable":true,"href":"https:\/\/www.em.com.br\/emfoco\/wp-json\/wp\/v2\/comments?post=201523"}],"version-history":[{"count":2,"href":"https:\/\/www.em.com.br\/emfoco\/wp-json\/wp\/v2\/posts\/201523\/revisions"}],"predecessor-version":[{"id":201735,"href":"https:\/\/www.em.com.br\/emfoco\/wp-json\/wp\/v2\/posts\/201523\/revisions\/201735"}],"wp:featuredmedia":[{"embeddable":true,"href":"https:\/\/www.em.com.br\/emfoco\/wp-json\/wp\/v2\/media\/201685"}],"wp:attachment":[{"href":"https:\/\/www.em.com.br\/emfoco\/wp-json\/wp\/v2\/media?parent=201523"}],"wp:term":[{"taxonomy":"category","embeddable":true,"href":"https:\/\/www.em.com.br\/emfoco\/wp-json\/wp\/v2\/categories?post=201523"},{"taxonomy":"post_tag","embeddable":true,"href":"https:\/\/www.em.com.br\/emfoco\/wp-json\/wp\/v2\/tags?post=201523"}],"curies":[{"name":"wp","href":"https:\/\/api.w.org\/{rel}","templated":true}]}}