{"id":201500,"date":"2026-04-30T10:45:00","date_gmt":"2026-04-30T13:45:00","guid":{"rendered":"https:\/\/www.em.com.br\/emfoco\/?p=201500"},"modified":"2026-04-29T17:08:21","modified_gmt":"2026-04-29T20:08:21","slug":"o-efeito-fascinante-do-calor-na-pele-como-a-sauna-auxilia-na-limpeza-dos-poros","status":"publish","type":"post","link":"https:\/\/www.em.com.br\/emfoco\/2026\/04\/30\/o-efeito-fascinante-do-calor-na-pele-como-a-sauna-auxilia-na-limpeza-dos-poros\/","title":{"rendered":"O efeito fascinante do calor na pele, como a sauna auxilia na limpeza dos poros"},"content":{"rendered":"\n<p>Muitas pessoas questionam se o uso da <strong>sauna para a pele<\/strong> realmente oferece <strong>vantagens duradouras<\/strong> ou se \u00e9 apenas um mito. O vapor aquecido possui mecanismos de a\u00e7\u00e3o muito profundos que podem transformar a sa\u00fade do seu rosto de formas inesperadas.<\/p>\n\n\n\n<h2 class=\"wp-block-heading\">Como a sauna para a pele age na limpeza profunda<\/h2>\n\n\n\n<p>O ambiente de alta temperatura faz com que os poros faciais se dilatem rapidamente durante os minutos iniciais de exposi\u00e7\u00e3o. Essa dilata\u00e7\u00e3o facilita a <strong>remo\u00e7\u00e3o de impurezas<\/strong> que ficam aprisionadas na derme ap\u00f3s um longo dia de trabalho na cidade. <strong>Suar bastante<\/strong> ajuda a expulsar toxinas acumuladas e limpa os canais foliculares de maneira totalmente natural e sem atritos.<\/p>\n\n\n\n<p>Al\u00e9m da limpeza superficial, esse processo t\u00e9rmico amolece os cravos dif\u00edceis e endurecidos que insistem em marcar a regi\u00e3o do nariz. <strong>Desobstruir os poros<\/strong> previne a forma\u00e7\u00e3o de inflama\u00e7\u00f5es avermelhadas e espinhas dolorosas que prejudicam muito a fisionomia madura no espelho. <strong>Manter a higiene<\/strong> cut\u00e2nea em dia torna-se um benef\u00edcio autom\u00e1tico para quem frequenta esse tipo de sala aquecida regularmente.<\/p>\n\n\n<div class=\"wp-block-image\">\n<figure class=\"aligncenter size-large\"><img loading=\"lazy\" decoding=\"async\" width=\"1024\" height=\"576\" src=\"https:\/\/www.em.com.br\/emfoco\/wp-content\/uploads\/2026\/04\/sauna-para-a-pele-1024x576.jpg\" alt=\"sauna para a pele\" class=\"wp-image-201506\" srcset=\"https:\/\/www.em.com.br\/emfoco\/wp-content\/uploads\/2026\/04\/sauna-para-a-pele-1024x576.jpg 1024w, https:\/\/www.em.com.br\/emfoco\/wp-content\/uploads\/2026\/04\/sauna-para-a-pele-300x169.jpg 300w, https:\/\/www.em.com.br\/emfoco\/wp-content\/uploads\/2026\/04\/sauna-para-a-pele-768x432.jpg 768w, https:\/\/www.em.com.br\/emfoco\/wp-content\/uploads\/2026\/04\/sauna-para-a-pele-750x422.jpg 750w, https:\/\/www.em.com.br\/emfoco\/wp-content\/uploads\/2026\/04\/sauna-para-a-pele-1140x641.jpg 1140w, https:\/\/www.em.com.br\/emfoco\/wp-content\/uploads\/2026\/04\/sauna-para-a-pele.jpg 1280w\" sizes=\"auto, (max-width: 1024px) 100vw, 1024px\" \/><figcaption class=\"wp-element-caption\">Al\u00e9m da limpeza superficial, esse processo t\u00e9rmico amolece os cravos dif\u00edceis e endurecidos que insistem em marcar a regi\u00e3o do nariz.<\/figcaption><\/figure><\/div>\n\n\n<p>Leia tamb\u00e9m: <a href=\"https:\/\/www.em.com.br\/emfoco\/2026\/04\/26\/estes-5-minutos-de-autocuidado-no-banho-podem-transformar-a-autoestima-da-mulher-40-no-dia-a-dia\/\" target=\"_blank\" rel=\"noreferrer noopener\">Estes 5 minutos de autocuidado no banho podem transformar a autoestima da mulher 40+ no dia a dia<\/a><\/p>\n\n\n\n<h2 class=\"wp-block-heading\">O est\u00edmulo circulat\u00f3rio e o brilho facial imediato<\/h2>\n\n\n\n<p>O calor intenso promove uma vasodilata\u00e7\u00e3o perif\u00e9rica que aumenta o fluxo de sangue em todas as camadas do tecido cut\u00e2neo. <strong>Melhorar a oxigena\u00e7\u00e3o<\/strong> das c\u00e9lulas garante que os nutrientes essenciais cheguem com mais facilidade aos locais que precisam de r\u00e1pida regenera\u00e7\u00e3o. <strong>Ativar a circula\u00e7\u00e3o<\/strong> resulta naquele aspecto rosado e cheio de vitalidade que muitas mulheres buscam atrav\u00e9s de maquiagens caras todos os dias.<\/p>\n\n\n\n<p>Este aumento no bombeamento sangu\u00edneo tamb\u00e9m acelera a produ\u00e7\u00e3o natural de prote\u00ednas firmadoras fundamentais para a estrutura da epiderme sens\u00edvel. Para maximizar esse efeito embelezador, \u00e9 preciso observar algumas pr\u00e1ticas recomendadas por dermatologistas durante a sua sess\u00e3o de relaxamento t\u00e9rmico. As orienta\u00e7\u00f5es detalhadas abaixo mostram como <strong>potencializar o brilho<\/strong> e <strong>garantir a seguran\u00e7a<\/strong> durante esse processo intenso.<\/p>\n\n\n\n<ul class=\"wp-block-list\">\n<li>Ingerir bastante \u00e1gua mineral antes da cabine para evitar qualquer grau de desidrata\u00e7\u00e3o.<\/li>\n\n\n\n<li>Evitar o uso de cosm\u00e9ticos pesados para n\u00e3o bloquear a sa\u00edda livre do suor.<\/li>\n\n\n\n<li>Lavar o rosto com \u00e1gua fria logo ap\u00f3s a sess\u00e3o para selar as cut\u00edculas.<\/li>\n<\/ul>\n\n\n\n<p>Para voc\u00ea que gosta de se cuidar, separamos um v\u00eddeo do canal do <a href=\"https:\/\/www.youtube.com\/@DrSamuelDalleLaste\" target=\"_blank\" rel=\"noreferrer noopener\">Dr. Samuel Dalle Laste<\/a> com dicas para usar sauna:<\/p>\n\n\n\n<figure class=\"wp-block-embed is-type-video is-provider-youtube wp-block-embed-youtube wp-embed-aspect-16-9 wp-has-aspect-ratio\"><div class=\"wp-block-embed__wrapper\">\n<div class=\"jeg_video_container jeg_video_content\"><iframe loading=\"lazy\" title=\"SAUNA SECA ou \u00daMIDA? Qual a mais saud\u00e1vel? \ud83e\uddd6\u200d\u2642\ufe0f [DICA #126]\" width=\"500\" height=\"281\" src=\"https:\/\/www.youtube.com\/embed\/_yPOuGL_gwE?start=35&#038;feature=oembed\" frameborder=\"0\" allow=\"accelerometer; autoplay; clipboard-write; encrypted-media; gyroscope; picture-in-picture; web-share\" referrerpolicy=\"strict-origin-when-cross-origin\" allowfullscreen><\/iframe><\/div>\n<\/div><\/figure>\n\n\n\n<h2 class=\"wp-block-heading\">Por que a sauna para a pele auxilia na hidrata\u00e7\u00e3o<\/h2>\n\n\n\n<p>Embora pare\u00e7a contradit\u00f3rio suar e ganhar maciez, a sauna para a pele ativa as gl\u00e2ndulas seb\u00e1ceas na medida exata. <strong>Produzir lip\u00eddios<\/strong> naturais cria uma barreira fina de prote\u00e7\u00e3o que impede o ressecamento agudo causado por ventos frios ou ar condicionado. <strong>Equilibrar a oleosidade<\/strong> ajuda imensamente as pessoas que sofrem com descama\u00e7\u00f5es cr\u00f4nicas e irrita\u00e7\u00f5es persistentes nas bochechas ou testa.<\/p>\n\n\n\n<p>A umidade presente nas cabines a vapor tamb\u00e9m atua amolecendo a camada de queratina morta que costuma deixar o semblante opaco. <strong>Renovar a textura<\/strong> facial facilita muito a penetra\u00e7\u00e3o de cremes noturnos de tratamento que voc\u00ea aplica durante a rotina em casa. <strong>Absorver os nutrientes<\/strong> de forma otimizada eleva a qualidade do cuidado di\u00e1rio sem exigir a compra de novos cosm\u00e9ticos caros.<\/p>\n\n\n\n<figure class=\"wp-block-embed is-type-rich is-provider-pinterest wp-block-embed-pinterest\"><div class=\"wp-block-embed__wrapper\">\n<iframe loading=\"lazy\" title=\"Sauna domowa - Czarn\u00f3wka (Warszawa, mazowieckie\" src=\"https:\/\/assets.pinterest.com\/ext\/embed.html?id=1135399756027709947&#038;src=oembed\" height=\"775\" width=\"450\" frameborder=\"0\" scrolling=\"no\" ><\/iframe>\n<\/div><\/figure>\n\n\n\n<h2 class=\"wp-block-heading\">Cuidados fundamentais ao usar a sauna para a pele<\/h2>\n\n\n\n<p>A exposi\u00e7\u00e3o prolongada a temperaturas extremas causa efeitos inversos se n\u00e3o houver um controle do tempo de perman\u00eancia na sala. <strong>Limitar os minutos<\/strong> de uso previne o rompimento de vasos capilares que causam manchas vermelhas permanentes na face muito sens\u00edvel. <strong>Proteger a sa\u00fade<\/strong> vascular exige que pessoas com diagn\u00f3stico de ros\u00e1cea consultem um m\u00e9dico antes de adotar essa pr\u00e1tica de relaxamento.<\/p>\n\n\n\n<p>Ap\u00f3s o banho de calor intenso, a derme fica extremamente receptiva, mas tamb\u00e9m totalmente vulner\u00e1vel a agress\u00f5es externas e atritos desnecess\u00e1rios. Para manter o seu rosto seguro, existem passos que devem ser incorporados imediatamente ao sair daquele ambiente muito quente e abafado. A lista a seguir detalha atitudes b\u00e1sicas para <strong>preservar o vi\u00e7o<\/strong> e <strong>acalmar os tecidos<\/strong> rec\u00e9m-estimulados pelo choque t\u00e9rmico natural.<\/p>\n\n\n\n<ul class=\"wp-block-list\">\n<li>Aplicar compressas calmantes geladas para reduzir a sensibilidade e a hiperemia tempor\u00e1ria.<\/li>\n\n\n\n<li>Espalhar um s\u00e9rum leve hidratante para reter as mol\u00e9culas de \u00e1gua nas camadas celulares.<\/li>\n\n\n\n<li>Usar filtros solares f\u00edsicos caso precise sair ao ar livre ap\u00f3s terminar o procedimento relaxante.<\/li>\n<\/ul>\n\n\n\n<h2 class=\"wp-block-heading\">Rotina de relaxamento para um semblante mais jovem<\/h2>\n\n\n\n<p>O equil\u00edbrio entre o descanso e o cuidado f\u00edsico reflete na luminosidade que o espelho devolve todos os dias. <strong>Priorizar o relaxamento<\/strong> ajuda a baixar os n\u00edveis de cortisol circulante que costumam destruir as fibras de col\u00e1geno da sua face. <strong>Cuidar do corpo<\/strong> de maneira integral \u00e9 o verdadeiro segredo para envelhecer com sa\u00fade, gra\u00e7a e muita autoconfian\u00e7a.<\/p>\n\n\n\n<p>Adote pr\u00e1ticas que tragam conforto e bem-estar para aliviar a tens\u00e3o acumulada nos m\u00fasculos da mand\u00edbula e do rosto. <strong>Respeitar seus limites<\/strong> biol\u00f3gicos garante uma jornada de beleza sustent\u00e1vel e livre de estresse ou cobran\u00e7as est\u00e9ticas irreais na fase adulta. <strong>Celebre sua imagem<\/strong> atual investindo um tempo valioso em momentos exclusivos de paz, sil\u00eancio e renova\u00e7\u00e3o pessoal cont\u00ednua.<\/p>\n","protected":false},"excerpt":{"rendered":"<p>Muitas pessoas questionam se o uso da sauna para a pele realmente oferece vantagens duradouras ou se \u00e9 apenas um mito. O vapor aquecido possui mecanismos de a\u00e7\u00e3o muito profundos que podem transformar a sa\u00fade do seu rosto de formas inesperadas. Como a sauna para a pele age na limpeza profunda O ambiente de alta [&hellip;]<\/p>\n","protected":false},"author":9,"featured_media":201684,"comment_status":"open","ping_status":"open","sticky":false,"template":"","format":"standard","meta":{"jnews-multi-image_gallery":[],"jnews_single_post":{"format":"standard"},"jnews_primary_category":[],"jnews_social_meta":[],"jnews_override_counter":[],"footnotes":""},"categories":[8691,29],"tags":[28995,4939,7964],"class_list":["post-201500","post","type-post","status-publish","format-standard","has-post-thumbnail","hentry","category-bem-estar","category-entretenimento","tag-beneficios-do-calor","tag-cuidados-com-a-pele","tag-limpeza-facial"],"yoast_head":"<!-- This site is optimized with the Yoast SEO plugin v23.8 - https:\/\/yoast.com\/wordpress\/plugins\/seo\/ -->\n<title>O efeito fascinante do calor na pele, como a sauna auxilia na limpeza dos poros - Estado de Minas - Em foco<\/title>\n<meta name=\"description\" content=\"A sauna para a pele pode transformar a sa\u00fade do seu rosto de maneiras inesperadas. Veja como essa pr\u00e1tica de calor age na sua beleza.\" \/>\n<meta name=\"robots\" content=\"index, follow, max-snippet:-1, max-image-preview:large, max-video-preview:-1\" \/>\n<link rel=\"canonical\" href=\"https:\/\/www.em.com.br\/emfoco\/2026\/04\/30\/o-efeito-fascinante-do-calor-na-pele-como-a-sauna-auxilia-na-limpeza-dos-poros\/\" \/>\n<meta property=\"og:locale\" content=\"pt_BR\" \/>\n<meta property=\"og:type\" content=\"article\" \/>\n<meta property=\"og:title\" content=\"O efeito fascinante do calor na pele, como a sauna auxilia na limpeza dos poros - Estado de Minas - Em foco\" \/>\n<meta property=\"og:description\" content=\"A sauna para a pele pode transformar a sa\u00fade do seu rosto de maneiras inesperadas. Veja como essa pr\u00e1tica de calor age na sua beleza.\" \/>\n<meta property=\"og:url\" content=\"https:\/\/www.em.com.br\/emfoco\/2026\/04\/30\/o-efeito-fascinante-do-calor-na-pele-como-a-sauna-auxilia-na-limpeza-dos-poros\/\" \/>\n<meta property=\"og:site_name\" content=\"Estado de Minas - Em foco\" \/>\n<meta property=\"article:published_time\" content=\"2026-04-30T13:45:00+00:00\" \/>\n<meta property=\"article:modified_time\" content=\"2026-04-29T20:08:21+00:00\" \/>\n<meta property=\"og:image\" content=\"https:\/\/www.em.com.br\/emfoco\/wp-content\/uploads\/2026\/04\/EmFoco_51-8.jpg\" \/>\n\t<meta property=\"og:image:width\" content=\"1280\" \/>\n\t<meta property=\"og:image:height\" content=\"720\" \/>\n\t<meta property=\"og:image:type\" content=\"image\/jpeg\" \/>\n<meta name=\"author\" content=\"Daniely Cardoso\" \/>\n<meta name=\"twitter:card\" content=\"summary_large_image\" \/>\n<meta name=\"twitter:label1\" content=\"Escrito por\" \/>\n\t<meta name=\"twitter:data1\" content=\"Daniely Cardoso\" \/>\n\t<meta name=\"twitter:label2\" content=\"Est. tempo de leitura\" \/>\n\t<meta name=\"twitter:data2\" content=\"5 minutos\" \/>\n<!-- \/ Yoast SEO plugin. -->","yoast_head_json":{"title":"O efeito fascinante do calor na pele, como a sauna auxilia na limpeza dos poros - Estado de Minas - Em foco","description":"A sauna para a pele pode transformar a sa\u00fade do seu rosto de maneiras inesperadas. Veja como essa pr\u00e1tica de calor age na sua beleza.","robots":{"index":"index","follow":"follow","max-snippet":"max-snippet:-1","max-image-preview":"max-image-preview:large","max-video-preview":"max-video-preview:-1"},"canonical":"https:\/\/www.em.com.br\/emfoco\/2026\/04\/30\/o-efeito-fascinante-do-calor-na-pele-como-a-sauna-auxilia-na-limpeza-dos-poros\/","og_locale":"pt_BR","og_type":"article","og_title":"O efeito fascinante do calor na pele, como a sauna auxilia na limpeza dos poros - Estado de Minas - Em foco","og_description":"A sauna para a pele pode transformar a sa\u00fade do seu rosto de maneiras inesperadas. Veja como essa pr\u00e1tica de calor age na sua beleza.","og_url":"https:\/\/www.em.com.br\/emfoco\/2026\/04\/30\/o-efeito-fascinante-do-calor-na-pele-como-a-sauna-auxilia-na-limpeza-dos-poros\/","og_site_name":"Estado de Minas - Em foco","article_published_time":"2026-04-30T13:45:00+00:00","article_modified_time":"2026-04-29T20:08:21+00:00","og_image":[{"width":1280,"height":720,"url":"https:\/\/www.em.com.br\/emfoco\/wp-content\/uploads\/2026\/04\/EmFoco_51-8.jpg","type":"image\/jpeg"}],"author":"Daniely Cardoso","twitter_card":"summary_large_image","twitter_misc":{"Escrito por":"Daniely Cardoso","Est. tempo de leitura":"5 minutos"},"schema":{"@context":"https:\/\/schema.org","@graph":[{"@type":"WebPage","@id":"https:\/\/www.em.com.br\/emfoco\/2026\/04\/30\/o-efeito-fascinante-do-calor-na-pele-como-a-sauna-auxilia-na-limpeza-dos-poros\/","url":"https:\/\/www.em.com.br\/emfoco\/2026\/04\/30\/o-efeito-fascinante-do-calor-na-pele-como-a-sauna-auxilia-na-limpeza-dos-poros\/","name":"O efeito fascinante do calor na pele, como a sauna auxilia na limpeza dos poros - Estado de Minas - Em foco","isPartOf":{"@id":"https:\/\/www.em.com.br\/emfoco\/#website"},"primaryImageOfPage":{"@id":"https:\/\/www.em.com.br\/emfoco\/2026\/04\/30\/o-efeito-fascinante-do-calor-na-pele-como-a-sauna-auxilia-na-limpeza-dos-poros\/#primaryimage"},"image":{"@id":"https:\/\/www.em.com.br\/emfoco\/2026\/04\/30\/o-efeito-fascinante-do-calor-na-pele-como-a-sauna-auxilia-na-limpeza-dos-poros\/#primaryimage"},"thumbnailUrl":"https:\/\/www.em.com.br\/emfoco\/wp-content\/uploads\/2026\/04\/EmFoco_51-8.jpg","datePublished":"2026-04-30T13:45:00+00:00","dateModified":"2026-04-29T20:08:21+00:00","author":{"@id":"https:\/\/www.em.com.br\/emfoco\/#\/schema\/person\/0a8186d72f2c3a5c6276d90b41f271a0"},"description":"A sauna para a pele pode transformar a sa\u00fade do seu rosto de maneiras inesperadas. Veja como essa pr\u00e1tica de calor age na sua beleza.","breadcrumb":{"@id":"https:\/\/www.em.com.br\/emfoco\/2026\/04\/30\/o-efeito-fascinante-do-calor-na-pele-como-a-sauna-auxilia-na-limpeza-dos-poros\/#breadcrumb"},"inLanguage":"pt-BR","potentialAction":[{"@type":"ReadAction","target":["https:\/\/www.em.com.br\/emfoco\/2026\/04\/30\/o-efeito-fascinante-do-calor-na-pele-como-a-sauna-auxilia-na-limpeza-dos-poros\/"]}]},{"@type":"ImageObject","inLanguage":"pt-BR","@id":"https:\/\/www.em.com.br\/emfoco\/2026\/04\/30\/o-efeito-fascinante-do-calor-na-pele-como-a-sauna-auxilia-na-limpeza-dos-poros\/#primaryimage","url":"https:\/\/www.em.com.br\/emfoco\/wp-content\/uploads\/2026\/04\/EmFoco_51-8.jpg","contentUrl":"https:\/\/www.em.com.br\/emfoco\/wp-content\/uploads\/2026\/04\/EmFoco_51-8.jpg","width":1280,"height":720,"caption":"Calor \u00famido dilata poros facilitando remo\u00e7\u00e3o de toxinas e estimulando circula\u00e7\u00e3o facial"},{"@type":"BreadcrumbList","@id":"https:\/\/www.em.com.br\/emfoco\/2026\/04\/30\/o-efeito-fascinante-do-calor-na-pele-como-a-sauna-auxilia-na-limpeza-dos-poros\/#breadcrumb","itemListElement":[{"@type":"ListItem","position":1,"name":"In\u00edcio","item":"https:\/\/www.em.com.br\/emfoco\/"},{"@type":"ListItem","position":2,"name":"O efeito fascinante do calor na pele, como a sauna auxilia na limpeza dos poros"}]},{"@type":"WebSite","@id":"https:\/\/www.em.com.br\/emfoco\/#website","url":"https:\/\/www.em.com.br\/emfoco\/","name":"Estado de Minas - Em foco","description":"Acompanhe as \u00faltimas not\u00edcias e fique bem informado sobre tudo o que acontece em Minas Gerais, Brasil e no mundo.","potentialAction":[{"@type":"SearchAction","target":{"@type":"EntryPoint","urlTemplate":"https:\/\/www.em.com.br\/emfoco\/?s={search_term_string}"},"query-input":{"@type":"PropertyValueSpecification","valueRequired":true,"valueName":"search_term_string"}}],"inLanguage":"pt-BR"},{"@type":"Person","@id":"https:\/\/www.em.com.br\/emfoco\/#\/schema\/person\/0a8186d72f2c3a5c6276d90b41f271a0","name":"Daniely Cardoso","image":{"@type":"ImageObject","inLanguage":"pt-BR","@id":"https:\/\/www.em.com.br\/emfoco\/#\/schema\/person\/image\/","url":"https:\/\/secure.gravatar.com\/avatar\/4b80ddbd124d1f071b626d52d62e5dff?s=96&d=mm&r=g","contentUrl":"https:\/\/secure.gravatar.com\/avatar\/4b80ddbd124d1f071b626d52d62e5dff?s=96&d=mm&r=g","caption":"Daniely Cardoso"},"url":"https:\/\/www.em.com.br\/emfoco\/author\/danielymyth\/"}]}},"_links":{"self":[{"href":"https:\/\/www.em.com.br\/emfoco\/wp-json\/wp\/v2\/posts\/201500","targetHints":{"allow":["GET"]}}],"collection":[{"href":"https:\/\/www.em.com.br\/emfoco\/wp-json\/wp\/v2\/posts"}],"about":[{"href":"https:\/\/www.em.com.br\/emfoco\/wp-json\/wp\/v2\/types\/post"}],"author":[{"embeddable":true,"href":"https:\/\/www.em.com.br\/emfoco\/wp-json\/wp\/v2\/users\/9"}],"replies":[{"embeddable":true,"href":"https:\/\/www.em.com.br\/emfoco\/wp-json\/wp\/v2\/comments?post=201500"}],"version-history":[{"count":1,"href":"https:\/\/www.em.com.br\/emfoco\/wp-json\/wp\/v2\/posts\/201500\/revisions"}],"predecessor-version":[{"id":201515,"href":"https:\/\/www.em.com.br\/emfoco\/wp-json\/wp\/v2\/posts\/201500\/revisions\/201515"}],"wp:featuredmedia":[{"embeddable":true,"href":"https:\/\/www.em.com.br\/emfoco\/wp-json\/wp\/v2\/media\/201684"}],"wp:attachment":[{"href":"https:\/\/www.em.com.br\/emfoco\/wp-json\/wp\/v2\/media?parent=201500"}],"wp:term":[{"taxonomy":"category","embeddable":true,"href":"https:\/\/www.em.com.br\/emfoco\/wp-json\/wp\/v2\/categories?post=201500"},{"taxonomy":"post_tag","embeddable":true,"href":"https:\/\/www.em.com.br\/emfoco\/wp-json\/wp\/v2\/tags?post=201500"}],"curies":[{"name":"wp","href":"https:\/\/api.w.org\/{rel}","templated":true}]}}