{"id":201490,"date":"2026-04-30T07:25:00","date_gmt":"2026-04-30T10:25:00","guid":{"rendered":"https:\/\/www.em.com.br\/emfoco\/?p=201490"},"modified":"2026-04-29T17:33:05","modified_gmt":"2026-04-29T20:33:05","slug":"adeus-as-espinhas-depois-dos-30-o-impacto-da-esfoliacao-no-tratamento-da-acne-e-renovacao-da-pele","status":"publish","type":"post","link":"https:\/\/www.em.com.br\/emfoco\/2026\/04\/30\/adeus-as-espinhas-depois-dos-30-o-impacto-da-esfoliacao-no-tratamento-da-acne-e-renovacao-da-pele\/","title":{"rendered":"Adeus as espinhas depois dos 30, o impacto da esfolia\u00e7\u00e3o no tratamento da acne e na renova\u00e7\u00e3o da pele"},"content":{"rendered":"\n<p>Muitas pessoas com pele madura buscam formas eficientes e seguras para controlar espinhas e cravos sem causar irrita\u00e7\u00f5es severas no rosto. O uso correto da <strong>esfolia\u00e7\u00e3o facial<\/strong> pode ser o grande segredo para transformar essa textura irregular em uma c\u00fatis totalmente renovada e saud\u00e1vel.<\/p>\n\n\n\n<h2 class=\"wp-block-heading\">Como a esfolia\u00e7\u00e3o facial desobstrui os poros entupidos<\/h2>\n\n\n\n<p>O ac\u00famulo di\u00e1rio de c\u00e9lulas mortas e polui\u00e7\u00e3o ambiental cria uma barreira espessa que favorece o surgimento de espinhas persistentes. Esse procedimento f\u00edsico ou qu\u00edmico atua diretamente na remo\u00e7\u00e3o minuciosa dessa camada superficial que impede a respira\u00e7\u00e3o adequada da derme. <strong>Limpar profundamente<\/strong> os canais foliculares evita que o sebo natural se transforme em uma inflama\u00e7\u00e3o dolorosa e inc\u00f4moda na fase adulta.<\/p>\n\n\n\n<p>Quando a superf\u00edcie epid\u00e9rmica est\u00e1 livre de barreiras f\u00edsicas, o ciclo natural de regenera\u00e7\u00e3o noturna ocorre de maneira muito mais eficiente e cont\u00ednua. <strong>Melhorar a oxigena\u00e7\u00e3o<\/strong> dos tecidos perif\u00e9ricos diminui drasticamente a forma\u00e7\u00e3o de novas imperfei\u00e7\u00f5es na regi\u00e3o sens\u00edvel do queixo e da mand\u00edbula. O rosto ganha um <strong>brilho natural<\/strong> revigorante logo ap\u00f3s as primeiras sess\u00f5es de cuidado direcionado para essa necessidade espec\u00edfica.<\/p>\n\n\n<div class=\"wp-block-image\">\n<figure class=\"aligncenter size-large\"><img loading=\"lazy\" decoding=\"async\" width=\"1024\" height=\"576\" src=\"https:\/\/www.em.com.br\/emfoco\/wp-content\/uploads\/2026\/04\/Esfoliacao-facial-1024x576.jpg\" alt=\"Esfolia\u00e7\u00e3o facial\" class=\"wp-image-201491\" srcset=\"https:\/\/www.em.com.br\/emfoco\/wp-content\/uploads\/2026\/04\/Esfoliacao-facial-1024x576.jpg 1024w, https:\/\/www.em.com.br\/emfoco\/wp-content\/uploads\/2026\/04\/Esfoliacao-facial-300x169.jpg 300w, https:\/\/www.em.com.br\/emfoco\/wp-content\/uploads\/2026\/04\/Esfoliacao-facial-768x432.jpg 768w, https:\/\/www.em.com.br\/emfoco\/wp-content\/uploads\/2026\/04\/Esfoliacao-facial-750x422.jpg 750w, https:\/\/www.em.com.br\/emfoco\/wp-content\/uploads\/2026\/04\/Esfoliacao-facial-1140x641.jpg 1140w, https:\/\/www.em.com.br\/emfoco\/wp-content\/uploads\/2026\/04\/Esfoliacao-facial.jpg 1280w\" sizes=\"auto, (max-width: 1024px) 100vw, 1024px\" \/><figcaption class=\"wp-element-caption\">Quando a superf\u00edcie epid\u00e9rmica est\u00e1 livre de barreiras f\u00edsicas, o ciclo natural de regenera\u00e7\u00e3o noturna ocorre de maneira muito mais eficiente e cont\u00ednua<\/figcaption><\/figure><\/div>\n\n\n<p>Leia tamb\u00e9m: <a href=\"https:\/\/www.em.com.br\/emfoco\/2026\/04\/26\/alimentos-antirrugas-veja-quais-ajudam-a-manter-a-pele-hidratada-nutrida-e-com-aparencia-mais-jovem-naturalmente\/\" target=\"_blank\" rel=\"noreferrer noopener\">Alimentos antirrugas: veja quais ajudam a manter a pele hidratada, nutrida e com apar\u00eancia mais jovem naturalmente<\/a><\/p>\n\n\n\n<h2 class=\"wp-block-heading\">Por que a pr\u00e1tica aumenta a absor\u00e7\u00e3o de cosm\u00e9ticos<\/h2>\n\n\n\n<p>Uma barreira espessa de sujeira e suor bloqueia a passagem dos ativos valiosos presentes nos seus s\u00e9runs de tratamento di\u00e1rio contra acne. A limpeza profunda remove esse escudo indesejado e prepara o terreno celular para receber toda a hidrata\u00e7\u00e3o necess\u00e1ria durante a noite de sono. <strong>Potencializar os resultados<\/strong> dos seus cremes caros \u00e9 uma vantagem econ\u00f4mica que melhora consideravelmente o aspecto global do seu rosto.<\/p>\n\n\n\n<p>Para garantir o m\u00e1ximo de aproveitamento biol\u00f3gico sem causar danos, \u00e9 preciso entender as principais ferramentas dispon\u00edveis no mercado de beleza atual. As op\u00e7\u00f5es listadas a seguir apresentam as abordagens mais seguras e modernas para tratar peles que sofrem com inflama\u00e7\u00f5es na maturidade. <strong>Escolher o m\u00e9todo<\/strong> adequado garante que a sua barreira protetora continue perfeitamente intacta e livre de sensibilidades perigosas.<\/p>\n\n\n\n<ul class=\"wp-block-list\">\n<li>\u00c1cido salic\u00edlico formulado para dissolver a oleosidade de forma qu\u00edmica sem necessitar de atrito mec\u00e2nico constante.<\/li>\n\n\n\n<li>Enzimas de frutas tropicais que promovem uma renova\u00e7\u00e3o cut\u00e2nea extremamente suave e controlada para peles sens\u00edveis.<\/li>\n\n\n\n<li>Microesferas redondas biodegrad\u00e1veis que realizam um polimento f\u00edsico delicado na camada externa da epiderme do rosto.<\/li>\n<\/ul>\n\n\n\n<p>Para voc\u00ea que gosta de se cuidar, separamos um v\u00eddeo do canal da <a href=\"https:\/\/www.youtube.com\/@DraMarinaHayashida\" target=\"_blank\" rel=\"noreferrer noopener\">Dra. Marina Hayashida<\/a> com dicas para tratar espinhas:<\/p>\n\n\n\n<figure class=\"wp-block-embed is-type-video is-provider-youtube wp-block-embed-youtube wp-embed-aspect-16-9 wp-has-aspect-ratio\"><div class=\"wp-block-embed__wrapper\">\n<div class=\"jeg_video_container jeg_video_content\"><iframe loading=\"lazy\" title=\"ACNE DA MULHER ADULTA: o que \u00e9, tratamentos e como controlar de vez I Dermato explica!\" width=\"500\" height=\"281\" src=\"https:\/\/www.youtube.com\/embed\/zUTu84pA0Nc?feature=oembed\" frameborder=\"0\" allow=\"accelerometer; autoplay; clipboard-write; encrypted-media; gyroscope; picture-in-picture; web-share\" referrerpolicy=\"strict-origin-when-cross-origin\" allowfullscreen><\/iframe><\/div>\n<\/div><\/figure>\n\n\n\n<h2 class=\"wp-block-heading\">Qual a frequ\u00eancia segura para a esfolia\u00e7\u00e3o facial<\/h2>\n\n\n\n<p>O exagero na fric\u00e7\u00e3o manual ou no uso de \u00e1cidos fortes costuma remover os \u00f3leos essenciais que protegem a face diariamente contra bact\u00e9rias. A <strong>esfolia\u00e7\u00e3o facial<\/strong> precisa de intervalos bem definidos e respeitados para que o tecido consiga se recuperar sem sofrer estresse oxidativo severo. <strong>Evitar o ressecamento<\/strong> agudo impede o temido efeito rebote que faz as gl\u00e2ndulas seb\u00e1ceas produzirem gordura em quantidade muito superior ao normal.<\/p>\n\n\n\n<p>Dermatologistas experientes recomendam realizar esse ritual de limpeza profunda apenas uma ou no m\u00e1ximo duas vezes durante a semana \u00fatil. <strong>Monitorar a vermelhid\u00e3o<\/strong> excessiva ap\u00f3s o banho ajuda a ajustar esse calend\u00e1rio de beleza de acordo com a resposta biol\u00f3gica do seu organismo. <strong>Manter o equil\u00edbrio<\/strong> h\u00eddrico e lip\u00eddico \u00e9 a chave mestra para tratar cravos sem causar uma descama\u00e7\u00e3o dolorosa e esteticamente desagrad\u00e1vel.<\/p>\n\n\n\n<figure class=\"wp-block-embed is-type-rich is-provider-pinterest wp-block-embed-pinterest\"><div class=\"wp-block-embed__wrapper\">\n<iframe loading=\"lazy\" title=\"Como acabar com a acne inflamada\" src=\"https:\/\/assets.pinterest.com\/ext\/embed.html?id=893753488542030801&#038;src=oembed\" height=\"899\" width=\"450\" frameborder=\"0\" scrolling=\"no\" ><\/iframe>\n<\/div><\/figure>\n\n\n\n<h2 class=\"wp-block-heading\">Os efeitos positivos na preven\u00e7\u00e3o do envelhecimento precoce<\/h2>\n\n\n\n<p>O atrito suave e a a\u00e7\u00e3o qu\u00edmica dos ativos estimulam a circula\u00e7\u00e3o de sangue nas camadas mais profundas e perif\u00e9ricas da face. Esse aumento no fluxo sangu\u00edneo leva muito mais nutrientes essenciais e oxig\u00eanio para as c\u00e9lulas que precisam de reparo imediato ap\u00f3s agress\u00f5es externas. <strong>Estimular o col\u00e1geno<\/strong> torna-se um benef\u00edcio secund\u00e1rio maravilhoso que suaviza pequenas linhas de express\u00e3o e rugas muito precoces no rosto.<\/p>\n\n\n\n<p>A retirada constante do tecido morto epid\u00e9rmico tamb\u00e9m ajuda a clarear manchas escuras deixadas por antigas les\u00f5es inflamadas que demoram a desaparecer. <strong>Uniformizar o tom<\/strong> proporciona uma fisionomia visivelmente mais jovem e diminui a depend\u00eancia di\u00e1ria do uso de maquiagens de alta cobertura. <strong>Recuperar a textura<\/strong> aveludada original devolve a confian\u00e7a para transitar em qualquer ambiente social exibindo uma beleza aut\u00eantica e totalmente natural.<\/p>\n\n\n<div class=\"wp-block-image\">\n<figure class=\"aligncenter size-large\"><img loading=\"lazy\" decoding=\"async\" width=\"1024\" height=\"576\" src=\"https:\/\/www.em.com.br\/emfoco\/wp-content\/uploads\/2026\/04\/Esfoliacao-facial-1-1024x576.jpg\" alt=\"Esfolia\u00e7\u00e3o facial \" class=\"wp-image-201493\" srcset=\"https:\/\/www.em.com.br\/emfoco\/wp-content\/uploads\/2026\/04\/Esfoliacao-facial-1-1024x576.jpg 1024w, https:\/\/www.em.com.br\/emfoco\/wp-content\/uploads\/2026\/04\/Esfoliacao-facial-1-300x169.jpg 300w, https:\/\/www.em.com.br\/emfoco\/wp-content\/uploads\/2026\/04\/Esfoliacao-facial-1-768x432.jpg 768w, https:\/\/www.em.com.br\/emfoco\/wp-content\/uploads\/2026\/04\/Esfoliacao-facial-1-750x422.jpg 750w, https:\/\/www.em.com.br\/emfoco\/wp-content\/uploads\/2026\/04\/Esfoliacao-facial-1-1140x641.jpg 1140w, https:\/\/www.em.com.br\/emfoco\/wp-content\/uploads\/2026\/04\/Esfoliacao-facial-1.jpg 1280w\" sizes=\"auto, (max-width: 1024px) 100vw, 1024px\" \/><figcaption class=\"wp-element-caption\">O atrito suave e a a\u00e7\u00e3o qu\u00edmica dos ativos estimulam a circula\u00e7\u00e3o de sangue nas camadas mais profundas e perif\u00e9ricas da face. <\/figcaption><\/figure><\/div>\n\n\n<h2 class=\"wp-block-heading\">Dicas cruciais para realizar a esfolia\u00e7\u00e3o facial com seguran\u00e7a<\/h2>\n\n\n\n<p>Utilize sempre movimentos circulares e muito leves para n\u00e3o machucar o tecido vascularizado durante a aplica\u00e7\u00e3o do produto durante o banho. <strong>Aplicar um hidratante<\/strong> calmante imediatamente ap\u00f3s o enx\u00e1gue com \u00e1gua fria sela a umidade e reduz qualquer sensibilidade passageira na regi\u00e3o tratada. Use protetor solar facial rigorosamente todas as manh\u00e3s para proteger a epiderme renovada dos danos causados pelos raios solares intensos.<\/p>\n\n\n\n<p>Respeite sempre os limites f\u00edsicos do seu corpo e preste muita aten\u00e7\u00e3o aos m\u00ednimos sinais que ele emite diariamente frente ao espelho. <strong>Priorizar a sa\u00fade<\/strong> cut\u00e2nea ao inv\u00e9s da est\u00e9tica irreal traz recompensas vis\u00edveis que melhoram a sua qualidade de vida e o bem-estar di\u00e1rio. <strong>Aproveite esse momento<\/strong> de autocuidado exclusivo para relaxar profundamente e se conectar com a sua pr\u00f3pria beleza de forma extremamente positiva.<\/p>\n\n\n\n<p><\/p>\n","protected":false},"excerpt":{"rendered":"<p>Muitas pessoas com pele madura buscam formas eficientes e seguras para controlar espinhas e cravos sem causar irrita\u00e7\u00f5es severas no rosto. O uso correto da esfolia\u00e7\u00e3o facial pode ser o grande segredo para transformar essa textura irregular em uma c\u00fatis totalmente renovada e saud\u00e1vel. Como a esfolia\u00e7\u00e3o facial desobstrui os poros entupidos O ac\u00famulo di\u00e1rio [&hellip;]<\/p>\n","protected":false},"author":9,"featured_media":201689,"comment_status":"open","ping_status":"open","sticky":false,"template":"","format":"standard","meta":{"jnews-multi-image_gallery":[],"jnews_single_post":{"format":"standard"},"jnews_primary_category":[],"jnews_social_meta":[],"jnews_override_counter":[],"footnotes":""},"categories":[8691,29],"tags":[27378,4939,28994],"class_list":["post-201490","post","type-post","status-publish","format-standard","has-post-thumbnail","hentry","category-bem-estar","category-entretenimento","tag-acne-adulta","tag-cuidados-com-a-pele","tag-limpeza-profunda"],"yoast_head":"<!-- This site is optimized with the Yoast SEO plugin v23.8 - https:\/\/yoast.com\/wordpress\/plugins\/seo\/ -->\n<title>Adeus as espinhas depois dos 30, o impacto da esfolia\u00e7\u00e3o no tratamento da acne e na renova\u00e7\u00e3o da pele - Estado de Minas - Em foco<\/title>\n<meta name=\"description\" content=\"A esfolia\u00e7\u00e3o facial atua na remo\u00e7\u00e3o de impurezas profundas para renovar a pele. Melhore a textura do seu rosto de maneira segura.\" \/>\n<meta name=\"robots\" content=\"index, follow, max-snippet:-1, max-image-preview:large, max-video-preview:-1\" \/>\n<link rel=\"canonical\" href=\"https:\/\/www.em.com.br\/emfoco\/2026\/04\/30\/adeus-as-espinhas-depois-dos-30-o-impacto-da-esfoliacao-no-tratamento-da-acne-e-renovacao-da-pele\/\" \/>\n<meta property=\"og:locale\" content=\"pt_BR\" \/>\n<meta property=\"og:type\" content=\"article\" \/>\n<meta property=\"og:title\" content=\"Adeus as espinhas depois dos 30, o impacto da esfolia\u00e7\u00e3o no tratamento da acne e na renova\u00e7\u00e3o da pele - Estado de Minas - Em foco\" \/>\n<meta property=\"og:description\" content=\"A esfolia\u00e7\u00e3o facial atua na remo\u00e7\u00e3o de impurezas profundas para renovar a pele. Melhore a textura do seu rosto de maneira segura.\" \/>\n<meta property=\"og:url\" content=\"https:\/\/www.em.com.br\/emfoco\/2026\/04\/30\/adeus-as-espinhas-depois-dos-30-o-impacto-da-esfoliacao-no-tratamento-da-acne-e-renovacao-da-pele\/\" \/>\n<meta property=\"og:site_name\" content=\"Estado de Minas - Em foco\" \/>\n<meta property=\"article:published_time\" content=\"2026-04-30T10:25:00+00:00\" \/>\n<meta property=\"article:modified_time\" content=\"2026-04-29T20:33:05+00:00\" \/>\n<meta property=\"og:image\" content=\"https:\/\/www.em.com.br\/emfoco\/wp-content\/uploads\/2026\/04\/EmFoco_58-9.jpg\" \/>\n\t<meta property=\"og:image:width\" content=\"1280\" \/>\n\t<meta property=\"og:image:height\" content=\"720\" \/>\n\t<meta property=\"og:image:type\" content=\"image\/jpeg\" \/>\n<meta name=\"author\" content=\"Daniely Cardoso\" \/>\n<meta name=\"twitter:card\" content=\"summary_large_image\" \/>\n<meta name=\"twitter:label1\" content=\"Escrito por\" \/>\n\t<meta name=\"twitter:data1\" content=\"Daniely Cardoso\" \/>\n\t<meta name=\"twitter:label2\" content=\"Est. tempo de leitura\" \/>\n\t<meta name=\"twitter:data2\" content=\"6 minutos\" \/>\n<!-- \/ Yoast SEO plugin. -->","yoast_head_json":{"title":"Adeus as espinhas depois dos 30, o impacto da esfolia\u00e7\u00e3o no tratamento da acne e na renova\u00e7\u00e3o da pele - Estado de Minas - Em foco","description":"A esfolia\u00e7\u00e3o facial atua na remo\u00e7\u00e3o de impurezas profundas para renovar a pele. Melhore a textura do seu rosto de maneira segura.","robots":{"index":"index","follow":"follow","max-snippet":"max-snippet:-1","max-image-preview":"max-image-preview:large","max-video-preview":"max-video-preview:-1"},"canonical":"https:\/\/www.em.com.br\/emfoco\/2026\/04\/30\/adeus-as-espinhas-depois-dos-30-o-impacto-da-esfoliacao-no-tratamento-da-acne-e-renovacao-da-pele\/","og_locale":"pt_BR","og_type":"article","og_title":"Adeus as espinhas depois dos 30, o impacto da esfolia\u00e7\u00e3o no tratamento da acne e na renova\u00e7\u00e3o da pele - Estado de Minas - Em foco","og_description":"A esfolia\u00e7\u00e3o facial atua na remo\u00e7\u00e3o de impurezas profundas para renovar a pele. Melhore a textura do seu rosto de maneira segura.","og_url":"https:\/\/www.em.com.br\/emfoco\/2026\/04\/30\/adeus-as-espinhas-depois-dos-30-o-impacto-da-esfoliacao-no-tratamento-da-acne-e-renovacao-da-pele\/","og_site_name":"Estado de Minas - Em foco","article_published_time":"2026-04-30T10:25:00+00:00","article_modified_time":"2026-04-29T20:33:05+00:00","og_image":[{"width":1280,"height":720,"url":"https:\/\/www.em.com.br\/emfoco\/wp-content\/uploads\/2026\/04\/EmFoco_58-9.jpg","type":"image\/jpeg"}],"author":"Daniely Cardoso","twitter_card":"summary_large_image","twitter_misc":{"Escrito por":"Daniely Cardoso","Est. tempo de leitura":"6 minutos"},"schema":{"@context":"https:\/\/schema.org","@graph":[{"@type":"WebPage","@id":"https:\/\/www.em.com.br\/emfoco\/2026\/04\/30\/adeus-as-espinhas-depois-dos-30-o-impacto-da-esfoliacao-no-tratamento-da-acne-e-renovacao-da-pele\/","url":"https:\/\/www.em.com.br\/emfoco\/2026\/04\/30\/adeus-as-espinhas-depois-dos-30-o-impacto-da-esfoliacao-no-tratamento-da-acne-e-renovacao-da-pele\/","name":"Adeus as espinhas depois dos 30, o impacto da esfolia\u00e7\u00e3o no tratamento da acne e na renova\u00e7\u00e3o da pele - Estado de Minas - Em foco","isPartOf":{"@id":"https:\/\/www.em.com.br\/emfoco\/#website"},"primaryImageOfPage":{"@id":"https:\/\/www.em.com.br\/emfoco\/2026\/04\/30\/adeus-as-espinhas-depois-dos-30-o-impacto-da-esfoliacao-no-tratamento-da-acne-e-renovacao-da-pele\/#primaryimage"},"image":{"@id":"https:\/\/www.em.com.br\/emfoco\/2026\/04\/30\/adeus-as-espinhas-depois-dos-30-o-impacto-da-esfoliacao-no-tratamento-da-acne-e-renovacao-da-pele\/#primaryimage"},"thumbnailUrl":"https:\/\/www.em.com.br\/emfoco\/wp-content\/uploads\/2026\/04\/EmFoco_58-9.jpg","datePublished":"2026-04-30T10:25:00+00:00","dateModified":"2026-04-29T20:33:05+00:00","author":{"@id":"https:\/\/www.em.com.br\/emfoco\/#\/schema\/person\/0a8186d72f2c3a5c6276d90b41f271a0"},"description":"A esfolia\u00e7\u00e3o facial atua na remo\u00e7\u00e3o de impurezas profundas para renovar a pele. Melhore a textura do seu rosto de maneira segura.","breadcrumb":{"@id":"https:\/\/www.em.com.br\/emfoco\/2026\/04\/30\/adeus-as-espinhas-depois-dos-30-o-impacto-da-esfoliacao-no-tratamento-da-acne-e-renovacao-da-pele\/#breadcrumb"},"inLanguage":"pt-BR","potentialAction":[{"@type":"ReadAction","target":["https:\/\/www.em.com.br\/emfoco\/2026\/04\/30\/adeus-as-espinhas-depois-dos-30-o-impacto-da-esfoliacao-no-tratamento-da-acne-e-renovacao-da-pele\/"]}]},{"@type":"ImageObject","inLanguage":"pt-BR","@id":"https:\/\/www.em.com.br\/emfoco\/2026\/04\/30\/adeus-as-espinhas-depois-dos-30-o-impacto-da-esfoliacao-no-tratamento-da-acne-e-renovacao-da-pele\/#primaryimage","url":"https:\/\/www.em.com.br\/emfoco\/wp-content\/uploads\/2026\/04\/EmFoco_58-9.jpg","contentUrl":"https:\/\/www.em.com.br\/emfoco\/wp-content\/uploads\/2026\/04\/EmFoco_58-9.jpg","width":1280,"height":720,"caption":"Remo\u00e7\u00e3o de c\u00e9lulas mortas desobstrui poros e potencializa absor\u00e7\u00e3o de ativos cosm\u00e9ticos"},{"@type":"BreadcrumbList","@id":"https:\/\/www.em.com.br\/emfoco\/2026\/04\/30\/adeus-as-espinhas-depois-dos-30-o-impacto-da-esfoliacao-no-tratamento-da-acne-e-renovacao-da-pele\/#breadcrumb","itemListElement":[{"@type":"ListItem","position":1,"name":"In\u00edcio","item":"https:\/\/www.em.com.br\/emfoco\/"},{"@type":"ListItem","position":2,"name":"Adeus as espinhas depois dos 30, o impacto da esfolia\u00e7\u00e3o no tratamento da acne e na renova\u00e7\u00e3o da pele"}]},{"@type":"WebSite","@id":"https:\/\/www.em.com.br\/emfoco\/#website","url":"https:\/\/www.em.com.br\/emfoco\/","name":"Estado de Minas - Em foco","description":"Acompanhe as \u00faltimas not\u00edcias e fique bem informado sobre tudo o que acontece em Minas Gerais, Brasil e no mundo.","potentialAction":[{"@type":"SearchAction","target":{"@type":"EntryPoint","urlTemplate":"https:\/\/www.em.com.br\/emfoco\/?s={search_term_string}"},"query-input":{"@type":"PropertyValueSpecification","valueRequired":true,"valueName":"search_term_string"}}],"inLanguage":"pt-BR"},{"@type":"Person","@id":"https:\/\/www.em.com.br\/emfoco\/#\/schema\/person\/0a8186d72f2c3a5c6276d90b41f271a0","name":"Daniely Cardoso","image":{"@type":"ImageObject","inLanguage":"pt-BR","@id":"https:\/\/www.em.com.br\/emfoco\/#\/schema\/person\/image\/","url":"https:\/\/secure.gravatar.com\/avatar\/4b80ddbd124d1f071b626d52d62e5dff?s=96&d=mm&r=g","contentUrl":"https:\/\/secure.gravatar.com\/avatar\/4b80ddbd124d1f071b626d52d62e5dff?s=96&d=mm&r=g","caption":"Daniely Cardoso"},"url":"https:\/\/www.em.com.br\/emfoco\/author\/danielymyth\/"}]}},"_links":{"self":[{"href":"https:\/\/www.em.com.br\/emfoco\/wp-json\/wp\/v2\/posts\/201490","targetHints":{"allow":["GET"]}}],"collection":[{"href":"https:\/\/www.em.com.br\/emfoco\/wp-json\/wp\/v2\/posts"}],"about":[{"href":"https:\/\/www.em.com.br\/emfoco\/wp-json\/wp\/v2\/types\/post"}],"author":[{"embeddable":true,"href":"https:\/\/www.em.com.br\/emfoco\/wp-json\/wp\/v2\/users\/9"}],"replies":[{"embeddable":true,"href":"https:\/\/www.em.com.br\/emfoco\/wp-json\/wp\/v2\/comments?post=201490"}],"version-history":[{"count":2,"href":"https:\/\/www.em.com.br\/emfoco\/wp-json\/wp\/v2\/posts\/201490\/revisions"}],"predecessor-version":[{"id":201733,"href":"https:\/\/www.em.com.br\/emfoco\/wp-json\/wp\/v2\/posts\/201490\/revisions\/201733"}],"wp:featuredmedia":[{"embeddable":true,"href":"https:\/\/www.em.com.br\/emfoco\/wp-json\/wp\/v2\/media\/201689"}],"wp:attachment":[{"href":"https:\/\/www.em.com.br\/emfoco\/wp-json\/wp\/v2\/media?parent=201490"}],"wp:term":[{"taxonomy":"category","embeddable":true,"href":"https:\/\/www.em.com.br\/emfoco\/wp-json\/wp\/v2\/categories?post=201490"},{"taxonomy":"post_tag","embeddable":true,"href":"https:\/\/www.em.com.br\/emfoco\/wp-json\/wp\/v2\/tags?post=201490"}],"curies":[{"name":"wp","href":"https:\/\/api.w.org\/{rel}","templated":true}]}}