{"id":201474,"date":"2026-04-30T06:25:00","date_gmt":"2026-04-30T09:25:00","guid":{"rendered":"https:\/\/www.em.com.br\/emfoco\/?p=201474"},"modified":"2026-04-29T17:31:31","modified_gmt":"2026-04-29T20:31:31","slug":"o-que-acontece-no-seu-organismo-quando-voce-consome-noz-moscada-com-moderacao","status":"publish","type":"post","link":"https:\/\/www.em.com.br\/emfoco\/2026\/04\/30\/o-que-acontece-no-seu-organismo-quando-voce-consome-noz-moscada-com-moderacao\/","title":{"rendered":"O que acontece no seu organismo quando voc\u00ea consome noz-moscada com modera\u00e7\u00e3o"},"content":{"rendered":"\n<p>Muitas pessoas utilizam o tempero na cozinha sem imaginar as propriedades biol\u00f3gicas poderosas que o <strong>consumo de noz moscada<\/strong> esconde. O impacto desse ingrediente milenar no organismo vai muito al\u00e9m do sabor marcante e pode mudar sua rotina de sa\u00fade.<\/p>\n\n\n\n<h2 class=\"wp-block-heading\">O consumo de noz moscada melhora a digest\u00e3o?<\/h2>\n\n\n\n<p>O trato gastrointestinal recebe est\u00edmulos diretos que facilitam a quebra de alimentos pesados durante as refei\u00e7\u00f5es di\u00e1rias. <strong>Aliviar gases<\/strong> e prevenir o incha\u00e7o abdominal s\u00e3o efeitos imediatos observados por quem utiliza a especiaria com frequ\u00eancia. Esse ingrediente atua na <strong>secretividade enzim\u00e1tica<\/strong> melhorando a absor\u00e7\u00e3o de nutrientes importantes para o corpo.<\/p>\n\n\n\n<p>A presen\u00e7a de fibras naturais auxilia no movimento intestinal regular evitando quadros de pris\u00e3o de ventre inc\u00f4modos. <strong>Combater espasmos<\/strong> estomacais \u00e9 outra fun\u00e7\u00e3o biol\u00f3gica atribu\u00edda aos \u00f3leos vol\u00e1teis presentes na semente ralada. O uso moderado nas receitas di\u00e1rias promove um <strong>equil\u00edbrio digestivo<\/strong> duradouro e bastante percept\u00edvel.<\/p>\n\n\n<div class=\"wp-block-image\">\n<figure class=\"aligncenter size-large\"><img loading=\"lazy\" decoding=\"async\" width=\"1024\" height=\"576\" src=\"https:\/\/www.em.com.br\/emfoco\/wp-content\/uploads\/2026\/04\/consumo-de-noz-moscada-1024x576.jpg\" alt=\"consumo de noz moscada\" class=\"wp-image-201475\" srcset=\"https:\/\/www.em.com.br\/emfoco\/wp-content\/uploads\/2026\/04\/consumo-de-noz-moscada-1024x576.jpg 1024w, https:\/\/www.em.com.br\/emfoco\/wp-content\/uploads\/2026\/04\/consumo-de-noz-moscada-300x169.jpg 300w, https:\/\/www.em.com.br\/emfoco\/wp-content\/uploads\/2026\/04\/consumo-de-noz-moscada-768x432.jpg 768w, https:\/\/www.em.com.br\/emfoco\/wp-content\/uploads\/2026\/04\/consumo-de-noz-moscada-750x422.jpg 750w, https:\/\/www.em.com.br\/emfoco\/wp-content\/uploads\/2026\/04\/consumo-de-noz-moscada-1140x641.jpg 1140w, https:\/\/www.em.com.br\/emfoco\/wp-content\/uploads\/2026\/04\/consumo-de-noz-moscada.jpg 1280w\" sizes=\"auto, (max-width: 1024px) 100vw, 1024px\" \/><figcaption class=\"wp-element-caption\">A presen\u00e7a de fibras naturais auxilia no movimento intestinal regular evitando quadros de pris\u00e3o de ventre inc\u00f4modos.<\/figcaption><\/figure><\/div>\n\n\n<p>Leia tamb\u00e9m: <a href=\"https:\/\/www.em.com.br\/emfoco\/2026\/04\/28\/os-beneficios-do-consumo-de-batata-que-sao-fundamentais-para-a-saude-cardiovascular\/\" target=\"_blank\" rel=\"noreferrer noopener\">Os benef\u00edcios do consumo de batata que s\u00e3o fundamentais para a sa\u00fade cardiovascular<\/a><\/p>\n\n\n\n<h2 class=\"wp-block-heading\">Como a especiaria auxilia no controle do estresse<\/h2>\n\n\n\n<p>Compostos qu\u00edmicos como a miristicina atuam diretamente no sistema nervoso central para promover uma sensa\u00e7\u00e3o de calma. <strong>Reduzir a ansiedade<\/strong> torna-se poss\u00edvel quando as subst\u00e2ncias naturais interagem com os receptores cerebrais de bem-estar. O h\u00e1bito equilibrado ajuda a manter o <strong>foco mental<\/strong> em tarefas que exigem alto n\u00edvel de concentra\u00e7\u00e3o.<\/p>\n\n\n\n<p>Antes de preparar sua pr\u00f3xima refei\u00e7\u00e3o vale analisar os m\u00e9todos corretos para extrair o m\u00e1ximo de potencial terap\u00eautico. A lista a seguir detalha as formas mais eficazes de incluir o tempero na sua dieta para obter resultados r\u00e1pidos. <strong>Potencializar o relaxamento<\/strong> \u00e9 um objetivo alcan\u00e7\u00e1vel atrav\u00e9s de pequenas mudan\u00e7as nos seus h\u00e1bitos alimentares.<\/p>\n\n\n\n<ul class=\"wp-block-list\">\n<li>Ralar a semente na hora para preservar os \u00f3leos vol\u00e1teis fundamentais.<\/li>\n\n\n\n<li>Adicionar pequenas pitadas em ch\u00e1s quentes antes de dormir \u00e0 noite.<\/li>\n\n\n\n<li>Misturar o p\u00f3 em pur\u00eas de legumes para facilitar a ingest\u00e3o suave.<\/li>\n<\/ul>\n\n\n\n<p>Para voc\u00ea que gosta de aprofundar, separamos um v\u00eddeo do canal do <a href=\"https:\/\/www.youtube.com\/@DrJulianoTeles\" target=\"_blank\" rel=\"noreferrer noopener\">Dr Juliano Teles<\/a> com dicas de consumo e os benef\u00edcios da noz moscada:<\/p>\n\n\n\n<figure class=\"wp-block-embed is-type-video is-provider-youtube wp-block-embed-youtube wp-embed-aspect-16-9 wp-has-aspect-ratio\"><div class=\"wp-block-embed__wrapper\">\n<div class=\"jeg_video_container jeg_video_content\"><iframe loading=\"lazy\" title=\"Os benef\u00edcios da NOZ-MOSCADA | Dr Juliano Teles\" width=\"500\" height=\"281\" src=\"https:\/\/www.youtube.com\/embed\/W2UPA9URHbY?start=1&#038;feature=oembed\" frameborder=\"0\" allow=\"accelerometer; autoplay; clipboard-write; encrypted-media; gyroscope; picture-in-picture; web-share\" referrerpolicy=\"strict-origin-when-cross-origin\" allowfullscreen><\/iframe><\/div>\n<\/div><\/figure>\n\n\n\n<h2 class=\"wp-block-heading\">Quais os impactos do consumo de noz moscada no sono<\/h2>\n\n\n\n<p>A indu\u00e7\u00e3o ao repouso profundo ocorre devido \u00e0s propriedades sedativas suaves que relaxam a musculatura do corpo. <strong>Melhorar o sono<\/strong> \u00e9 uma das queixas mais comuns resolvidas com o aux\u00edlio dessa especiaria arom\u00e1tica. O organismo entra em um estado de <strong>recupera\u00e7\u00e3o celular<\/strong> mais eficiente quando o descanso n\u00e3o \u00e9 interrompido.<\/p>\n\n\n\n<p>O <strong>consumo de noz moscada<\/strong> deve ser feito preferencialmente no per\u00edodo noturno para n\u00e3o causar sonol\u00eancia diurna indesejada. <strong>Regular o ritmo<\/strong> circadiano contribui para que voc\u00ea acorde com muito mais energia e disposi\u00e7\u00e3o f\u00edsica. Milhares de pessoas j\u00e1 utilizam esse m\u00e9todo natural para <strong>evitar a ins\u00f4nia<\/strong> de forma totalmente segura.<\/p>\n\n\n\n<figure class=\"wp-block-embed is-type-rich is-provider-pinterest wp-block-embed-pinterest\"><div class=\"wp-block-embed__wrapper\">\n<iframe loading=\"lazy\" title=\" \" src=\"https:\/\/assets.pinterest.com\/ext\/embed.html?id=351773420916370472&#038;src=oembed\" height=\"705\" width=\"450\" frameborder=\"0\" scrolling=\"no\" ><\/iframe>\n<\/div><\/figure>\n\n\n\n<h2 class=\"wp-block-heading\">Propriedades antibacterianas e sa\u00fade bucal<\/h2>\n\n\n\n<p>O combate a microrganismos nocivos na boca ajuda a prevenir a forma\u00e7\u00e3o de c\u00e1ries e doen\u00e7as gengivais graves. <strong>Eliminar bact\u00e9rias<\/strong> respons\u00e1veis pelo mau h\u00e1lito \u00e9 uma vantagem pouco conhecida deste tempero extremamente vers\u00e1til e acess\u00edvel. A higiene oral ganha um <strong>aliado potente<\/strong> que atua de forma antiss\u00e9ptica natural nos tecidos sens\u00edveis.<\/p>\n\n\n\n<p>Subst\u00e2ncias ativas presentes na composi\u00e7\u00e3o protegem o esmalte dent\u00e1rio contra a eros\u00e3o causada por alimentos \u00e1cidos e a\u00e7ucarados. <strong>Prevenir inflama\u00e7\u00f5es<\/strong> na gengiva reduz a necessidade de interven\u00e7\u00f5es odontol\u00f3gicas complexas ao longo dos anos. O uso t\u00f3pico ou ingerido fortalece a <strong>imunidade local<\/strong> contra infec\u00e7\u00f5es comuns que afetam a cavidade bucal.<\/p>\n\n\n<div class=\"wp-block-image\">\n<figure class=\"aligncenter size-large\"><img loading=\"lazy\" decoding=\"async\" width=\"1024\" height=\"576\" src=\"https:\/\/www.em.com.br\/emfoco\/wp-content\/uploads\/2026\/04\/consumo-de-noz-moscada-1-1024x576.jpg\" alt=\"consumo de noz moscada (1)\" class=\"wp-image-201476\" srcset=\"https:\/\/www.em.com.br\/emfoco\/wp-content\/uploads\/2026\/04\/consumo-de-noz-moscada-1-1024x576.jpg 1024w, https:\/\/www.em.com.br\/emfoco\/wp-content\/uploads\/2026\/04\/consumo-de-noz-moscada-1-300x169.jpg 300w, https:\/\/www.em.com.br\/emfoco\/wp-content\/uploads\/2026\/04\/consumo-de-noz-moscada-1-768x432.jpg 768w, https:\/\/www.em.com.br\/emfoco\/wp-content\/uploads\/2026\/04\/consumo-de-noz-moscada-1-750x422.jpg 750w, https:\/\/www.em.com.br\/emfoco\/wp-content\/uploads\/2026\/04\/consumo-de-noz-moscada-1-1140x641.jpg 1140w, https:\/\/www.em.com.br\/emfoco\/wp-content\/uploads\/2026\/04\/consumo-de-noz-moscada-1.jpg 1280w\" sizes=\"auto, (max-width: 1024px) 100vw, 1024px\" \/><figcaption class=\"wp-element-caption\">Subst\u00e2ncias ativas presentes na composi\u00e7\u00e3o protegem o esmalte dent\u00e1rio contra a eros\u00e3o causada por alimentos \u00e1cidos e a\u00e7ucarados<\/figcaption><\/figure><\/div>\n\n\n<h2 class=\"wp-block-heading\">O consumo de noz moscada ajuda na sa\u00fade do cora\u00e7\u00e3o?<\/h2>\n\n\n\n<p>A circula\u00e7\u00e3o sangu\u00ednea \u00e9 beneficiada pela presen\u00e7a de pot\u00e1ssio que auxilia na vasodilata\u00e7\u00e3o das art\u00e9rias principais. <strong>Controlar a press\u00e3o<\/strong> arterial \u00e9 fundamental para evitar doen\u00e7as cardiovasculares que afetam a popula\u00e7\u00e3o mundial atualmente. O tempero atua como um <strong>estimulante suave<\/strong> que melhora o fluxo de oxig\u00eanio para todos os \u00f3rg\u00e3os vitais.<\/p>\n\n\n\n<p>Reduzir os n\u00edveis de colesterol ruim contribui diretamente para a longevidade e o bom funcionamento do mioc\u00e1rdio. <strong>Proteger as art\u00e9rias<\/strong> contra o ac\u00famulo de gordura evita complica\u00e7\u00f5es severas em indiv\u00edduos com predisposi\u00e7\u00e3o gen\u00e9tica. O h\u00e1bito de temperar os pratos promove uma <strong>limpeza vascular<\/strong> constante e muito ben\u00e9fica.<\/p>\n\n\n\n<h2 class=\"wp-block-heading\">Dicas para aproveitar as propriedades da especiaria<\/h2>\n\n\n\n<p>Utilize pequenas quantidades para garantir que o sabor e os efeitos sejam sempre positivos. <strong>Ralar na hora<\/strong> preserva todas as caracter\u00edsticas medicinais que o calor pode destruir rapidamente. Busque sempre o <strong>equil\u00edbrio nutricional<\/strong> para colher as vantagens sem sobrecarregar o seu sistema metab\u00f3lico.<\/p>\n\n\n\n<p>Mantenha a semente em local seco e escuro para evitar a oxida\u00e7\u00e3o dos compostos ativos. <strong>Priorizar a qualidade<\/strong> do produto garante que os resultados esperados apare\u00e7am de forma consistente e segura. Aproveite este <strong>recurso natural<\/strong> incr\u00edvel para transformar sua sa\u00fade atrav\u00e9s da culin\u00e1ria consciente.<\/p>\n","protected":false},"excerpt":{"rendered":"<p>Muitas pessoas utilizam o tempero na cozinha sem imaginar as propriedades biol\u00f3gicas poderosas que o consumo de noz moscada esconde. O impacto desse ingrediente milenar no organismo vai muito al\u00e9m do sabor marcante e pode mudar sua rotina de sa\u00fade. O consumo de noz moscada melhora a digest\u00e3o? O trato gastrointestinal recebe est\u00edmulos diretos que [&hellip;]<\/p>\n","protected":false},"author":9,"featured_media":201679,"comment_status":"open","ping_status":"open","sticky":false,"template":"","format":"standard","meta":{"jnews-multi-image_gallery":[],"jnews_single_post":{"format":"standard"},"jnews_primary_category":[],"jnews_social_meta":[],"jnews_override_counter":[],"footnotes":""},"categories":[8691,8819],"tags":[28991,6097,28289],"class_list":["post-201474","post","type-post","status-publish","format-standard","has-post-thumbnail","hentry","category-bem-estar","category-curiosidades","tag-beneficios-da-noz-moscada","tag-remedios-naturais","tag-temperos-saudaveis"],"yoast_head":"<!-- This site is optimized with the Yoast SEO plugin v23.8 - https:\/\/yoast.com\/wordpress\/plugins\/seo\/ -->\n<title>O que acontece no seu organismo quando voc\u00ea consome noz-moscada com modera\u00e7\u00e3o - Estado de Minas - Em foco<\/title>\n<meta name=\"description\" content=\"Muitas pessoas usam o tempero na cozinha sem saber que o consumo de noz moscada traz efeitos surpreendentes.\" \/>\n<meta name=\"robots\" content=\"index, follow, max-snippet:-1, max-image-preview:large, max-video-preview:-1\" \/>\n<link rel=\"canonical\" href=\"https:\/\/www.em.com.br\/emfoco\/2026\/04\/30\/o-que-acontece-no-seu-organismo-quando-voce-consome-noz-moscada-com-moderacao\/\" \/>\n<meta property=\"og:locale\" content=\"pt_BR\" \/>\n<meta property=\"og:type\" content=\"article\" \/>\n<meta property=\"og:title\" content=\"O que acontece no seu organismo quando voc\u00ea consome noz-moscada com modera\u00e7\u00e3o - Estado de Minas - Em foco\" \/>\n<meta property=\"og:description\" content=\"Muitas pessoas usam o tempero na cozinha sem saber que o consumo de noz moscada traz efeitos surpreendentes.\" \/>\n<meta property=\"og:url\" content=\"https:\/\/www.em.com.br\/emfoco\/2026\/04\/30\/o-que-acontece-no-seu-organismo-quando-voce-consome-noz-moscada-com-moderacao\/\" \/>\n<meta property=\"og:site_name\" content=\"Estado de Minas - Em foco\" \/>\n<meta property=\"article:published_time\" content=\"2026-04-30T09:25:00+00:00\" \/>\n<meta property=\"article:modified_time\" content=\"2026-04-29T20:31:31+00:00\" \/>\n<meta property=\"og:image\" content=\"https:\/\/www.em.com.br\/emfoco\/wp-content\/uploads\/2026\/04\/EmFoco_56-9.jpg\" \/>\n\t<meta property=\"og:image:width\" content=\"1280\" \/>\n\t<meta property=\"og:image:height\" content=\"720\" \/>\n\t<meta property=\"og:image:type\" content=\"image\/jpeg\" \/>\n<meta name=\"author\" content=\"Daniely Cardoso\" \/>\n<meta name=\"twitter:card\" content=\"summary_large_image\" \/>\n<meta name=\"twitter:label1\" content=\"Escrito por\" \/>\n\t<meta name=\"twitter:data1\" content=\"Daniely Cardoso\" \/>\n\t<meta name=\"twitter:label2\" content=\"Est. tempo de leitura\" \/>\n\t<meta name=\"twitter:data2\" content=\"5 minutos\" \/>\n<!-- \/ Yoast SEO plugin. -->","yoast_head_json":{"title":"O que acontece no seu organismo quando voc\u00ea consome noz-moscada com modera\u00e7\u00e3o - Estado de Minas - Em foco","description":"Muitas pessoas usam o tempero na cozinha sem saber que o consumo de noz moscada traz efeitos surpreendentes.","robots":{"index":"index","follow":"follow","max-snippet":"max-snippet:-1","max-image-preview":"max-image-preview:large","max-video-preview":"max-video-preview:-1"},"canonical":"https:\/\/www.em.com.br\/emfoco\/2026\/04\/30\/o-que-acontece-no-seu-organismo-quando-voce-consome-noz-moscada-com-moderacao\/","og_locale":"pt_BR","og_type":"article","og_title":"O que acontece no seu organismo quando voc\u00ea consome noz-moscada com modera\u00e7\u00e3o - Estado de Minas - Em foco","og_description":"Muitas pessoas usam o tempero na cozinha sem saber que o consumo de noz moscada traz efeitos surpreendentes.","og_url":"https:\/\/www.em.com.br\/emfoco\/2026\/04\/30\/o-que-acontece-no-seu-organismo-quando-voce-consome-noz-moscada-com-moderacao\/","og_site_name":"Estado de Minas - Em foco","article_published_time":"2026-04-30T09:25:00+00:00","article_modified_time":"2026-04-29T20:31:31+00:00","og_image":[{"width":1280,"height":720,"url":"https:\/\/www.em.com.br\/emfoco\/wp-content\/uploads\/2026\/04\/EmFoco_56-9.jpg","type":"image\/jpeg"}],"author":"Daniely Cardoso","twitter_card":"summary_large_image","twitter_misc":{"Escrito por":"Daniely Cardoso","Est. tempo de leitura":"5 minutos"},"schema":{"@context":"https:\/\/schema.org","@graph":[{"@type":"WebPage","@id":"https:\/\/www.em.com.br\/emfoco\/2026\/04\/30\/o-que-acontece-no-seu-organismo-quando-voce-consome-noz-moscada-com-moderacao\/","url":"https:\/\/www.em.com.br\/emfoco\/2026\/04\/30\/o-que-acontece-no-seu-organismo-quando-voce-consome-noz-moscada-com-moderacao\/","name":"O que acontece no seu organismo quando voc\u00ea consome noz-moscada com modera\u00e7\u00e3o - Estado de Minas - Em foco","isPartOf":{"@id":"https:\/\/www.em.com.br\/emfoco\/#website"},"primaryImageOfPage":{"@id":"https:\/\/www.em.com.br\/emfoco\/2026\/04\/30\/o-que-acontece-no-seu-organismo-quando-voce-consome-noz-moscada-com-moderacao\/#primaryimage"},"image":{"@id":"https:\/\/www.em.com.br\/emfoco\/2026\/04\/30\/o-que-acontece-no-seu-organismo-quando-voce-consome-noz-moscada-com-moderacao\/#primaryimage"},"thumbnailUrl":"https:\/\/www.em.com.br\/emfoco\/wp-content\/uploads\/2026\/04\/EmFoco_56-9.jpg","datePublished":"2026-04-30T09:25:00+00:00","dateModified":"2026-04-29T20:31:31+00:00","author":{"@id":"https:\/\/www.em.com.br\/emfoco\/#\/schema\/person\/0a8186d72f2c3a5c6276d90b41f271a0"},"description":"Muitas pessoas usam o tempero na cozinha sem saber que o consumo de noz moscada traz efeitos surpreendentes.","breadcrumb":{"@id":"https:\/\/www.em.com.br\/emfoco\/2026\/04\/30\/o-que-acontece-no-seu-organismo-quando-voce-consome-noz-moscada-com-moderacao\/#breadcrumb"},"inLanguage":"pt-BR","potentialAction":[{"@type":"ReadAction","target":["https:\/\/www.em.com.br\/emfoco\/2026\/04\/30\/o-que-acontece-no-seu-organismo-quando-voce-consome-noz-moscada-com-moderacao\/"]}]},{"@type":"ImageObject","inLanguage":"pt-BR","@id":"https:\/\/www.em.com.br\/emfoco\/2026\/04\/30\/o-que-acontece-no-seu-organismo-quando-voce-consome-noz-moscada-com-moderacao\/#primaryimage","url":"https:\/\/www.em.com.br\/emfoco\/wp-content\/uploads\/2026\/04\/EmFoco_56-9.jpg","contentUrl":"https:\/\/www.em.com.br\/emfoco\/wp-content\/uploads\/2026\/04\/EmFoco_56-9.jpg","width":1280,"height":720,"caption":"Especiaria milenar regula o trato gastrointestinal e possui propriedades sedativas naturais"},{"@type":"BreadcrumbList","@id":"https:\/\/www.em.com.br\/emfoco\/2026\/04\/30\/o-que-acontece-no-seu-organismo-quando-voce-consome-noz-moscada-com-moderacao\/#breadcrumb","itemListElement":[{"@type":"ListItem","position":1,"name":"In\u00edcio","item":"https:\/\/www.em.com.br\/emfoco\/"},{"@type":"ListItem","position":2,"name":"O que acontece no seu organismo quando voc\u00ea consome noz-moscada com modera\u00e7\u00e3o"}]},{"@type":"WebSite","@id":"https:\/\/www.em.com.br\/emfoco\/#website","url":"https:\/\/www.em.com.br\/emfoco\/","name":"Estado de Minas - Em foco","description":"Acompanhe as \u00faltimas not\u00edcias e fique bem informado sobre tudo o que acontece em Minas Gerais, Brasil e no mundo.","potentialAction":[{"@type":"SearchAction","target":{"@type":"EntryPoint","urlTemplate":"https:\/\/www.em.com.br\/emfoco\/?s={search_term_string}"},"query-input":{"@type":"PropertyValueSpecification","valueRequired":true,"valueName":"search_term_string"}}],"inLanguage":"pt-BR"},{"@type":"Person","@id":"https:\/\/www.em.com.br\/emfoco\/#\/schema\/person\/0a8186d72f2c3a5c6276d90b41f271a0","name":"Daniely Cardoso","image":{"@type":"ImageObject","inLanguage":"pt-BR","@id":"https:\/\/www.em.com.br\/emfoco\/#\/schema\/person\/image\/","url":"https:\/\/secure.gravatar.com\/avatar\/4b80ddbd124d1f071b626d52d62e5dff?s=96&d=mm&r=g","contentUrl":"https:\/\/secure.gravatar.com\/avatar\/4b80ddbd124d1f071b626d52d62e5dff?s=96&d=mm&r=g","caption":"Daniely Cardoso"},"url":"https:\/\/www.em.com.br\/emfoco\/author\/danielymyth\/"}]}},"_links":{"self":[{"href":"https:\/\/www.em.com.br\/emfoco\/wp-json\/wp\/v2\/posts\/201474","targetHints":{"allow":["GET"]}}],"collection":[{"href":"https:\/\/www.em.com.br\/emfoco\/wp-json\/wp\/v2\/posts"}],"about":[{"href":"https:\/\/www.em.com.br\/emfoco\/wp-json\/wp\/v2\/types\/post"}],"author":[{"embeddable":true,"href":"https:\/\/www.em.com.br\/emfoco\/wp-json\/wp\/v2\/users\/9"}],"replies":[{"embeddable":true,"href":"https:\/\/www.em.com.br\/emfoco\/wp-json\/wp\/v2\/comments?post=201474"}],"version-history":[{"count":2,"href":"https:\/\/www.em.com.br\/emfoco\/wp-json\/wp\/v2\/posts\/201474\/revisions"}],"predecessor-version":[{"id":201728,"href":"https:\/\/www.em.com.br\/emfoco\/wp-json\/wp\/v2\/posts\/201474\/revisions\/201728"}],"wp:featuredmedia":[{"embeddable":true,"href":"https:\/\/www.em.com.br\/emfoco\/wp-json\/wp\/v2\/media\/201679"}],"wp:attachment":[{"href":"https:\/\/www.em.com.br\/emfoco\/wp-json\/wp\/v2\/media?parent=201474"}],"wp:term":[{"taxonomy":"category","embeddable":true,"href":"https:\/\/www.em.com.br\/emfoco\/wp-json\/wp\/v2\/categories?post=201474"},{"taxonomy":"post_tag","embeddable":true,"href":"https:\/\/www.em.com.br\/emfoco\/wp-json\/wp\/v2\/tags?post=201474"}],"curies":[{"name":"wp","href":"https:\/\/api.w.org\/{rel}","templated":true}]}}