{"id":201463,"date":"2026-04-30T15:25:00","date_gmt":"2026-04-30T18:25:00","guid":{"rendered":"https:\/\/www.em.com.br\/emfoco\/?p=201463"},"modified":"2026-04-29T16:59:46","modified_gmt":"2026-04-29T19:59:46","slug":"quanto-tempo-esperar-para-usar-shampoo-roxo-depois-de-pintar-o-cabelo","status":"publish","type":"post","link":"https:\/\/www.em.com.br\/emfoco\/2026\/04\/30\/quanto-tempo-esperar-para-usar-shampoo-roxo-depois-de-pintar-o-cabelo\/","title":{"rendered":"Quanto tempo esperar para usar shampoo roxo depois de pintar o cabelo?"},"content":{"rendered":"\n<p>Muitos profissionais de colorimetria discutem qual \u00e9 o momento exato para <strong>usar shampoo roxo<\/strong> pela primeira vez ap\u00f3s o procedimento qu\u00edmico. O intervalo correto entre a colora\u00e7\u00e3o e o cuidado matizador pode determinar se o seu loiro permanecer\u00e1 vibrante ou se sofrer\u00e1 danos precoces.<\/p>\n\n\n\n<h2 class=\"wp-block-heading\">Qual o intervalo ideal para usar shampoo roxo?<\/h2>\n\n\n\n<p>A aplica\u00e7\u00e3o imediata de pigmentos violetas pode interferir na fixa\u00e7\u00e3o da cor permanente que acabou de ser depositada nos fios. Aguardar pelo menos setenta e duas horas permite que as cut\u00edculas se fechem completamente e segurem o tom original. <strong>Respeitar esse prazo<\/strong> evita que o pigmento artificial seja removido antes do tempo necess\u00e1rio para a estabiliza\u00e7\u00e3o qu\u00edmica.<\/p>\n\n\n\n<p>Lavar as madeixas muito cedo compromete a durabilidade do loiro e pode causar manchas indesejadas na fibra capilar. <strong>Paci\u00eancia nos primeiros dias<\/strong> \u00e9 fundamental para garantir um resultado digno de sal\u00e3o por muito mais tempo. <strong>Evitar a limpeza<\/strong> profunda logo ap\u00f3s a descolora\u00e7\u00e3o preserva os \u00f3leos naturais que protegem o couro cabeludo sens\u00edvel.<\/p>\n\n\n<div class=\"wp-block-image\">\n<figure class=\"aligncenter size-large\"><img loading=\"lazy\" decoding=\"async\" width=\"1024\" height=\"576\" src=\"https:\/\/www.em.com.br\/emfoco\/wp-content\/uploads\/2026\/04\/usar-shampoo-roxo-1024x576.jpg\" alt=\"usar shampoo roxo\" class=\"wp-image-201467\" srcset=\"https:\/\/www.em.com.br\/emfoco\/wp-content\/uploads\/2026\/04\/usar-shampoo-roxo-1024x576.jpg 1024w, https:\/\/www.em.com.br\/emfoco\/wp-content\/uploads\/2026\/04\/usar-shampoo-roxo-300x169.jpg 300w, https:\/\/www.em.com.br\/emfoco\/wp-content\/uploads\/2026\/04\/usar-shampoo-roxo-768x432.jpg 768w, https:\/\/www.em.com.br\/emfoco\/wp-content\/uploads\/2026\/04\/usar-shampoo-roxo-750x422.jpg 750w, https:\/\/www.em.com.br\/emfoco\/wp-content\/uploads\/2026\/04\/usar-shampoo-roxo-1140x641.jpg 1140w, https:\/\/www.em.com.br\/emfoco\/wp-content\/uploads\/2026\/04\/usar-shampoo-roxo.jpg 1280w\" sizes=\"auto, (max-width: 1024px) 100vw, 1024px\" \/><figcaption class=\"wp-element-caption\">A aplica\u00e7\u00e3o imediata de pigmentos violetas pode interferir na fixa\u00e7\u00e3o da cor permanente que acabou de ser depositada nos fios<\/figcaption><\/figure><\/div>\n\n\n<p>Leia tamb\u00e9m: <a href=\"https:\/\/www.em.com.br\/emfoco\/2026\/04\/26\/estes-5-minutos-de-autocuidado-no-banho-podem-transformar-a-autoestima-da-mulher-40-no-dia-a-dia\/\" target=\"_blank\" rel=\"noreferrer noopener\">Estes 5 minutos de autocuidado no banho podem transformar a autoestima da mulher 40+ no dia a dia<\/a><\/p>\n\n\n\n<h2 class=\"wp-block-heading\">Por que a pressa prejudica o resultado final?<\/h2>\n\n\n\n<p>O processo de tingimento abre as escamas do cabelo para que a nova cor consiga penetrar profundamente no c\u00f3rtex. Caso voc\u00ea decida aplicar produtos matizadores antes da cicatriza\u00e7\u00e3o total dessa estrutura, o risco de ressecamento extremo aumenta consideravelmente. <strong>Proteger a fibra<\/strong> capilar durante essa fase cr\u00edtica garante um toque sedoso e um brilho muito mais intenso.<\/p>\n\n\n\n<p>A pigmenta\u00e7\u00e3o violeta \u00e9 potente e pode sobrecarregar os fios que ainda est\u00e3o fragilizados pela qu\u00edmica recente. Portanto, \u00e9 necess\u00e1rio seguir uma ordem l\u00f3gica de tratamentos para recuperar a massa perdida durante a descolora\u00e7\u00e3o agressiva. <strong>Focar na reconstru\u00e7\u00e3o<\/strong> capilar nos primeiros dias ajuda a preparar o terreno para a matiza\u00e7\u00e3o segura que vir\u00e1 em breve.<\/p>\n\n\n\n<p>Para voc\u00ea que gosta de se cuidar, separamos um v\u00eddeo do canal do <a href=\"https:\/\/www.youtube.com\/@AbnerMatias\" target=\"_blank\" rel=\"noreferrer noopener\">Abner Matias<\/a> com dicas de uso para o shampoo roxo:<\/p>\n\n\n\n<figure class=\"wp-block-embed is-type-video is-provider-youtube wp-block-embed-youtube wp-embed-aspect-16-9 wp-has-aspect-ratio\"><div class=\"wp-block-embed__wrapper\">\n<div class=\"jeg_video_container jeg_video_content\"><iframe loading=\"lazy\" title=\"DEVO USAR SHAMPOO ROXO TODA SEMANA?\" width=\"500\" height=\"281\" src=\"https:\/\/www.youtube.com\/embed\/l13gd61243w?feature=oembed\" frameborder=\"0\" allow=\"accelerometer; autoplay; clipboard-write; encrypted-media; gyroscope; picture-in-picture; web-share\" referrerpolicy=\"strict-origin-when-cross-origin\" allowfullscreen><\/iframe><\/div>\n<\/div><\/figure>\n\n\n\n<h2 class=\"wp-block-heading\">Como preparar o loiro antes de usar shampoo roxo?<\/h2>\n\n\n\n<p>Investir em m\u00e1scaras nutritivas logo ap\u00f3s sair do sal\u00e3o rep\u00f5e os lip\u00eddios fundamentais que mant\u00eam o cabelo saud\u00e1vel. Essa etapa prepara o fio para receber os pigmentos matizadores sem que ocorra o temido efeito de chumbar o tom. <strong>Nutrir profundamente<\/strong> as mechas assegura que o loiro fique uniforme e livre de porosidade excessiva nas pontas.<\/p>\n\n\n\n<p>Al\u00e9m das m\u00e1scaras, existem outros cuidados que garantem a manuten\u00e7\u00e3o perfeita da cor sem causar danos estruturais ao cabelo. A lista a seguir detalha a\u00e7\u00f5es pr\u00e1ticas que toda mulher com fios claros deve adotar em sua rotina de beleza semanal. <strong>Seguir este guia<\/strong> facilita a organiza\u00e7\u00e3o do seu cronograma capilar de forma eficiente e muito pr\u00e1tica.<\/p>\n\n\n\n<ul class=\"wp-block-list\">\n<li>Utilizar \u00e1gua fria ou morna para evitar a abertura desnecess\u00e1ria das cut\u00edculas capilares.<\/li>\n\n\n\n<li>Aplicar protetor t\u00e9rmico sempre que utilizar secadores ou pranchas modeladoras ap\u00f3s a lavagem.<\/li>\n\n\n\n<li>Escolher produtos espec\u00edficos para cabelos coloridos que possuam pH equilibrado e f\u00f3rmulas suaves.<\/li>\n<\/ul>\n\n\n\n<figure class=\"wp-block-embed is-type-rich is-provider-pinterest wp-block-embed-pinterest\"><div class=\"wp-block-embed__wrapper\">\n<iframe loading=\"lazy\" title=\"o tonalizante caseiro que vai te deixar com um tom de cabelo na cor roxo incr\u00edvel usando apenas esse\" src=\"https:\/\/assets.pinterest.com\/ext\/embed.html?id=16184879908023645&#038;src=oembed\" height=\"899\" width=\"450\" frameborder=\"0\" scrolling=\"no\" ><\/iframe>\n<\/div><\/figure>\n\n\n\n<h2 class=\"wp-block-heading\">Qual a frequ\u00eancia correta para usar shampoo roxo com seguran\u00e7a?<\/h2>\n\n\n\n<p>O uso frequente de produtos matizadores pode deixar o cabelo com um aspecto acinzentado ou at\u00e9 mesmo arroxeado demais. Limitar a aplica\u00e7\u00e3o a uma vez por semana costuma ser o intervalo mais seguro para manter o loiro luminoso. <strong>Controlar a frequ\u00eancia<\/strong> evita o ac\u00famulo de pigmento que retira a claridade natural conquistada no processo de descolora\u00e7\u00e3o.<\/p>\n\n\n\n<p>Intercalar o tratamento matizador com shampoos hidratantes mant\u00e9m a sa\u00fade da fibra e evita o ressecamento por excesso de qu\u00edmica. <strong>Alternar os produtos<\/strong> no box do banheiro garante que o fio receba diferentes nutrientes essenciais para sua vitalidade. <strong>Observar a tonalidade<\/strong> das mechas ajuda a decidir se \u00e9 realmente necess\u00e1rio aplicar o produto roxo naquela lavagem espec\u00edfica.<\/p>\n\n\n\n<h2 class=\"wp-block-heading\">Dicas para potencializar a ilumina\u00e7\u00e3o das mechas<\/h2>\n\n\n\n<p>Enxaguar bem o produto matizador impede que res\u00edduos fiquem acumulados e causem um aspecto opaco ou sem vida. <strong>Remover o excesso<\/strong> de \u00e1gua com uma toalha de microfibra antes da aplica\u00e7\u00e3o melhora a penetra\u00e7\u00e3o do pigmento violeta. <strong>Manter a uniformidade<\/strong> na distribui\u00e7\u00e3o do shampoo garante que nenhuma parte do cabelo fique com cores diferentes.<\/p>\n\n\n\n<p>O tempo de pausa indicado pelo fabricante deve ser seguido \u00e0 risca para evitar surpresas desagrad\u00e1veis no espelho. <strong>Respeitar o cron\u00f4metro<\/strong> assegura que o efeito desamarelador ocorra de forma equilibrada e sem manchas escuras nos fios claros. <strong>Finalizar com condicionador<\/strong> selante ajuda a travar a cor e a hidrata\u00e7\u00e3o dentro da estrutura capilar por mais tempo.<\/p>\n\n\n<div class=\"wp-block-image\">\n<figure class=\"aligncenter size-large\"><img loading=\"lazy\" decoding=\"async\" width=\"1024\" height=\"576\" src=\"https:\/\/www.em.com.br\/emfoco\/wp-content\/uploads\/2026\/04\/usar-shampoo-roxo-1-1024x576.jpg\" alt=\"usar shampoo roxo \" class=\"wp-image-201470\" srcset=\"https:\/\/www.em.com.br\/emfoco\/wp-content\/uploads\/2026\/04\/usar-shampoo-roxo-1-1024x576.jpg 1024w, https:\/\/www.em.com.br\/emfoco\/wp-content\/uploads\/2026\/04\/usar-shampoo-roxo-1-300x169.jpg 300w, https:\/\/www.em.com.br\/emfoco\/wp-content\/uploads\/2026\/04\/usar-shampoo-roxo-1-768x432.jpg 768w, https:\/\/www.em.com.br\/emfoco\/wp-content\/uploads\/2026\/04\/usar-shampoo-roxo-1-750x422.jpg 750w, https:\/\/www.em.com.br\/emfoco\/wp-content\/uploads\/2026\/04\/usar-shampoo-roxo-1-1140x641.jpg 1140w, https:\/\/www.em.com.br\/emfoco\/wp-content\/uploads\/2026\/04\/usar-shampoo-roxo-1.jpg 1280w\" sizes=\"auto, (max-width: 1024px) 100vw, 1024px\" \/><figcaption class=\"wp-element-caption\">Enxaguar bem o produto matizador impede que res\u00edduos fiquem acumulados e causem um aspecto opaco ou sem vida.<\/figcaption><\/figure><\/div>\n\n\n<h2 class=\"wp-block-heading\">Cuidados extras para um loiro duradouro<\/h2>\n\n\n\n<p>Proteja sempre o seu cabelo da exposi\u00e7\u00e3o solar intensa usando finalizadores que contenham filtros UV potentes. <strong>Preservar a integridade<\/strong> das mechas contra os raios ultravioleta evita o desbotamento acelerado da cor matizada. <strong>Manter o foco<\/strong> na prote\u00e7\u00e3o di\u00e1ria garante um loiro bonito durante todo o m\u00eas de uso.<\/p>\n\n\n\n<p>Visite o seu cabeleireiro regularmente para realizar tratamentos profissionais de recupera\u00e7\u00e3o e selagem das pontas duplas. <strong>Investir em qualidade<\/strong> transforma a textura do fio e eleva a sua autoconfian\u00e7a com o novo visual. <strong>Aproveite a beleza<\/strong> de suas luzes mantendo a paci\u00eancia necess\u00e1ria para cada etapa do cuidado capilar.<\/p>\n","protected":false},"excerpt":{"rendered":"<p>Muitos profissionais de colorimetria discutem qual \u00e9 o momento exato para usar shampoo roxo pela primeira vez ap\u00f3s o procedimento qu\u00edmico. O intervalo correto entre a colora\u00e7\u00e3o e o cuidado matizador pode determinar se o seu loiro permanecer\u00e1 vibrante ou se sofrer\u00e1 danos precoces. Qual o intervalo ideal para usar shampoo roxo? A aplica\u00e7\u00e3o imediata [&hellip;]<\/p>\n","protected":false},"author":9,"featured_media":201654,"comment_status":"open","ping_status":"open","sticky":false,"template":"","format":"standard","meta":{"jnews-multi-image_gallery":[],"jnews_single_post":{"format":"standard"},"jnews_primary_category":[],"jnews_social_meta":[],"jnews_override_counter":[],"footnotes":""},"categories":[8691,29],"tags":[8620,6494,28990],"class_list":["post-201463","post","type-post","status-publish","format-standard","has-post-thumbnail","hentry","category-bem-estar","category-entretenimento","tag-cabelos-loiros","tag-cronograma-capilar","tag-matizacao-capilar"],"yoast_head":"<!-- This site is optimized with the Yoast SEO plugin v23.8 - https:\/\/yoast.com\/wordpress\/plugins\/seo\/ -->\n<title>Quanto tempo esperar para usar shampoo roxo depois de pintar o cabelo? - Estado de Minas - Em foco<\/title>\n<meta name=\"description\" content=\"O tempo de pausa para usar shampoo roxo ap\u00f3s a qu\u00edmica \u00e9 um mist\u00e9rio para muitas mulheres. Saiba como manter o loiro vibrante sem riscos.\" \/>\n<meta name=\"robots\" content=\"index, follow, max-snippet:-1, max-image-preview:large, max-video-preview:-1\" \/>\n<link rel=\"canonical\" href=\"https:\/\/www.em.com.br\/emfoco\/2026\/04\/30\/quanto-tempo-esperar-para-usar-shampoo-roxo-depois-de-pintar-o-cabelo\/\" \/>\n<meta property=\"og:locale\" content=\"pt_BR\" \/>\n<meta property=\"og:type\" content=\"article\" \/>\n<meta property=\"og:title\" content=\"Quanto tempo esperar para usar shampoo roxo depois de pintar o cabelo? - Estado de Minas - Em foco\" \/>\n<meta property=\"og:description\" content=\"O tempo de pausa para usar shampoo roxo ap\u00f3s a qu\u00edmica \u00e9 um mist\u00e9rio para muitas mulheres. Saiba como manter o loiro vibrante sem riscos.\" \/>\n<meta property=\"og:url\" content=\"https:\/\/www.em.com.br\/emfoco\/2026\/04\/30\/quanto-tempo-esperar-para-usar-shampoo-roxo-depois-de-pintar-o-cabelo\/\" \/>\n<meta property=\"og:site_name\" content=\"Estado de Minas - Em foco\" \/>\n<meta property=\"article:published_time\" content=\"2026-04-30T18:25:00+00:00\" \/>\n<meta property=\"article:modified_time\" content=\"2026-04-29T19:59:46+00:00\" \/>\n<meta property=\"og:image\" content=\"https:\/\/www.em.com.br\/emfoco\/wp-content\/uploads\/2026\/04\/EmFoco_43-8.jpg\" \/>\n\t<meta property=\"og:image:width\" content=\"1280\" \/>\n\t<meta property=\"og:image:height\" content=\"720\" \/>\n\t<meta property=\"og:image:type\" content=\"image\/jpeg\" \/>\n<meta name=\"author\" content=\"Daniely Cardoso\" \/>\n<meta name=\"twitter:card\" content=\"summary_large_image\" \/>\n<meta name=\"twitter:label1\" content=\"Escrito por\" \/>\n\t<meta name=\"twitter:data1\" content=\"Daniely Cardoso\" \/>\n\t<meta name=\"twitter:label2\" content=\"Est. tempo de leitura\" \/>\n\t<meta name=\"twitter:data2\" content=\"6 minutos\" \/>\n<!-- \/ Yoast SEO plugin. -->","yoast_head_json":{"title":"Quanto tempo esperar para usar shampoo roxo depois de pintar o cabelo? - Estado de Minas - Em foco","description":"O tempo de pausa para usar shampoo roxo ap\u00f3s a qu\u00edmica \u00e9 um mist\u00e9rio para muitas mulheres. Saiba como manter o loiro vibrante sem riscos.","robots":{"index":"index","follow":"follow","max-snippet":"max-snippet:-1","max-image-preview":"max-image-preview:large","max-video-preview":"max-video-preview:-1"},"canonical":"https:\/\/www.em.com.br\/emfoco\/2026\/04\/30\/quanto-tempo-esperar-para-usar-shampoo-roxo-depois-de-pintar-o-cabelo\/","og_locale":"pt_BR","og_type":"article","og_title":"Quanto tempo esperar para usar shampoo roxo depois de pintar o cabelo? - Estado de Minas - Em foco","og_description":"O tempo de pausa para usar shampoo roxo ap\u00f3s a qu\u00edmica \u00e9 um mist\u00e9rio para muitas mulheres. Saiba como manter o loiro vibrante sem riscos.","og_url":"https:\/\/www.em.com.br\/emfoco\/2026\/04\/30\/quanto-tempo-esperar-para-usar-shampoo-roxo-depois-de-pintar-o-cabelo\/","og_site_name":"Estado de Minas - Em foco","article_published_time":"2026-04-30T18:25:00+00:00","article_modified_time":"2026-04-29T19:59:46+00:00","og_image":[{"width":1280,"height":720,"url":"https:\/\/www.em.com.br\/emfoco\/wp-content\/uploads\/2026\/04\/EmFoco_43-8.jpg","type":"image\/jpeg"}],"author":"Daniely Cardoso","twitter_card":"summary_large_image","twitter_misc":{"Escrito por":"Daniely Cardoso","Est. tempo de leitura":"6 minutos"},"schema":{"@context":"https:\/\/schema.org","@graph":[{"@type":"WebPage","@id":"https:\/\/www.em.com.br\/emfoco\/2026\/04\/30\/quanto-tempo-esperar-para-usar-shampoo-roxo-depois-de-pintar-o-cabelo\/","url":"https:\/\/www.em.com.br\/emfoco\/2026\/04\/30\/quanto-tempo-esperar-para-usar-shampoo-roxo-depois-de-pintar-o-cabelo\/","name":"Quanto tempo esperar para usar shampoo roxo depois de pintar o cabelo? - Estado de Minas - Em foco","isPartOf":{"@id":"https:\/\/www.em.com.br\/emfoco\/#website"},"primaryImageOfPage":{"@id":"https:\/\/www.em.com.br\/emfoco\/2026\/04\/30\/quanto-tempo-esperar-para-usar-shampoo-roxo-depois-de-pintar-o-cabelo\/#primaryimage"},"image":{"@id":"https:\/\/www.em.com.br\/emfoco\/2026\/04\/30\/quanto-tempo-esperar-para-usar-shampoo-roxo-depois-de-pintar-o-cabelo\/#primaryimage"},"thumbnailUrl":"https:\/\/www.em.com.br\/emfoco\/wp-content\/uploads\/2026\/04\/EmFoco_43-8.jpg","datePublished":"2026-04-30T18:25:00+00:00","dateModified":"2026-04-29T19:59:46+00:00","author":{"@id":"https:\/\/www.em.com.br\/emfoco\/#\/schema\/person\/0a8186d72f2c3a5c6276d90b41f271a0"},"description":"O tempo de pausa para usar shampoo roxo ap\u00f3s a qu\u00edmica \u00e9 um mist\u00e9rio para muitas mulheres. Saiba como manter o loiro vibrante sem riscos.","breadcrumb":{"@id":"https:\/\/www.em.com.br\/emfoco\/2026\/04\/30\/quanto-tempo-esperar-para-usar-shampoo-roxo-depois-de-pintar-o-cabelo\/#breadcrumb"},"inLanguage":"pt-BR","potentialAction":[{"@type":"ReadAction","target":["https:\/\/www.em.com.br\/emfoco\/2026\/04\/30\/quanto-tempo-esperar-para-usar-shampoo-roxo-depois-de-pintar-o-cabelo\/"]}]},{"@type":"ImageObject","inLanguage":"pt-BR","@id":"https:\/\/www.em.com.br\/emfoco\/2026\/04\/30\/quanto-tempo-esperar-para-usar-shampoo-roxo-depois-de-pintar-o-cabelo\/#primaryimage","url":"https:\/\/www.em.com.br\/emfoco\/wp-content\/uploads\/2026\/04\/EmFoco_43-8.jpg","contentUrl":"https:\/\/www.em.com.br\/emfoco\/wp-content\/uploads\/2026\/04\/EmFoco_43-8.jpg","width":1280,"height":720,"caption":"Intervalo de tr\u00eas dias ap\u00f3s colora\u00e7\u00e3o garante fixa\u00e7\u00e3o da cor e sa\u00fade capilar"},{"@type":"BreadcrumbList","@id":"https:\/\/www.em.com.br\/emfoco\/2026\/04\/30\/quanto-tempo-esperar-para-usar-shampoo-roxo-depois-de-pintar-o-cabelo\/#breadcrumb","itemListElement":[{"@type":"ListItem","position":1,"name":"In\u00edcio","item":"https:\/\/www.em.com.br\/emfoco\/"},{"@type":"ListItem","position":2,"name":"Quanto tempo esperar para usar shampoo roxo depois de pintar o cabelo?"}]},{"@type":"WebSite","@id":"https:\/\/www.em.com.br\/emfoco\/#website","url":"https:\/\/www.em.com.br\/emfoco\/","name":"Estado de Minas - Em foco","description":"Acompanhe as \u00faltimas not\u00edcias e fique bem informado sobre tudo o que acontece em Minas Gerais, Brasil e no mundo.","potentialAction":[{"@type":"SearchAction","target":{"@type":"EntryPoint","urlTemplate":"https:\/\/www.em.com.br\/emfoco\/?s={search_term_string}"},"query-input":{"@type":"PropertyValueSpecification","valueRequired":true,"valueName":"search_term_string"}}],"inLanguage":"pt-BR"},{"@type":"Person","@id":"https:\/\/www.em.com.br\/emfoco\/#\/schema\/person\/0a8186d72f2c3a5c6276d90b41f271a0","name":"Daniely Cardoso","image":{"@type":"ImageObject","inLanguage":"pt-BR","@id":"https:\/\/www.em.com.br\/emfoco\/#\/schema\/person\/image\/","url":"https:\/\/secure.gravatar.com\/avatar\/4b80ddbd124d1f071b626d52d62e5dff?s=96&d=mm&r=g","contentUrl":"https:\/\/secure.gravatar.com\/avatar\/4b80ddbd124d1f071b626d52d62e5dff?s=96&d=mm&r=g","caption":"Daniely Cardoso"},"url":"https:\/\/www.em.com.br\/emfoco\/author\/danielymyth\/"}]}},"_links":{"self":[{"href":"https:\/\/www.em.com.br\/emfoco\/wp-json\/wp\/v2\/posts\/201463","targetHints":{"allow":["GET"]}}],"collection":[{"href":"https:\/\/www.em.com.br\/emfoco\/wp-json\/wp\/v2\/posts"}],"about":[{"href":"https:\/\/www.em.com.br\/emfoco\/wp-json\/wp\/v2\/types\/post"}],"author":[{"embeddable":true,"href":"https:\/\/www.em.com.br\/emfoco\/wp-json\/wp\/v2\/users\/9"}],"replies":[{"embeddable":true,"href":"https:\/\/www.em.com.br\/emfoco\/wp-json\/wp\/v2\/comments?post=201463"}],"version-history":[{"count":1,"href":"https:\/\/www.em.com.br\/emfoco\/wp-json\/wp\/v2\/posts\/201463\/revisions"}],"predecessor-version":[{"id":201471,"href":"https:\/\/www.em.com.br\/emfoco\/wp-json\/wp\/v2\/posts\/201463\/revisions\/201471"}],"wp:featuredmedia":[{"embeddable":true,"href":"https:\/\/www.em.com.br\/emfoco\/wp-json\/wp\/v2\/media\/201654"}],"wp:attachment":[{"href":"https:\/\/www.em.com.br\/emfoco\/wp-json\/wp\/v2\/media?parent=201463"}],"wp:term":[{"taxonomy":"category","embeddable":true,"href":"https:\/\/www.em.com.br\/emfoco\/wp-json\/wp\/v2\/categories?post=201463"},{"taxonomy":"post_tag","embeddable":true,"href":"https:\/\/www.em.com.br\/emfoco\/wp-json\/wp\/v2\/tags?post=201463"}],"curies":[{"name":"wp","href":"https:\/\/api.w.org\/{rel}","templated":true}]}}