{"id":201454,"date":"2026-04-30T14:25:00","date_gmt":"2026-04-30T17:25:00","guid":{"rendered":"https:\/\/www.em.com.br\/emfoco\/?p=201454"},"modified":"2026-04-29T16:59:57","modified_gmt":"2026-04-29T19:59:57","slug":"nem-muito-comprido-nem-muito-curto-o-corte-de-cabelo-feminino-que-sera-tendencia-em-2026","status":"publish","type":"post","link":"https:\/\/www.em.com.br\/emfoco\/2026\/04\/30\/nem-muito-comprido-nem-muito-curto-o-corte-de-cabelo-feminino-que-sera-tendencia-em-2026\/","title":{"rendered":"Nem muito comprido, nem muito curto: o corte de cabelo feminino que ser\u00e1 tend\u00eancia em 2026"},"content":{"rendered":"\n<p>Muitas mulheres buscam o equil\u00edbrio perfeito entre sofistica\u00e7\u00e3o e facilidade ao escolher o <strong>corte m\u00e9dio minimalista<\/strong>. Essa tend\u00eancia espec\u00edfica promete dominar os sal\u00f5es no pr\u00f3ximo ano devido ao seu poder de renova\u00e7\u00e3o est\u00e9tica imediata.<\/p>\n\n\n\n<h2 class=\"wp-block-heading\">Por que o corte m\u00e9dio minimalista transforma o visual?<\/h2>\n\n\n\n<p>A geometria reta deste estilo cria uma linha horizontal que organiza as propor\u00e7\u00f5es da face com maestria. <strong>Definir o contorno<\/strong> facial ajuda a projetar uma imagem de seguran\u00e7a e muita modernidade para mulheres de todas as idades. O uso de bases s\u00f3lidas evita que as pontas pare\u00e7am ralas ou sem vida durante o dia.<\/p>\n\n\n\n<p>A aus\u00eancia de camadas desconexas permite que a luz reflita de maneira uniforme por toda a extens\u00e3o capilar. <strong>Aumentar o brilho<\/strong> torna-se uma consequ\u00eancia natural da t\u00e9cnica de corte a fio utilizada pelos especialistas. O <strong>corte m\u00e9dio minimalista<\/strong> atua como um acess\u00f3rio permanente que eleva qualquer produ\u00e7\u00e3o b\u00e1sica ou casual no cotidiano.<\/p>\n\n\n<div class=\"wp-block-image\">\n<figure class=\"aligncenter size-large\"><img loading=\"lazy\" decoding=\"async\" width=\"1024\" height=\"576\" src=\"https:\/\/www.em.com.br\/emfoco\/wp-content\/uploads\/2026\/03\/Gemini_Generated_Image_jldlk7jldlk7jldl-1-1024x576.png\" alt=\"Corte m\u00e9dio minimalista\" class=\"wp-image-176826\" srcset=\"https:\/\/www.em.com.br\/emfoco\/wp-content\/uploads\/2026\/03\/Gemini_Generated_Image_jldlk7jldlk7jldl-1-1024x576.png 1024w, https:\/\/www.em.com.br\/emfoco\/wp-content\/uploads\/2026\/03\/Gemini_Generated_Image_jldlk7jldlk7jldl-1-300x169.png 300w, https:\/\/www.em.com.br\/emfoco\/wp-content\/uploads\/2026\/03\/Gemini_Generated_Image_jldlk7jldlk7jldl-1-768x432.png 768w, https:\/\/www.em.com.br\/emfoco\/wp-content\/uploads\/2026\/03\/Gemini_Generated_Image_jldlk7jldlk7jldl-1-750x422.png 750w, https:\/\/www.em.com.br\/emfoco\/wp-content\/uploads\/2026\/03\/Gemini_Generated_Image_jldlk7jldlk7jldl-1-1140x641.png 1140w, https:\/\/www.em.com.br\/emfoco\/wp-content\/uploads\/2026\/03\/Gemini_Generated_Image_jldlk7jldlk7jldl-1.png 1280w\" sizes=\"auto, (max-width: 1024px) 100vw, 1024px\" \/><figcaption class=\"wp-element-caption\">O bob japon\u00eas, tamb\u00e9m conhecido como corte reto japon\u00eas, \u00e9 um tipo de bob com base quase totalmente reta<\/figcaption><\/figure><\/div>\n\n\n<p>Leia tamb\u00e9m: <a href=\"https:\/\/www.em.com.br\/emfoco\/2026\/01\/20\/essas-tendencias-em-cortes-de-cabelo-apostam-no-efeito-rejuvenescedor-formatos-estrategicos-suavizam-e-iluminam-o-rosto\/\" target=\"_blank\" rel=\"noreferrer noopener\">Essas tend\u00eancias em cortes de cabelo apostam no efeito rejuvenescedor: formatos estrat\u00e9gicos suavizam e iluminam o rosto<\/a><\/p>\n\n\n\n<h2 class=\"wp-block-heading\">Como o Bob japon\u00eas valoriza a fisionomia feminina?<\/h2>\n\n\n\n<p>O Bob japon\u00eas utiliza a precis\u00e3o milim\u00e9trica para emoldurar as ma\u00e7\u00e3s do rosto com extrema eleg\u00e2ncia e suavidade. <strong>Destacar o olhar<\/strong> \u00e9 um dos principais benef\u00edcios relatados por quem adota essa varia\u00e7\u00e3o oriental t\u00e3o prestigiada mundialmente. Essa t\u00e9cnica milenar remove o peso excessivo sem comprometer a densidade necess\u00e1ria para manter um visual saud\u00e1vel.<\/p>\n\n\n\n<p>A altura estrat\u00e9gica pr\u00f3xima \u00e0 clav\u00edcula ajuda a alongar a silhueta de forma muito graciosa e atraente. Antes de realizar a transforma\u00e7\u00e3o, vale analisar alguns pontos t\u00e9cnicos que tornam o Bob japon\u00eas t\u00e3o desejado e especial. As caracter\u00edsticas abaixo mostram como a estrutura do Bob japon\u00eas funciona perfeitamente em diferentes texturas e tipos de fios.<\/p>\n\n\n\n<ul class=\"wp-block-list\">\n<li>Base rigorosamente reta para garantir o peso visual.<\/li>\n\n\n\n<li>Fios com acabamento polido para refletir a luz solar.<\/li>\n\n\n\n<li>Simetria lateral absoluta para harmonizar os \u00e2ngulos faciais.<\/li>\n<\/ul>\n\n\n\n<p>Para voc\u00ea que quer escolher um corte curto, separamos um v\u00eddeo do canal da <a href=\"https:\/\/www.youtube.com\/@isasalustiano\" target=\"_blank\" rel=\"noreferrer noopener\">Isa Salustiano<\/a> com dicas para te ajudar:<\/p>\n\n\n\n<figure class=\"wp-block-embed is-type-video is-provider-youtube wp-block-embed-youtube wp-embed-aspect-16-9 wp-has-aspect-ratio\"><div class=\"wp-block-embed__wrapper\">\n<div class=\"jeg_video_container jeg_video_content\"><iframe loading=\"lazy\" title=\"Cortes curtos para cabelos com ALISAMENTO | Dicas de cortes\" width=\"500\" height=\"281\" src=\"https:\/\/www.youtube.com\/embed\/PhSAWbRqtq4?feature=oembed\" frameborder=\"0\" allow=\"accelerometer; autoplay; clipboard-write; encrypted-media; gyroscope; picture-in-picture; web-share\" referrerpolicy=\"strict-origin-when-cross-origin\" allowfullscreen><\/iframe><\/div>\n<\/div><\/figure>\n\n\n\n<h2 class=\"wp-block-heading\">Quais as vantagens do corte m\u00e9dio minimalista na rotina?<\/h2>\n\n\n\n<p>Manter a eleg\u00e2ncia sem gastar horas com secadores ou pranchas \u00e9 a grande vantagem competitiva deste modelo. <strong>Simplificar a rotina<\/strong> matinal permite que voc\u00ea dedique mais tempo a outras atividades importantes do seu despertar di\u00e1rio. O <strong>corte m\u00e9dio minimalista<\/strong> mant\u00e9m sua forma original mesmo ap\u00f3s v\u00e1rias lavagens realizadas de maneira simples e r\u00e1pida em casa.<\/p>\n\n\n\n<p>A versatilidade do comprimento permite transitar entre o cabelo solto e presos pr\u00e1ticos com muita facilidade. <strong>Garantir a versatilidade<\/strong> visual ajuda a adaptar a imagem para reuni\u00f5es de trabalho ou jantares sociais descontra\u00eddos. <strong>Priorizar o conforto<\/strong> n\u00e3o significa abrir m\u00e3o da sofistica\u00e7\u00e3o que uma base bem cortada oferece para a mulher contempor\u00e2nea.<\/p>\n\n\n\n<figure class=\"wp-block-embed is-type-rich is-provider-pinterest wp-block-embed-pinterest\"><div class=\"wp-block-embed__wrapper\">\n<iframe loading=\"lazy\" title=\" \" src=\"https:\/\/assets.pinterest.com\/ext\/embed.html?id=821132944580900925&#038;src=oembed\" height=\"899\" width=\"450\" frameborder=\"0\" scrolling=\"no\" ><\/iframe>\n<\/div><\/figure>\n\n\n\n<h2 class=\"wp-block-heading\">Como o Bob japon\u00eas garante praticidade absoluta?<\/h2>\n\n\n\n<p>O crescimento dos fios ocorre de maneira organizada e n\u00e3o exige retoques mensais obrigat\u00f3rios no sal\u00e3o de beleza. <strong>Economizar recursos<\/strong> financeiros torna-se poss\u00edvel ao escolher um design que preserva o formato por longos per\u00edodos. O Bob japon\u00eas mant\u00e9m as pontas alinhadas e saud\u00e1veis devido \u00e0 t\u00e9cnica de corte que sela as cut\u00edculas de forma natural.<\/p>\n\n\n\n<p>Poucos produtos de finaliza\u00e7\u00e3o s\u00e3o necess\u00e1rios para manter o aspecto de rec\u00e9m-sa\u00edda de um atendimento profissional de luxo. <strong>Usar \u00f3leos<\/strong> leves garante que o movimento das mechas permane\u00e7a fluido e muito agrad\u00e1vel ao toque durante o uso. <strong>Manter a sa\u00fade<\/strong> dos fios \u00e9 o pilar central desta proposta est\u00e9tica que valoriza a beleza aut\u00eantica de cada mulher.<\/p>\n\n\n\n<h2 class=\"wp-block-heading\">Por que adotar o corte m\u00e9dio minimalista agora?<\/h2>\n\n\n\n<p>Antecipar as tend\u00eancias de 2026 demonstra uma personalidade antenada com o que existe de mais moderno no mercado. <strong>Renovar a autoestima<\/strong> atrav\u00e9s de um visual limpo traz uma sensa\u00e7\u00e3o de frescor e renova\u00e7\u00e3o para a vida pessoal. O <strong>corte m\u00e9dio minimalista<\/strong> \u00e9 a escolha ideal para quem deseja uma transi\u00e7\u00e3o suave entre comprimentos extremos e formatos sem gra\u00e7a.<\/p>\n\n\n\n<p>A adapta\u00e7\u00e3o clim\u00e1tica deste estilo permite enfrentar dias quentes ou \u00famidos sem perder o controle sobre o volume capilar. <strong>Controlar o frizz<\/strong> torna-se muito mais f\u00e1cil quando a estrutura do cabelo est\u00e1 devidamente equilibrada e pesada na base s\u00f3lida. <strong>Investir na imagem<\/strong> pessoal reflete o cuidado que voc\u00ea tem consigo mesma e com a sua apresenta\u00e7\u00e3o social di\u00e1ria.<\/p>\n\n\n<div class=\"wp-block-image\">\n<figure class=\"aligncenter size-large\"><img loading=\"lazy\" decoding=\"async\" width=\"1024\" height=\"576\" src=\"https:\/\/www.em.com.br\/emfoco\/wp-content\/uploads\/2026\/04\/Corte-medio-minimalista-1024x576.jpg\" alt=\"Corte m\u00e9dio minimalista\" class=\"wp-image-201459\" srcset=\"https:\/\/www.em.com.br\/emfoco\/wp-content\/uploads\/2026\/04\/Corte-medio-minimalista-1024x576.jpg 1024w, https:\/\/www.em.com.br\/emfoco\/wp-content\/uploads\/2026\/04\/Corte-medio-minimalista-300x169.jpg 300w, https:\/\/www.em.com.br\/emfoco\/wp-content\/uploads\/2026\/04\/Corte-medio-minimalista-768x432.jpg 768w, https:\/\/www.em.com.br\/emfoco\/wp-content\/uploads\/2026\/04\/Corte-medio-minimalista-750x422.jpg 750w, https:\/\/www.em.com.br\/emfoco\/wp-content\/uploads\/2026\/04\/Corte-medio-minimalista-1140x641.jpg 1140w, https:\/\/www.em.com.br\/emfoco\/wp-content\/uploads\/2026\/04\/Corte-medio-minimalista.jpg 1280w\" sizes=\"auto, (max-width: 1024px) 100vw, 1024px\" \/><figcaption class=\"wp-element-caption\">A adapta\u00e7\u00e3o clim\u00e1tica deste estilo permite enfrentar dias quentes ou \u00famidos sem perder o controle sobre o volume capilar<\/figcaption><\/figure><\/div>\n\n\n<h2 class=\"wp-block-heading\">Dicas para manter o visual sempre radiante<\/h2>\n\n\n\n<p>Higienizar o couro cabeludo com produtos de alta performance assegura que o brilho das mechas seja constante e vibrante. <strong>Aplicar m\u00e1scaras<\/strong> nutritivas quinzenalmente mant\u00e9m a maleabilidade necess\u00e1ria para o balan\u00e7o caracter\u00edstico do Bob japon\u00eas em movimento. <strong>Proteger do calor<\/strong> excessivo do sol ou de ferramentas t\u00e9rmicas ajuda a preservar a integridade das pontas retas.<\/p>\n\n\n\n<p>Realizar pequenos ajustes trimestrais ajuda a manter a geometria original que define o charme desta tend\u00eancia internacional de beleza. <strong>Valorizar o corte<\/strong> bem feito exige uma aten\u00e7\u00e3o m\u00ednima aos detalhes que fazem toda a diferen\u00e7a na percep\u00e7\u00e3o alheia. <strong>Aproveitar a leveza<\/strong> de um visual moderno proporciona uma liberdade \u00fanica para vivenciar novas experi\u00eancias com total seguran\u00e7a.<\/p>\n\n\n\n<h2 class=\"wp-block-heading\">Escolha o caminho da eleg\u00e2ncia atemporal<\/h2>\n\n\n\n<p>Siga sua intui\u00e7\u00e3o ao decidir pelo comprimento que melhor representa sua for\u00e7a e sua identidade pessoal \u00fanica. <strong>Buscar o equil\u00edbrio<\/strong> est\u00e9tico \u00e9 um passo importante para se sentir em plena harmonia com o pr\u00f3prio espelho. Aproveite cada elogio que receber\u00e1 ao exibir sua nova moldura facial com orgulho e muita classe em qualquer lugar.<\/p>\n\n\n\n<p>Mantenha a confian\u00e7a em alta ao perceber como pequenos ajustes podem transformar sua percep\u00e7\u00e3o sobre si mesma e o mundo. <strong>Cultivar a vaidade<\/strong> saud\u00e1vel traz benef\u00edcios que v\u00e3o muito al\u00e9m da superf\u00edcie da pele ou da apar\u00eancia externa simples. <strong>Sinta a renova\u00e7\u00e3o<\/strong> que apenas uma mudan\u00e7a bem planejada e executada pode oferecer para o seu cotidiano produtivo e alegre.<\/p>\n\n\n\n<p><\/p>\n","protected":false},"excerpt":{"rendered":"<p>Muitas mulheres buscam o equil\u00edbrio perfeito entre sofistica\u00e7\u00e3o e facilidade ao escolher o corte m\u00e9dio minimalista. Essa tend\u00eancia espec\u00edfica promete dominar os sal\u00f5es no pr\u00f3ximo ano devido ao seu poder de renova\u00e7\u00e3o est\u00e9tica imediata. Por que o corte m\u00e9dio minimalista transforma o visual? A geometria reta deste estilo cria uma linha horizontal que organiza as [&hellip;]<\/p>\n","protected":false},"author":9,"featured_media":201653,"comment_status":"open","ping_status":"open","sticky":false,"template":"","format":"standard","meta":{"jnews-multi-image_gallery":[],"jnews_single_post":{"format":"standard"},"jnews_primary_category":[],"jnews_social_meta":[],"jnews_override_counter":[],"footnotes":""},"categories":[8691,29],"tags":[24907,13831,15217],"class_list":["post-201454","post","type-post","status-publish","format-standard","has-post-thumbnail","hentry","category-bem-estar","category-entretenimento","tag-bob-japones","tag-cabelo-feminino","tag-tendencias-2026"],"yoast_head":"<!-- This site is optimized with the Yoast SEO plugin v23.8 - https:\/\/yoast.com\/wordpress\/plugins\/seo\/ -->\n<title>Nem muito comprido, nem muito curto: o corte de cabelo feminino que ser\u00e1 tend\u00eancia em 2026 - Estado de Minas - Em foco<\/title>\n<meta name=\"description\" content=\"Este novo estilo capilar promete equilibrar eleg\u00e2ncia e facilidade para quem busca renovar o visual. Veja como esse corte ilumina o rosto.\" \/>\n<meta name=\"robots\" content=\"index, follow, max-snippet:-1, max-image-preview:large, max-video-preview:-1\" \/>\n<link rel=\"canonical\" href=\"https:\/\/www.em.com.br\/emfoco\/2026\/04\/30\/nem-muito-comprido-nem-muito-curto-o-corte-de-cabelo-feminino-que-sera-tendencia-em-2026\/\" \/>\n<meta property=\"og:locale\" content=\"pt_BR\" \/>\n<meta property=\"og:type\" content=\"article\" \/>\n<meta property=\"og:title\" content=\"Nem muito comprido, nem muito curto: o corte de cabelo feminino que ser\u00e1 tend\u00eancia em 2026 - Estado de Minas - Em foco\" \/>\n<meta property=\"og:description\" content=\"Este novo estilo capilar promete equilibrar eleg\u00e2ncia e facilidade para quem busca renovar o visual. Veja como esse corte ilumina o rosto.\" \/>\n<meta property=\"og:url\" content=\"https:\/\/www.em.com.br\/emfoco\/2026\/04\/30\/nem-muito-comprido-nem-muito-curto-o-corte-de-cabelo-feminino-que-sera-tendencia-em-2026\/\" \/>\n<meta property=\"og:site_name\" content=\"Estado de Minas - Em foco\" \/>\n<meta property=\"article:published_time\" content=\"2026-04-30T17:25:00+00:00\" \/>\n<meta property=\"article:modified_time\" content=\"2026-04-29T19:59:57+00:00\" \/>\n<meta property=\"og:image\" content=\"https:\/\/www.em.com.br\/emfoco\/wp-content\/uploads\/2026\/04\/EmFoco_44-8.jpg\" \/>\n\t<meta property=\"og:image:width\" content=\"1280\" \/>\n\t<meta property=\"og:image:height\" content=\"720\" \/>\n\t<meta property=\"og:image:type\" content=\"image\/jpeg\" \/>\n<meta name=\"author\" content=\"Daniely Cardoso\" \/>\n<meta name=\"twitter:card\" content=\"summary_large_image\" \/>\n<meta name=\"twitter:label1\" content=\"Escrito por\" \/>\n\t<meta name=\"twitter:data1\" content=\"Daniely Cardoso\" \/>\n\t<meta name=\"twitter:label2\" content=\"Est. tempo de leitura\" \/>\n\t<meta name=\"twitter:data2\" content=\"6 minutos\" \/>\n<!-- \/ Yoast SEO plugin. -->","yoast_head_json":{"title":"Nem muito comprido, nem muito curto: o corte de cabelo feminino que ser\u00e1 tend\u00eancia em 2026 - Estado de Minas - Em foco","description":"Este novo estilo capilar promete equilibrar eleg\u00e2ncia e facilidade para quem busca renovar o visual. Veja como esse corte ilumina o rosto.","robots":{"index":"index","follow":"follow","max-snippet":"max-snippet:-1","max-image-preview":"max-image-preview:large","max-video-preview":"max-video-preview:-1"},"canonical":"https:\/\/www.em.com.br\/emfoco\/2026\/04\/30\/nem-muito-comprido-nem-muito-curto-o-corte-de-cabelo-feminino-que-sera-tendencia-em-2026\/","og_locale":"pt_BR","og_type":"article","og_title":"Nem muito comprido, nem muito curto: o corte de cabelo feminino que ser\u00e1 tend\u00eancia em 2026 - Estado de Minas - Em foco","og_description":"Este novo estilo capilar promete equilibrar eleg\u00e2ncia e facilidade para quem busca renovar o visual. Veja como esse corte ilumina o rosto.","og_url":"https:\/\/www.em.com.br\/emfoco\/2026\/04\/30\/nem-muito-comprido-nem-muito-curto-o-corte-de-cabelo-feminino-que-sera-tendencia-em-2026\/","og_site_name":"Estado de Minas - Em foco","article_published_time":"2026-04-30T17:25:00+00:00","article_modified_time":"2026-04-29T19:59:57+00:00","og_image":[{"width":1280,"height":720,"url":"https:\/\/www.em.com.br\/emfoco\/wp-content\/uploads\/2026\/04\/EmFoco_44-8.jpg","type":"image\/jpeg"}],"author":"Daniely Cardoso","twitter_card":"summary_large_image","twitter_misc":{"Escrito por":"Daniely Cardoso","Est. tempo de leitura":"6 minutos"},"schema":{"@context":"https:\/\/schema.org","@graph":[{"@type":"WebPage","@id":"https:\/\/www.em.com.br\/emfoco\/2026\/04\/30\/nem-muito-comprido-nem-muito-curto-o-corte-de-cabelo-feminino-que-sera-tendencia-em-2026\/","url":"https:\/\/www.em.com.br\/emfoco\/2026\/04\/30\/nem-muito-comprido-nem-muito-curto-o-corte-de-cabelo-feminino-que-sera-tendencia-em-2026\/","name":"Nem muito comprido, nem muito curto: o corte de cabelo feminino que ser\u00e1 tend\u00eancia em 2026 - Estado de Minas - Em foco","isPartOf":{"@id":"https:\/\/www.em.com.br\/emfoco\/#website"},"primaryImageOfPage":{"@id":"https:\/\/www.em.com.br\/emfoco\/2026\/04\/30\/nem-muito-comprido-nem-muito-curto-o-corte-de-cabelo-feminino-que-sera-tendencia-em-2026\/#primaryimage"},"image":{"@id":"https:\/\/www.em.com.br\/emfoco\/2026\/04\/30\/nem-muito-comprido-nem-muito-curto-o-corte-de-cabelo-feminino-que-sera-tendencia-em-2026\/#primaryimage"},"thumbnailUrl":"https:\/\/www.em.com.br\/emfoco\/wp-content\/uploads\/2026\/04\/EmFoco_44-8.jpg","datePublished":"2026-04-30T17:25:00+00:00","dateModified":"2026-04-29T19:59:57+00:00","author":{"@id":"https:\/\/www.em.com.br\/emfoco\/#\/schema\/person\/0a8186d72f2c3a5c6276d90b41f271a0"},"description":"Este novo estilo capilar promete equilibrar eleg\u00e2ncia e facilidade para quem busca renovar o visual. Veja como esse corte ilumina o rosto.","breadcrumb":{"@id":"https:\/\/www.em.com.br\/emfoco\/2026\/04\/30\/nem-muito-comprido-nem-muito-curto-o-corte-de-cabelo-feminino-que-sera-tendencia-em-2026\/#breadcrumb"},"inLanguage":"pt-BR","potentialAction":[{"@type":"ReadAction","target":["https:\/\/www.em.com.br\/emfoco\/2026\/04\/30\/nem-muito-comprido-nem-muito-curto-o-corte-de-cabelo-feminino-que-sera-tendencia-em-2026\/"]}]},{"@type":"ImageObject","inLanguage":"pt-BR","@id":"https:\/\/www.em.com.br\/emfoco\/2026\/04\/30\/nem-muito-comprido-nem-muito-curto-o-corte-de-cabelo-feminino-que-sera-tendencia-em-2026\/#primaryimage","url":"https:\/\/www.em.com.br\/emfoco\/wp-content\/uploads\/2026\/04\/EmFoco_44-8.jpg","contentUrl":"https:\/\/www.em.com.br\/emfoco\/wp-content\/uploads\/2026\/04\/EmFoco_44-8.jpg","width":1280,"height":720,"caption":"Geometria reta do bob japon\u00eas oferece eleg\u00e2ncia atemporal e praticidade na rotina feminina"},{"@type":"BreadcrumbList","@id":"https:\/\/www.em.com.br\/emfoco\/2026\/04\/30\/nem-muito-comprido-nem-muito-curto-o-corte-de-cabelo-feminino-que-sera-tendencia-em-2026\/#breadcrumb","itemListElement":[{"@type":"ListItem","position":1,"name":"In\u00edcio","item":"https:\/\/www.em.com.br\/emfoco\/"},{"@type":"ListItem","position":2,"name":"Nem muito comprido, nem muito curto: o corte de cabelo feminino que ser\u00e1 tend\u00eancia em 2026"}]},{"@type":"WebSite","@id":"https:\/\/www.em.com.br\/emfoco\/#website","url":"https:\/\/www.em.com.br\/emfoco\/","name":"Estado de Minas - Em foco","description":"Acompanhe as \u00faltimas not\u00edcias e fique bem informado sobre tudo o que acontece em Minas Gerais, Brasil e no mundo.","potentialAction":[{"@type":"SearchAction","target":{"@type":"EntryPoint","urlTemplate":"https:\/\/www.em.com.br\/emfoco\/?s={search_term_string}"},"query-input":{"@type":"PropertyValueSpecification","valueRequired":true,"valueName":"search_term_string"}}],"inLanguage":"pt-BR"},{"@type":"Person","@id":"https:\/\/www.em.com.br\/emfoco\/#\/schema\/person\/0a8186d72f2c3a5c6276d90b41f271a0","name":"Daniely Cardoso","image":{"@type":"ImageObject","inLanguage":"pt-BR","@id":"https:\/\/www.em.com.br\/emfoco\/#\/schema\/person\/image\/","url":"https:\/\/secure.gravatar.com\/avatar\/4b80ddbd124d1f071b626d52d62e5dff?s=96&d=mm&r=g","contentUrl":"https:\/\/secure.gravatar.com\/avatar\/4b80ddbd124d1f071b626d52d62e5dff?s=96&d=mm&r=g","caption":"Daniely Cardoso"},"url":"https:\/\/www.em.com.br\/emfoco\/author\/danielymyth\/"}]}},"_links":{"self":[{"href":"https:\/\/www.em.com.br\/emfoco\/wp-json\/wp\/v2\/posts\/201454","targetHints":{"allow":["GET"]}}],"collection":[{"href":"https:\/\/www.em.com.br\/emfoco\/wp-json\/wp\/v2\/posts"}],"about":[{"href":"https:\/\/www.em.com.br\/emfoco\/wp-json\/wp\/v2\/types\/post"}],"author":[{"embeddable":true,"href":"https:\/\/www.em.com.br\/emfoco\/wp-json\/wp\/v2\/users\/9"}],"replies":[{"embeddable":true,"href":"https:\/\/www.em.com.br\/emfoco\/wp-json\/wp\/v2\/comments?post=201454"}],"version-history":[{"count":1,"href":"https:\/\/www.em.com.br\/emfoco\/wp-json\/wp\/v2\/posts\/201454\/revisions"}],"predecessor-version":[{"id":201460,"href":"https:\/\/www.em.com.br\/emfoco\/wp-json\/wp\/v2\/posts\/201454\/revisions\/201460"}],"wp:featuredmedia":[{"embeddable":true,"href":"https:\/\/www.em.com.br\/emfoco\/wp-json\/wp\/v2\/media\/201653"}],"wp:attachment":[{"href":"https:\/\/www.em.com.br\/emfoco\/wp-json\/wp\/v2\/media?parent=201454"}],"wp:term":[{"taxonomy":"category","embeddable":true,"href":"https:\/\/www.em.com.br\/emfoco\/wp-json\/wp\/v2\/categories?post=201454"},{"taxonomy":"post_tag","embeddable":true,"href":"https:\/\/www.em.com.br\/emfoco\/wp-json\/wp\/v2\/tags?post=201454"}],"curies":[{"name":"wp","href":"https:\/\/api.w.org\/{rel}","templated":true}]}}