{"id":201450,"date":"2026-04-30T19:35:00","date_gmt":"2026-04-30T22:35:00","guid":{"rendered":"https:\/\/www.em.com.br\/emfoco\/?p=201450"},"modified":"2026-04-29T16:37:58","modified_gmt":"2026-04-29T19:37:58","slug":"empresa-e-condenada-apos-funcionario-virar-meme-em-grupo-de-whatsapp-e-tera-que-pagar-r-5-mil","status":"publish","type":"post","link":"https:\/\/www.em.com.br\/emfoco\/2026\/04\/30\/empresa-e-condenada-apos-funcionario-virar-meme-em-grupo-de-whatsapp-e-tera-que-pagar-r-5-mil\/","title":{"rendered":"Empresa \u00e9 condenada ap\u00f3s funcion\u00e1rio virar meme em grupo de WhatsApp e ter\u00e1 que pagar R$ 5 mil"},"content":{"rendered":"\n<p>A justi\u00e7a do trabalho decidiu que a omiss\u00e3o de uma empresa diante de ofensas digitais gera dever de indenizar. O caso envolve a propaga\u00e7\u00e3o de <strong>meme em grupo de WhatsApp<\/strong> que humilhava um colaborador perante seus colegas.<\/p>\n\n\n\n<h2 class=\"wp-block-heading\">Por que a justi\u00e7a condenou a empresa pelo meme em grupo de WhatsApp?<\/h2>\n\n\n\n<p>A <strong>1\u00aa C\u00e2mara do Tribunal Regional do Trabalho da 15\u00aa Regi\u00e3o<\/strong> entendeu que o empregador falhou em garantir um ambiente saud\u00e1vel. Mesmo ciente das agress\u00f5es no grupo <strong>R\u00e1dio Pi\u00e3o News<\/strong>, a fabricante de autope\u00e7as n\u00e3o tomou medidas para cessar a humilha\u00e7\u00e3o p\u00fablica.<\/p>\n\n\n\n<p>O colegiado aplicou a responsabilidade solid\u00e1ria, condenando tanto a empresa quanto o colega que criou o <strong>meme em grupo de WhatsApp<\/strong>. Cada um dever\u00e1 pagar <strong>R$ 2.500<\/strong>, totalizando uma condena\u00e7\u00e3o de <strong>R$ 5.000<\/strong> por danos morais ao trabalhador v\u00edtima de ass\u00e9dio.<\/p>\n\n\n\n<h2 class=\"wp-block-heading\">O que caracteriza o ass\u00e9dio moral horizontal nesse caso?<\/h2>\n\n\n\n<p>O ass\u00e9dio moral horizontal ocorre quando as ofensas partem de colegas de mesma hierarquia, mas com a toler\u00e2ncia da chefia. No processo, ficou provado que as montagens comparando a v\u00edtima a animais foram reiteradas e prolongadas, afetando a dignidade do <strong>dirigente sindical<\/strong> envolvido.<\/p>\n\n\n\n<p>Para a justi\u00e7a brasileira, a conduta abusiva no meio digital reflete diretamente na jornada presencial. Confira os elementos que pesaram na decis\u00e3o:<\/p>\n\n\n\n<ul class=\"wp-block-list\">\n<li><strong>Reitera\u00e7\u00e3o das ofensas:<\/strong> As postagens n\u00e3o foram fatos isolados, mas ataques cont\u00ednuos.<\/li>\n\n\n\n<li><strong>Ci\u00eancia do empregador:<\/strong> A empresa sabia dos fatos e escolheu a in\u00e9rcia em vez da puni\u00e7\u00e3o.<\/li>\n\n\n\n<li><strong>Dano psicossocial:<\/strong> A exposi\u00e7\u00e3o gerou um ambiente hostil que feriu a <strong>Constitui\u00e7\u00e3o Federal<\/strong>.<\/li>\n<\/ul>\n\n\n\n<h2 class=\"wp-block-heading\">Qual a diferen\u00e7a entre grupo corporativo e privado para a lei?<\/h2>\n\n\n\n<p>A responsabilidade da empresa depende da sua postura ap\u00f3s tomar conhecimento do conflito. Se o grupo \u00e9 gerido pela empresa, o controle deve ser total; se for privado, a empresa deve agir assim que for notificada sobre a exist\u00eancia de um <strong>meme em grupo de WhatsApp<\/strong> ofensivo.<\/p>\n\n\n\n<p>O <strong>Tribunal Superior do Trabalho<\/strong> j\u00e1 decidiu em casos anteriores que a falta de inger\u00eancia administrativa pode afastar a culpa da empresa. Entretanto, se o conte\u00fado humilhante vaza para o cotidiano da f\u00e1brica, o empregador precisa intervir para evitar a coniv\u00eancia com o crime de <strong>inj\u00faria<\/strong>.<\/p>\n\n\n<div class=\"wp-block-image\">\n<figure class=\"aligncenter size-large\"><img loading=\"lazy\" decoding=\"async\" width=\"1024\" height=\"576\" src=\"https:\/\/www.em.com.br\/emfoco\/wp-content\/uploads\/2026\/04\/whatsapp_1777121811738-1-1024x576.jpg\" alt=\"Cr\u00e9ditos: depositphotos.com \/ rafapress\" class=\"wp-image-199144\" srcset=\"https:\/\/www.em.com.br\/emfoco\/wp-content\/uploads\/2026\/04\/whatsapp_1777121811738-1-1024x576.jpg 1024w, https:\/\/www.em.com.br\/emfoco\/wp-content\/uploads\/2026\/04\/whatsapp_1777121811738-1-300x169.jpg 300w, https:\/\/www.em.com.br\/emfoco\/wp-content\/uploads\/2026\/04\/whatsapp_1777121811738-1-768x432.jpg 768w, https:\/\/www.em.com.br\/emfoco\/wp-content\/uploads\/2026\/04\/whatsapp_1777121811738-1-750x422.jpg 750w, https:\/\/www.em.com.br\/emfoco\/wp-content\/uploads\/2026\/04\/whatsapp_1777121811738-1-1140x641.jpg 1140w, https:\/\/www.em.com.br\/emfoco\/wp-content\/uploads\/2026\/04\/whatsapp_1777121811738-1.jpg 1280w\" sizes=\"auto, (max-width: 1024px) 100vw, 1024px\" \/><figcaption class=\"wp-element-caption\">Justi\u00e7a do Trabalho pune organiza\u00e7\u00e3o por permitir compartilhamento de conte\u00fado vexat\u00f3rio entre colegas &#8211; Cr\u00e9ditos: depositphotos.com \/ rafapress<\/figcaption><\/figure><\/div>\n\n\n<h2 class=\"wp-block-heading\">Como as empresas podem prevenir processos por danos morais?<\/h2>\n\n\n\n<p>A preven\u00e7\u00e3o passa pela implementa\u00e7\u00e3o de c\u00f3digos de conduta claros que incluam o comportamento em aplicativos de mensagens. Educar a equipe sobre o impacto de um <strong>meme em grupo de WhatsApp<\/strong> \u00e9 um passo fundamental para evitar que brincadeiras se transformem em crimes.<\/p>\n\n\n\n<p>\u00c9 recomend\u00e1vel que o setor de <strong>Recursos Humanos<\/strong> monitore o clima organizacional de forma constante. Quando um conflito \u00e9 detectado, a aplica\u00e7\u00e3o imediata de advert\u00eancias ou suspens\u00f5es demonstra que a companhia n\u00e3o endossa comportamentos t\u00f3xicos entre seus funcion\u00e1rios.<\/p>\n\n\n\n<p>Leia tamb\u00e9m: <a href=\"https:\/\/www.em.com.br\/emfoco\/2026\/04\/29\/homem-que-errou-dois-pix-de-r-50-mil-recebe-mais-r-10-mil-apos-decisao-da-justica\/\" target=\"_blank\" rel=\"noreferrer noopener\">Homem que errou dois Pix de R$ 50 mil recebe indeniza\u00e7\u00e3o de R$ 10.000 ap\u00f3s decis\u00e3o da Justi\u00e7a<\/a><\/p>\n\n\n\n<h2 class=\"wp-block-heading\">Quais direitos o trabalhador possui ao ser humilhado digitalmente?<\/h2>\n\n\n\n<p>O empregado v\u00edtima de piadas degradantes pode solicitar a rescis\u00e3o indireta do contrato de trabalho, al\u00e9m da indeniza\u00e7\u00e3o financeira. A legisla\u00e7\u00e3o brasileira protege a honra do cidad\u00e3o, conforme os princ\u00edpios listados pelo <a href=\"https:\/\/trt15.jus.br\/institucional\/o-trt15\" target=\"_blank\" rel=\"noreferrer noopener\">TRT-15<\/a> em suas diretrizes de prote\u00e7\u00e3o ao trabalhador.<\/p>\n\n\n\n<p>Em suma, a decis\u00e3o refor\u00e7a que o espa\u00e7o digital n\u00e3o \u00e9 uma terra sem lei para as corpora\u00e7\u00f5es. Proteger o funcion\u00e1rio contra um <strong>meme em grupo de WhatsApp<\/strong> que fira sua imagem \u00e9, acima de tudo, uma obriga\u00e7\u00e3o legal e \u00e9tica que evita preju\u00edzos financeiros e reputacionais severos.<\/p>\n","protected":false},"excerpt":{"rendered":"<p>A justi\u00e7a do trabalho decidiu que a omiss\u00e3o de uma empresa diante de ofensas digitais gera dever de indenizar. O caso envolve a propaga\u00e7\u00e3o de meme em grupo de WhatsApp que humilhava um colaborador perante seus colegas. Por que a justi\u00e7a condenou a empresa pelo meme em grupo de WhatsApp? A 1\u00aa C\u00e2mara do Tribunal [&hellip;]<\/p>\n","protected":false},"author":30,"featured_media":201599,"comment_status":"open","ping_status":"open","sticky":false,"template":"","format":"standard","meta":{"jnews-multi-image_gallery":[],"jnews_single_post":{"format":"standard"},"jnews_primary_category":[],"jnews_social_meta":[],"jnews_override_counter":[],"footnotes":""},"categories":[28],"tags":[10218,2080,1332,1334],"class_list":["post-201450","post","type-post","status-publish","format-standard","has-post-thumbnail","hentry","category-economia","tag-assedio-moral","tag-direito-do-trabalho","tag-indenizacao","tag-justica"],"yoast_head":"<!-- This site is optimized with the Yoast SEO plugin v23.8 - https:\/\/yoast.com\/wordpress\/plugins\/seo\/ -->\n<title>Empresa \u00e9 condenada ap\u00f3s funcion\u00e1rio virar meme em grupo de WhatsApp e ter\u00e1 que pagar R$ 5 mil - Estado de Minas - Em foco<\/title>\n<meta name=\"description\" content=\"Entenda por que esta empresa foi condenada por meme em grupo de WhatsApp. Veja o valor da indeniza\u00e7\u00e3o e como evitar o mesmo erro.\" \/>\n<meta name=\"robots\" content=\"index, follow, max-snippet:-1, max-image-preview:large, max-video-preview:-1\" \/>\n<link rel=\"canonical\" href=\"https:\/\/www.em.com.br\/emfoco\/2026\/04\/30\/empresa-e-condenada-apos-funcionario-virar-meme-em-grupo-de-whatsapp-e-tera-que-pagar-r-5-mil\/\" \/>\n<meta property=\"og:locale\" content=\"pt_BR\" \/>\n<meta property=\"og:type\" content=\"article\" \/>\n<meta property=\"og:title\" content=\"Empresa \u00e9 condenada ap\u00f3s funcion\u00e1rio virar meme em grupo de WhatsApp e ter\u00e1 que pagar R$ 5 mil - Estado de Minas - Em foco\" \/>\n<meta property=\"og:description\" content=\"Entenda por que esta empresa foi condenada por meme em grupo de WhatsApp. Veja o valor da indeniza\u00e7\u00e3o e como evitar o mesmo erro.\" \/>\n<meta property=\"og:url\" content=\"https:\/\/www.em.com.br\/emfoco\/2026\/04\/30\/empresa-e-condenada-apos-funcionario-virar-meme-em-grupo-de-whatsapp-e-tera-que-pagar-r-5-mil\/\" \/>\n<meta property=\"og:site_name\" content=\"Estado de Minas - Em foco\" \/>\n<meta property=\"article:published_time\" content=\"2026-04-30T22:35:00+00:00\" \/>\n<meta property=\"article:modified_time\" content=\"2026-04-29T19:37:58+00:00\" \/>\n<meta property=\"og:image\" content=\"https:\/\/www.em.com.br\/emfoco\/wp-content\/uploads\/2026\/04\/EmFoco_14-10.jpg\" \/>\n\t<meta property=\"og:image:width\" content=\"1280\" \/>\n\t<meta property=\"og:image:height\" content=\"720\" \/>\n\t<meta property=\"og:image:type\" content=\"image\/jpeg\" \/>\n<meta name=\"author\" content=\"Guilherme Ara\u00fajo\" \/>\n<meta name=\"twitter:card\" content=\"summary_large_image\" \/>\n<meta name=\"twitter:label1\" content=\"Escrito por\" \/>\n\t<meta name=\"twitter:data1\" content=\"Guilherme Ara\u00fajo\" \/>\n\t<meta name=\"twitter:label2\" content=\"Est. tempo de leitura\" \/>\n\t<meta name=\"twitter:data2\" content=\"4 minutos\" \/>\n<!-- \/ Yoast SEO plugin. -->","yoast_head_json":{"title":"Empresa \u00e9 condenada ap\u00f3s funcion\u00e1rio virar meme em grupo de WhatsApp e ter\u00e1 que pagar R$ 5 mil - Estado de Minas - Em foco","description":"Entenda por que esta empresa foi condenada por meme em grupo de WhatsApp. Veja o valor da indeniza\u00e7\u00e3o e como evitar o mesmo erro.","robots":{"index":"index","follow":"follow","max-snippet":"max-snippet:-1","max-image-preview":"max-image-preview:large","max-video-preview":"max-video-preview:-1"},"canonical":"https:\/\/www.em.com.br\/emfoco\/2026\/04\/30\/empresa-e-condenada-apos-funcionario-virar-meme-em-grupo-de-whatsapp-e-tera-que-pagar-r-5-mil\/","og_locale":"pt_BR","og_type":"article","og_title":"Empresa \u00e9 condenada ap\u00f3s funcion\u00e1rio virar meme em grupo de WhatsApp e ter\u00e1 que pagar R$ 5 mil - Estado de Minas - Em foco","og_description":"Entenda por que esta empresa foi condenada por meme em grupo de WhatsApp. Veja o valor da indeniza\u00e7\u00e3o e como evitar o mesmo erro.","og_url":"https:\/\/www.em.com.br\/emfoco\/2026\/04\/30\/empresa-e-condenada-apos-funcionario-virar-meme-em-grupo-de-whatsapp-e-tera-que-pagar-r-5-mil\/","og_site_name":"Estado de Minas - Em foco","article_published_time":"2026-04-30T22:35:00+00:00","article_modified_time":"2026-04-29T19:37:58+00:00","og_image":[{"width":1280,"height":720,"url":"https:\/\/www.em.com.br\/emfoco\/wp-content\/uploads\/2026\/04\/EmFoco_14-10.jpg","type":"image\/jpeg"}],"author":"Guilherme Ara\u00fajo","twitter_card":"summary_large_image","twitter_misc":{"Escrito por":"Guilherme Ara\u00fajo","Est. tempo de leitura":"4 minutos"},"schema":{"@context":"https:\/\/schema.org","@graph":[{"@type":"WebPage","@id":"https:\/\/www.em.com.br\/emfoco\/2026\/04\/30\/empresa-e-condenada-apos-funcionario-virar-meme-em-grupo-de-whatsapp-e-tera-que-pagar-r-5-mil\/","url":"https:\/\/www.em.com.br\/emfoco\/2026\/04\/30\/empresa-e-condenada-apos-funcionario-virar-meme-em-grupo-de-whatsapp-e-tera-que-pagar-r-5-mil\/","name":"Empresa \u00e9 condenada ap\u00f3s funcion\u00e1rio virar meme em grupo de WhatsApp e ter\u00e1 que pagar R$ 5 mil - Estado de Minas - Em foco","isPartOf":{"@id":"https:\/\/www.em.com.br\/emfoco\/#website"},"primaryImageOfPage":{"@id":"https:\/\/www.em.com.br\/emfoco\/2026\/04\/30\/empresa-e-condenada-apos-funcionario-virar-meme-em-grupo-de-whatsapp-e-tera-que-pagar-r-5-mil\/#primaryimage"},"image":{"@id":"https:\/\/www.em.com.br\/emfoco\/2026\/04\/30\/empresa-e-condenada-apos-funcionario-virar-meme-em-grupo-de-whatsapp-e-tera-que-pagar-r-5-mil\/#primaryimage"},"thumbnailUrl":"https:\/\/www.em.com.br\/emfoco\/wp-content\/uploads\/2026\/04\/EmFoco_14-10.jpg","datePublished":"2026-04-30T22:35:00+00:00","dateModified":"2026-04-29T19:37:58+00:00","author":{"@id":"https:\/\/www.em.com.br\/emfoco\/#\/schema\/person\/5379e929a4b966c775d121e23f9bb421"},"description":"Entenda por que esta empresa foi condenada por meme em grupo de WhatsApp. Veja o valor da indeniza\u00e7\u00e3o e como evitar o mesmo erro.","breadcrumb":{"@id":"https:\/\/www.em.com.br\/emfoco\/2026\/04\/30\/empresa-e-condenada-apos-funcionario-virar-meme-em-grupo-de-whatsapp-e-tera-que-pagar-r-5-mil\/#breadcrumb"},"inLanguage":"pt-BR","potentialAction":[{"@type":"ReadAction","target":["https:\/\/www.em.com.br\/emfoco\/2026\/04\/30\/empresa-e-condenada-apos-funcionario-virar-meme-em-grupo-de-whatsapp-e-tera-que-pagar-r-5-mil\/"]}]},{"@type":"ImageObject","inLanguage":"pt-BR","@id":"https:\/\/www.em.com.br\/emfoco\/2026\/04\/30\/empresa-e-condenada-apos-funcionario-virar-meme-em-grupo-de-whatsapp-e-tera-que-pagar-r-5-mil\/#primaryimage","url":"https:\/\/www.em.com.br\/emfoco\/wp-content\/uploads\/2026\/04\/EmFoco_14-10.jpg","contentUrl":"https:\/\/www.em.com.br\/emfoco\/wp-content\/uploads\/2026\/04\/EmFoco_14-10.jpg","width":1280,"height":720,"caption":"Empresas respondem judicialmente por omiss\u00e3o diante de ass\u00e9dio moral cometido em meios digitais"},{"@type":"BreadcrumbList","@id":"https:\/\/www.em.com.br\/emfoco\/2026\/04\/30\/empresa-e-condenada-apos-funcionario-virar-meme-em-grupo-de-whatsapp-e-tera-que-pagar-r-5-mil\/#breadcrumb","itemListElement":[{"@type":"ListItem","position":1,"name":"In\u00edcio","item":"https:\/\/www.em.com.br\/emfoco\/"},{"@type":"ListItem","position":2,"name":"Empresa \u00e9 condenada ap\u00f3s funcion\u00e1rio virar meme em grupo de WhatsApp e ter\u00e1 que pagar R$ 5 mil"}]},{"@type":"WebSite","@id":"https:\/\/www.em.com.br\/emfoco\/#website","url":"https:\/\/www.em.com.br\/emfoco\/","name":"Estado de Minas - Em foco","description":"Acompanhe as \u00faltimas not\u00edcias e fique bem informado sobre tudo o que acontece em Minas Gerais, Brasil e no mundo.","potentialAction":[{"@type":"SearchAction","target":{"@type":"EntryPoint","urlTemplate":"https:\/\/www.em.com.br\/emfoco\/?s={search_term_string}"},"query-input":{"@type":"PropertyValueSpecification","valueRequired":true,"valueName":"search_term_string"}}],"inLanguage":"pt-BR"},{"@type":"Person","@id":"https:\/\/www.em.com.br\/emfoco\/#\/schema\/person\/5379e929a4b966c775d121e23f9bb421","name":"Guilherme Ara\u00fajo","image":{"@type":"ImageObject","inLanguage":"pt-BR","@id":"https:\/\/www.em.com.br\/emfoco\/#\/schema\/person\/image\/","url":"https:\/\/secure.gravatar.com\/avatar\/b8bf1fd0130e170bd8f5d7298dbafa25?s=96&d=mm&r=g","contentUrl":"https:\/\/secure.gravatar.com\/avatar\/b8bf1fd0130e170bd8f5d7298dbafa25?s=96&d=mm&r=g","caption":"Guilherme Ara\u00fajo"},"sameAs":["https:\/\/www.em.com.br\/emfoco"],"url":"https:\/\/www.em.com.br\/emfoco\/author\/guilhermeamyth\/"}]}},"_links":{"self":[{"href":"https:\/\/www.em.com.br\/emfoco\/wp-json\/wp\/v2\/posts\/201450","targetHints":{"allow":["GET"]}}],"collection":[{"href":"https:\/\/www.em.com.br\/emfoco\/wp-json\/wp\/v2\/posts"}],"about":[{"href":"https:\/\/www.em.com.br\/emfoco\/wp-json\/wp\/v2\/types\/post"}],"author":[{"embeddable":true,"href":"https:\/\/www.em.com.br\/emfoco\/wp-json\/wp\/v2\/users\/30"}],"replies":[{"embeddable":true,"href":"https:\/\/www.em.com.br\/emfoco\/wp-json\/wp\/v2\/comments?post=201450"}],"version-history":[{"count":3,"href":"https:\/\/www.em.com.br\/emfoco\/wp-json\/wp\/v2\/posts\/201450\/revisions"}],"predecessor-version":[{"id":201569,"href":"https:\/\/www.em.com.br\/emfoco\/wp-json\/wp\/v2\/posts\/201450\/revisions\/201569"}],"wp:featuredmedia":[{"embeddable":true,"href":"https:\/\/www.em.com.br\/emfoco\/wp-json\/wp\/v2\/media\/201599"}],"wp:attachment":[{"href":"https:\/\/www.em.com.br\/emfoco\/wp-json\/wp\/v2\/media?parent=201450"}],"wp:term":[{"taxonomy":"category","embeddable":true,"href":"https:\/\/www.em.com.br\/emfoco\/wp-json\/wp\/v2\/categories?post=201450"},{"taxonomy":"post_tag","embeddable":true,"href":"https:\/\/www.em.com.br\/emfoco\/wp-json\/wp\/v2\/tags?post=201450"}],"curies":[{"name":"wp","href":"https:\/\/api.w.org\/{rel}","templated":true}]}}