{"id":201439,"date":"2026-04-30T13:25:00","date_gmt":"2026-04-30T16:25:00","guid":{"rendered":"https:\/\/www.em.com.br\/emfoco\/?p=201439"},"modified":"2026-04-29T17:00:05","modified_gmt":"2026-04-29T20:00:05","slug":"nunca-cultive-estas-4-plantas-em-vasos-de-barro-jardineiros-alertam-que-eles-nao-retem-bem-a-umidade","status":"publish","type":"post","link":"https:\/\/www.em.com.br\/emfoco\/2026\/04\/30\/nunca-cultive-estas-4-plantas-em-vasos-de-barro-jardineiros-alertam-que-eles-nao-retem-bem-a-umidade\/","title":{"rendered":"Nunca cultive estas 4 plantas em vasos de barro: jardineiros alertam que eles n\u00e3o ret\u00eam bem a umidade"},"content":{"rendered":"\n<p>Muitos jardineiros cometem o erro de escolher certos recipientes sem considerar as necessidades h\u00eddricas espec\u00edficas de cada esp\u00e9cie vegetal. O uso de certas <strong>plantas em vasos de barro<\/strong> pode comprometer seriamente a sa\u00fade das ra\u00edzes e causar danos irrevers\u00edveis que poucos conseguem reverter a tempo.<\/p>\n\n\n\n<h2 class=\"wp-block-heading\">Por que evitar certas plantas em vasos de barro?<\/h2>\n\n\n\n<p>O material poroso da terracota permite que a \u00e1gua evapore com uma rapidez surpreendente atrav\u00e9s das paredes laterais do pr\u00f3prio recipiente. Esta caracter\u00edstica t\u00e9cnica torna o ambiente interno extremamente seco para as vegeta\u00e7\u00f5es que exigem humidade constante para sobreviverem com vigor e sa\u00fade. <strong>Monitorizar a rega<\/strong> di\u00e1ria torna-se um desafio constante que desgasta at\u00e9 os entusiastas mais dedicados ao cultivo dom\u00e9stico de flores delicadas.<\/p>\n\n\n\n<p>A drenagem excessiva pode levar ao murchamento precoce das folhas e \u00e0 morte s\u00fabita de exemplares mais sens\u00edveis ao calor intenso das tardes. <strong>Escolher materiais<\/strong> imperme\u00e1veis como o pl\u00e1stico ou a cer\u00e2mica vidrada ajuda a manter a terra fresca por per\u00edodos muito mais longos e seguros. <strong>Proteger as ra\u00edzes<\/strong> contra a desseca\u00e7\u00e3o extrema \u00e9 o primeiro passo fundamental para garantir um jardim exuberante e verdejante durante todo o ano.<\/p>\n\n\n<div class=\"wp-block-image\">\n<figure class=\"aligncenter size-large\"><img loading=\"lazy\" decoding=\"async\" width=\"1024\" height=\"576\" src=\"https:\/\/www.em.com.br\/emfoco\/wp-content\/uploads\/2026\/04\/Plantas-em-vasos-de-barro-1024x576.jpg\" alt=\"Plantas em vasos de barro\" class=\"wp-image-201449\" srcset=\"https:\/\/www.em.com.br\/emfoco\/wp-content\/uploads\/2026\/04\/Plantas-em-vasos-de-barro-1024x576.jpg 1024w, https:\/\/www.em.com.br\/emfoco\/wp-content\/uploads\/2026\/04\/Plantas-em-vasos-de-barro-300x169.jpg 300w, https:\/\/www.em.com.br\/emfoco\/wp-content\/uploads\/2026\/04\/Plantas-em-vasos-de-barro-768x432.jpg 768w, https:\/\/www.em.com.br\/emfoco\/wp-content\/uploads\/2026\/04\/Plantas-em-vasos-de-barro-750x422.jpg 750w, https:\/\/www.em.com.br\/emfoco\/wp-content\/uploads\/2026\/04\/Plantas-em-vasos-de-barro-1140x641.jpg 1140w, https:\/\/www.em.com.br\/emfoco\/wp-content\/uploads\/2026\/04\/Plantas-em-vasos-de-barro.jpg 1280w\" sizes=\"auto, (max-width: 1024px) 100vw, 1024px\" \/><figcaption class=\"wp-element-caption\">A drenagem excessiva pode levar ao murchamento precoce das folhas e \u00e0 morte s\u00fabita de exemplares mais sens\u00edveis ao calor intenso das tardes<\/figcaption><\/figure><\/div>\n\n\n<p>Leia tamb\u00e9m: <a href=\"https:\/\/www.em.com.br\/emfoco\/2026\/04\/11\/aprenda-a-como-plantar-cravo-da-india-e-cultivar-flores-aromaticas-em-casa\/\" target=\"_blank\" rel=\"noreferrer noopener\">Aprenda a como plantar cravo-da-\u00edndia e cultivar flores arom\u00e1ticas em casa<\/a><\/p>\n\n\n\n<h2 class=\"wp-block-heading\">Quais esp\u00e9cies sofrem mais com a falta de humidade?<\/h2>\n\n\n\n<p>As samambaias representam o exemplo mais cl\u00e1ssico de vegeta\u00e7\u00e3o que detesta o ambiente \u00e1rido e seco proporcionado pelos recipientes de barro tradicionais. Elas necessitam de um substrato sempre fresco e de uma atmosfera protegida para manterem as suas frondes verdes, longas e bastante brilhantes. <strong>Evitar a evapora\u00e7\u00e3o<\/strong> acelerada \u00e9 um ponto crucial para que estas plantas tropicais n\u00e3o apresentem pontas castanhas e um aspeto quebradi\u00e7o indesejado.<\/p>\n\n\n\n<p>Antes de iniciar o seu plantio de primavera, vale a pena conhecer as exig\u00eancias h\u00eddricas das variedades que mais sofrem com a porosidade extrema. A listagem seguinte apresenta as op\u00e7\u00f5es que exigem recipientes capazes de reter a \u00e1gua de forma muito mais eficiente e duradoura nas suas casas. <strong>Selecionar o vaso<\/strong> correto para cada esp\u00e9cie evita frustra\u00e7\u00f5es futuras e garante o crescimento saud\u00e1vel das suas flores favoritas em qualquer divis\u00e3o.<\/p>\n\n\n\n<ul class=\"wp-block-list\">\n<li>Hort\u00eansias que demandam solo constantemente encharcado para florescerem com abund\u00e2ncia e cor.<\/li>\n\n\n\n<li>L\u00edrios da paz que perdem a turgidez rapidamente quando o substrato seca por completo no calor.<\/li>\n\n\n\n<li>Ant\u00farios que preferem a humidade retida em materiais n\u00e3o porosos para desenvolverem as suas br\u00e1cteas.<\/li>\n<\/ul>\n\n\n\n<p>Para voc\u00ea que gosta de plantar, separamos um v\u00eddeo do canal <a href=\"https:\/\/www.youtube.com\/@cultivando-canal\" target=\"_blank\" rel=\"noreferrer noopener\">Cultivando<\/a> com dicas de quais vasos utilizar:<\/p>\n\n\n\n<figure class=\"wp-block-embed is-type-video is-provider-youtube wp-block-embed-youtube wp-embed-aspect-16-9 wp-has-aspect-ratio\"><div class=\"wp-block-embed__wrapper\">\n<div class=\"jeg_video_container jeg_video_content\"><iframe loading=\"lazy\" title=\"VASO de BARRO ou PL\u00c1STICO? Qual voc\u00ea deve usar?\" width=\"500\" height=\"281\" src=\"https:\/\/www.youtube.com\/embed\/iJp3K9pWWO0?feature=oembed\" frameborder=\"0\" allow=\"accelerometer; autoplay; clipboard-write; encrypted-media; gyroscope; picture-in-picture; web-share\" referrerpolicy=\"strict-origin-when-cross-origin\" allowfullscreen><\/iframe><\/div>\n<\/div><\/figure>\n\n\n\n<h2 class=\"wp-block-heading\">Como identificar se as plantas em vasos de barro est\u00e3o doentes?<\/h2>\n\n\n\n<p>Folhas amareladas ou que caem ao menor toque indicam que a planta est\u00e1 a lutar para obter nutrientes b\u00e1sicos atrav\u00e9s da \u00e1gua escassa. A estrutura porosa das <strong>plantas em vasos de barro<\/strong> retira a nutri\u00e7\u00e3o l\u00edquida preciosa antes mesmo das ra\u00edzes conseguirem absorver o necess\u00e1rio para crescer. <strong>Observar o solo<\/strong> com aten\u00e7\u00e3o permite identificar fendas causadas pela secura que prejudicam a estabilidade e a fixa\u00e7\u00e3o da planta no seu local.<\/p>\n\n\n\n<p>O surgimento de manchas castanhas nas extremidades costuma ser o primeiro sinal de alerta visual de que a rega n\u00e3o est\u00e1 a ser suficiente. <strong>Aumentar a frequ\u00eancia<\/strong> de rega manual pode n\u00e3o ser a solu\u00e7\u00e3o definitiva caso o material do vaso continue a absorver toda a humidade. <strong>Trocar o recipiente<\/strong> para um modelo de resina moderna ou vidro decorativo pode salvar a vida de esp\u00e9cimes valiosos que est\u00e3o a sofrer desnecessariamente.<\/p>\n\n\n\n<figure class=\"wp-block-embed is-type-rich is-provider-pinterest wp-block-embed-pinterest\"><div class=\"wp-block-embed__wrapper\">\n<iframe loading=\"lazy\" title=\"Ant\u00fario + Vaso Auto Irrig\u00e1vel = Combina\u00e7\u00e3o perfeita \ud83c\udf38 #vasoautoirrigavel #plantasemcasa #plantecomplantie #anturio #vasoautoirrigavel #cuidadoscomplantas\" src=\"https:\/\/assets.pinterest.com\/ext\/embed.html?id=302233825010863012&#038;src=oembed\" height=\"898\" width=\"450\" frameborder=\"0\" scrolling=\"no\" ><\/iframe>\n<\/div><\/figure>\n\n\n\n<h2 class=\"wp-block-heading\">Existem alternativas para salvar as plantas em vasos de barro?<\/h2>\n\n\n\n<p>Uma solu\u00e7\u00e3o pr\u00e1tica envolve a impermeabiliza\u00e7\u00e3o interna do barro com resinas vegetais espec\u00edficas que impedem a passagem total da \u00e1gua para o exterior. Esta t\u00e9cnica inteligente mant\u00e9m a est\u00e9tica r\u00fastica desejada enquanto oferece um ambiente muito mais equilibrado para as <strong>plantas em vasos de barro<\/strong>. <strong>Aplicar selantes<\/strong> at\u00f3xicos garante que a terra permane\u00e7a fresca por dias sem contaminar o sistema radicular sens\u00edvel com quaisquer subst\u00e2ncias qu\u00edmicas nocivas.<\/p>\n\n\n\n<p>Outra op\u00e7\u00e3o bastante vi\u00e1vel \u00e9 colocar um pequeno vaso de pl\u00e1stico dentro do recipiente de barro para criar uma barreira f\u00edsica protetora. Este m\u00e9todo simples ajuda a <strong>conservar a humidade<\/strong> ideal das ra\u00edzes sem que seja necess\u00e1rio abdicar da beleza visual que a terracota proporciona. <strong>Manter o prato<\/strong> com um pouco de cascalho h\u00famido pode auxiliar em casos extremos de calor, mas exige sempre um cuidado redobrado e atento.<\/p>\n\n\n<div class=\"wp-block-image\">\n<figure class=\"aligncenter size-large\"><img loading=\"lazy\" decoding=\"async\" width=\"1024\" height=\"576\" src=\"https:\/\/www.em.com.br\/emfoco\/wp-content\/uploads\/2026\/04\/Plantas-em-vasos-de-barro-1-1024x576.jpg\" alt=\"Plantas em vasos de barro\" class=\"wp-image-201451\" srcset=\"https:\/\/www.em.com.br\/emfoco\/wp-content\/uploads\/2026\/04\/Plantas-em-vasos-de-barro-1-1024x576.jpg 1024w, https:\/\/www.em.com.br\/emfoco\/wp-content\/uploads\/2026\/04\/Plantas-em-vasos-de-barro-1-300x169.jpg 300w, https:\/\/www.em.com.br\/emfoco\/wp-content\/uploads\/2026\/04\/Plantas-em-vasos-de-barro-1-768x432.jpg 768w, https:\/\/www.em.com.br\/emfoco\/wp-content\/uploads\/2026\/04\/Plantas-em-vasos-de-barro-1-750x422.jpg 750w, https:\/\/www.em.com.br\/emfoco\/wp-content\/uploads\/2026\/04\/Plantas-em-vasos-de-barro-1-1140x641.jpg 1140w, https:\/\/www.em.com.br\/emfoco\/wp-content\/uploads\/2026\/04\/Plantas-em-vasos-de-barro-1.jpg 1280w\" sizes=\"auto, (max-width: 1024px) 100vw, 1024px\" \/><figcaption class=\"wp-element-caption\">Outra op\u00e7\u00e3o bastante vi\u00e1vel \u00e9 colocar um pequeno vaso de pl\u00e1stico dentro do recipiente de barro para criar uma barreira f\u00edsica protetora<\/figcaption><\/figure><\/div>\n\n\n<h2 class=\"wp-block-heading\">Como garantir o sucesso do seu cultivo residencial?<\/h2>\n\n\n\n<p>Pesquise sempre a origem natural da sua planta preferida para compreender qual o tipo de habitat que ela prefere em estado selvagem. <strong>Adaptar as condi\u00e7\u00f5es<\/strong> do lar \u00e0s necessidades biol\u00f3gicas de cada esp\u00e9cie promove uma longevidade superior ao que seria inicialmente esperado por jardineiros iniciantes. <strong>Priorizar o bem-estar<\/strong> vegetal resulta sempre num jardim dom\u00e9stico muito mais resiliente e visualmente atrativo para todos os que habitam na casa.<\/p>\n\n\n\n<p>Utilize substratos de alta qualidade que ajudem a reter as part\u00edculas de \u00e1gua por mais tempo durante os per\u00edodos de maior calor. <strong>Verificar a drenagem<\/strong> do solo regularmente impede que problemas ocultos destruam o vigor e a sa\u00fade das suas flores mais delicadas e bonitas. <strong>Aproveitar o cultivo<\/strong> de plantas traz uma satisfa\u00e7\u00e3o pessoal \u00fanica que melhora a qualidade de vida de forma bastante clara e positiva.<\/p>\n","protected":false},"excerpt":{"rendered":"<p>Muitos jardineiros cometem o erro de escolher certos recipientes sem considerar as necessidades h\u00eddricas espec\u00edficas de cada esp\u00e9cie vegetal. O uso de certas plantas em vasos de barro pode comprometer seriamente a sa\u00fade das ra\u00edzes e causar danos irrevers\u00edveis que poucos conseguem reverter a tempo. Por que evitar certas plantas em vasos de barro? O [&hellip;]<\/p>\n","protected":false},"author":9,"featured_media":201652,"comment_status":"open","ping_status":"open","sticky":false,"template":"","format":"standard","meta":{"jnews-multi-image_gallery":[],"jnews_single_post":{"format":"standard"},"jnews_primary_category":[],"jnews_social_meta":[],"jnews_override_counter":[],"footnotes":""},"categories":[8691,29],"tags":[6026,3358,26197],"class_list":["post-201439","post","type-post","status-publish","format-standard","has-post-thumbnail","hentry","category-bem-estar","category-entretenimento","tag-cuidados-com-plantas","tag-jardinagem","tag-vasos-de-barro"],"yoast_head":"<!-- This site is optimized with the Yoast SEO plugin v23.8 - https:\/\/yoast.com\/wordpress\/plugins\/seo\/ -->\n<title>Nunca cultive estas 4 plantas em vasos de barro: jardineiros alertam que eles n\u00e3o ret\u00eam bem a umidade - Estado de Minas - Em foco<\/title>\n<meta name=\"description\" content=\"Muitos tipos de plantas em vasos de barro morrem por falta de \u00e1gua em poucos dias. Saiba como proteger o seu jardim do calor excessivo.\" \/>\n<meta name=\"robots\" content=\"index, follow, max-snippet:-1, max-image-preview:large, max-video-preview:-1\" \/>\n<link rel=\"canonical\" href=\"https:\/\/www.em.com.br\/emfoco\/2026\/04\/30\/nunca-cultive-estas-4-plantas-em-vasos-de-barro-jardineiros-alertam-que-eles-nao-retem-bem-a-umidade\/\" \/>\n<meta property=\"og:locale\" content=\"pt_BR\" \/>\n<meta property=\"og:type\" content=\"article\" \/>\n<meta property=\"og:title\" content=\"Nunca cultive estas 4 plantas em vasos de barro: jardineiros alertam que eles n\u00e3o ret\u00eam bem a umidade - Estado de Minas - Em foco\" \/>\n<meta property=\"og:description\" content=\"Muitos tipos de plantas em vasos de barro morrem por falta de \u00e1gua em poucos dias. Saiba como proteger o seu jardim do calor excessivo.\" \/>\n<meta property=\"og:url\" content=\"https:\/\/www.em.com.br\/emfoco\/2026\/04\/30\/nunca-cultive-estas-4-plantas-em-vasos-de-barro-jardineiros-alertam-que-eles-nao-retem-bem-a-umidade\/\" \/>\n<meta property=\"og:site_name\" content=\"Estado de Minas - Em foco\" \/>\n<meta property=\"article:published_time\" content=\"2026-04-30T16:25:00+00:00\" \/>\n<meta property=\"article:modified_time\" content=\"2026-04-29T20:00:05+00:00\" \/>\n<meta property=\"og:image\" content=\"https:\/\/www.em.com.br\/emfoco\/wp-content\/uploads\/2026\/04\/EmFoco_45-8.jpg\" \/>\n\t<meta property=\"og:image:width\" content=\"1280\" \/>\n\t<meta property=\"og:image:height\" content=\"720\" \/>\n\t<meta property=\"og:image:type\" content=\"image\/jpeg\" \/>\n<meta name=\"author\" content=\"Daniely Cardoso\" \/>\n<meta name=\"twitter:card\" content=\"summary_large_image\" \/>\n<meta name=\"twitter:label1\" content=\"Escrito por\" \/>\n\t<meta name=\"twitter:data1\" content=\"Daniely Cardoso\" \/>\n\t<meta name=\"twitter:label2\" content=\"Est. tempo de leitura\" \/>\n\t<meta name=\"twitter:data2\" content=\"6 minutos\" \/>\n<!-- \/ Yoast SEO plugin. -->","yoast_head_json":{"title":"Nunca cultive estas 4 plantas em vasos de barro: jardineiros alertam que eles n\u00e3o ret\u00eam bem a umidade - Estado de Minas - Em foco","description":"Muitos tipos de plantas em vasos de barro morrem por falta de \u00e1gua em poucos dias. Saiba como proteger o seu jardim do calor excessivo.","robots":{"index":"index","follow":"follow","max-snippet":"max-snippet:-1","max-image-preview":"max-image-preview:large","max-video-preview":"max-video-preview:-1"},"canonical":"https:\/\/www.em.com.br\/emfoco\/2026\/04\/30\/nunca-cultive-estas-4-plantas-em-vasos-de-barro-jardineiros-alertam-que-eles-nao-retem-bem-a-umidade\/","og_locale":"pt_BR","og_type":"article","og_title":"Nunca cultive estas 4 plantas em vasos de barro: jardineiros alertam que eles n\u00e3o ret\u00eam bem a umidade - Estado de Minas - Em foco","og_description":"Muitos tipos de plantas em vasos de barro morrem por falta de \u00e1gua em poucos dias. Saiba como proteger o seu jardim do calor excessivo.","og_url":"https:\/\/www.em.com.br\/emfoco\/2026\/04\/30\/nunca-cultive-estas-4-plantas-em-vasos-de-barro-jardineiros-alertam-que-eles-nao-retem-bem-a-umidade\/","og_site_name":"Estado de Minas - Em foco","article_published_time":"2026-04-30T16:25:00+00:00","article_modified_time":"2026-04-29T20:00:05+00:00","og_image":[{"width":1280,"height":720,"url":"https:\/\/www.em.com.br\/emfoco\/wp-content\/uploads\/2026\/04\/EmFoco_45-8.jpg","type":"image\/jpeg"}],"author":"Daniely Cardoso","twitter_card":"summary_large_image","twitter_misc":{"Escrito por":"Daniely Cardoso","Est. tempo de leitura":"6 minutos"},"schema":{"@context":"https:\/\/schema.org","@graph":[{"@type":"WebPage","@id":"https:\/\/www.em.com.br\/emfoco\/2026\/04\/30\/nunca-cultive-estas-4-plantas-em-vasos-de-barro-jardineiros-alertam-que-eles-nao-retem-bem-a-umidade\/","url":"https:\/\/www.em.com.br\/emfoco\/2026\/04\/30\/nunca-cultive-estas-4-plantas-em-vasos-de-barro-jardineiros-alertam-que-eles-nao-retem-bem-a-umidade\/","name":"Nunca cultive estas 4 plantas em vasos de barro: jardineiros alertam que eles n\u00e3o ret\u00eam bem a umidade - Estado de Minas - Em foco","isPartOf":{"@id":"https:\/\/www.em.com.br\/emfoco\/#website"},"primaryImageOfPage":{"@id":"https:\/\/www.em.com.br\/emfoco\/2026\/04\/30\/nunca-cultive-estas-4-plantas-em-vasos-de-barro-jardineiros-alertam-que-eles-nao-retem-bem-a-umidade\/#primaryimage"},"image":{"@id":"https:\/\/www.em.com.br\/emfoco\/2026\/04\/30\/nunca-cultive-estas-4-plantas-em-vasos-de-barro-jardineiros-alertam-que-eles-nao-retem-bem-a-umidade\/#primaryimage"},"thumbnailUrl":"https:\/\/www.em.com.br\/emfoco\/wp-content\/uploads\/2026\/04\/EmFoco_45-8.jpg","datePublished":"2026-04-30T16:25:00+00:00","dateModified":"2026-04-29T20:00:05+00:00","author":{"@id":"https:\/\/www.em.com.br\/emfoco\/#\/schema\/person\/0a8186d72f2c3a5c6276d90b41f271a0"},"description":"Muitos tipos de plantas em vasos de barro morrem por falta de \u00e1gua em poucos dias. Saiba como proteger o seu jardim do calor excessivo.","breadcrumb":{"@id":"https:\/\/www.em.com.br\/emfoco\/2026\/04\/30\/nunca-cultive-estas-4-plantas-em-vasos-de-barro-jardineiros-alertam-que-eles-nao-retem-bem-a-umidade\/#breadcrumb"},"inLanguage":"pt-BR","potentialAction":[{"@type":"ReadAction","target":["https:\/\/www.em.com.br\/emfoco\/2026\/04\/30\/nunca-cultive-estas-4-plantas-em-vasos-de-barro-jardineiros-alertam-que-eles-nao-retem-bem-a-umidade\/"]}]},{"@type":"ImageObject","inLanguage":"pt-BR","@id":"https:\/\/www.em.com.br\/emfoco\/2026\/04\/30\/nunca-cultive-estas-4-plantas-em-vasos-de-barro-jardineiros-alertam-que-eles-nao-retem-bem-a-umidade\/#primaryimage","url":"https:\/\/www.em.com.br\/emfoco\/wp-content\/uploads\/2026\/04\/EmFoco_45-8.jpg","contentUrl":"https:\/\/www.em.com.br\/emfoco\/wp-content\/uploads\/2026\/04\/EmFoco_45-8.jpg","width":1280,"height":720,"caption":"Porosidade excessiva da terracota prejudica plantas que demandam humidade constante no substrato"},{"@type":"BreadcrumbList","@id":"https:\/\/www.em.com.br\/emfoco\/2026\/04\/30\/nunca-cultive-estas-4-plantas-em-vasos-de-barro-jardineiros-alertam-que-eles-nao-retem-bem-a-umidade\/#breadcrumb","itemListElement":[{"@type":"ListItem","position":1,"name":"In\u00edcio","item":"https:\/\/www.em.com.br\/emfoco\/"},{"@type":"ListItem","position":2,"name":"Nunca cultive estas 4 plantas em vasos de barro: jardineiros alertam que eles n\u00e3o ret\u00eam bem a umidade"}]},{"@type":"WebSite","@id":"https:\/\/www.em.com.br\/emfoco\/#website","url":"https:\/\/www.em.com.br\/emfoco\/","name":"Estado de Minas - Em foco","description":"Acompanhe as \u00faltimas not\u00edcias e fique bem informado sobre tudo o que acontece em Minas Gerais, Brasil e no mundo.","potentialAction":[{"@type":"SearchAction","target":{"@type":"EntryPoint","urlTemplate":"https:\/\/www.em.com.br\/emfoco\/?s={search_term_string}"},"query-input":{"@type":"PropertyValueSpecification","valueRequired":true,"valueName":"search_term_string"}}],"inLanguage":"pt-BR"},{"@type":"Person","@id":"https:\/\/www.em.com.br\/emfoco\/#\/schema\/person\/0a8186d72f2c3a5c6276d90b41f271a0","name":"Daniely Cardoso","image":{"@type":"ImageObject","inLanguage":"pt-BR","@id":"https:\/\/www.em.com.br\/emfoco\/#\/schema\/person\/image\/","url":"https:\/\/secure.gravatar.com\/avatar\/4b80ddbd124d1f071b626d52d62e5dff?s=96&d=mm&r=g","contentUrl":"https:\/\/secure.gravatar.com\/avatar\/4b80ddbd124d1f071b626d52d62e5dff?s=96&d=mm&r=g","caption":"Daniely Cardoso"},"url":"https:\/\/www.em.com.br\/emfoco\/author\/danielymyth\/"}]}},"_links":{"self":[{"href":"https:\/\/www.em.com.br\/emfoco\/wp-json\/wp\/v2\/posts\/201439","targetHints":{"allow":["GET"]}}],"collection":[{"href":"https:\/\/www.em.com.br\/emfoco\/wp-json\/wp\/v2\/posts"}],"about":[{"href":"https:\/\/www.em.com.br\/emfoco\/wp-json\/wp\/v2\/types\/post"}],"author":[{"embeddable":true,"href":"https:\/\/www.em.com.br\/emfoco\/wp-json\/wp\/v2\/users\/9"}],"replies":[{"embeddable":true,"href":"https:\/\/www.em.com.br\/emfoco\/wp-json\/wp\/v2\/comments?post=201439"}],"version-history":[{"count":1,"href":"https:\/\/www.em.com.br\/emfoco\/wp-json\/wp\/v2\/posts\/201439\/revisions"}],"predecessor-version":[{"id":201452,"href":"https:\/\/www.em.com.br\/emfoco\/wp-json\/wp\/v2\/posts\/201439\/revisions\/201452"}],"wp:featuredmedia":[{"embeddable":true,"href":"https:\/\/www.em.com.br\/emfoco\/wp-json\/wp\/v2\/media\/201652"}],"wp:attachment":[{"href":"https:\/\/www.em.com.br\/emfoco\/wp-json\/wp\/v2\/media?parent=201439"}],"wp:term":[{"taxonomy":"category","embeddable":true,"href":"https:\/\/www.em.com.br\/emfoco\/wp-json\/wp\/v2\/categories?post=201439"},{"taxonomy":"post_tag","embeddable":true,"href":"https:\/\/www.em.com.br\/emfoco\/wp-json\/wp\/v2\/tags?post=201439"}],"curies":[{"name":"wp","href":"https:\/\/api.w.org\/{rel}","templated":true}]}}