{"id":201426,"date":"2026-04-30T13:35:00","date_gmt":"2026-04-30T16:35:00","guid":{"rendered":"https:\/\/www.em.com.br\/emfoco\/?p=201426"},"modified":"2026-04-29T16:38:44","modified_gmt":"2026-04-29T19:38:44","slug":"mulher-compra-amarok-descobre-defeito-escondido-e-vai-receber-r-115-mil-na-justica","status":"publish","type":"post","link":"https:\/\/www.em.com.br\/emfoco\/2026\/04\/30\/mulher-compra-amarok-descobre-defeito-escondido-e-vai-receber-r-115-mil-na-justica\/","title":{"rendered":"Mulher compra Amarok, descobre defeito escondido e vai receber R$ 115 mil na Justi\u00e7a"},"content":{"rendered":"\n<p>A compra de um ve\u00edculo seminovo deveria ser um momento de satisfa\u00e7\u00e3o, mas para uma professora de <strong>Minas Gerais<\/strong>, o sonho virou um pesadelo jur\u00eddico. O caso ganhou repercuss\u00e3o ap\u00f3s a <strong>mulher compra Amarok<\/strong> e identificar falhas graves no motor que n\u00e3o foram informadas pela revendedora.<\/p>\n\n\n\n<h2 class=\"wp-block-heading\">O que aconteceu com o ve\u00edculo ap\u00f3s a compra?<\/h2>\n\n\n\n<p>Poucas semanas ap\u00f3s a aquisi\u00e7\u00e3o da <strong>Volkswagen Amarok 2012<\/strong>, a propriet\u00e1ria percebeu problemas recorrentes na bomba de combust\u00edvel. Mesmo ap\u00f3s o test drive ter ocorrido sem intercorr\u00eancias, o defeito se manifestou de forma cr\u00edtica, caracterizando o que o sistema jur\u00eddico define como v\u00edcio oculto.<\/p>\n\n\n\n<p>Diante da descoberta, a consumidora sustou um cheque de <strong>R$ 50 mil<\/strong>, o que levou a revendedora a protestar o t\u00edtulo. Esse ato gerou restri\u00e7\u00f5es ao nome da professora, motivando um pedido de indeniza\u00e7\u00e3o por danos morais que foi aceito pelo <strong>Tribunal de Justi\u00e7a de Minas Gerais<\/strong> em <strong>2026<\/strong>.<\/p>\n\n\n<div class=\"wp-block-image\">\n<figure class=\"aligncenter size-large\"><img loading=\"lazy\" decoding=\"async\" width=\"1024\" height=\"576\" src=\"https:\/\/www.em.com.br\/emfoco\/wp-content\/uploads\/2026\/04\/amarok1-1-1024x576.jpg\" alt=\"Justi\u00e7a reconhece falha mec\u00e2nica grave em picape e determina restitui\u00e7\u00e3o de valor vultoso \u00e0 propriet\u00e1ria\" class=\"wp-image-201557\" srcset=\"https:\/\/www.em.com.br\/emfoco\/wp-content\/uploads\/2026\/04\/amarok1-1-1024x576.jpg 1024w, https:\/\/www.em.com.br\/emfoco\/wp-content\/uploads\/2026\/04\/amarok1-1-300x169.jpg 300w, https:\/\/www.em.com.br\/emfoco\/wp-content\/uploads\/2026\/04\/amarok1-1-768x432.jpg 768w, https:\/\/www.em.com.br\/emfoco\/wp-content\/uploads\/2026\/04\/amarok1-1-750x422.jpg 750w, https:\/\/www.em.com.br\/emfoco\/wp-content\/uploads\/2026\/04\/amarok1-1-1140x641.jpg 1140w, https:\/\/www.em.com.br\/emfoco\/wp-content\/uploads\/2026\/04\/amarok1-1.jpg 1280w\" sizes=\"auto, (max-width: 1024px) 100vw, 1024px\" \/><figcaption class=\"wp-element-caption\">Justi\u00e7a reconhece falha mec\u00e2nica grave em picape e determina restitui\u00e7\u00e3o de valor vultoso \u00e0 propriet\u00e1ria<\/figcaption><\/figure><\/div>\n\n\n<h2 class=\"wp-block-heading\">Qual foi a decis\u00e3o final do tribunal mineiro?<\/h2>\n\n\n\n<p>O desembargador relator do caso, <strong>Monteiro de Castro<\/strong>, reconheceu que o defeito preexistia \u00e0 venda e que a consumidora n\u00e3o poderia ser prejudicada por um problema invis\u00edvel no ato da compra. A senten\u00e7a determinou a devolu\u00e7\u00e3o do carro e o pagamento total de <strong>R$ 115 mil<\/strong> \u00e0 cliente.<\/p>\n\n\n\n<p>Esse montante inclui a restitui\u00e7\u00e3o de <strong>R$ 105 mil<\/strong> pagos pelo utilit\u00e1rio, somados a <strong>R$ 10 mil<\/strong> por danos morais devido ao protesto indevido do cheque. A decis\u00e3o \u00e9 um marco para quem <strong>mulher compra Amarok<\/strong> ou outros ve\u00edculos, refor\u00e7ando que o fornecedor \u00e9 respons\u00e1vel pela qualidade do bem entregue.<\/p>\n\n\n\n<p>Leia tamb\u00e9m: <a href=\"https:\/\/www.em.com.br\/emfoco\/2026\/04\/29\/homem-que-errou-dois-pix-de-r-50-mil-recebe-mais-r-10-mil-apos-decisao-da-justica\/\" target=\"_blank\" rel=\"noreferrer noopener\">Homem que errou dois Pix de R$ 50 mil recebe indeniza\u00e7\u00e3o de R$ 10.000 ap\u00f3s decis\u00e3o da Justi\u00e7a<\/a><\/p>\n\n\n\n<h2 class=\"wp-block-heading\">Como o C\u00f3digo de Defesa do Consumidor protege o comprador?<\/h2>\n\n\n\n<p>O v\u00edcio oculto \u00e9 um defeito que n\u00e3o pode ser detectado em uma an\u00e1lise comum ou r\u00e1pida. De acordo com a <a href=\"https:\/\/pt.wikipedia.org\/wiki\/C%C3%B3digo_de_Defesa_do_Consumidor\" target=\"_blank\" rel=\"noreferrer noopener\">Lei n\u00ba 8.078\/1990<\/a>, o prazo para o consumidor reclamar desses defeitos come\u00e7a a contar apenas a partir do momento em que a falha fica evidente.<\/p>\n\n\n\n<p>No caso de bens dur\u00e1veis, como carros, o cidad\u00e3o tem <strong>90 dias<\/strong> para formalizar a queixa ap\u00f3s descobrir o problema. O artigo 18 do <strong>CDC<\/strong> estabelece que, se o fornecedor n\u00e3o sanar o v\u00edcio em <strong>30 dias<\/strong>, o comprador pode exigir a devolu\u00e7\u00e3o integral do dinheiro ou a substitui\u00e7\u00e3o por outro modelo equivalente.<\/p>\n\n\n<div class=\"wp-block-image\">\n<figure class=\"aligncenter size-large\"><img loading=\"lazy\" decoding=\"async\" width=\"1024\" height=\"576\" src=\"https:\/\/www.em.com.br\/emfoco\/wp-content\/uploads\/2026\/04\/oficina-1-1024x576.jpg\" alt=\"Propriet\u00e1ria ganha direito a repara\u00e7\u00e3o total ap\u00f3s identificar defeito imposs\u00edvel de notar no ato da compra\" class=\"wp-image-201559\" srcset=\"https:\/\/www.em.com.br\/emfoco\/wp-content\/uploads\/2026\/04\/oficina-1-1024x576.jpg 1024w, https:\/\/www.em.com.br\/emfoco\/wp-content\/uploads\/2026\/04\/oficina-1-300x169.jpg 300w, https:\/\/www.em.com.br\/emfoco\/wp-content\/uploads\/2026\/04\/oficina-1-768x432.jpg 768w, https:\/\/www.em.com.br\/emfoco\/wp-content\/uploads\/2026\/04\/oficina-1-750x422.jpg 750w, https:\/\/www.em.com.br\/emfoco\/wp-content\/uploads\/2026\/04\/oficina-1-1140x641.jpg 1140w, https:\/\/www.em.com.br\/emfoco\/wp-content\/uploads\/2026\/04\/oficina-1.jpg 1280w\" sizes=\"auto, (max-width: 1024px) 100vw, 1024px\" \/><figcaption class=\"wp-element-caption\">Propriet\u00e1ria ganha direito a repara\u00e7\u00e3o total ap\u00f3s identificar defeito imposs\u00edvel de notar no ato da compra<\/figcaption><\/figure><\/div>\n\n\n<h2 class=\"wp-block-heading\">Quais s\u00e3o as regras para vendas entre pessoas f\u00edsicas?<\/h2>\n\n\n\n<p>Quando a transa\u00e7\u00e3o ocorre entre particulares, o <strong>C\u00f3digo de Defesa do Consumidor<\/strong> n\u00e3o \u00e9 aplicado, pois n\u00e3o h\u00e1 uma rela\u00e7\u00e3o de consumo profissional. Nesses casos, a situa\u00e7\u00e3o \u00e9 regida pelo <strong>C\u00f3digo Civil Brasileiro<\/strong>, que estipula prazos diferentes e geralmente mais curtos para reclama\u00e7\u00f5es.<\/p>\n\n\n\n<p>Segundo o <a href=\"https:\/\/www.planalto.gov.br\/ccivil_03\/leis\/2002\/l10406compilada.htm\" target=\"_blank\" rel=\"noreferrer noopener\">Artigo 445<\/a> do c\u00f3digo, o prazo para v\u00edcios ocultos em bens m\u00f3veis \u00e9 de <strong>180 dias<\/strong> ap\u00f3s a entrega. \u00c9 fundamental que o comprador realize uma per\u00edcia t\u00e9cnica com um mec\u00e2nico de confian\u00e7a antes de fechar o neg\u00f3cio para evitar disputas judiciais longas e desgastantes.<\/p>\n\n\n\n<p>Confira os passos recomendados ao identificar um defeito grave:<\/p>\n\n\n\n<ul class=\"wp-block-list\">\n<li><strong>Laudo T\u00e9cnico:<\/strong> Consiga um documento assinado por um mec\u00e2nico detalhando a origem do defeito.<\/li>\n\n\n\n<li><strong>Notifica\u00e7\u00e3o por escrito:<\/strong> Envie um e-mail ou carta com aviso de recebimento para a loja vendedora.<\/li>\n\n\n\n<li><strong>Registro no Procon:<\/strong> Utilize os canais oficiais para tentar uma media\u00e7\u00e3o antes de ir \u00e0 justi\u00e7a.<\/li>\n\n\n\n<li><strong>Guarda de documentos:<\/strong> Mantenha notas fiscais, an\u00fancios de venda e comprovantes de pagamento.<\/li>\n\n\n\n<li><strong>Consultoria jur\u00eddica:<\/strong> Avalie a necessidade de um advogado para causas que superem <strong>40 sal\u00e1rios m\u00ednimos<\/strong>.<\/li>\n<\/ul>\n\n\n\n<h2 class=\"wp-block-heading\">O que o caso de Varginha ensina aos consumidores?<\/h2>\n\n\n\n<p>O epis\u00f3dio da professora de <strong>Varginha<\/strong> serve como alerta sobre a import\u00e2ncia de documentar todas as etapas da compra. O fato de os defeitos surgirem pouco tempo ap\u00f3s a <strong>mulher compra Amarok<\/strong> foi usado como prova de que o v\u00edcio j\u00e1 existia no p\u00e1tio da revendedora antes da entrega das chaves.<\/p>\n\n\n\n<p>A invers\u00e3o do \u00f4nus da prova na justi\u00e7a favoreceu a consumidora, obrigando a empresa a provar que o carro estava perfeito, o que n\u00e3o ocorreu. Em <strong>2026<\/strong>, a jurisprud\u00eancia continua protegendo o comprador de boa-f\u00e9 contra pr\u00e1ticas comerciais omissas, garantindo que a transpar\u00eancia seja a regra no mercado automotivo nacional.<\/p>\n","protected":false},"excerpt":{"rendered":"<p>A compra de um ve\u00edculo seminovo deveria ser um momento de satisfa\u00e7\u00e3o, mas para uma professora de Minas Gerais, o sonho virou um pesadelo jur\u00eddico. O caso ganhou repercuss\u00e3o ap\u00f3s a mulher compra Amarok e identificar falhas graves no motor que n\u00e3o foram informadas pela revendedora. O que aconteceu com o ve\u00edculo ap\u00f3s a compra? [&hellip;]<\/p>\n","protected":false},"author":30,"featured_media":201606,"comment_status":"open","ping_status":"open","sticky":false,"template":"","format":"standard","meta":{"jnews-multi-image_gallery":[],"jnews_single_post":{"format":"standard"},"jnews_primary_category":[],"jnews_social_meta":[],"jnews_override_counter":[],"footnotes":""},"categories":[28],"tags":[21607,1334,534,28988],"class_list":["post-201426","post","type-post","status-publish","format-standard","has-post-thumbnail","hentry","category-economia","tag-direito-do-consumidor","tag-justica","tag-veiculos","tag-vicio-oculto"],"yoast_head":"<!-- This site is optimized with the Yoast SEO plugin v23.8 - https:\/\/yoast.com\/wordpress\/plugins\/seo\/ -->\n<title>Mulher compra Amarok, descobre defeito escondido e vai receber R$ 115 mil na Justi\u00e7a - Estado de Minas - Em foco<\/title>\n<meta name=\"description\" content=\"Entenda que mulher compra Amarok e enfrenta defeito oculto no motor; veja como esta revendedora foi condenada a pagar R$ 115 mil na Justi\u00e7a.\" \/>\n<meta name=\"robots\" content=\"index, follow, max-snippet:-1, max-image-preview:large, max-video-preview:-1\" \/>\n<link rel=\"canonical\" href=\"https:\/\/www.em.com.br\/emfoco\/2026\/04\/30\/mulher-compra-amarok-descobre-defeito-escondido-e-vai-receber-r-115-mil-na-justica\/\" \/>\n<meta property=\"og:locale\" content=\"pt_BR\" \/>\n<meta property=\"og:type\" content=\"article\" \/>\n<meta property=\"og:title\" content=\"Mulher compra Amarok, descobre defeito escondido e vai receber R$ 115 mil na Justi\u00e7a - Estado de Minas - Em foco\" \/>\n<meta property=\"og:description\" content=\"Entenda que mulher compra Amarok e enfrenta defeito oculto no motor; veja como esta revendedora foi condenada a pagar R$ 115 mil na Justi\u00e7a.\" \/>\n<meta property=\"og:url\" content=\"https:\/\/www.em.com.br\/emfoco\/2026\/04\/30\/mulher-compra-amarok-descobre-defeito-escondido-e-vai-receber-r-115-mil-na-justica\/\" \/>\n<meta property=\"og:site_name\" content=\"Estado de Minas - Em foco\" \/>\n<meta property=\"article:published_time\" content=\"2026-04-30T16:35:00+00:00\" \/>\n<meta property=\"article:modified_time\" content=\"2026-04-29T19:38:44+00:00\" \/>\n<meta property=\"og:image\" content=\"https:\/\/www.em.com.br\/emfoco\/wp-content\/uploads\/2026\/04\/EmFoco_18-9.jpg\" \/>\n\t<meta property=\"og:image:width\" content=\"1280\" \/>\n\t<meta property=\"og:image:height\" content=\"720\" \/>\n\t<meta property=\"og:image:type\" content=\"image\/jpeg\" \/>\n<meta name=\"author\" content=\"Guilherme Ara\u00fajo\" \/>\n<meta name=\"twitter:card\" content=\"summary_large_image\" \/>\n<meta name=\"twitter:label1\" content=\"Escrito por\" \/>\n\t<meta name=\"twitter:data1\" content=\"Guilherme Ara\u00fajo\" \/>\n\t<meta name=\"twitter:label2\" content=\"Est. tempo de leitura\" \/>\n\t<meta name=\"twitter:data2\" content=\"5 minutos\" \/>\n<!-- \/ Yoast SEO plugin. -->","yoast_head_json":{"title":"Mulher compra Amarok, descobre defeito escondido e vai receber R$ 115 mil na Justi\u00e7a - Estado de Minas - Em foco","description":"Entenda que mulher compra Amarok e enfrenta defeito oculto no motor; veja como esta revendedora foi condenada a pagar R$ 115 mil na Justi\u00e7a.","robots":{"index":"index","follow":"follow","max-snippet":"max-snippet:-1","max-image-preview":"max-image-preview:large","max-video-preview":"max-video-preview:-1"},"canonical":"https:\/\/www.em.com.br\/emfoco\/2026\/04\/30\/mulher-compra-amarok-descobre-defeito-escondido-e-vai-receber-r-115-mil-na-justica\/","og_locale":"pt_BR","og_type":"article","og_title":"Mulher compra Amarok, descobre defeito escondido e vai receber R$ 115 mil na Justi\u00e7a - Estado de Minas - Em foco","og_description":"Entenda que mulher compra Amarok e enfrenta defeito oculto no motor; veja como esta revendedora foi condenada a pagar R$ 115 mil na Justi\u00e7a.","og_url":"https:\/\/www.em.com.br\/emfoco\/2026\/04\/30\/mulher-compra-amarok-descobre-defeito-escondido-e-vai-receber-r-115-mil-na-justica\/","og_site_name":"Estado de Minas - Em foco","article_published_time":"2026-04-30T16:35:00+00:00","article_modified_time":"2026-04-29T19:38:44+00:00","og_image":[{"width":1280,"height":720,"url":"https:\/\/www.em.com.br\/emfoco\/wp-content\/uploads\/2026\/04\/EmFoco_18-9.jpg","type":"image\/jpeg"}],"author":"Guilherme Ara\u00fajo","twitter_card":"summary_large_image","twitter_misc":{"Escrito por":"Guilherme Ara\u00fajo","Est. tempo de leitura":"5 minutos"},"schema":{"@context":"https:\/\/schema.org","@graph":[{"@type":"WebPage","@id":"https:\/\/www.em.com.br\/emfoco\/2026\/04\/30\/mulher-compra-amarok-descobre-defeito-escondido-e-vai-receber-r-115-mil-na-justica\/","url":"https:\/\/www.em.com.br\/emfoco\/2026\/04\/30\/mulher-compra-amarok-descobre-defeito-escondido-e-vai-receber-r-115-mil-na-justica\/","name":"Mulher compra Amarok, descobre defeito escondido e vai receber R$ 115 mil na Justi\u00e7a - Estado de Minas - Em foco","isPartOf":{"@id":"https:\/\/www.em.com.br\/emfoco\/#website"},"primaryImageOfPage":{"@id":"https:\/\/www.em.com.br\/emfoco\/2026\/04\/30\/mulher-compra-amarok-descobre-defeito-escondido-e-vai-receber-r-115-mil-na-justica\/#primaryimage"},"image":{"@id":"https:\/\/www.em.com.br\/emfoco\/2026\/04\/30\/mulher-compra-amarok-descobre-defeito-escondido-e-vai-receber-r-115-mil-na-justica\/#primaryimage"},"thumbnailUrl":"https:\/\/www.em.com.br\/emfoco\/wp-content\/uploads\/2026\/04\/EmFoco_18-9.jpg","datePublished":"2026-04-30T16:35:00+00:00","dateModified":"2026-04-29T19:38:44+00:00","author":{"@id":"https:\/\/www.em.com.br\/emfoco\/#\/schema\/person\/5379e929a4b966c775d121e23f9bb421"},"description":"Entenda que mulher compra Amarok e enfrenta defeito oculto no motor; veja como esta revendedora foi condenada a pagar R$ 115 mil na Justi\u00e7a.","breadcrumb":{"@id":"https:\/\/www.em.com.br\/emfoco\/2026\/04\/30\/mulher-compra-amarok-descobre-defeito-escondido-e-vai-receber-r-115-mil-na-justica\/#breadcrumb"},"inLanguage":"pt-BR","potentialAction":[{"@type":"ReadAction","target":["https:\/\/www.em.com.br\/emfoco\/2026\/04\/30\/mulher-compra-amarok-descobre-defeito-escondido-e-vai-receber-r-115-mil-na-justica\/"]}]},{"@type":"ImageObject","inLanguage":"pt-BR","@id":"https:\/\/www.em.com.br\/emfoco\/2026\/04\/30\/mulher-compra-amarok-descobre-defeito-escondido-e-vai-receber-r-115-mil-na-justica\/#primaryimage","url":"https:\/\/www.em.com.br\/emfoco\/wp-content\/uploads\/2026\/04\/EmFoco_18-9.jpg","contentUrl":"https:\/\/www.em.com.br\/emfoco\/wp-content\/uploads\/2026\/04\/EmFoco_18-9.jpg","width":1280,"height":720,"caption":"Justi\u00e7a garante restitui\u00e7\u00e3o integral por defeitos invis\u00edveis identificados ap\u00f3s a compra de ve\u00edculos"},{"@type":"BreadcrumbList","@id":"https:\/\/www.em.com.br\/emfoco\/2026\/04\/30\/mulher-compra-amarok-descobre-defeito-escondido-e-vai-receber-r-115-mil-na-justica\/#breadcrumb","itemListElement":[{"@type":"ListItem","position":1,"name":"In\u00edcio","item":"https:\/\/www.em.com.br\/emfoco\/"},{"@type":"ListItem","position":2,"name":"Mulher compra Amarok, descobre defeito escondido e vai receber R$ 115 mil na Justi\u00e7a"}]},{"@type":"WebSite","@id":"https:\/\/www.em.com.br\/emfoco\/#website","url":"https:\/\/www.em.com.br\/emfoco\/","name":"Estado de Minas - Em foco","description":"Acompanhe as \u00faltimas not\u00edcias e fique bem informado sobre tudo o que acontece em Minas Gerais, Brasil e no mundo.","potentialAction":[{"@type":"SearchAction","target":{"@type":"EntryPoint","urlTemplate":"https:\/\/www.em.com.br\/emfoco\/?s={search_term_string}"},"query-input":{"@type":"PropertyValueSpecification","valueRequired":true,"valueName":"search_term_string"}}],"inLanguage":"pt-BR"},{"@type":"Person","@id":"https:\/\/www.em.com.br\/emfoco\/#\/schema\/person\/5379e929a4b966c775d121e23f9bb421","name":"Guilherme Ara\u00fajo","image":{"@type":"ImageObject","inLanguage":"pt-BR","@id":"https:\/\/www.em.com.br\/emfoco\/#\/schema\/person\/image\/","url":"https:\/\/secure.gravatar.com\/avatar\/b8bf1fd0130e170bd8f5d7298dbafa25?s=96&d=mm&r=g","contentUrl":"https:\/\/secure.gravatar.com\/avatar\/b8bf1fd0130e170bd8f5d7298dbafa25?s=96&d=mm&r=g","caption":"Guilherme Ara\u00fajo"},"sameAs":["https:\/\/www.em.com.br\/emfoco"],"url":"https:\/\/www.em.com.br\/emfoco\/author\/guilhermeamyth\/"}]}},"_links":{"self":[{"href":"https:\/\/www.em.com.br\/emfoco\/wp-json\/wp\/v2\/posts\/201426","targetHints":{"allow":["GET"]}}],"collection":[{"href":"https:\/\/www.em.com.br\/emfoco\/wp-json\/wp\/v2\/posts"}],"about":[{"href":"https:\/\/www.em.com.br\/emfoco\/wp-json\/wp\/v2\/types\/post"}],"author":[{"embeddable":true,"href":"https:\/\/www.em.com.br\/emfoco\/wp-json\/wp\/v2\/users\/30"}],"replies":[{"embeddable":true,"href":"https:\/\/www.em.com.br\/emfoco\/wp-json\/wp\/v2\/comments?post=201426"}],"version-history":[{"count":3,"href":"https:\/\/www.em.com.br\/emfoco\/wp-json\/wp\/v2\/posts\/201426\/revisions"}],"predecessor-version":[{"id":201573,"href":"https:\/\/www.em.com.br\/emfoco\/wp-json\/wp\/v2\/posts\/201426\/revisions\/201573"}],"wp:featuredmedia":[{"embeddable":true,"href":"https:\/\/www.em.com.br\/emfoco\/wp-json\/wp\/v2\/media\/201606"}],"wp:attachment":[{"href":"https:\/\/www.em.com.br\/emfoco\/wp-json\/wp\/v2\/media?parent=201426"}],"wp:term":[{"taxonomy":"category","embeddable":true,"href":"https:\/\/www.em.com.br\/emfoco\/wp-json\/wp\/v2\/categories?post=201426"},{"taxonomy":"post_tag","embeddable":true,"href":"https:\/\/www.em.com.br\/emfoco\/wp-json\/wp\/v2\/tags?post=201426"}],"curies":[{"name":"wp","href":"https:\/\/api.w.org\/{rel}","templated":true}]}}