{"id":201425,"date":"2026-04-30T12:55:00","date_gmt":"2026-04-30T15:55:00","guid":{"rendered":"https:\/\/www.em.com.br\/emfoco\/?p=201425"},"modified":"2026-04-29T17:07:58","modified_gmt":"2026-04-29T20:07:58","slug":"o-corte-de-cabelo-ideal-para-mulheres-depois-dos-50-que-ilumina-o-rosto-sem-exigir-manutencao-constante","status":"publish","type":"post","link":"https:\/\/www.em.com.br\/emfoco\/2026\/04\/30\/o-corte-de-cabelo-ideal-para-mulheres-depois-dos-50-que-ilumina-o-rosto-sem-exigir-manutencao-constante\/","title":{"rendered":"O corte de cabelo ideal para mulheres depois dos 50 que ilumina o rosto sem exigir manuten\u00e7\u00e3o constante"},"content":{"rendered":"\n<p>Muitas mulheres buscam renovar a apar\u00eancia utilizando o <strong>corte de camadas longas<\/strong> para garantir um visual mais leve e sofisticado em qualquer idade. Essa escolha estrat\u00e9gica permite uma mudan\u00e7a significativa na fisionomia sem exigir transforma\u00e7\u00f5es radicais ou manuten\u00e7\u00f5es semanais cansativas e caras.<\/p>\n\n\n\n<h2 class=\"wp-block-heading\">Por que o corte de camadas longas \u00e9 a melhor escolha?<\/h2>\n\n\n\n<p>O <strong>corte de camadas longas<\/strong> oferece uma estrutura moderna que distribui o peso dos fios de maneira equilibrada e bastante natural. Essa t\u00e9cnica precisa remove o aspecto pesado das pontas retas que costumam envelhecer o semblante de forma indesejada e sem brilho. <strong>Apostar no movimento<\/strong> garante que o cabelo tenha vida pr\u00f3pria sem depender de finalizadores qu\u00edmicos pesados ou procedimentos t\u00e9rmicos di\u00e1rios.<\/p>\n\n\n\n<p>A versatilidade deste estilo elegante permite que o rosto ganhe uma moldura natural que valoriza as linhas da face madura. <strong>Suavizar os tra\u00e7os<\/strong> torna-se uma tarefa simples quando as mechas caem suavemente sobre as ma\u00e7\u00e3s do rosto iluminado pela luz natural. Muitas mulheres preferem essa op\u00e7\u00e3o est\u00e9tica por permitir o uso de diferentes penteados para eventos sociais variados e compromissos profissionais importantes.<\/p>\n\n\n<div class=\"wp-block-image\">\n<figure class=\"aligncenter size-large\"><img loading=\"lazy\" decoding=\"async\" width=\"1024\" height=\"576\" src=\"https:\/\/www.em.com.br\/emfoco\/wp-content\/uploads\/2026\/04\/corte-em-camdas-1024x576.jpg\" alt=\"Corte de camadas longas\" class=\"wp-image-190512\" srcset=\"https:\/\/www.em.com.br\/emfoco\/wp-content\/uploads\/2026\/04\/corte-em-camdas-1024x576.jpg 1024w, https:\/\/www.em.com.br\/emfoco\/wp-content\/uploads\/2026\/04\/corte-em-camdas-300x169.jpg 300w, https:\/\/www.em.com.br\/emfoco\/wp-content\/uploads\/2026\/04\/corte-em-camdas-768x432.jpg 768w, https:\/\/www.em.com.br\/emfoco\/wp-content\/uploads\/2026\/04\/corte-em-camdas-750x422.jpg 750w, https:\/\/www.em.com.br\/emfoco\/wp-content\/uploads\/2026\/04\/corte-em-camdas-1140x641.jpg 1140w, https:\/\/www.em.com.br\/emfoco\/wp-content\/uploads\/2026\/04\/corte-em-camdas.jpg 1280w\" sizes=\"auto, (max-width: 1024px) 100vw, 1024px\" \/><figcaption class=\"wp-element-caption\">A versatilidade deste estilo elegante permite que o rosto ganhe uma moldura natural que valoriza as linhas da face madura<\/figcaption><\/figure><\/div>\n\n\n<p>Leia tamb\u00e9m: <a href=\"https:\/\/www.em.com.br\/emfoco\/2026\/02\/04\/adeus-as-tintas-a-nova-tendencia-cobre-cabelos-brancos-e-rejuvenesce-o-visual\/\" target=\"_blank\" rel=\"noreferrer noopener\">Adeus \u00e0s tintas: a nova tend\u00eancia cobre cabelos brancos e rejuvenesce o visual<\/a><\/p>\n\n\n\n<h2 class=\"wp-block-heading\">Como manter a praticidade no dia a dia?<\/h2>\n\n\n\n<p>A manuten\u00e7\u00e3o reduzida \u00e9 um dos maiores atrativos para quem possui uma rotina profissional bastante agitada, produtiva e cheia de prazos. O <strong>corte de camadas longas<\/strong> permite que os fios cres\u00e7am de forma org\u00e2nica sem perder o desenho original de maneira r\u00e1pida ou desordenada. <strong>Reduzir as visitas<\/strong> constantes ao sal\u00e3o de beleza economiza tempo precioso enquanto mant\u00e9m a apar\u00eancia sempre impec\u00e1vel e muito bem cuidada.<\/p>\n\n\n\n<p>Para garantir que o visual permane\u00e7a incr\u00edvel em casa basta seguir algumas recomenda\u00e7\u00f5es b\u00e1sicas de cuidado capilar que fazem toda a diferen\u00e7a. As orienta\u00e7\u00f5es a seguir ajudam a preservar a sa\u00fade profunda dos fios e o brilho intenso da fibra capilar em qualquer esta\u00e7\u00e3o. Al\u00e9m disso, o uso de produtos adequados potencializa o resultado final obtido na cadeira do seu profissional de confian\u00e7a.<\/p>\n\n\n\n<ul class=\"wp-block-list\">\n<li>Utilizar cremes leves que n\u00e3o pesam nas camadas superiores do cabelo para manter o balan\u00e7o.<\/li>\n\n\n\n<li>Secar os fios naturalmente para valorizar a ondula\u00e7\u00e3o suave e a textura original das mechas.<\/li>\n\n\n\n<li>Fazer hidrata\u00e7\u00f5es quinzenais para manter a maleabilidade, a maciez e o brilho natural intenso.<\/li>\n<\/ul>\n\n\n\n<p>Para voc\u00ea que gosta de se cuidar, separamos um v\u00eddeo do canal da <a href=\"https:\/\/www.youtube.com\/@isasalustiano\" target=\"_blank\" rel=\"noreferrer noopener\">Isa Salustiano <\/a>com dicas para escolher um corte de cabelo ideal para voc\u00ea:<\/p>\n\n\n\n<figure class=\"wp-block-embed is-type-video is-provider-youtube wp-block-embed-youtube wp-embed-aspect-16-9 wp-has-aspect-ratio\"><div class=\"wp-block-embed__wrapper\">\n<div class=\"jeg_video_container jeg_video_content\"><iframe loading=\"lazy\" title=\"COMO ESCOLHER O CORTE DE CABELO IDEAL PELO FORMATO DO ROSTO | Cabelos curtos\" width=\"500\" height=\"281\" src=\"https:\/\/www.youtube.com\/embed\/VorRryLbPVk?feature=oembed\" frameborder=\"0\" allow=\"accelerometer; autoplay; clipboard-write; encrypted-media; gyroscope; picture-in-picture; web-share\" referrerpolicy=\"strict-origin-when-cross-origin\" allowfullscreen><\/iframe><\/div>\n<\/div><\/figure>\n\n\n\n<h2 class=\"wp-block-heading\">O corte de camadas longas influencia na ilumina\u00e7\u00e3o do rosto?<\/h2>\n\n\n\n<p>O jogo de luz e sombra criado pelo desfiado das pontas traz uma luminosidade imediata para a regi\u00e3o dos olhos e bochechas. Este estilo funciona como um refletor natural que destaca a vivacidade da pele madura com extrema eleg\u00e2ncia e suavidade. <strong>Clarear o semblante<\/strong> \u00e9 uma consequ\u00eancia direta de como as camadas graduais captam a claridade do ambiente externo de forma estrat\u00e9gica.<\/p>\n\n\n\n<p>A escolha do comprimento m\u00e9dio para longo ajuda a criar uma verticalidade que alonga o pesco\u00e7o de forma graciosa e muito feminina. <strong>Valorizar a silhueta<\/strong> exige um equil\u00edbrio t\u00e9cnico entre o volume lateral controlado e a fluidez das mechas frontais bem posicionadas. Este modelo adapta-se perfeitamente a diferentes texturas capilares proporcionando um resultado personalizado que respeita a identidade visual de cada mulher.<\/p>\n\n\n\n<figure class=\"wp-block-embed is-type-rich is-provider-pinterest wp-block-embed-pinterest\"><div class=\"wp-block-embed__wrapper\">\n<iframe loading=\"lazy\" title=\" \" src=\"https:\/\/assets.pinterest.com\/ext\/embed.html?id=997828861196060799&#038;src=oembed\" height=\"775\" width=\"450\" frameborder=\"0\" scrolling=\"no\" ><\/iframe>\n<\/div><\/figure>\n\n\n\n<h2 class=\"wp-block-heading\">Por que o corte de camadas longas rejuvenesce?<\/h2>\n\n\n\n<p>A beleza madura encontra nesse estilo uma forma poderosa de expressar confian\u00e7a e modernidade sem exigir esfor\u00e7o algum na finaliza\u00e7\u00e3o di\u00e1ria. Camadas bem executadas removem anos da apar\u00eancia visual ao trazer uma din\u00e2mica jovial que as pontas retas e est\u00e1ticas n\u00e3o conseguem oferecer. <strong>Renovar a imagem<\/strong> pessoal \u00e9 um processo gratificante que come\u00e7a pela escolha consciente de uma geometria capilar inteligente e bem estruturada.<\/p>\n\n\n\n<p>Mulheres que buscam praticidade e sofistica\u00e7\u00e3o encontram nas camadas graduais o equil\u00edbrio ideal para enfrentar qualquer desafio com muita classe. <strong>Adaptar o estilo<\/strong> \u00e0s mudan\u00e7as clim\u00e1ticas constantes torna o cotidiano muito mais simples e livre de preocupa\u00e7\u00f5es est\u00e9ticas repetitivas. A <strong>liberdade de movimento<\/strong> proporcionada por essa t\u00e9cnica \u00e9 o principal benef\u00edcio sentido logo ap\u00f3s a renova\u00e7\u00e3o do visual no sal\u00e3o.<\/p>\n\n\n<div class=\"wp-block-image\">\n<figure class=\"aligncenter size-large\"><img loading=\"lazy\" decoding=\"async\" width=\"1024\" height=\"576\" src=\"https:\/\/www.em.com.br\/emfoco\/wp-content\/uploads\/2026\/04\/Corte-de-camadas-longas-1024x576.jpg\" alt=\"Corte de camadas longas\" class=\"wp-image-201431\" srcset=\"https:\/\/www.em.com.br\/emfoco\/wp-content\/uploads\/2026\/04\/Corte-de-camadas-longas-1024x576.jpg 1024w, https:\/\/www.em.com.br\/emfoco\/wp-content\/uploads\/2026\/04\/Corte-de-camadas-longas-300x169.jpg 300w, https:\/\/www.em.com.br\/emfoco\/wp-content\/uploads\/2026\/04\/Corte-de-camadas-longas-768x432.jpg 768w, https:\/\/www.em.com.br\/emfoco\/wp-content\/uploads\/2026\/04\/Corte-de-camadas-longas-750x422.jpg 750w, https:\/\/www.em.com.br\/emfoco\/wp-content\/uploads\/2026\/04\/Corte-de-camadas-longas-1140x641.jpg 1140w, https:\/\/www.em.com.br\/emfoco\/wp-content\/uploads\/2026\/04\/Corte-de-camadas-longas.jpg 1280w\" sizes=\"auto, (max-width: 1024px) 100vw, 1024px\" \/><figcaption class=\"wp-element-caption\">Mulheres que buscam praticidade e sofistica\u00e7\u00e3o encontram nas camadas graduais o equil\u00edbrio ideal para enfrentar qualquer desafio com muita classe.<\/figcaption><\/figure><\/div>\n\n\n<h2 class=\"wp-block-heading\">Dicas valiosas para valorizar seu novo visual<\/h2>\n\n\n\n<p>Invista sempre em produtos de qualidade que destaquem a textura natural de suas novas camadas desfiadas com suavidade. <strong>Cuidar da sa\u00fade<\/strong> capilar \u00e9 o primeiro passo fundamental para garantir uma apar\u00eancia radiante e cheia de vida pr\u00f3pria. Aproveite cada momento especial com sua nova imagem renovada e totalmente pronta para brilhar em qualquer ambiente social.<\/p>\n\n\n\n<p>Mantenha uma rotina simples de cuidados b\u00e1sicos para preservar o movimento harm\u00f4nico e a leveza caracter\u00edstica das pontas. <strong>Sentir-se bem<\/strong> diante do espelho reflete diretamente na sua seguran\u00e7a pessoal e no bem-estar f\u00edsico di\u00e1rio. Siga sua pr\u00f3pria intui\u00e7\u00e3o e aproveite a <strong>versatilidade incr\u00edvel<\/strong> que esse estilo cl\u00e1ssico e atemporal oferece para sua vida.<\/p>\n\n\n\n<p><\/p>\n","protected":false},"excerpt":{"rendered":"<p>Muitas mulheres buscam renovar a apar\u00eancia utilizando o corte de camadas longas para garantir um visual mais leve e sofisticado em qualquer idade. Essa escolha estrat\u00e9gica permite uma mudan\u00e7a significativa na fisionomia sem exigir transforma\u00e7\u00f5es radicais ou manuten\u00e7\u00f5es semanais cansativas e caras. Por que o corte de camadas longas \u00e9 a melhor escolha? O corte [&hellip;]<\/p>\n","protected":false},"author":9,"featured_media":201688,"comment_status":"open","ping_status":"open","sticky":false,"template":"","format":"standard","meta":{"jnews-multi-image_gallery":[],"jnews_single_post":{"format":"standard"},"jnews_primary_category":[],"jnews_social_meta":[],"jnews_override_counter":[],"footnotes":""},"categories":[8691,29],"tags":[8408,27309,25607],"class_list":["post-201425","post","type-post","status-publish","format-standard","has-post-thumbnail","hentry","category-bem-estar","category-entretenimento","tag-beleza-feminina","tag-cabelos-maduros","tag-tendencias-capilares-2"],"yoast_head":"<!-- This site is optimized with the Yoast SEO plugin v23.8 - https:\/\/yoast.com\/wordpress\/plugins\/seo\/ -->\n<title>O corte de cabelo ideal para mulheres depois dos 50 que ilumina o rosto sem exigir manuten\u00e7\u00e3o constante - Estado de Minas - Em foco<\/title>\n<meta name=\"description\" content=\"O corte de camadas longas valoriza o rosto maduro e traz praticidade para a rotina di\u00e1ria. Veja como essa escolha renova sua beleza.\" \/>\n<meta name=\"robots\" content=\"index, follow, max-snippet:-1, max-image-preview:large, max-video-preview:-1\" \/>\n<link rel=\"canonical\" href=\"https:\/\/www.em.com.br\/emfoco\/2026\/04\/30\/o-corte-de-cabelo-ideal-para-mulheres-depois-dos-50-que-ilumina-o-rosto-sem-exigir-manutencao-constante\/\" \/>\n<meta property=\"og:locale\" content=\"pt_BR\" \/>\n<meta property=\"og:type\" content=\"article\" \/>\n<meta property=\"og:title\" content=\"O corte de cabelo ideal para mulheres depois dos 50 que ilumina o rosto sem exigir manuten\u00e7\u00e3o constante - Estado de Minas - Em foco\" \/>\n<meta property=\"og:description\" content=\"O corte de camadas longas valoriza o rosto maduro e traz praticidade para a rotina di\u00e1ria. Veja como essa escolha renova sua beleza.\" \/>\n<meta property=\"og:url\" content=\"https:\/\/www.em.com.br\/emfoco\/2026\/04\/30\/o-corte-de-cabelo-ideal-para-mulheres-depois-dos-50-que-ilumina-o-rosto-sem-exigir-manutencao-constante\/\" \/>\n<meta property=\"og:site_name\" content=\"Estado de Minas - Em foco\" \/>\n<meta property=\"article:published_time\" content=\"2026-04-30T15:55:00+00:00\" \/>\n<meta property=\"article:modified_time\" content=\"2026-04-29T20:07:58+00:00\" \/>\n<meta property=\"og:image\" content=\"https:\/\/www.em.com.br\/emfoco\/wp-content\/uploads\/2026\/04\/EmFoco_57-9.jpg\" \/>\n\t<meta property=\"og:image:width\" content=\"1280\" \/>\n\t<meta property=\"og:image:height\" content=\"720\" \/>\n\t<meta property=\"og:image:type\" content=\"image\/jpeg\" \/>\n<meta name=\"author\" content=\"Daniely Cardoso\" \/>\n<meta name=\"twitter:card\" content=\"summary_large_image\" \/>\n<meta name=\"twitter:label1\" content=\"Escrito por\" \/>\n\t<meta name=\"twitter:data1\" content=\"Daniely Cardoso\" \/>\n\t<meta name=\"twitter:label2\" content=\"Est. tempo de leitura\" \/>\n\t<meta name=\"twitter:data2\" content=\"6 minutos\" \/>\n<!-- \/ Yoast SEO plugin. -->","yoast_head_json":{"title":"O corte de cabelo ideal para mulheres depois dos 50 que ilumina o rosto sem exigir manuten\u00e7\u00e3o constante - Estado de Minas - Em foco","description":"O corte de camadas longas valoriza o rosto maduro e traz praticidade para a rotina di\u00e1ria. Veja como essa escolha renova sua beleza.","robots":{"index":"index","follow":"follow","max-snippet":"max-snippet:-1","max-image-preview":"max-image-preview:large","max-video-preview":"max-video-preview:-1"},"canonical":"https:\/\/www.em.com.br\/emfoco\/2026\/04\/30\/o-corte-de-cabelo-ideal-para-mulheres-depois-dos-50-que-ilumina-o-rosto-sem-exigir-manutencao-constante\/","og_locale":"pt_BR","og_type":"article","og_title":"O corte de cabelo ideal para mulheres depois dos 50 que ilumina o rosto sem exigir manuten\u00e7\u00e3o constante - Estado de Minas - Em foco","og_description":"O corte de camadas longas valoriza o rosto maduro e traz praticidade para a rotina di\u00e1ria. Veja como essa escolha renova sua beleza.","og_url":"https:\/\/www.em.com.br\/emfoco\/2026\/04\/30\/o-corte-de-cabelo-ideal-para-mulheres-depois-dos-50-que-ilumina-o-rosto-sem-exigir-manutencao-constante\/","og_site_name":"Estado de Minas - Em foco","article_published_time":"2026-04-30T15:55:00+00:00","article_modified_time":"2026-04-29T20:07:58+00:00","og_image":[{"width":1280,"height":720,"url":"https:\/\/www.em.com.br\/emfoco\/wp-content\/uploads\/2026\/04\/EmFoco_57-9.jpg","type":"image\/jpeg"}],"author":"Daniely Cardoso","twitter_card":"summary_large_image","twitter_misc":{"Escrito por":"Daniely Cardoso","Est. tempo de leitura":"6 minutos"},"schema":{"@context":"https:\/\/schema.org","@graph":[{"@type":"WebPage","@id":"https:\/\/www.em.com.br\/emfoco\/2026\/04\/30\/o-corte-de-cabelo-ideal-para-mulheres-depois-dos-50-que-ilumina-o-rosto-sem-exigir-manutencao-constante\/","url":"https:\/\/www.em.com.br\/emfoco\/2026\/04\/30\/o-corte-de-cabelo-ideal-para-mulheres-depois-dos-50-que-ilumina-o-rosto-sem-exigir-manutencao-constante\/","name":"O corte de cabelo ideal para mulheres depois dos 50 que ilumina o rosto sem exigir manuten\u00e7\u00e3o constante - Estado de Minas - Em foco","isPartOf":{"@id":"https:\/\/www.em.com.br\/emfoco\/#website"},"primaryImageOfPage":{"@id":"https:\/\/www.em.com.br\/emfoco\/2026\/04\/30\/o-corte-de-cabelo-ideal-para-mulheres-depois-dos-50-que-ilumina-o-rosto-sem-exigir-manutencao-constante\/#primaryimage"},"image":{"@id":"https:\/\/www.em.com.br\/emfoco\/2026\/04\/30\/o-corte-de-cabelo-ideal-para-mulheres-depois-dos-50-que-ilumina-o-rosto-sem-exigir-manutencao-constante\/#primaryimage"},"thumbnailUrl":"https:\/\/www.em.com.br\/emfoco\/wp-content\/uploads\/2026\/04\/EmFoco_57-9.jpg","datePublished":"2026-04-30T15:55:00+00:00","dateModified":"2026-04-29T20:07:58+00:00","author":{"@id":"https:\/\/www.em.com.br\/emfoco\/#\/schema\/person\/0a8186d72f2c3a5c6276d90b41f271a0"},"description":"O corte de camadas longas valoriza o rosto maduro e traz praticidade para a rotina di\u00e1ria. Veja como essa escolha renova sua beleza.","breadcrumb":{"@id":"https:\/\/www.em.com.br\/emfoco\/2026\/04\/30\/o-corte-de-cabelo-ideal-para-mulheres-depois-dos-50-que-ilumina-o-rosto-sem-exigir-manutencao-constante\/#breadcrumb"},"inLanguage":"pt-BR","potentialAction":[{"@type":"ReadAction","target":["https:\/\/www.em.com.br\/emfoco\/2026\/04\/30\/o-corte-de-cabelo-ideal-para-mulheres-depois-dos-50-que-ilumina-o-rosto-sem-exigir-manutencao-constante\/"]}]},{"@type":"ImageObject","inLanguage":"pt-BR","@id":"https:\/\/www.em.com.br\/emfoco\/2026\/04\/30\/o-corte-de-cabelo-ideal-para-mulheres-depois-dos-50-que-ilumina-o-rosto-sem-exigir-manutencao-constante\/#primaryimage","url":"https:\/\/www.em.com.br\/emfoco\/wp-content\/uploads\/2026\/04\/EmFoco_57-9.jpg","contentUrl":"https:\/\/www.em.com.br\/emfoco\/wp-content\/uploads\/2026\/04\/EmFoco_57-9.jpg","width":1280,"height":720,"caption":"Corte graduado distribui peso capilar garantindo movimento natural e rejuvenescimento imediato"},{"@type":"BreadcrumbList","@id":"https:\/\/www.em.com.br\/emfoco\/2026\/04\/30\/o-corte-de-cabelo-ideal-para-mulheres-depois-dos-50-que-ilumina-o-rosto-sem-exigir-manutencao-constante\/#breadcrumb","itemListElement":[{"@type":"ListItem","position":1,"name":"In\u00edcio","item":"https:\/\/www.em.com.br\/emfoco\/"},{"@type":"ListItem","position":2,"name":"O corte de cabelo ideal para mulheres depois dos 50 que ilumina o rosto sem exigir manuten\u00e7\u00e3o constante"}]},{"@type":"WebSite","@id":"https:\/\/www.em.com.br\/emfoco\/#website","url":"https:\/\/www.em.com.br\/emfoco\/","name":"Estado de Minas - Em foco","description":"Acompanhe as \u00faltimas not\u00edcias e fique bem informado sobre tudo o que acontece em Minas Gerais, Brasil e no mundo.","potentialAction":[{"@type":"SearchAction","target":{"@type":"EntryPoint","urlTemplate":"https:\/\/www.em.com.br\/emfoco\/?s={search_term_string}"},"query-input":{"@type":"PropertyValueSpecification","valueRequired":true,"valueName":"search_term_string"}}],"inLanguage":"pt-BR"},{"@type":"Person","@id":"https:\/\/www.em.com.br\/emfoco\/#\/schema\/person\/0a8186d72f2c3a5c6276d90b41f271a0","name":"Daniely Cardoso","image":{"@type":"ImageObject","inLanguage":"pt-BR","@id":"https:\/\/www.em.com.br\/emfoco\/#\/schema\/person\/image\/","url":"https:\/\/secure.gravatar.com\/avatar\/4b80ddbd124d1f071b626d52d62e5dff?s=96&d=mm&r=g","contentUrl":"https:\/\/secure.gravatar.com\/avatar\/4b80ddbd124d1f071b626d52d62e5dff?s=96&d=mm&r=g","caption":"Daniely Cardoso"},"url":"https:\/\/www.em.com.br\/emfoco\/author\/danielymyth\/"}]}},"_links":{"self":[{"href":"https:\/\/www.em.com.br\/emfoco\/wp-json\/wp\/v2\/posts\/201425","targetHints":{"allow":["GET"]}}],"collection":[{"href":"https:\/\/www.em.com.br\/emfoco\/wp-json\/wp\/v2\/posts"}],"about":[{"href":"https:\/\/www.em.com.br\/emfoco\/wp-json\/wp\/v2\/types\/post"}],"author":[{"embeddable":true,"href":"https:\/\/www.em.com.br\/emfoco\/wp-json\/wp\/v2\/users\/9"}],"replies":[{"embeddable":true,"href":"https:\/\/www.em.com.br\/emfoco\/wp-json\/wp\/v2\/comments?post=201425"}],"version-history":[{"count":1,"href":"https:\/\/www.em.com.br\/emfoco\/wp-json\/wp\/v2\/posts\/201425\/revisions"}],"predecessor-version":[{"id":201432,"href":"https:\/\/www.em.com.br\/emfoco\/wp-json\/wp\/v2\/posts\/201425\/revisions\/201432"}],"wp:featuredmedia":[{"embeddable":true,"href":"https:\/\/www.em.com.br\/emfoco\/wp-json\/wp\/v2\/media\/201688"}],"wp:attachment":[{"href":"https:\/\/www.em.com.br\/emfoco\/wp-json\/wp\/v2\/media?parent=201425"}],"wp:term":[{"taxonomy":"category","embeddable":true,"href":"https:\/\/www.em.com.br\/emfoco\/wp-json\/wp\/v2\/categories?post=201425"},{"taxonomy":"post_tag","embeddable":true,"href":"https:\/\/www.em.com.br\/emfoco\/wp-json\/wp\/v2\/tags?post=201425"}],"curies":[{"name":"wp","href":"https:\/\/api.w.org\/{rel}","templated":true}]}}