{"id":201403,"date":"2026-04-30T09:55:00","date_gmt":"2026-04-30T12:55:00","guid":{"rendered":"https:\/\/www.em.com.br\/emfoco\/?p=201403"},"modified":"2026-04-29T17:08:28","modified_gmt":"2026-04-29T20:08:28","slug":"as-7-plantas-que-crescem-na-sombra-e-se-adaptam-bem-a-cantos-onde-o-sol-nao-bate","status":"publish","type":"post","link":"https:\/\/www.em.com.br\/emfoco\/2026\/04\/30\/as-7-plantas-que-crescem-na-sombra-e-se-adaptam-bem-a-cantos-onde-o-sol-nao-bate\/","title":{"rendered":"As 7 plantas que crescem na sombra e se adaptam bem a cantos onde o sol n\u00e3o bate"},"content":{"rendered":"\n<p>Cultivar um jardim interno vibrante tornou-se um desafio constante para quem possui pouco acesso \u00e0 luz natural direta em apartamentos ou casas pequenas. Existem esp\u00e9cies espec\u00edficas de <strong>plantas para sombra<\/strong> que conseguem prosperar com vigor em locais onde a maioria das vegeta\u00e7\u00f5es comuns acabaria murchando rapidamente.<\/p>\n\n\n\n<h2 class=\"wp-block-heading\">Quais s\u00e3o as melhores esp\u00e9cies para decorar ambientes internos?<\/h2>\n\n\n\n<p>A Jiboia destaca-se entre as op\u00e7\u00f5es mais resistentes e f\u00e1ceis de manejar em prateleiras altas ou suportes suspensos dentro de salas residenciais. Ela apresenta folhas elegantes em formato de cora\u00e7\u00e3o que purificam o ar viciado enquanto decoram o ambiente com muita <strong>eleg\u00e2ncia natural<\/strong>. Muitos propriet\u00e1rios escolhem essa variedade espec\u00edfica por sua incr\u00edvel <strong>capacidade de adapta\u00e7\u00e3o<\/strong> a diferentes n\u00edveis de umidade do ar.<\/p>\n\n\n\n<p>Outra op\u00e7\u00e3o bastante popular em projetos modernos \u00e9 a Espada-de-S\u00e3o-Jorge que exige pouqu\u00edssimas regas ao longo do m\u00eas inteiro. Suas folhas verticais e r\u00edgidas criam um <strong>visual moderno<\/strong> e minimalista que \u00e9 ideal para cantos de escrit\u00f3rios pouco iluminados. O crescimento lento dessa planta robusta garante que ela mantenha o formato desejado por anos sem precisar de <strong>podas frequentes<\/strong>.<\/p>\n\n\n<div class=\"wp-block-image\">\n<figure class=\"aligncenter size-large\"><img loading=\"lazy\" decoding=\"async\" width=\"1024\" height=\"576\" src=\"https:\/\/www.em.com.br\/emfoco\/wp-content\/uploads\/2026\/04\/Plantas-para-sombra-1024x576.jpg\" alt=\"Plantas para sombra\" class=\"wp-image-201412\" srcset=\"https:\/\/www.em.com.br\/emfoco\/wp-content\/uploads\/2026\/04\/Plantas-para-sombra-1024x576.jpg 1024w, https:\/\/www.em.com.br\/emfoco\/wp-content\/uploads\/2026\/04\/Plantas-para-sombra-300x169.jpg 300w, https:\/\/www.em.com.br\/emfoco\/wp-content\/uploads\/2026\/04\/Plantas-para-sombra-768x432.jpg 768w, https:\/\/www.em.com.br\/emfoco\/wp-content\/uploads\/2026\/04\/Plantas-para-sombra-750x422.jpg 750w, https:\/\/www.em.com.br\/emfoco\/wp-content\/uploads\/2026\/04\/Plantas-para-sombra-1140x641.jpg 1140w, https:\/\/www.em.com.br\/emfoco\/wp-content\/uploads\/2026\/04\/Plantas-para-sombra.jpg 1280w\" sizes=\"auto, (max-width: 1024px) 100vw, 1024px\" \/><figcaption class=\"wp-element-caption\">Outra op\u00e7\u00e3o bastante popular em projetos modernos \u00e9 a Espada-de-S\u00e3o-Jorge que exige pouqu\u00edssimas regas ao longo do m\u00eas inteiro<\/figcaption><\/figure><\/div>\n\n\n<p>Leia tamb\u00e9m: <a href=\"https:\/\/www.em.com.br\/emfoco\/2026\/04\/11\/aprenda-a-como-plantar-cravo-da-india-e-cultivar-flores-aromaticas-em-casa\/\" target=\"_blank\" rel=\"noreferrer noopener\">Aprenda a como plantar cravo-da-\u00edndia e cultivar flores arom\u00e1ticas em casa<\/a><\/p>\n\n\n\n<h2 class=\"wp-block-heading\">Como cuidar das plantas para sombra corretamente?<\/h2>\n\n\n\n<p>Manter a rega devidamente controlada representa o maior segredo para evitar que as ra\u00edzes apodre\u00e7am em locais sem ventila\u00e7\u00e3o externa constante. O uso estrat\u00e9gico de <strong>vasos com drenagem<\/strong> eficiente impede o ac\u00famulo perigoso de \u00e1gua que costuma prejudicar o desenvolvimento pleno das folhas. Verifique sempre o estado do solo com a ponta do dedo antes de <strong>adicionar mais umidade<\/strong> ao recipiente cer\u00e2mico.<\/p>\n\n\n\n<p>A limpeza peri\u00f3dica das folhas com um pano macio e \u00famido ajuda a remover a poeira que bloqueia a pouca luz dispon\u00edvel no recinto. Este processo de manuten\u00e7\u00e3o simples melhora a <strong>fotoss\u00edntese vegetal<\/strong> interna mesmo em condi\u00e7\u00f5es de penumbra que seriam fatais para outras flores. Algumas variedades possuem requisitos nutricionais espec\u00edficos que podem ser visualizados na listagem detalhada que preparamos para facilitar sua escolha.<\/p>\n\n\n\n<ul class=\"wp-block-list\">\n<li>Samambaias de metro que preferem ambientes com alta umidade no ar ambiente.<\/li>\n\n\n\n<li>Zamioculcas que suportam longos per\u00edodos sem \u00e1gua e toleram o esquecimento total.<\/li>\n\n\n\n<li>L\u00edrios da paz que sinalizam a necessidade de rega atrav\u00e9s das folhas levemente ca\u00eddas.<\/li>\n<\/ul>\n\n\n\n<p>Para voc\u00ea que gosta de plantar, separamos um v\u00eddeo do canal <a href=\"https:\/\/www.youtube.com\/@SpagnholPlantas1\" target=\"_blank\" rel=\"noreferrer noopener\">Spagnhol Plantas<\/a> com umalista de plantas para sombra:<\/p>\n\n\n\n<figure class=\"wp-block-embed is-type-video is-provider-youtube wp-block-embed-youtube wp-embed-aspect-16-9 wp-has-aspect-ratio\"><div class=\"wp-block-embed__wrapper\">\n<div class=\"jeg_video_container jeg_video_content\"><iframe loading=\"lazy\" title=\"7 plantas para cultivar na sombra | Conhe\u00e7a e aprenda como cuidar\" width=\"500\" height=\"281\" src=\"https:\/\/www.youtube.com\/embed\/gK6w0uDwm7k?feature=oembed\" frameborder=\"0\" allow=\"accelerometer; autoplay; clipboard-write; encrypted-media; gyroscope; picture-in-picture; web-share\" referrerpolicy=\"strict-origin-when-cross-origin\" allowfullscreen><\/iframe><\/div>\n<\/div><\/figure>\n\n\n\n<h2 class=\"wp-block-heading\">Por que escolher plantas para sombra para o seu apartamento?<\/h2>\n\n\n\n<p>Os ambientes fechados ganham uma vida totalmente nova ao receberem o tom esmeralda de vegeta\u00e7\u00f5es que n\u00e3o demandam luz solar direta. A presen\u00e7a estrat\u00e9gica dessas esp\u00e9cies diminui a temperatura m\u00e9dia interna e aumenta a sensa\u00e7\u00e3o de <strong>bem-estar dom\u00e9stico<\/strong> de forma imediata. Ter <strong>folhagens exuberantes<\/strong> por perto ajuda a reduzir o estresse acumulado durante a execu\u00e7\u00e3o das tarefas di\u00e1rias mais complexas.<\/p>\n\n\n\n<p>O custo de manuten\u00e7\u00e3o e aquisi\u00e7\u00e3o dessas variedades costuma ser muito baixo quando comparado ao investimento em flores sazonais delicadas. <strong>Comprar mudas<\/strong> duradouras proporciona uma decora\u00e7\u00e3o perene que valoriza o im\u00f3vel residencial sem demandar grandes esfor\u00e7os financeiros recorrentes. Muitas dessas op\u00e7\u00f5es decorativas s\u00e3o seguras para o conv\u00edvio com pets desde que mantidas em <strong>locais protegidos<\/strong> do alcance dos c\u00e3es.<\/p>\n\n\n\n<figure class=\"wp-block-embed is-type-rich is-provider-pinterest wp-block-embed-pinterest\"><div class=\"wp-block-embed__wrapper\">\n<iframe loading=\"lazy\" title=\"\ud83d\udc49 Zamioculca feia?Essa pode ser a causa! Claro que o lugar \u00e9 importante e o substrato vai gerar sa\u00fade e crescimento incr\u00edveis pra essa planta linda......por\u00e9m o erro mais comum \u00e9 regar demais.Provavelmente voc\u00ea imagina que tem regado pouco &quot;poxa, C\u00e1, dou \u00e1gua s\u00f3 uma vez por semana&quot;. Pois \u00e9, isso ainda \u00e9 muito pra ela. \ud83d\ude2e\u200d\ud83d\udca8Deixe esse substrato secar bastante, ela adora assim. Esse \u00e9 s\u00f3 um exemplo de planta que fica feia na sua casa por excesso (n\u00e3o de \u00e1gua necessariamente) de carinho...\" src=\"https:\/\/assets.pinterest.com\/ext\/embed.html?id=965951820092473949&#038;src=oembed\" height=\"899\" width=\"450\" frameborder=\"0\" scrolling=\"no\" ><\/iframe>\n<\/div><\/figure>\n\n\n\n<h2 class=\"wp-block-heading\">Quais cuidados extras as plantas para sombra exigem no inverno?<\/h2>\n\n\n\n<p>Adubar a terra com frequ\u00eancia moderada durante a primavera fornece os componentes qu\u00edmicos necess\u00e1rios para um crescimento saud\u00e1vel das hastes longas. O uso de <strong>fertilizantes org\u00e2nicos<\/strong> de libera\u00e7\u00e3o lenta evita a queima acidental das ra\u00edzes sens\u00edveis de esp\u00e9cies t\u00edpicas da floresta tropical densa. <strong>Monitorar pragas<\/strong> min\u00fasculas como cochonilhas ou pulg\u00f5es protege a integridade est\u00e9tica das folhas maiores e mais vistosas do seu jardim.<\/p>\n\n\n\n<p>Mudar o vaso de posi\u00e7\u00e3o ocasionalmente pode ajudar a planta a encontrar o equil\u00edbrio luminoso ideal dentro da sua pr\u00f3pria casa. Observe atentamente se os novos brotos verdes est\u00e3o nascendo com a colora\u00e7\u00e3o esperada ou se apresentam <strong>manchas amareladas<\/strong> nas bordas externas. <strong>Rotacionar o suporte<\/strong> de madeira garante que todos os lados da folhagem recebam a mesma quantidade m\u00ednima de energia luminosa indireta.<\/p>\n\n\n<div class=\"wp-block-image\">\n<figure class=\"aligncenter size-large\"><img loading=\"lazy\" decoding=\"async\" width=\"1024\" height=\"576\" src=\"https:\/\/www.em.com.br\/emfoco\/wp-content\/uploads\/2026\/04\/Plantas-para-sombra-1-1024x576.jpg\" alt=\"Plantas para sombra \" class=\"wp-image-201415\" srcset=\"https:\/\/www.em.com.br\/emfoco\/wp-content\/uploads\/2026\/04\/Plantas-para-sombra-1-1024x576.jpg 1024w, https:\/\/www.em.com.br\/emfoco\/wp-content\/uploads\/2026\/04\/Plantas-para-sombra-1-300x169.jpg 300w, https:\/\/www.em.com.br\/emfoco\/wp-content\/uploads\/2026\/04\/Plantas-para-sombra-1-768x432.jpg 768w, https:\/\/www.em.com.br\/emfoco\/wp-content\/uploads\/2026\/04\/Plantas-para-sombra-1-750x422.jpg 750w, https:\/\/www.em.com.br\/emfoco\/wp-content\/uploads\/2026\/04\/Plantas-para-sombra-1-1140x641.jpg 1140w, https:\/\/www.em.com.br\/emfoco\/wp-content\/uploads\/2026\/04\/Plantas-para-sombra-1.jpg 1280w\" sizes=\"auto, (max-width: 1024px) 100vw, 1024px\" \/><figcaption class=\"wp-element-caption\">Mudar o vaso de posi\u00e7\u00e3o ocasionalmente pode ajudar a planta a encontrar o equil\u00edbrio luminoso ideal dentro da sua pr\u00f3pria casa<\/figcaption><\/figure><\/div>\n\n\n<h2 class=\"wp-block-heading\">Dicas para manter o seu jardim interno sempre verde<\/h2>\n\n\n\n<p>Escolha a esp\u00e9cie vegetal que melhor se adapta ao seu estilo de vida corrido para evitar frustra\u00e7\u00f5es futuras. Garanta que o vaso escolhido possua o tamanho ideal para permitir o <strong>desenvolvimento radicular<\/strong> saud\u00e1vel da planta. Mantenha uma observa\u00e7\u00e3o constante sobre o <strong>brilho das folhas<\/strong> para identificar sinais precoces de falta de nutrientes minerais.<\/p>\n\n\n\n<p>Evite trocar a planta de lugar bruscamente para n\u00e3o causar um choque t\u00e9rmico ou estresse ambiental desnecess\u00e1rio ao organismo vegetal. Use \u00e1gua em temperatura ambiente para <strong>preservar a sa\u00fade<\/strong> biol\u00f3gica da terra e evitar danos \u00e0s ra\u00edzes delicadas. Aproveite a beleza natural \u00fanica que o verde intenso proporciona ao seu <strong>espa\u00e7o sagrado<\/strong> de descanso e lazer.<\/p>\n","protected":false},"excerpt":{"rendered":"<p>Cultivar um jardim interno vibrante tornou-se um desafio constante para quem possui pouco acesso \u00e0 luz natural direta em apartamentos ou casas pequenas. Existem esp\u00e9cies espec\u00edficas de plantas para sombra que conseguem prosperar com vigor em locais onde a maioria das vegeta\u00e7\u00f5es comuns acabaria murchando rapidamente. Quais s\u00e3o as melhores esp\u00e9cies para decorar ambientes internos? [&hellip;]<\/p>\n","protected":false},"author":9,"featured_media":201683,"comment_status":"open","ping_status":"open","sticky":false,"template":"","format":"standard","meta":{"jnews-multi-image_gallery":[],"jnews_single_post":{"format":"standard"},"jnews_primary_category":[],"jnews_social_meta":[],"jnews_override_counter":[],"footnotes":""},"categories":[8819,29],"tags":[11551,28987,28986],"class_list":["post-201403","post","type-post","status-publish","format-standard","has-post-thumbnail","hentry","category-curiosidades","category-entretenimento","tag-decoracao-com-plantas","tag-especies-de-sombra","tag-jardinagem-interna"],"yoast_head":"<!-- This site is optimized with the Yoast SEO plugin v23.8 - https:\/\/yoast.com\/wordpress\/plugins\/seo\/ -->\n<title>As 7 plantas que crescem na sombra e se adaptam bem a cantos onde o sol n\u00e3o bate - Estado de Minas - Em foco<\/title>\n<meta name=\"description\" content=\"As plantas para sombra trazem vida para ambientes escuros e renovam o ar. Veja quais esp\u00e9cies crescem bem mesmo em locais sem luz solar.\" \/>\n<meta name=\"robots\" content=\"index, follow, max-snippet:-1, max-image-preview:large, max-video-preview:-1\" \/>\n<link rel=\"canonical\" href=\"https:\/\/www.em.com.br\/emfoco\/2026\/04\/30\/as-7-plantas-que-crescem-na-sombra-e-se-adaptam-bem-a-cantos-onde-o-sol-nao-bate\/\" \/>\n<meta property=\"og:locale\" content=\"pt_BR\" \/>\n<meta property=\"og:type\" content=\"article\" \/>\n<meta property=\"og:title\" content=\"As 7 plantas que crescem na sombra e se adaptam bem a cantos onde o sol n\u00e3o bate - Estado de Minas - Em foco\" \/>\n<meta property=\"og:description\" content=\"As plantas para sombra trazem vida para ambientes escuros e renovam o ar. Veja quais esp\u00e9cies crescem bem mesmo em locais sem luz solar.\" \/>\n<meta property=\"og:url\" content=\"https:\/\/www.em.com.br\/emfoco\/2026\/04\/30\/as-7-plantas-que-crescem-na-sombra-e-se-adaptam-bem-a-cantos-onde-o-sol-nao-bate\/\" \/>\n<meta property=\"og:site_name\" content=\"Estado de Minas - Em foco\" \/>\n<meta property=\"article:published_time\" content=\"2026-04-30T12:55:00+00:00\" \/>\n<meta property=\"article:modified_time\" content=\"2026-04-29T20:08:28+00:00\" \/>\n<meta property=\"og:image\" content=\"https:\/\/www.em.com.br\/emfoco\/wp-content\/uploads\/2026\/04\/EmFoco_52-8.jpg\" \/>\n\t<meta property=\"og:image:width\" content=\"1280\" \/>\n\t<meta property=\"og:image:height\" content=\"720\" \/>\n\t<meta property=\"og:image:type\" content=\"image\/jpeg\" \/>\n<meta name=\"author\" content=\"Daniely Cardoso\" \/>\n<meta name=\"twitter:card\" content=\"summary_large_image\" \/>\n<meta name=\"twitter:label1\" content=\"Escrito por\" \/>\n\t<meta name=\"twitter:data1\" content=\"Daniely Cardoso\" \/>\n\t<meta name=\"twitter:label2\" content=\"Est. tempo de leitura\" \/>\n\t<meta name=\"twitter:data2\" content=\"6 minutos\" \/>\n<!-- \/ Yoast SEO plugin. -->","yoast_head_json":{"title":"As 7 plantas que crescem na sombra e se adaptam bem a cantos onde o sol n\u00e3o bate - Estado de Minas - Em foco","description":"As plantas para sombra trazem vida para ambientes escuros e renovam o ar. Veja quais esp\u00e9cies crescem bem mesmo em locais sem luz solar.","robots":{"index":"index","follow":"follow","max-snippet":"max-snippet:-1","max-image-preview":"max-image-preview:large","max-video-preview":"max-video-preview:-1"},"canonical":"https:\/\/www.em.com.br\/emfoco\/2026\/04\/30\/as-7-plantas-que-crescem-na-sombra-e-se-adaptam-bem-a-cantos-onde-o-sol-nao-bate\/","og_locale":"pt_BR","og_type":"article","og_title":"As 7 plantas que crescem na sombra e se adaptam bem a cantos onde o sol n\u00e3o bate - Estado de Minas - Em foco","og_description":"As plantas para sombra trazem vida para ambientes escuros e renovam o ar. Veja quais esp\u00e9cies crescem bem mesmo em locais sem luz solar.","og_url":"https:\/\/www.em.com.br\/emfoco\/2026\/04\/30\/as-7-plantas-que-crescem-na-sombra-e-se-adaptam-bem-a-cantos-onde-o-sol-nao-bate\/","og_site_name":"Estado de Minas - Em foco","article_published_time":"2026-04-30T12:55:00+00:00","article_modified_time":"2026-04-29T20:08:28+00:00","og_image":[{"width":1280,"height":720,"url":"https:\/\/www.em.com.br\/emfoco\/wp-content\/uploads\/2026\/04\/EmFoco_52-8.jpg","type":"image\/jpeg"}],"author":"Daniely Cardoso","twitter_card":"summary_large_image","twitter_misc":{"Escrito por":"Daniely Cardoso","Est. tempo de leitura":"6 minutos"},"schema":{"@context":"https:\/\/schema.org","@graph":[{"@type":"WebPage","@id":"https:\/\/www.em.com.br\/emfoco\/2026\/04\/30\/as-7-plantas-que-crescem-na-sombra-e-se-adaptam-bem-a-cantos-onde-o-sol-nao-bate\/","url":"https:\/\/www.em.com.br\/emfoco\/2026\/04\/30\/as-7-plantas-que-crescem-na-sombra-e-se-adaptam-bem-a-cantos-onde-o-sol-nao-bate\/","name":"As 7 plantas que crescem na sombra e se adaptam bem a cantos onde o sol n\u00e3o bate - Estado de Minas - Em foco","isPartOf":{"@id":"https:\/\/www.em.com.br\/emfoco\/#website"},"primaryImageOfPage":{"@id":"https:\/\/www.em.com.br\/emfoco\/2026\/04\/30\/as-7-plantas-que-crescem-na-sombra-e-se-adaptam-bem-a-cantos-onde-o-sol-nao-bate\/#primaryimage"},"image":{"@id":"https:\/\/www.em.com.br\/emfoco\/2026\/04\/30\/as-7-plantas-que-crescem-na-sombra-e-se-adaptam-bem-a-cantos-onde-o-sol-nao-bate\/#primaryimage"},"thumbnailUrl":"https:\/\/www.em.com.br\/emfoco\/wp-content\/uploads\/2026\/04\/EmFoco_52-8.jpg","datePublished":"2026-04-30T12:55:00+00:00","dateModified":"2026-04-29T20:08:28+00:00","author":{"@id":"https:\/\/www.em.com.br\/emfoco\/#\/schema\/person\/0a8186d72f2c3a5c6276d90b41f271a0"},"description":"As plantas para sombra trazem vida para ambientes escuros e renovam o ar. Veja quais esp\u00e9cies crescem bem mesmo em locais sem luz solar.","breadcrumb":{"@id":"https:\/\/www.em.com.br\/emfoco\/2026\/04\/30\/as-7-plantas-que-crescem-na-sombra-e-se-adaptam-bem-a-cantos-onde-o-sol-nao-bate\/#breadcrumb"},"inLanguage":"pt-BR","potentialAction":[{"@type":"ReadAction","target":["https:\/\/www.em.com.br\/emfoco\/2026\/04\/30\/as-7-plantas-que-crescem-na-sombra-e-se-adaptam-bem-a-cantos-onde-o-sol-nao-bate\/"]}]},{"@type":"ImageObject","inLanguage":"pt-BR","@id":"https:\/\/www.em.com.br\/emfoco\/2026\/04\/30\/as-7-plantas-que-crescem-na-sombra-e-se-adaptam-bem-a-cantos-onde-o-sol-nao-bate\/#primaryimage","url":"https:\/\/www.em.com.br\/emfoco\/wp-content\/uploads\/2026\/04\/EmFoco_52-8.jpg","contentUrl":"https:\/\/www.em.com.br\/emfoco\/wp-content\/uploads\/2026\/04\/EmFoco_52-8.jpg","width":1280,"height":720,"caption":"Esp\u00e9cies de baixa luminosidade purificam o ar e exigem manuten\u00e7\u00e3o h\u00eddrica reduzida"},{"@type":"BreadcrumbList","@id":"https:\/\/www.em.com.br\/emfoco\/2026\/04\/30\/as-7-plantas-que-crescem-na-sombra-e-se-adaptam-bem-a-cantos-onde-o-sol-nao-bate\/#breadcrumb","itemListElement":[{"@type":"ListItem","position":1,"name":"In\u00edcio","item":"https:\/\/www.em.com.br\/emfoco\/"},{"@type":"ListItem","position":2,"name":"As 7 plantas que crescem na sombra e se adaptam bem a cantos onde o sol n\u00e3o bate"}]},{"@type":"WebSite","@id":"https:\/\/www.em.com.br\/emfoco\/#website","url":"https:\/\/www.em.com.br\/emfoco\/","name":"Estado de Minas - Em foco","description":"Acompanhe as \u00faltimas not\u00edcias e fique bem informado sobre tudo o que acontece em Minas Gerais, Brasil e no mundo.","potentialAction":[{"@type":"SearchAction","target":{"@type":"EntryPoint","urlTemplate":"https:\/\/www.em.com.br\/emfoco\/?s={search_term_string}"},"query-input":{"@type":"PropertyValueSpecification","valueRequired":true,"valueName":"search_term_string"}}],"inLanguage":"pt-BR"},{"@type":"Person","@id":"https:\/\/www.em.com.br\/emfoco\/#\/schema\/person\/0a8186d72f2c3a5c6276d90b41f271a0","name":"Daniely Cardoso","image":{"@type":"ImageObject","inLanguage":"pt-BR","@id":"https:\/\/www.em.com.br\/emfoco\/#\/schema\/person\/image\/","url":"https:\/\/secure.gravatar.com\/avatar\/4b80ddbd124d1f071b626d52d62e5dff?s=96&d=mm&r=g","contentUrl":"https:\/\/secure.gravatar.com\/avatar\/4b80ddbd124d1f071b626d52d62e5dff?s=96&d=mm&r=g","caption":"Daniely Cardoso"},"url":"https:\/\/www.em.com.br\/emfoco\/author\/danielymyth\/"}]}},"_links":{"self":[{"href":"https:\/\/www.em.com.br\/emfoco\/wp-json\/wp\/v2\/posts\/201403","targetHints":{"allow":["GET"]}}],"collection":[{"href":"https:\/\/www.em.com.br\/emfoco\/wp-json\/wp\/v2\/posts"}],"about":[{"href":"https:\/\/www.em.com.br\/emfoco\/wp-json\/wp\/v2\/types\/post"}],"author":[{"embeddable":true,"href":"https:\/\/www.em.com.br\/emfoco\/wp-json\/wp\/v2\/users\/9"}],"replies":[{"embeddable":true,"href":"https:\/\/www.em.com.br\/emfoco\/wp-json\/wp\/v2\/comments?post=201403"}],"version-history":[{"count":1,"href":"https:\/\/www.em.com.br\/emfoco\/wp-json\/wp\/v2\/posts\/201403\/revisions"}],"predecessor-version":[{"id":201422,"href":"https:\/\/www.em.com.br\/emfoco\/wp-json\/wp\/v2\/posts\/201403\/revisions\/201422"}],"wp:featuredmedia":[{"embeddable":true,"href":"https:\/\/www.em.com.br\/emfoco\/wp-json\/wp\/v2\/media\/201683"}],"wp:attachment":[{"href":"https:\/\/www.em.com.br\/emfoco\/wp-json\/wp\/v2\/media?parent=201403"}],"wp:term":[{"taxonomy":"category","embeddable":true,"href":"https:\/\/www.em.com.br\/emfoco\/wp-json\/wp\/v2\/categories?post=201403"},{"taxonomy":"post_tag","embeddable":true,"href":"https:\/\/www.em.com.br\/emfoco\/wp-json\/wp\/v2\/tags?post=201403"}],"curies":[{"name":"wp","href":"https:\/\/api.w.org\/{rel}","templated":true}]}}