{"id":201396,"date":"2026-05-03T11:45:00","date_gmt":"2026-05-03T14:45:00","guid":{"rendered":"https:\/\/www.em.com.br\/emfoco\/?p=201396"},"modified":"2026-05-02T15:40:25","modified_gmt":"2026-05-02T18:40:25","slug":"15-pares-de-hortalicas-que-ajudam-a-proteger-a-horta-e-melhorar-o-cultivo","status":"publish","type":"post","link":"https:\/\/www.em.com.br\/emfoco\/2026\/05\/03\/15-pares-de-hortalicas-que-ajudam-a-proteger-a-horta-e-melhorar-o-cultivo\/","title":{"rendered":"15 pares de hortali\u00e7as que ajudam a proteger a horta e melhorar o cultivo"},"content":{"rendered":"\n<p>O <strong>cultivo consorciado<\/strong> de hortali\u00e7as deixou de ser apenas uma pr\u00e1tica tradicional para se tornar tema frequente em pesquisas, cursos e materiais de extens\u00e3o rural. Em vez de manter cada esp\u00e9cie em canteiros separados, muitos produtores passaram a combinar plantas que se ajudam entre si, formando verdadeiros \u201ctimes\u201d dentro da horta. Essa estrat\u00e9gia busca reduzir a press\u00e3o de pragas, equilibrar o uso de nutrientes e aproveitar melhor cada faixa de solo dispon\u00edvel, tornando o sistema mais <strong>est\u00e1vel<\/strong> ao longo do tempo.<\/p>\n\n\n\n<h2 class=\"wp-block-heading\">O que \u00e9 cons\u00f3rcio de hortali\u00e7as e por que ele ajuda na horta?<\/h2>\n\n\n\n<p>O cons\u00f3rcio de hortali\u00e7as \u00e9 o <a href=\"https:\/\/www.em.com.br\/emfoco\/2026\/04\/28\/10-ervas-medicinais-populares-e-o-que-a-ciencia-realmente-apoia-no-uso-de-cada-uma-delas\/\" target=\"_blank\" rel=\"noreferrer noopener\">plantio <\/a>planejado de duas ou mais esp\u00e9cies em um mesmo canteiro, em vez de formar blocos de uma \u00fanica cultura. Essa combina\u00e7\u00e3o favorece o uso eficiente do espa\u00e7o, o aumento da <strong>biodiversidade<\/strong> e a altera\u00e7\u00e3o do microclima da horta, reduzindo a press\u00e3o t\u00edpica das monoculturas.<\/p>\n\n\n\n<p>Na pr\u00e1tica, as plantas consorciadas podem ter ra\u00edzes em profundidades diferentes, portes variados e ciclos distintos, o que diminui a competi\u00e7\u00e3o direta. Ao mesmo tempo, esp\u00e9cies <strong>arom\u00e1ticas<\/strong> liberam compostos vol\u00e1teis que confundem insetos ou atraem inimigos naturais, ajudando a criar uma \u201crede de prote\u00e7\u00e3o\u201d ecol\u00f3gica em torno das culturas principais.<\/p>\n\n\n\n<figure class=\"wp-block-image size-large\"><img loading=\"lazy\" decoding=\"async\" width=\"1024\" height=\"576\" src=\"https:\/\/www.em.com.br\/emfoco\/wp-content\/uploads\/2026\/05\/Texto-do-seu-paragrafo-2026-04-29T144752.753-1024x576.jpg\" alt=\"15 pares de hortali\u00e7as que ajudam a proteger a horta e melhorar o cultivo\" class=\"wp-image-201427\" srcset=\"https:\/\/www.em.com.br\/emfoco\/wp-content\/uploads\/2026\/05\/Texto-do-seu-paragrafo-2026-04-29T144752.753-1024x576.jpg 1024w, https:\/\/www.em.com.br\/emfoco\/wp-content\/uploads\/2026\/05\/Texto-do-seu-paragrafo-2026-04-29T144752.753-300x169.jpg 300w, https:\/\/www.em.com.br\/emfoco\/wp-content\/uploads\/2026\/05\/Texto-do-seu-paragrafo-2026-04-29T144752.753-768x432.jpg 768w, https:\/\/www.em.com.br\/emfoco\/wp-content\/uploads\/2026\/05\/Texto-do-seu-paragrafo-2026-04-29T144752.753-750x422.jpg 750w, https:\/\/www.em.com.br\/emfoco\/wp-content\/uploads\/2026\/05\/Texto-do-seu-paragrafo-2026-04-29T144752.753-1140x641.jpg 1140w, https:\/\/www.em.com.br\/emfoco\/wp-content\/uploads\/2026\/05\/Texto-do-seu-paragrafo-2026-04-29T144752.753.jpg 1280w\" sizes=\"auto, (max-width: 1024px) 100vw, 1024px\" \/><figcaption class=\"wp-element-caption\">Essas combina\u00e7\u00f5es de hortali\u00e7as deixam a horta mais equilibrada e produtiva<\/figcaption><\/figure>\n\n\n\n<h2 class=\"wp-block-heading\">Como as plantas companheiras ajudam no controle de pragas?<\/h2>\n\n\n\n<p>As <strong>plantas companheiras<\/strong> s\u00e3o usadas como ferramenta para reduzir pragas e diminuir a necessidade de produtos qu\u00edmicos na horta. Algumas combina\u00e7\u00f5es funcionam como barreira visual ou olfativa, dificultando que certos insetos encontrem o hospedeiro preferido, enquanto outras favorecem a presen\u00e7a de organismos ben\u00e9ficos.<\/p>\n\n\n\n<p>Tamb\u00e9m existem as chamadas <strong>plantas-armadilha<\/strong>, usadas como \u201c\u00edm\u00e3s\u201d para atrair pragas a pontos espec\u00edficos do canteiro. Nesse modelo, a esp\u00e9cie principal fica relativamente mais preservada, enquanto a planta-<a href=\"https:\/\/www.em.com.br\/emfoco\/2026\/04\/28\/madeira-resistente-a-cupim-depende-menos-do-nome-e-mais-do-tratamento-certo-na-pratica\/\" target=\"_blank\" rel=\"noreferrer noopener\">armadilha <\/a>recebe a maior parte dos ataques e pode ser podada ou retirada quando muito infestada, desde que haja monitoramento frequente.<\/p>\n\n\n\n<h2 class=\"wp-block-heading\">Quais combina\u00e7\u00f5es de hortali\u00e7as funcionam bem no cons\u00f3rcio?<\/h2>\n\n\n\n<p>Entre as muitas formas de combina\u00e7\u00e3o de hortali\u00e7as, alguns pares aparecem com frequ\u00eancia em materiais de extens\u00e3o agr\u00edcola e em experi\u00eancias de horticultores. A lista a seguir re\u00fane 15 duplas bastante utilizadas, lembrando que os resultados variam conforme <strong>clima<\/strong>, solo e manejo adotado em cada horta.<\/p>\n\n\n\n<figure class=\"wp-block-table\"><table class=\"has-fixed-layout\"><thead><tr><th>Combina\u00e7\u00e3o<\/th><th>Descri\u00e7\u00e3o<\/th><th>Por que costuma funcionar bem no cons\u00f3rcio<\/th><\/tr><\/thead><tbody><tr><td>Cenoura + cebola<\/td><td>Par cl\u00e1ssico em hortas, com ra\u00edzes explorando camadas diferentes do solo.<\/td><td>Costuma funcionar bem pelo aproveitamento do espa\u00e7o e pelos odores que podem atrapalhar alguns insetos espec\u00edficos.<\/td><\/tr><tr><td>Cenoura + alho<\/td><td>Combina\u00e7\u00e3o semelhante \u00e0 da cebola, muito usada em canteiros menores.<\/td><td>Ajuda a diversificar o canteiro e re\u00fane ra\u00edzes com exig\u00eancias que podem se complementar no manejo.<\/td><\/tr><tr><td>Tomate + manjeric\u00e3o<\/td><td>Uma das duplas mais populares em hortas dom\u00e9sticas, unindo hortali\u00e7a e erva arom\u00e1tica.<\/td><td>\u00c9 valorizada pela proximidade pr\u00e1tica no cultivo e pela diversidade de aromas no entorno do tomateiro.<\/td><\/tr><tr><td>Tomate + salsinha<\/td><td>Combina\u00e7\u00e3o comum em espa\u00e7os pequenos, com bom aproveitamento do canteiro.<\/td><td>Favorece diversidade no plantio e facilita o uso de esp\u00e9cies bastante presentes na rotina da cozinha.<\/td><\/tr><tr><td>Milho + feij\u00e3o<\/td><td>Cons\u00f3rcio tradicional em que o milho oferece suporte f\u00edsico e o feij\u00e3o entra como leguminosa.<\/td><td>Funciona bem porque o milho ocupa a parte a\u00e9rea e o feij\u00e3o pode contribuir com nitrog\u00eanio no sistema.<\/td><\/tr><tr><td>Milho + ervilha<\/td><td>Dupla que segue l\u00f3gica parecida com milho e feij\u00e3o, mais adaptada a clima ameno.<\/td><td>Ajuda a aproveitar a estrutura vertical do milho e integra uma leguminosa ao canteiro.<\/td><\/tr><tr><td>Repolho + tagetes<\/td><td>Associa\u00e7\u00e3o frequente em \u00e1reas com hist\u00f3rico de nematoides, usando o cravo-de-defunto como planta auxiliar.<\/td><td>Costuma ser escolhida para aumentar a diversidade do canteiro e apoiar o manejo biol\u00f3gico do solo.<\/td><\/tr><tr><td>Br\u00f3colis + alface<\/td><td>Par em que o br\u00f3colis cresce mais alto e a alface ocupa a faixa inferior do canteiro.<\/td><td>Pode funcionar bem pelo sombreamento leve e pelo uso complementar do espa\u00e7o ao longo do crescimento.<\/td><\/tr><tr><td>Alface + rabanete<\/td><td>Combina\u00e7\u00e3o pr\u00e1tica entre uma folhosa e uma raiz de ciclo mais r\u00e1pido.<\/td><td>O rabanete libera espa\u00e7o antes, enquanto a alface continua se desenvolvendo no mesmo canteiro.<\/td><\/tr><tr><td>Piment\u00e3o + manjerona ou or\u00e9gano<\/td><td>Cons\u00f3rcio com ervas baixas ao redor dos p\u00e9s de piment\u00e3o, formando cobertura viva.<\/td><td>Ajuda a diversificar o ambiente e pode melhorar o aproveitamento da \u00e1rea ao redor da cultura principal.<\/td><\/tr><tr><td>Abobrinha + capuchinha<\/td><td>Dupla bastante lembrada em hortas biodiversas, com capuchinha ocupando o entorno.<\/td><td>\u00c9 usada com frequ\u00eancia pela fun\u00e7\u00e3o ornamental e pelo potencial papel de planta-armadilha para alguns insetos.<\/td><\/tr><tr><td>Ab\u00f3bora + milho<\/td><td>Cons\u00f3rcio em que a ab\u00f3bora cobre o solo enquanto o milho cresce para cima.<\/td><td>Funciona bem porque um ocupa a parte rasteira e o outro explora melhor a parte a\u00e9rea do espa\u00e7o.<\/td><\/tr><tr><td>Alho-por\u00f3 + cenoura<\/td><td>Outra combina\u00e7\u00e3o baseada em ra\u00edzes longas e aromas mais intensos no canteiro.<\/td><td>Costuma ser valorizada pelo bom uso do espa\u00e7o subterr\u00e2neo e pela diversidade de odores no cultivo.<\/td><\/tr><tr><td>Alface + cebolinha<\/td><td>Par muito comum em hortas urbanas, vasos e jardineiras.<\/td><td>\u00c9 pr\u00e1tico, ocupa pouco espa\u00e7o e permite um cultivo variado mesmo em \u00e1reas menores.<\/td><\/tr><tr><td>Repolho + ervas arom\u00e1ticas<\/td><td>Combina\u00e7\u00e3o com alecrim, s\u00e1lvia ou outras ervas ao redor das br\u00e1ssicas.<\/td><td>Ajuda a enriquecer o canteiro com diversidade de cheiros e fun\u00e7\u00f5es, favorecendo um sistema mais variado.<\/td><\/tr><\/tbody><\/table><\/figure>\n\n\n\n<p>Esses pares de cultivo consorciado s\u00e3o citados tanto em publica\u00e7\u00f5es t\u00e9cnicas quanto em experi\u00eancias de campo. Em geral, buscam combinar fun\u00e7\u00f5es diferentes, como cobertura do solo, atra\u00e7\u00e3o de insetos <strong>ben\u00e9ficos<\/strong>, oferta de n\u00e9ctar e p\u00f3len, sombreamento parcial e, em alguns casos, contribui\u00e7\u00e3o das leguminosas para o nitrog\u00eanio do sistema.<\/p>\n\n\n\n<p>Conte\u00fado do canal <strong>Plante e Cozinhe<\/strong>, com mais de 363 mil de inscritos e cerca de 588 mil de visualiza\u00e7\u00f5es:<\/p>\n\n\n\n<figure class=\"wp-block-embed is-type-video is-provider-youtube wp-block-embed-youtube wp-embed-aspect-16-9 wp-has-aspect-ratio\"><div class=\"wp-block-embed__wrapper\">\n<div class=\"jeg_video_container jeg_video_content\"><iframe loading=\"lazy\" title=\"COMO FAZER UMA HORTA PEQUENA NO QUINTAL DE CASA E TER FARTURA DE VERDURAS E LEGUMES ORG\u00c2NICOS Ep145\" width=\"500\" height=\"281\" src=\"https:\/\/www.youtube.com\/embed\/uIwbgN3gQA8?feature=oembed\" frameborder=\"0\" allow=\"accelerometer; autoplay; clipboard-write; encrypted-media; gyroscope; picture-in-picture; web-share\" referrerpolicy=\"strict-origin-when-cross-origin\" allowfullscreen><\/iframe><\/div>\n<\/div><\/figure>\n\n\n\n<h2 class=\"wp-block-heading\">Como montar uma horta com menos pragas usando cultivo consorciado?<\/h2>\n\n\n\n<p>Quando se fala em \u201chorta sem pragas\u201d, o objetivo real \u00e9 reduzir desequil\u00edbrios e evitar <a href=\"https:\/\/www.gov.br\/saude\/pt-br\/assuntos\/saude-brasil\/eu-quero-me-alimentar-melhor\/noticias\/2018\/dicas-para-criar-e-cultivar-uma-horta-organica-comunitaria\" target=\"_blank\" rel=\"noreferrer noopener\">infesta\u00e7\u00f5es <\/a>severas, e n\u00e3o eliminar completamente os insetos. O planejamento do cons\u00f3rcio come\u00e7a pela escolha de esp\u00e9cies adaptadas ao clima local e pelo cuidado com o <strong>solo<\/strong>, que deve ser f\u00e9rtil, bem drenado e rico em mat\u00e9ria org\u00e2nica.<\/p>\n\n\n\n<p>Depois de definir as culturas principais, \u00e9 \u00fatil organizar o canteiro com flores, ervas arom\u00e1ticas e leguminosas entre as hortali\u00e7as. Para facilitar esse planejamento e tornar a implanta\u00e7\u00e3o mais pr\u00e1tica, vale seguir alguns passos simples de <strong>organiza\u00e7\u00e3o<\/strong> do sistema:<\/p>\n\n\n\n<ul class=\"wp-block-list\">\n<li><strong>Definir<\/strong> o objetivo: prote\u00e7\u00e3o de culturas espec\u00edficas, melhoria do solo, uso de espa\u00e7o ou todos ao mesmo tempo.<\/li>\n\n\n\n<li><strong>Escolher<\/strong> pares testados: iniciar com combina\u00e7\u00f5es j\u00e1 recomendadas por materiais agron\u00f4micos e experi\u00eancias locais.<\/li>\n\n\n\n<li><strong>Variar<\/strong> alturas e ciclos: misturar plantas altas, m\u00e9dias e rasteiras, al\u00e9m de ciclos curtos e longos.<\/li>\n\n\n\n<li><strong>Manter<\/strong> rota\u00e7\u00e3o de culturas: alternar fam\u00edlias bot\u00e2nicas ao longo do tempo para reduzir doen\u00e7as do solo.<\/li>\n\n\n\n<li><strong>Observar<\/strong> e anotar: registrar quais cons\u00f3rcios funcionam melhor em cada esta\u00e7\u00e3o e tipo de canteiro.<\/li>\n<\/ul>\n\n\n\n<p>Essa observa\u00e7\u00e3o constante termina sendo t\u00e3o importante quanto a pr\u00f3pria lista de combina\u00e7\u00f5es. A experi\u00eancia acumulada at\u00e9 2026 indica que o cons\u00f3rcio de hortali\u00e7as, aliado a aduba\u00e7\u00e3o equilibrada, irriga\u00e7\u00e3o adequada e manejo correto dos restos culturais, contribui para sistemas de cultivo mais <strong>est\u00e1veis<\/strong> e produtivos ao longo das safras.<\/p>\n","protected":false},"excerpt":{"rendered":"<p>O cultivo consorciado de hortali\u00e7as deixou de ser apenas uma pr\u00e1tica tradicional para se tornar tema frequente em pesquisas, cursos e materiais de extens\u00e3o rural. Em vez de manter cada esp\u00e9cie em canteiros separados, muitos produtores passaram a combinar plantas que se ajudam entre si, formando verdadeiros \u201ctimes\u201d dentro da horta. Essa estrat\u00e9gia busca reduzir [&hellip;]<\/p>\n","protected":false},"author":15,"featured_media":203342,"comment_status":"open","ping_status":"open","sticky":false,"template":"","format":"standard","meta":{"jnews-multi-image_gallery":[],"jnews_single_post":{"format":"standard"},"jnews_primary_category":[],"jnews_social_meta":[],"jnews_override_counter":[],"footnotes":""},"categories":[8819],"tags":[3818,3358],"class_list":["post-201396","post","type-post","status-publish","format-standard","has-post-thumbnail","hentry","category-curiosidades","tag-horta-caseira","tag-jardinagem"],"yoast_head":"<!-- This site is optimized with the Yoast SEO plugin v23.8 - https:\/\/yoast.com\/wordpress\/plugins\/seo\/ -->\n<title>15 pares de hortali\u00e7as que ajudam a proteger a horta e melhorar o cultivo - Estado de Minas - Em foco<\/title>\n<meta name=\"description\" content=\"Cons\u00f3rcio de hortali\u00e7as ajuda a reduzir pragas, melhorar o solo e criar uma horta mais equilibrada com combina\u00e7\u00f5es simples e eficientes.\" \/>\n<meta name=\"robots\" content=\"index, follow, max-snippet:-1, max-image-preview:large, max-video-preview:-1\" \/>\n<link rel=\"canonical\" href=\"https:\/\/www.em.com.br\/emfoco\/2026\/05\/03\/15-pares-de-hortalicas-que-ajudam-a-proteger-a-horta-e-melhorar-o-cultivo\/\" \/>\n<meta property=\"og:locale\" content=\"pt_BR\" \/>\n<meta property=\"og:type\" content=\"article\" \/>\n<meta property=\"og:title\" content=\"15 pares de hortali\u00e7as que ajudam a proteger a horta e melhorar o cultivo - Estado de Minas - Em foco\" \/>\n<meta property=\"og:description\" content=\"Cons\u00f3rcio de hortali\u00e7as ajuda a reduzir pragas, melhorar o solo e criar uma horta mais equilibrada com combina\u00e7\u00f5es simples e eficientes.\" \/>\n<meta property=\"og:url\" content=\"https:\/\/www.em.com.br\/emfoco\/2026\/05\/03\/15-pares-de-hortalicas-que-ajudam-a-proteger-a-horta-e-melhorar-o-cultivo\/\" \/>\n<meta property=\"og:site_name\" content=\"Estado de Minas - Em foco\" \/>\n<meta property=\"article:published_time\" content=\"2026-05-03T14:45:00+00:00\" \/>\n<meta property=\"article:modified_time\" content=\"2026-05-02T18:40:25+00:00\" \/>\n<meta property=\"og:image\" content=\"https:\/\/www.em.com.br\/emfoco\/wp-content\/uploads\/2026\/05\/EmFoco_02-2.jpg\" \/>\n\t<meta property=\"og:image:width\" content=\"1280\" \/>\n\t<meta property=\"og:image:height\" content=\"720\" \/>\n\t<meta property=\"og:image:type\" content=\"image\/jpeg\" \/>\n<meta name=\"author\" content=\"Douglas Myth\" \/>\n<meta name=\"twitter:card\" content=\"summary_large_image\" \/>\n<meta name=\"twitter:label1\" content=\"Escrito por\" \/>\n\t<meta name=\"twitter:data1\" content=\"Douglas Myth\" \/>\n\t<meta name=\"twitter:label2\" content=\"Est. tempo de leitura\" \/>\n\t<meta name=\"twitter:data2\" content=\"7 minutos\" \/>\n<!-- \/ Yoast SEO plugin. -->","yoast_head_json":{"title":"15 pares de hortali\u00e7as que ajudam a proteger a horta e melhorar o cultivo - Estado de Minas - Em foco","description":"Cons\u00f3rcio de hortali\u00e7as ajuda a reduzir pragas, melhorar o solo e criar uma horta mais equilibrada com combina\u00e7\u00f5es simples e eficientes.","robots":{"index":"index","follow":"follow","max-snippet":"max-snippet:-1","max-image-preview":"max-image-preview:large","max-video-preview":"max-video-preview:-1"},"canonical":"https:\/\/www.em.com.br\/emfoco\/2026\/05\/03\/15-pares-de-hortalicas-que-ajudam-a-proteger-a-horta-e-melhorar-o-cultivo\/","og_locale":"pt_BR","og_type":"article","og_title":"15 pares de hortali\u00e7as que ajudam a proteger a horta e melhorar o cultivo - Estado de Minas - Em foco","og_description":"Cons\u00f3rcio de hortali\u00e7as ajuda a reduzir pragas, melhorar o solo e criar uma horta mais equilibrada com combina\u00e7\u00f5es simples e eficientes.","og_url":"https:\/\/www.em.com.br\/emfoco\/2026\/05\/03\/15-pares-de-hortalicas-que-ajudam-a-proteger-a-horta-e-melhorar-o-cultivo\/","og_site_name":"Estado de Minas - Em foco","article_published_time":"2026-05-03T14:45:00+00:00","article_modified_time":"2026-05-02T18:40:25+00:00","og_image":[{"width":1280,"height":720,"url":"https:\/\/www.em.com.br\/emfoco\/wp-content\/uploads\/2026\/05\/EmFoco_02-2.jpg","type":"image\/jpeg"}],"author":"Douglas Myth","twitter_card":"summary_large_image","twitter_misc":{"Escrito por":"Douglas Myth","Est. tempo de leitura":"7 minutos"},"schema":{"@context":"https:\/\/schema.org","@graph":[{"@type":"WebPage","@id":"https:\/\/www.em.com.br\/emfoco\/2026\/05\/03\/15-pares-de-hortalicas-que-ajudam-a-proteger-a-horta-e-melhorar-o-cultivo\/","url":"https:\/\/www.em.com.br\/emfoco\/2026\/05\/03\/15-pares-de-hortalicas-que-ajudam-a-proteger-a-horta-e-melhorar-o-cultivo\/","name":"15 pares de hortali\u00e7as que ajudam a proteger a horta e melhorar o cultivo - Estado de Minas - Em foco","isPartOf":{"@id":"https:\/\/www.em.com.br\/emfoco\/#website"},"primaryImageOfPage":{"@id":"https:\/\/www.em.com.br\/emfoco\/2026\/05\/03\/15-pares-de-hortalicas-que-ajudam-a-proteger-a-horta-e-melhorar-o-cultivo\/#primaryimage"},"image":{"@id":"https:\/\/www.em.com.br\/emfoco\/2026\/05\/03\/15-pares-de-hortalicas-que-ajudam-a-proteger-a-horta-e-melhorar-o-cultivo\/#primaryimage"},"thumbnailUrl":"https:\/\/www.em.com.br\/emfoco\/wp-content\/uploads\/2026\/05\/EmFoco_02-2.jpg","datePublished":"2026-05-03T14:45:00+00:00","dateModified":"2026-05-02T18:40:25+00:00","author":{"@id":"https:\/\/www.em.com.br\/emfoco\/#\/schema\/person\/bba594b7eebe9b9885fec3a5c7837089"},"description":"Cons\u00f3rcio de hortali\u00e7as ajuda a reduzir pragas, melhorar o solo e criar uma horta mais equilibrada com combina\u00e7\u00f5es simples e eficientes.","breadcrumb":{"@id":"https:\/\/www.em.com.br\/emfoco\/2026\/05\/03\/15-pares-de-hortalicas-que-ajudam-a-proteger-a-horta-e-melhorar-o-cultivo\/#breadcrumb"},"inLanguage":"pt-BR","potentialAction":[{"@type":"ReadAction","target":["https:\/\/www.em.com.br\/emfoco\/2026\/05\/03\/15-pares-de-hortalicas-que-ajudam-a-proteger-a-horta-e-melhorar-o-cultivo\/"]}]},{"@type":"ImageObject","inLanguage":"pt-BR","@id":"https:\/\/www.em.com.br\/emfoco\/2026\/05\/03\/15-pares-de-hortalicas-que-ajudam-a-proteger-a-horta-e-melhorar-o-cultivo\/#primaryimage","url":"https:\/\/www.em.com.br\/emfoco\/wp-content\/uploads\/2026\/05\/EmFoco_02-2.jpg","contentUrl":"https:\/\/www.em.com.br\/emfoco\/wp-content\/uploads\/2026\/05\/EmFoco_02-2.jpg","width":1280,"height":720,"caption":"Cons\u00f3rcio de hortali\u00e7as otimiza o uso do solo e reduz pragas naturalmente"},{"@type":"BreadcrumbList","@id":"https:\/\/www.em.com.br\/emfoco\/2026\/05\/03\/15-pares-de-hortalicas-que-ajudam-a-proteger-a-horta-e-melhorar-o-cultivo\/#breadcrumb","itemListElement":[{"@type":"ListItem","position":1,"name":"In\u00edcio","item":"https:\/\/www.em.com.br\/emfoco\/"},{"@type":"ListItem","position":2,"name":"15 pares de hortali\u00e7as que ajudam a proteger a horta e melhorar o cultivo"}]},{"@type":"WebSite","@id":"https:\/\/www.em.com.br\/emfoco\/#website","url":"https:\/\/www.em.com.br\/emfoco\/","name":"Estado de Minas - Em foco","description":"Acompanhe as \u00faltimas not\u00edcias e fique bem informado sobre tudo o que acontece em Minas Gerais, Brasil e no mundo.","potentialAction":[{"@type":"SearchAction","target":{"@type":"EntryPoint","urlTemplate":"https:\/\/www.em.com.br\/emfoco\/?s={search_term_string}"},"query-input":{"@type":"PropertyValueSpecification","valueRequired":true,"valueName":"search_term_string"}}],"inLanguage":"pt-BR"},{"@type":"Person","@id":"https:\/\/www.em.com.br\/emfoco\/#\/schema\/person\/bba594b7eebe9b9885fec3a5c7837089","name":"Douglas Myth","image":{"@type":"ImageObject","inLanguage":"pt-BR","@id":"https:\/\/www.em.com.br\/emfoco\/#\/schema\/person\/image\/","url":"https:\/\/secure.gravatar.com\/avatar\/1ac3cf50d0e68642c697dc0c960c802f?s=96&d=mm&r=g","contentUrl":"https:\/\/secure.gravatar.com\/avatar\/1ac3cf50d0e68642c697dc0c960c802f?s=96&d=mm&r=g","caption":"Douglas Myth"},"url":"https:\/\/www.em.com.br\/emfoco\/author\/douglasmyth\/"}]}},"_links":{"self":[{"href":"https:\/\/www.em.com.br\/emfoco\/wp-json\/wp\/v2\/posts\/201396","targetHints":{"allow":["GET"]}}],"collection":[{"href":"https:\/\/www.em.com.br\/emfoco\/wp-json\/wp\/v2\/posts"}],"about":[{"href":"https:\/\/www.em.com.br\/emfoco\/wp-json\/wp\/v2\/types\/post"}],"author":[{"embeddable":true,"href":"https:\/\/www.em.com.br\/emfoco\/wp-json\/wp\/v2\/users\/15"}],"replies":[{"embeddable":true,"href":"https:\/\/www.em.com.br\/emfoco\/wp-json\/wp\/v2\/comments?post=201396"}],"version-history":[{"count":2,"href":"https:\/\/www.em.com.br\/emfoco\/wp-json\/wp\/v2\/posts\/201396\/revisions"}],"predecessor-version":[{"id":201428,"href":"https:\/\/www.em.com.br\/emfoco\/wp-json\/wp\/v2\/posts\/201396\/revisions\/201428"}],"wp:featuredmedia":[{"embeddable":true,"href":"https:\/\/www.em.com.br\/emfoco\/wp-json\/wp\/v2\/media\/203342"}],"wp:attachment":[{"href":"https:\/\/www.em.com.br\/emfoco\/wp-json\/wp\/v2\/media?parent=201396"}],"wp:term":[{"taxonomy":"category","embeddable":true,"href":"https:\/\/www.em.com.br\/emfoco\/wp-json\/wp\/v2\/categories?post=201396"},{"taxonomy":"post_tag","embeddable":true,"href":"https:\/\/www.em.com.br\/emfoco\/wp-json\/wp\/v2\/tags?post=201396"}],"curies":[{"name":"wp","href":"https:\/\/api.w.org\/{rel}","templated":true}]}}